{"id":6015,"date":"2014-06-24T17:09:14","date_gmt":"2014-06-24T18:09:14","guid":{"rendered":"http:\/\/diariodalagoa.pt\/?p=6015"},"modified":"2014-06-24T17:09:14","modified_gmt":"2014-06-24T18:09:14","slug":"encontro-de-turismo-rural-passara-a-ser-anual","status":"publish","type":"post","link":"https:\/\/diariodalagoa.pt\/es\/encontro-de-turismo-rural-passara-a-ser-anual\/","title":{"rendered":"Encontro de Turismo Rural passar\u00e1 a ser anual"},"content":{"rendered":"<p><a href=\"http:\/\/diariodalagoa.pt\/wp-content\/uploads\/2014\/06\/Vitor-Fraga-turismo-rural.jpg\"><img decoding=\"async\" class=\"alignnone size-full wp-image-6016\" src=\"http:\/\/diariodalagoa.pt\/wp-content\/uploads\/2014\/06\/Vitor-Fraga-turismo-rural.jpg\" alt=\"Vitor-Fraga-turismo-rural\" width=\"720\" height=\"379\" \/><\/a><\/p>\n<p style=\"text-align: justify;\"><span style=\"color: #000000;\">\u201cPela import\u00e2ncia que esta vertente tem para o desenvolvimento do setor do turismo na Regi\u00e3o e porque queremos que os encontros sobre este tema nos A\u00e7ores se afirmem e sejam uma refer\u00eancia a n\u00edvel nacional e internacional, a partir deste ano, este momento de debate, de troca de experi\u00eancia, de darmo-nos a conhecer a todos quantos vendem o destino nos nossos mercados emissores, passam a ser realizados com periodicidade anual, aqui na ilha de S\u00e3o Jorge\u201d, anunciou V\u00edtor Fraga.\u00a0<\/span><\/p>\n<p style=\"text-align: justify;\"><span style=\"color: #000000;\">O Secret\u00e1rio Regional, que falava\u00a0na apresenta\u00e7\u00e3o da que ser\u00e1 a \u00faltima edi\u00e7\u00e3o bienal destes encontros, numa cerim\u00f3nia que teve lugar no empreendimento Quinta das Figueiras, nos Rosais, destacou a import\u00e2ncia deste evento em particular por trazer ao debate novas abordagens aos desafios que se colocam ao turismo em espa\u00e7o rural a\u00e7oriano, permitindo evidenciar novas realidades, explorar novas solu\u00e7\u00f5es e tamb\u00e9m aprender atrav\u00e9s da experi\u00eancias de terceiros que tamb\u00e9m lidem com o turismo de natureza.<\/span><\/p>\n<p style=\"text-align: justify;\"><span style=\"color: #000000;\">Nesse sentido, recordou que, em 2004, a Regi\u00e3o tinha apenas 56 unidades de Turismo Rural e praticamente j\u00e1 triplicou esse n\u00famero, contabilizando agora 156.\u00a0<\/span><\/p>\n<p style=\"text-align: justify;\"><span style=\"color: #000000;\">Com a exce\u00e7\u00e3o do Corvo, estas estruturas distribuem-se por todas as ilhas dos A\u00e7ores, num total de 1.157 camas, representativas de cerca de 11,4% da capacidade total de alojamento da Regi\u00e3o.\u00a0<\/span><\/p>\n<p style=\"text-align: justify;\"><span style=\"color: #000000;\">\u201cEm 2013, os empreendimentos de Turismo Rural da Regi\u00e3o registaram 36.679 dormidas e, destas, 28.951 eram de h\u00f3spedes estrangeiros, n\u00fameros que confirmam o seu potencial para atrair gentes de diferentes partes do Mundo\u201d,\u00a0referiu V\u00edtor Fraga, que salientou ainda que, al\u00e9m de impulsionar o desenvolvimento local de uma forma sustent\u00e1vel, o Turismo Rural associa o ambiente e a tradi\u00e7\u00e3o \u00e0 preserva\u00e7\u00e3o e valoriza\u00e7\u00e3o do patrim\u00f3nio, tornando-o muito apetec\u00edvel para certos nichos de mercados.<\/span><\/p>\n<p style=\"text-align: justify;\"><span style=\"color: #000000;\">O titular da pasta do Turismo particularizou ainda o caso de S\u00e3o Jorge, que, pelas suas paisagens e geomorfologia, favorece atividades ligadas ao turismo rural como, por exemplo, passeios pedestres.\u00a0<\/span><\/p>\n<p style=\"text-align: justify;\"><span style=\"color: #000000;\">No caso das ilhas do &#8216;Tri\u00e2ngulo&#8217;, as carater\u00edsticas individuais e a proximidade permitem aos turistas outras atividades, que s\u00e3o, de acordo com V\u00edtor Fraga, uma das apostas a seguir pelo turismo rural.\u00a0<\/span><\/p>\n<p style=\"text-align: justify;\"><span style=\"color: #000000;\"><em>DL\/GaCS<\/em><\/span><\/p>","protected":false},"excerpt":{"rendered":"<p>\u201cPela import\u00e2ncia que esta vertente tem para o desenvolvimento do setor do turismo na Regi\u00e3o e porque queremos que os encontros sobre este tema nos A\u00e7ores se afirmem e sejam uma refer\u00eancia a n\u00edvel nacional e internacional, a partir deste ano, este momento de debate, de troca de experi\u00eancia, de darmo-nos a conhecer a todos [&hellip;]<\/p>","protected":false},"author":2,"featured_media":121966,"comment_status":"open","ping_status":"open","sticky":false,"template":"","format":"standard","meta":[],"categories":[21],"tags":[],"acf":[],"yoast_head":"<!-- This site is optimized with the Yoast SEO plugin v20.10 - https:\/\/yoast.com\/wordpress\/plugins\/seo\/ -->\n<title>Encontro de Turismo Rural passar\u00e1 a ser anual - Di\u00e1rio da Lagoa<\/title>\n<meta name=\"robots\" content=\"index, follow, max-snippet:-1, max-image-preview:large, max-video-preview:-1\" \/>\n<link rel=\"canonical\" href=\"https:\/\/diariodalagoa.pt\/es\/encontro-de-turismo-rural-passara-a-ser-anual\/\" \/>\n<meta property=\"og:locale\" content=\"es_ES\" \/>\n<meta property=\"og:type\" content=\"article\" \/>\n<meta property=\"og:title\" content=\"Encontro de Turismo Rural passar\u00e1 a ser anual - Di\u00e1rio da Lagoa\" \/>\n<meta property=\"og:description\" content=\"\u201cPela import\u00e2ncia que esta vertente tem para o desenvolvimento do setor do turismo na Regi\u00e3o e porque queremos que os encontros sobre este tema nos A\u00e7ores se afirmem e sejam uma refer\u00eancia a n\u00edvel nacional e internacional, a partir deste ano, este momento de debate, de troca de experi\u00eancia, de darmo-nos a conhecer a todos [&hellip;]\" \/>\n<meta property=\"og:url\" content=\"https:\/\/diariodalagoa.pt\/es\/encontro-de-turismo-rural-passara-a-ser-anual\/\" \/>\n<meta property=\"og:site_name\" content=\"Di\u00e1rio da Lagoa\" \/>\n<meta property=\"article:published_time\" content=\"2014-06-24T18:09:14+00:00\" \/>\n<meta property=\"og:image\" content=\"https:\/\/diariodalagoa.pt\/wp-content\/uploads\/2014\/06\/vitor-fraga-turismo-rural.jpg\" \/>\n\t<meta property=\"og:image:width\" content=\"720\" \/>\n\t<meta property=\"og:image:height\" content=\"379\" \/>\n\t<meta property=\"og:image:type\" content=\"image\/jpeg\" \/>\n<meta name=\"author\" content=\"Di\u00e1rio da Lagoa\" \/>\n<meta name=\"twitter:card\" content=\"summary_large_image\" \/>\n<meta name=\"twitter:label1\" content=\"Escrito por\" \/>\n\t<meta name=\"twitter:data1\" content=\"Di\u00e1rio da Lagoa\" \/>\n\t<meta name=\"twitter:label2\" content=\"Tiempo de lectura\" \/>\n\t<meta name=\"twitter:data2\" content=\"2 minutos\" \/>\n<script type=\"application\/ld+json\" class=\"yoast-schema-graph\">{\"@context\":\"https:\/\/schema.org\",\"@graph\":[{\"@type\":\"WebPage\",\"@id\":\"https:\/\/diariodalagoa.pt\/encontro-de-turismo-rural-passara-a-ser-anual\/\",\"url\":\"https:\/\/diariodalagoa.pt\/encontro-de-turismo-rural-passara-a-ser-anual\/\",\"name\":\"Encontro de Turismo Rural passar\u00e1 a ser anual - Di\u00e1rio da Lagoa\",\"isPartOf\":{\"@id\":\"https:\/\/diariodalagoa.pt\/#website\"},\"datePublished\":\"2014-06-24T18:09:14+00:00\",\"dateModified\":\"2014-06-24T18:09:14+00:00\",\"author\":{\"@id\":\"https:\/\/diariodalagoa.pt\/#\/schema\/person\/1615a002370e8857b6f972834bc43ece\"},\"breadcrumb\":{\"@id\":\"https:\/\/diariodalagoa.pt\/encontro-de-turismo-rural-passara-a-ser-anual\/#breadcrumb\"},\"inLanguage\":\"es\",\"potentialAction\":[{\"@type\":\"ReadAction\",\"target\":[\"https:\/\/diariodalagoa.pt\/encontro-de-turismo-rural-passara-a-ser-anual\/\"]}]},{\"@type\":\"BreadcrumbList\",\"@id\":\"https:\/\/diariodalagoa.pt\/encontro-de-turismo-rural-passara-a-ser-anual\/#breadcrumb\",\"itemListElement\":[{\"@type\":\"ListItem\",\"position\":1,\"name\":\"In\u00edcio\",\"item\":\"https:\/\/diariodalagoa.pt\/\"},{\"@type\":\"ListItem\",\"position\":2,\"name\":\"Encontro de Turismo Rural passar\u00e1 a ser anual\"}]},{\"@type\":\"WebSite\",\"@id\":\"https:\/\/diariodalagoa.pt\/#website\",\"url\":\"https:\/\/diariodalagoa.pt\/\",\"name\":\"Di\u00e1rio da Lagoa\",\"description\":\"Di\u00e1rio da Lagoa. As not\u00edcias que contam. A partir da Lagoa, nos A\u00e7ores, para o mundo.\",\"potentialAction\":[{\"@type\":\"SearchAction\",\"target\":{\"@type\":\"EntryPoint\",\"urlTemplate\":\"https:\/\/diariodalagoa.pt\/?s={search_term_string}\"},\"query-input\":\"required name=search_term_string\"}],\"inLanguage\":\"es\"},{\"@type\":\"Person\",\"@id\":\"https:\/\/diariodalagoa.pt\/#\/schema\/person\/1615a002370e8857b6f972834bc43ece\",\"name\":\"Di\u00e1rio da Lagoa\",\"image\":{\"@type\":\"ImageObject\",\"inLanguage\":\"es\",\"@id\":\"https:\/\/diariodalagoa.pt\/#\/schema\/person\/image\/\",\"url\":\"https:\/\/secure.gravatar.com\/avatar\/2cb5cef90a26f8fbd4d9d930608102c5?s=96&d=mm&r=g\",\"contentUrl\":\"https:\/\/secure.gravatar.com\/avatar\/2cb5cef90a26f8fbd4d9d930608102c5?s=96&d=mm&r=g\",\"caption\":\"Di\u00e1rio da Lagoa\"},\"url\":\"https:\/\/diariodalagoa.pt\/es\/author\/diariodalagoa\/\"}]}<\/script>\n<!-- \/ Yoast SEO plugin. -->","yoast_head_json":{"title":"Encontro de Turismo Rural passar\u00e1 a ser anual - Di\u00e1rio da Lagoa","robots":{"index":"index","follow":"follow","max-snippet":"max-snippet:-1","max-image-preview":"max-image-preview:large","max-video-preview":"max-video-preview:-1"},"canonical":"https:\/\/diariodalagoa.pt\/es\/encontro-de-turismo-rural-passara-a-ser-anual\/","og_locale":"es_ES","og_type":"article","og_title":"Encontro de Turismo Rural passar\u00e1 a ser anual - Di\u00e1rio da Lagoa","og_description":"\u201cPela import\u00e2ncia que esta vertente tem para o desenvolvimento do setor do turismo na Regi\u00e3o e porque queremos que os encontros sobre este tema nos A\u00e7ores se afirmem e sejam uma refer\u00eancia a n\u00edvel nacional e internacional, a partir deste ano, este momento de debate, de troca de experi\u00eancia, de darmo-nos a conhecer a todos [&hellip;]","og_url":"https:\/\/diariodalagoa.pt\/es\/encontro-de-turismo-rural-passara-a-ser-anual\/","og_site_name":"Di\u00e1rio da Lagoa","article_published_time":"2014-06-24T18:09:14+00:00","og_image":[{"width":720,"height":379,"url":"https:\/\/diariodalagoa.pt\/wp-content\/uploads\/2014\/06\/vitor-fraga-turismo-rural.jpg","type":"image\/jpeg"}],"author":"Di\u00e1rio da Lagoa","twitter_card":"summary_large_image","twitter_misc":{"Escrito por":"Di\u00e1rio da Lagoa","Tiempo de lectura":"2 minutos"},"schema":{"@context":"https:\/\/schema.org","@graph":[{"@type":"WebPage","@id":"https:\/\/diariodalagoa.pt\/encontro-de-turismo-rural-passara-a-ser-anual\/","url":"https:\/\/diariodalagoa.pt\/encontro-de-turismo-rural-passara-a-ser-anual\/","name":"Encontro de Turismo Rural passar\u00e1 a ser anual - Di\u00e1rio da Lagoa","isPartOf":{"@id":"https:\/\/diariodalagoa.pt\/#website"},"datePublished":"2014-06-24T18:09:14+00:00","dateModified":"2014-06-24T18:09:14+00:00","author":{"@id":"https:\/\/diariodalagoa.pt\/#\/schema\/person\/1615a002370e8857b6f972834bc43ece"},"breadcrumb":{"@id":"https:\/\/diariodalagoa.pt\/encontro-de-turismo-rural-passara-a-ser-anual\/#breadcrumb"},"inLanguage":"es","potentialAction":[{"@type":"ReadAction","target":["https:\/\/diariodalagoa.pt\/encontro-de-turismo-rural-passara-a-ser-anual\/"]}]},{"@type":"BreadcrumbList","@id":"https:\/\/diariodalagoa.pt\/encontro-de-turismo-rural-passara-a-ser-anual\/#breadcrumb","itemListElement":[{"@type":"ListItem","position":1,"name":"In\u00edcio","item":"https:\/\/diariodalagoa.pt\/"},{"@type":"ListItem","position":2,"name":"Encontro de Turismo Rural passar\u00e1 a ser anual"}]},{"@type":"WebSite","@id":"https:\/\/diariodalagoa.pt\/#website","url":"https:\/\/diariodalagoa.pt\/","name":"Di\u00e1rio da Lagoa","description":"Di\u00e1rio da Lagoa. As not\u00edcias que contam. A partir da Lagoa, nos A\u00e7ores, para o mundo.","potentialAction":[{"@type":"SearchAction","target":{"@type":"EntryPoint","urlTemplate":"https:\/\/diariodalagoa.pt\/?s={search_term_string}"},"query-input":"required name=search_term_string"}],"inLanguage":"es"},{"@type":"Person","@id":"https:\/\/diariodalagoa.pt\/#\/schema\/person\/1615a002370e8857b6f972834bc43ece","name":"Di\u00e1rio da Lagoa","image":{"@type":"ImageObject","inLanguage":"es","@id":"https:\/\/diariodalagoa.pt\/#\/schema\/person\/image\/","url":"https:\/\/secure.gravatar.com\/avatar\/2cb5cef90a26f8fbd4d9d930608102c5?s=96&d=mm&r=g","contentUrl":"https:\/\/secure.gravatar.com\/avatar\/2cb5cef90a26f8fbd4d9d930608102c5?s=96&d=mm&r=g","caption":"Di\u00e1rio da Lagoa"},"url":"https:\/\/diariodalagoa.pt\/es\/author\/diariodalagoa\/"}]}},"_links":{"self":[{"href":"https:\/\/diariodalagoa.pt\/es\/wp-json\/wp\/v2\/posts\/6015"}],"collection":[{"href":"https:\/\/diariodalagoa.pt\/es\/wp-json\/wp\/v2\/posts"}],"about":[{"href":"https:\/\/diariodalagoa.pt\/es\/wp-json\/wp\/v2\/types\/post"}],"author":[{"embeddable":true,"href":"https:\/\/diariodalagoa.pt\/es\/wp-json\/wp\/v2\/users\/2"}],"replies":[{"embeddable":true,"href":"https:\/\/diariodalagoa.pt\/es\/wp-json\/wp\/v2\/comments?post=6015"}],"version-history":[{"count":0,"href":"https:\/\/diariodalagoa.pt\/es\/wp-json\/wp\/v2\/posts\/6015\/revisions"}],"wp:featuredmedia":[{"embeddable":true,"href":"https:\/\/diariodalagoa.pt\/es\/wp-json\/wp\/v2\/media\/121966"}],"wp:attachment":[{"href":"https:\/\/diariodalagoa.pt\/es\/wp-json\/wp\/v2\/media?parent=6015"}],"wp:term":[{"taxonomy":"category","embeddable":true,"href":"https:\/\/diariodalagoa.pt\/es\/wp-json\/wp\/v2\/categories?post=6015"},{"taxonomy":"post_tag","embeddable":true,"href":"https:\/\/diariodalagoa.pt\/es\/wp-json\/wp\/v2\/tags?post=6015"}],"curies":[{"name":"wp","href":"https:\/\/api.w.org\/{rel}","templated":true}]}}