{"id":6013,"date":"2014-06-24T11:50:29","date_gmt":"2014-06-24T12:50:29","guid":{"rendered":"http:\/\/diariodalagoa.pt\/?p=6013"},"modified":"2014-06-24T11:50:29","modified_gmt":"2014-06-24T12:50:29","slug":"centro-regional-de-apoio-ao-artesanato-participa-no-maior-certame-da-peninsula-iberica","status":"publish","type":"post","link":"https:\/\/diariodalagoa.pt\/es\/centro-regional-de-apoio-ao-artesanato-participa-no-maior-certame-da-peninsula-iberica\/","title":{"rendered":"Centro Regional de Apoio ao Artesanato participa no maior certame da Pen\u00ednsula Ib\u00e9rica"},"content":{"rendered":"<p style=\"text-align: justify;\"><a href=\"http:\/\/diariodalagoa.pt\/wp-content\/uploads\/2014\/02\/A\u00e7ores-Diario-LAgoa-Artesanato-apoios-candidaturas.jpg\"><img decoding=\"async\" class=\"alignnone size-full wp-image-230\" src=\"http:\/\/diariodalagoa.pt\/wp-content\/uploads\/2014\/02\/A\u00e7ores-Diario-LAgoa-Artesanato-apoios-candidaturas.jpg\" alt=\"A\u00e7ores-Diario-LAgoa-Artesanato-apoios-candidaturas\" width=\"600\" height=\"333\" \/><\/a><\/p>\n<p style=\"text-align: justify;\"><span style=\"color: #000000;\">O Centro Regional de Apoio ao Artesanato (CRAA)\u00a0vai participar na Feira Internacional de Artesanato de Lisboa (FIA), a maior\u00a0que se realiza na Pen\u00ednsula Ib\u00e9rica,\u00a0que decorre de 28 de junho a 6 de julho, na FIL, em Lisboa.\u00a0<\/span><\/p>\n<p style=\"text-align: justify;\"><span style=\"color: #000000;\">Esta iniciativa visa promover, divulgar e comercializar o Artesanato dos A\u00e7ores, mas tamb\u00e9m projetar e dignificar a sua imagem, numa perspetiva de se conseguir alcan\u00e7ar novos mercados.\u00a0<\/span><\/p>\n<p style=\"text-align: justify;\"><span style=\"color: #000000;\">O &#8216;stand&#8217; que representar\u00e1 a Regi\u00e3o Aut\u00f3noma dos A\u00e7ores conta com a presen\u00e7a de nove Unidades Produtivas Artesanais (UPA), das ilhas de S\u00e3o Miguel, Terceira, Pico e Faial, que exibir\u00e3o as mais diversas \u00e1reas artesanais, nomeadamente bordados, rendas, fibras vegetais, tecelagem, pres\u00e9pios de lapinha e bijuteria contempor\u00e2nea.\u00a0<\/span><\/p>\n<p style=\"text-align: justify;\"><span style=\"color: #000000;\">Neste certame, o\u00a0p\u00fablico poder\u00e1 comprovar a qualidade e a excel\u00eancia dos produtos certificados ao abrigo da marca coletiva de origem \u00b4Artesanato dos A\u00e7ores\u00b4, como o bordado a branco, da Graciosa e da\u00a0Terceira, o bordado a matiz, de S. Miguel, as rendas do Pico e do Faial, mas tamb\u00e9m a tecelagem, os registos do Senhor Santo Cristo dos Milagres, os pres\u00e9pios de lapinha, a folha de milho, a cer\u00e2mica, a escama de peixe.\u00a0<\/span><\/p>\n<p style=\"text-align: justify;\"><span style=\"color: #000000;\">O\u00a0evento conta ainda com a presen\u00e7a da Associa\u00e7\u00e3o de Artes\u00e3os da Graciosa, integrada no projeto da Resid\u00eancia Criativa de 2014, que valoriza o tradicional bordado a branco, numa perspetiva de renova\u00e7\u00e3o, dinamiza\u00e7\u00e3o e afirma\u00e7\u00e3o do artesanato regional.\u00a0<\/span><\/p>\n<p style=\"text-align: justify;\"><span style=\"color: #000000;\">O CRAA vai ainda presentear os visitantes com um vestido not\u00e1vel de Design e Artesanato dos A\u00e7ores, da autoria da estilista Isabel Roque, executado em folha de milho, e que servir\u00e1 de cicerone \u00e0quele que pretende ser o espa\u00e7o mais visitado do certame.<\/span><\/p>\n<p style=\"text-align: justify;\"><span style=\"color: #000000;\"><em>DL\/GaCS<\/em><\/span><\/p>","protected":false},"excerpt":{"rendered":"<p>O Centro Regional de Apoio ao Artesanato (CRAA)\u00a0vai participar na Feira Internacional de Artesanato de Lisboa (FIA), a maior\u00a0que se realiza na Pen\u00ednsula Ib\u00e9rica,\u00a0que decorre de 28 de junho a 6 de julho, na FIL, em Lisboa.\u00a0 Esta iniciativa visa promover, divulgar e comercializar o Artesanato dos A\u00e7ores, mas tamb\u00e9m projetar e dignificar a sua [&hellip;]<\/p>","protected":false},"author":2,"featured_media":121967,"comment_status":"open","ping_status":"open","sticky":false,"template":"","format":"standard","meta":[],"categories":[21],"tags":[],"acf":[],"yoast_head":"<!-- This site is optimized with the Yoast SEO plugin v20.10 - https:\/\/yoast.com\/wordpress\/plugins\/seo\/ -->\n<title>Centro Regional de Apoio ao Artesanato participa no maior certame da Pen\u00ednsula Ib\u00e9rica - Di\u00e1rio da Lagoa<\/title>\n<meta name=\"robots\" content=\"index, follow, max-snippet:-1, max-image-preview:large, max-video-preview:-1\" \/>\n<link rel=\"canonical\" href=\"https:\/\/diariodalagoa.pt\/es\/centro-regional-de-apoio-ao-artesanato-participa-no-maior-certame-da-peninsula-iberica\/\" \/>\n<meta property=\"og:locale\" content=\"es_ES\" \/>\n<meta property=\"og:type\" content=\"article\" \/>\n<meta property=\"og:title\" content=\"Centro Regional de Apoio ao Artesanato participa no maior certame da Pen\u00ednsula Ib\u00e9rica - Di\u00e1rio da Lagoa\" \/>\n<meta property=\"og:description\" content=\"O Centro Regional de Apoio ao Artesanato (CRAA)\u00a0vai participar na Feira Internacional de Artesanato de Lisboa (FIA), a maior\u00a0que se realiza na Pen\u00ednsula Ib\u00e9rica,\u00a0que decorre de 28 de junho a 6 de julho, na FIL, em Lisboa.\u00a0 Esta iniciativa visa promover, divulgar e comercializar o Artesanato dos A\u00e7ores, mas tamb\u00e9m projetar e dignificar a sua [&hellip;]\" \/>\n<meta property=\"og:url\" content=\"https:\/\/diariodalagoa.pt\/es\/centro-regional-de-apoio-ao-artesanato-participa-no-maior-certame-da-peninsula-iberica\/\" \/>\n<meta property=\"og:site_name\" content=\"Di\u00e1rio da Lagoa\" \/>\n<meta property=\"article:published_time\" content=\"2014-06-24T12:50:29+00:00\" \/>\n<meta property=\"og:image\" content=\"https:\/\/diariodalagoa.pt\/wp-content\/uploads\/2014\/06\/artesanato-ribeira-grande-centro.jpg\" \/>\n\t<meta property=\"og:image:width\" content=\"720\" \/>\n\t<meta property=\"og:image:height\" content=\"380\" \/>\n\t<meta property=\"og:image:type\" content=\"image\/jpeg\" \/>\n<meta name=\"author\" content=\"Di\u00e1rio da Lagoa\" \/>\n<meta name=\"twitter:card\" content=\"summary_large_image\" \/>\n<meta name=\"twitter:label1\" content=\"Escrito por\" \/>\n\t<meta name=\"twitter:data1\" content=\"Di\u00e1rio da Lagoa\" \/>\n\t<meta name=\"twitter:label2\" content=\"Tiempo de lectura\" \/>\n\t<meta name=\"twitter:data2\" content=\"1 minuto\" \/>\n<script type=\"application\/ld+json\" class=\"yoast-schema-graph\">{\"@context\":\"https:\/\/schema.org\",\"@graph\":[{\"@type\":\"WebPage\",\"@id\":\"https:\/\/diariodalagoa.pt\/centro-regional-de-apoio-ao-artesanato-participa-no-maior-certame-da-peninsula-iberica\/\",\"url\":\"https:\/\/diariodalagoa.pt\/centro-regional-de-apoio-ao-artesanato-participa-no-maior-certame-da-peninsula-iberica\/\",\"name\":\"Centro Regional de Apoio ao Artesanato participa no maior certame da Pen\u00ednsula Ib\u00e9rica - Di\u00e1rio da Lagoa\",\"isPartOf\":{\"@id\":\"https:\/\/diariodalagoa.pt\/#website\"},\"datePublished\":\"2014-06-24T12:50:29+00:00\",\"dateModified\":\"2014-06-24T12:50:29+00:00\",\"author\":{\"@id\":\"https:\/\/diariodalagoa.pt\/#\/schema\/person\/1615a002370e8857b6f972834bc43ece\"},\"breadcrumb\":{\"@id\":\"https:\/\/diariodalagoa.pt\/centro-regional-de-apoio-ao-artesanato-participa-no-maior-certame-da-peninsula-iberica\/#breadcrumb\"},\"inLanguage\":\"es\",\"potentialAction\":[{\"@type\":\"ReadAction\",\"target\":[\"https:\/\/diariodalagoa.pt\/centro-regional-de-apoio-ao-artesanato-participa-no-maior-certame-da-peninsula-iberica\/\"]}]},{\"@type\":\"BreadcrumbList\",\"@id\":\"https:\/\/diariodalagoa.pt\/centro-regional-de-apoio-ao-artesanato-participa-no-maior-certame-da-peninsula-iberica\/#breadcrumb\",\"itemListElement\":[{\"@type\":\"ListItem\",\"position\":1,\"name\":\"In\u00edcio\",\"item\":\"https:\/\/diariodalagoa.pt\/\"},{\"@type\":\"ListItem\",\"position\":2,\"name\":\"Centro Regional de Apoio ao Artesanato participa no maior certame da Pen\u00ednsula Ib\u00e9rica\"}]},{\"@type\":\"WebSite\",\"@id\":\"https:\/\/diariodalagoa.pt\/#website\",\"url\":\"https:\/\/diariodalagoa.pt\/\",\"name\":\"Di\u00e1rio da Lagoa\",\"description\":\"Di\u00e1rio da Lagoa. As not\u00edcias que contam. A partir da Lagoa, nos A\u00e7ores, para o mundo.\",\"potentialAction\":[{\"@type\":\"SearchAction\",\"target\":{\"@type\":\"EntryPoint\",\"urlTemplate\":\"https:\/\/diariodalagoa.pt\/?s={search_term_string}\"},\"query-input\":\"required name=search_term_string\"}],\"inLanguage\":\"es\"},{\"@type\":\"Person\",\"@id\":\"https:\/\/diariodalagoa.pt\/#\/schema\/person\/1615a002370e8857b6f972834bc43ece\",\"name\":\"Di\u00e1rio da Lagoa\",\"image\":{\"@type\":\"ImageObject\",\"inLanguage\":\"es\",\"@id\":\"https:\/\/diariodalagoa.pt\/#\/schema\/person\/image\/\",\"url\":\"https:\/\/secure.gravatar.com\/avatar\/2cb5cef90a26f8fbd4d9d930608102c5?s=96&d=mm&r=g\",\"contentUrl\":\"https:\/\/secure.gravatar.com\/avatar\/2cb5cef90a26f8fbd4d9d930608102c5?s=96&d=mm&r=g\",\"caption\":\"Di\u00e1rio da Lagoa\"},\"url\":\"https:\/\/diariodalagoa.pt\/es\/author\/diariodalagoa\/\"}]}<\/script>\n<!-- \/ Yoast SEO plugin. -->","yoast_head_json":{"title":"Centro Regional de Apoio ao Artesanato participa no maior certame da Pen\u00ednsula Ib\u00e9rica - Di\u00e1rio da Lagoa","robots":{"index":"index","follow":"follow","max-snippet":"max-snippet:-1","max-image-preview":"max-image-preview:large","max-video-preview":"max-video-preview:-1"},"canonical":"https:\/\/diariodalagoa.pt\/es\/centro-regional-de-apoio-ao-artesanato-participa-no-maior-certame-da-peninsula-iberica\/","og_locale":"es_ES","og_type":"article","og_title":"Centro Regional de Apoio ao Artesanato participa no maior certame da Pen\u00ednsula Ib\u00e9rica - Di\u00e1rio da Lagoa","og_description":"O Centro Regional de Apoio ao Artesanato (CRAA)\u00a0vai participar na Feira Internacional de Artesanato de Lisboa (FIA), a maior\u00a0que se realiza na Pen\u00ednsula Ib\u00e9rica,\u00a0que decorre de 28 de junho a 6 de julho, na FIL, em Lisboa.\u00a0 Esta iniciativa visa promover, divulgar e comercializar o Artesanato dos A\u00e7ores, mas tamb\u00e9m projetar e dignificar a sua [&hellip;]","og_url":"https:\/\/diariodalagoa.pt\/es\/centro-regional-de-apoio-ao-artesanato-participa-no-maior-certame-da-peninsula-iberica\/","og_site_name":"Di\u00e1rio da Lagoa","article_published_time":"2014-06-24T12:50:29+00:00","og_image":[{"width":720,"height":380,"url":"https:\/\/diariodalagoa.pt\/wp-content\/uploads\/2014\/06\/artesanato-ribeira-grande-centro.jpg","type":"image\/jpeg"}],"author":"Di\u00e1rio da Lagoa","twitter_card":"summary_large_image","twitter_misc":{"Escrito por":"Di\u00e1rio da Lagoa","Tiempo de lectura":"1 minuto"},"schema":{"@context":"https:\/\/schema.org","@graph":[{"@type":"WebPage","@id":"https:\/\/diariodalagoa.pt\/centro-regional-de-apoio-ao-artesanato-participa-no-maior-certame-da-peninsula-iberica\/","url":"https:\/\/diariodalagoa.pt\/centro-regional-de-apoio-ao-artesanato-participa-no-maior-certame-da-peninsula-iberica\/","name":"Centro Regional de Apoio ao Artesanato participa no maior certame da Pen\u00ednsula Ib\u00e9rica - Di\u00e1rio da Lagoa","isPartOf":{"@id":"https:\/\/diariodalagoa.pt\/#website"},"datePublished":"2014-06-24T12:50:29+00:00","dateModified":"2014-06-24T12:50:29+00:00","author":{"@id":"https:\/\/diariodalagoa.pt\/#\/schema\/person\/1615a002370e8857b6f972834bc43ece"},"breadcrumb":{"@id":"https:\/\/diariodalagoa.pt\/centro-regional-de-apoio-ao-artesanato-participa-no-maior-certame-da-peninsula-iberica\/#breadcrumb"},"inLanguage":"es","potentialAction":[{"@type":"ReadAction","target":["https:\/\/diariodalagoa.pt\/centro-regional-de-apoio-ao-artesanato-participa-no-maior-certame-da-peninsula-iberica\/"]}]},{"@type":"BreadcrumbList","@id":"https:\/\/diariodalagoa.pt\/centro-regional-de-apoio-ao-artesanato-participa-no-maior-certame-da-peninsula-iberica\/#breadcrumb","itemListElement":[{"@type":"ListItem","position":1,"name":"In\u00edcio","item":"https:\/\/diariodalagoa.pt\/"},{"@type":"ListItem","position":2,"name":"Centro Regional de Apoio ao Artesanato participa no maior certame da Pen\u00ednsula Ib\u00e9rica"}]},{"@type":"WebSite","@id":"https:\/\/diariodalagoa.pt\/#website","url":"https:\/\/diariodalagoa.pt\/","name":"Di\u00e1rio da Lagoa","description":"Di\u00e1rio da Lagoa. As not\u00edcias que contam. A partir da Lagoa, nos A\u00e7ores, para o mundo.","potentialAction":[{"@type":"SearchAction","target":{"@type":"EntryPoint","urlTemplate":"https:\/\/diariodalagoa.pt\/?s={search_term_string}"},"query-input":"required name=search_term_string"}],"inLanguage":"es"},{"@type":"Person","@id":"https:\/\/diariodalagoa.pt\/#\/schema\/person\/1615a002370e8857b6f972834bc43ece","name":"Di\u00e1rio da Lagoa","image":{"@type":"ImageObject","inLanguage":"es","@id":"https:\/\/diariodalagoa.pt\/#\/schema\/person\/image\/","url":"https:\/\/secure.gravatar.com\/avatar\/2cb5cef90a26f8fbd4d9d930608102c5?s=96&d=mm&r=g","contentUrl":"https:\/\/secure.gravatar.com\/avatar\/2cb5cef90a26f8fbd4d9d930608102c5?s=96&d=mm&r=g","caption":"Di\u00e1rio da Lagoa"},"url":"https:\/\/diariodalagoa.pt\/es\/author\/diariodalagoa\/"}]}},"_links":{"self":[{"href":"https:\/\/diariodalagoa.pt\/es\/wp-json\/wp\/v2\/posts\/6013"}],"collection":[{"href":"https:\/\/diariodalagoa.pt\/es\/wp-json\/wp\/v2\/posts"}],"about":[{"href":"https:\/\/diariodalagoa.pt\/es\/wp-json\/wp\/v2\/types\/post"}],"author":[{"embeddable":true,"href":"https:\/\/diariodalagoa.pt\/es\/wp-json\/wp\/v2\/users\/2"}],"replies":[{"embeddable":true,"href":"https:\/\/diariodalagoa.pt\/es\/wp-json\/wp\/v2\/comments?post=6013"}],"version-history":[{"count":0,"href":"https:\/\/diariodalagoa.pt\/es\/wp-json\/wp\/v2\/posts\/6013\/revisions"}],"wp:featuredmedia":[{"embeddable":true,"href":"https:\/\/diariodalagoa.pt\/es\/wp-json\/wp\/v2\/media\/121967"}],"wp:attachment":[{"href":"https:\/\/diariodalagoa.pt\/es\/wp-json\/wp\/v2\/media?parent=6013"}],"wp:term":[{"taxonomy":"category","embeddable":true,"href":"https:\/\/diariodalagoa.pt\/es\/wp-json\/wp\/v2\/categories?post=6013"},{"taxonomy":"post_tag","embeddable":true,"href":"https:\/\/diariodalagoa.pt\/es\/wp-json\/wp\/v2\/tags?post=6013"}],"curies":[{"name":"wp","href":"https:\/\/api.w.org\/{rel}","templated":true}]}}