{"id":5124,"date":"2014-06-02T07:19:55","date_gmt":"2014-06-02T08:19:55","guid":{"rendered":"http:\/\/diariodalagoa.pt\/?p=5124"},"modified":"2014-06-02T07:19:55","modified_gmt":"2014-06-02T08:19:55","slug":"lideres-da-distribuicao-turistica-europeia-reunem-se-em-sao-miguel","status":"publish","type":"post","link":"https:\/\/diariodalagoa.pt\/es\/lideres-da-distribuicao-turistica-europeia-reunem-se-em-sao-miguel\/","title":{"rendered":"L\u00edderes da distribui\u00e7\u00e3o tur\u00edstica europeia re\u00fanem-se em S\u00e3o Miguel"},"content":{"rendered":"<p style=\"text-align: justify;\"><span style=\"color: #000000;\"><b><a href=\"http:\/\/diariodalagoa.pt\/wp-content\/uploads\/2014\/06\/turismo-Caldeira-Velha_RG@NL.jpg\"><img decoding=\"async\" class=\"alignnone size-full wp-image-5125\" alt=\"turismo-Caldeira-Velha_RG@NL\" src=\"http:\/\/diariodalagoa.pt\/wp-content\/uploads\/2014\/06\/turismo-Caldeira-Velha_RG@NL.jpg\" width=\"720\" height=\"378\" \/><\/a><br \/>\n<\/b><\/span><\/p>\n<p style=\"text-align: justify;\"><span style=\"color: #000000;\">Cerca de seis dezenas de l\u00edderes da distribui\u00e7\u00e3o tur\u00edstica europeia est\u00e3o de quarta a s\u00e1bado em Ponta Delgada, para a reuni\u00e3o bianual da Confedera\u00e7\u00e3o Europeia das Associa\u00e7\u00f5es de Ag\u00eancias de Viagens e Operadores Tur\u00edsticos (ECTAA), organiza\u00e7\u00e3o de c\u00fapula deste setor na Europa.<\/span><span style=\"color: #000000;\"><b>\u00a0<\/b><\/span><\/p>\n<p style=\"text-align: justify;\"><span style=\"color: #000000;\">A escolha dos A\u00e7ores para a realiza\u00e7\u00e3o desta reuni\u00e3o adv\u00e9m do facto de a Regi\u00e3o ser este ano o \u00abDestino Preferido da ECTAA\u00bb, uma iniciativa pol\u00edtica da APAVT que se consubstancia num projeto de promo\u00e7\u00e3o internacional celebrado entre esta confedera\u00e7\u00e3o e a Secretaria Regional do Turismo e Transportes dos A\u00e7ores.<\/span><span style=\"color: #000000;\">\u00a0<\/span><span style=\"color: #000000;\">\u00a0<\/span><\/p>\n<p style=\"text-align: justify;\"><span style=\"color: #000000;\">A reuni\u00e3o, que decorre numa unidade hoteleira de Ponta Delgada, conta tamb\u00e9m com o apoio da Travelport Portugal.<\/span><\/p>\n<p style=\"text-align: justify;\"><span style=\"color: #000000;\">A ECTAA agrupa 32 associa\u00e7\u00f5es de agentes de viagens e operadores tur\u00edsticos em 30 pa\u00edses, incluindo 26 estados membro da Uni\u00e3o Europeia, dois estados-candidatos a estados-membro e dois pa\u00edses da EEA\/EFTA. Constitui a voz do setor na Uni\u00e3o Europeia, tanto no que diz respeito aos agentes de viagens de lazer como de neg\u00f3cios, bem como para os organizadores de pacotes tur\u00edsticos.<\/span><\/p>\n<p style=\"text-align: justify;\"><span style=\"color: #000000;\"><em>DL\/APAVT<\/em><br \/>\n<\/span><\/p>","protected":false},"excerpt":{"rendered":"<p>Cerca de seis dezenas de l\u00edderes da distribui\u00e7\u00e3o tur\u00edstica europeia est\u00e3o de quarta a s\u00e1bado em Ponta Delgada, para a reuni\u00e3o bianual da Confedera\u00e7\u00e3o Europeia das Associa\u00e7\u00f5es de Ag\u00eancias de Viagens e Operadores Tur\u00edsticos (ECTAA), organiza\u00e7\u00e3o de c\u00fapula deste setor na Europa.\u00a0 A escolha dos A\u00e7ores para a realiza\u00e7\u00e3o desta reuni\u00e3o adv\u00e9m do facto de [&hellip;]<\/p>","protected":false},"author":2,"featured_media":121999,"comment_status":"open","ping_status":"open","sticky":false,"template":"","format":"standard","meta":[],"categories":[21],"tags":[],"acf":[],"yoast_head":"<!-- This site is optimized with the Yoast SEO plugin v20.10 - https:\/\/yoast.com\/wordpress\/plugins\/seo\/ -->\n<title>L\u00edderes da distribui\u00e7\u00e3o tur\u00edstica europeia re\u00fanem-se em S\u00e3o Miguel - Di\u00e1rio da Lagoa<\/title>\n<meta name=\"robots\" content=\"index, follow, max-snippet:-1, max-image-preview:large, max-video-preview:-1\" \/>\n<link rel=\"canonical\" href=\"https:\/\/diariodalagoa.pt\/es\/lideres-da-distribuicao-turistica-europeia-reunem-se-em-sao-miguel\/\" \/>\n<meta property=\"og:locale\" content=\"es_ES\" \/>\n<meta property=\"og:type\" content=\"article\" \/>\n<meta property=\"og:title\" content=\"L\u00edderes da distribui\u00e7\u00e3o tur\u00edstica europeia re\u00fanem-se em S\u00e3o Miguel - Di\u00e1rio da Lagoa\" \/>\n<meta property=\"og:description\" content=\"Cerca de seis dezenas de l\u00edderes da distribui\u00e7\u00e3o tur\u00edstica europeia est\u00e3o de quarta a s\u00e1bado em Ponta Delgada, para a reuni\u00e3o bianual da Confedera\u00e7\u00e3o Europeia das Associa\u00e7\u00f5es de Ag\u00eancias de Viagens e Operadores Tur\u00edsticos (ECTAA), organiza\u00e7\u00e3o de c\u00fapula deste setor na Europa.\u00a0 A escolha dos A\u00e7ores para a realiza\u00e7\u00e3o desta reuni\u00e3o adv\u00e9m do facto de [&hellip;]\" \/>\n<meta property=\"og:url\" content=\"https:\/\/diariodalagoa.pt\/es\/lideres-da-distribuicao-turistica-europeia-reunem-se-em-sao-miguel\/\" \/>\n<meta property=\"og:site_name\" content=\"Di\u00e1rio da Lagoa\" \/>\n<meta property=\"article:published_time\" content=\"2014-06-02T08:19:55+00:00\" \/>\n<meta property=\"og:image\" content=\"https:\/\/diariodalagoa.pt\/wp-content\/uploads\/2014\/06\/turismo-caldeira-velha-rgnl.jpg\" \/>\n\t<meta property=\"og:image:width\" content=\"720\" \/>\n\t<meta property=\"og:image:height\" content=\"378\" \/>\n\t<meta property=\"og:image:type\" content=\"image\/jpeg\" \/>\n<meta name=\"author\" content=\"Di\u00e1rio da Lagoa\" \/>\n<meta name=\"twitter:card\" content=\"summary_large_image\" \/>\n<meta name=\"twitter:label1\" content=\"Escrito por\" \/>\n\t<meta name=\"twitter:data1\" content=\"Di\u00e1rio da Lagoa\" \/>\n\t<meta name=\"twitter:label2\" content=\"Tiempo de lectura\" \/>\n\t<meta name=\"twitter:data2\" content=\"1 minuto\" \/>\n<script type=\"application\/ld+json\" class=\"yoast-schema-graph\">{\"@context\":\"https:\/\/schema.org\",\"@graph\":[{\"@type\":\"WebPage\",\"@id\":\"https:\/\/diariodalagoa.pt\/lideres-da-distribuicao-turistica-europeia-reunem-se-em-sao-miguel\/\",\"url\":\"https:\/\/diariodalagoa.pt\/lideres-da-distribuicao-turistica-europeia-reunem-se-em-sao-miguel\/\",\"name\":\"L\u00edderes da distribui\u00e7\u00e3o tur\u00edstica europeia re\u00fanem-se em S\u00e3o Miguel - Di\u00e1rio da Lagoa\",\"isPartOf\":{\"@id\":\"https:\/\/diariodalagoa.pt\/#website\"},\"datePublished\":\"2014-06-02T08:19:55+00:00\",\"dateModified\":\"2014-06-02T08:19:55+00:00\",\"author\":{\"@id\":\"https:\/\/diariodalagoa.pt\/#\/schema\/person\/1615a002370e8857b6f972834bc43ece\"},\"breadcrumb\":{\"@id\":\"https:\/\/diariodalagoa.pt\/lideres-da-distribuicao-turistica-europeia-reunem-se-em-sao-miguel\/#breadcrumb\"},\"inLanguage\":\"es\",\"potentialAction\":[{\"@type\":\"ReadAction\",\"target\":[\"https:\/\/diariodalagoa.pt\/lideres-da-distribuicao-turistica-europeia-reunem-se-em-sao-miguel\/\"]}]},{\"@type\":\"BreadcrumbList\",\"@id\":\"https:\/\/diariodalagoa.pt\/lideres-da-distribuicao-turistica-europeia-reunem-se-em-sao-miguel\/#breadcrumb\",\"itemListElement\":[{\"@type\":\"ListItem\",\"position\":1,\"name\":\"In\u00edcio\",\"item\":\"https:\/\/diariodalagoa.pt\/\"},{\"@type\":\"ListItem\",\"position\":2,\"name\":\"L\u00edderes da distribui\u00e7\u00e3o tur\u00edstica europeia re\u00fanem-se em S\u00e3o Miguel\"}]},{\"@type\":\"WebSite\",\"@id\":\"https:\/\/diariodalagoa.pt\/#website\",\"url\":\"https:\/\/diariodalagoa.pt\/\",\"name\":\"Di\u00e1rio da Lagoa\",\"description\":\"Di\u00e1rio da Lagoa. As not\u00edcias que contam. A partir da Lagoa, nos A\u00e7ores, para o mundo.\",\"potentialAction\":[{\"@type\":\"SearchAction\",\"target\":{\"@type\":\"EntryPoint\",\"urlTemplate\":\"https:\/\/diariodalagoa.pt\/?s={search_term_string}\"},\"query-input\":\"required name=search_term_string\"}],\"inLanguage\":\"es\"},{\"@type\":\"Person\",\"@id\":\"https:\/\/diariodalagoa.pt\/#\/schema\/person\/1615a002370e8857b6f972834bc43ece\",\"name\":\"Di\u00e1rio da Lagoa\",\"image\":{\"@type\":\"ImageObject\",\"inLanguage\":\"es\",\"@id\":\"https:\/\/diariodalagoa.pt\/#\/schema\/person\/image\/\",\"url\":\"https:\/\/secure.gravatar.com\/avatar\/2cb5cef90a26f8fbd4d9d930608102c5?s=96&d=mm&r=g\",\"contentUrl\":\"https:\/\/secure.gravatar.com\/avatar\/2cb5cef90a26f8fbd4d9d930608102c5?s=96&d=mm&r=g\",\"caption\":\"Di\u00e1rio da Lagoa\"},\"url\":\"https:\/\/diariodalagoa.pt\/es\/author\/diariodalagoa\/\"}]}<\/script>\n<!-- \/ Yoast SEO plugin. -->","yoast_head_json":{"title":"L\u00edderes da distribui\u00e7\u00e3o tur\u00edstica europeia re\u00fanem-se em S\u00e3o Miguel - Di\u00e1rio da Lagoa","robots":{"index":"index","follow":"follow","max-snippet":"max-snippet:-1","max-image-preview":"max-image-preview:large","max-video-preview":"max-video-preview:-1"},"canonical":"https:\/\/diariodalagoa.pt\/es\/lideres-da-distribuicao-turistica-europeia-reunem-se-em-sao-miguel\/","og_locale":"es_ES","og_type":"article","og_title":"L\u00edderes da distribui\u00e7\u00e3o tur\u00edstica europeia re\u00fanem-se em S\u00e3o Miguel - Di\u00e1rio da Lagoa","og_description":"Cerca de seis dezenas de l\u00edderes da distribui\u00e7\u00e3o tur\u00edstica europeia est\u00e3o de quarta a s\u00e1bado em Ponta Delgada, para a reuni\u00e3o bianual da Confedera\u00e7\u00e3o Europeia das Associa\u00e7\u00f5es de Ag\u00eancias de Viagens e Operadores Tur\u00edsticos (ECTAA), organiza\u00e7\u00e3o de c\u00fapula deste setor na Europa.\u00a0 A escolha dos A\u00e7ores para a realiza\u00e7\u00e3o desta reuni\u00e3o adv\u00e9m do facto de [&hellip;]","og_url":"https:\/\/diariodalagoa.pt\/es\/lideres-da-distribuicao-turistica-europeia-reunem-se-em-sao-miguel\/","og_site_name":"Di\u00e1rio da Lagoa","article_published_time":"2014-06-02T08:19:55+00:00","og_image":[{"width":720,"height":378,"url":"https:\/\/diariodalagoa.pt\/wp-content\/uploads\/2014\/06\/turismo-caldeira-velha-rgnl.jpg","type":"image\/jpeg"}],"author":"Di\u00e1rio da Lagoa","twitter_card":"summary_large_image","twitter_misc":{"Escrito por":"Di\u00e1rio da Lagoa","Tiempo de lectura":"1 minuto"},"schema":{"@context":"https:\/\/schema.org","@graph":[{"@type":"WebPage","@id":"https:\/\/diariodalagoa.pt\/lideres-da-distribuicao-turistica-europeia-reunem-se-em-sao-miguel\/","url":"https:\/\/diariodalagoa.pt\/lideres-da-distribuicao-turistica-europeia-reunem-se-em-sao-miguel\/","name":"L\u00edderes da distribui\u00e7\u00e3o tur\u00edstica europeia re\u00fanem-se em S\u00e3o Miguel - Di\u00e1rio da Lagoa","isPartOf":{"@id":"https:\/\/diariodalagoa.pt\/#website"},"datePublished":"2014-06-02T08:19:55+00:00","dateModified":"2014-06-02T08:19:55+00:00","author":{"@id":"https:\/\/diariodalagoa.pt\/#\/schema\/person\/1615a002370e8857b6f972834bc43ece"},"breadcrumb":{"@id":"https:\/\/diariodalagoa.pt\/lideres-da-distribuicao-turistica-europeia-reunem-se-em-sao-miguel\/#breadcrumb"},"inLanguage":"es","potentialAction":[{"@type":"ReadAction","target":["https:\/\/diariodalagoa.pt\/lideres-da-distribuicao-turistica-europeia-reunem-se-em-sao-miguel\/"]}]},{"@type":"BreadcrumbList","@id":"https:\/\/diariodalagoa.pt\/lideres-da-distribuicao-turistica-europeia-reunem-se-em-sao-miguel\/#breadcrumb","itemListElement":[{"@type":"ListItem","position":1,"name":"In\u00edcio","item":"https:\/\/diariodalagoa.pt\/"},{"@type":"ListItem","position":2,"name":"L\u00edderes da distribui\u00e7\u00e3o tur\u00edstica europeia re\u00fanem-se em S\u00e3o Miguel"}]},{"@type":"WebSite","@id":"https:\/\/diariodalagoa.pt\/#website","url":"https:\/\/diariodalagoa.pt\/","name":"Di\u00e1rio da Lagoa","description":"Di\u00e1rio da Lagoa. As not\u00edcias que contam. A partir da Lagoa, nos A\u00e7ores, para o mundo.","potentialAction":[{"@type":"SearchAction","target":{"@type":"EntryPoint","urlTemplate":"https:\/\/diariodalagoa.pt\/?s={search_term_string}"},"query-input":"required name=search_term_string"}],"inLanguage":"es"},{"@type":"Person","@id":"https:\/\/diariodalagoa.pt\/#\/schema\/person\/1615a002370e8857b6f972834bc43ece","name":"Di\u00e1rio da Lagoa","image":{"@type":"ImageObject","inLanguage":"es","@id":"https:\/\/diariodalagoa.pt\/#\/schema\/person\/image\/","url":"https:\/\/secure.gravatar.com\/avatar\/2cb5cef90a26f8fbd4d9d930608102c5?s=96&d=mm&r=g","contentUrl":"https:\/\/secure.gravatar.com\/avatar\/2cb5cef90a26f8fbd4d9d930608102c5?s=96&d=mm&r=g","caption":"Di\u00e1rio da Lagoa"},"url":"https:\/\/diariodalagoa.pt\/es\/author\/diariodalagoa\/"}]}},"_links":{"self":[{"href":"https:\/\/diariodalagoa.pt\/es\/wp-json\/wp\/v2\/posts\/5124"}],"collection":[{"href":"https:\/\/diariodalagoa.pt\/es\/wp-json\/wp\/v2\/posts"}],"about":[{"href":"https:\/\/diariodalagoa.pt\/es\/wp-json\/wp\/v2\/types\/post"}],"author":[{"embeddable":true,"href":"https:\/\/diariodalagoa.pt\/es\/wp-json\/wp\/v2\/users\/2"}],"replies":[{"embeddable":true,"href":"https:\/\/diariodalagoa.pt\/es\/wp-json\/wp\/v2\/comments?post=5124"}],"version-history":[{"count":0,"href":"https:\/\/diariodalagoa.pt\/es\/wp-json\/wp\/v2\/posts\/5124\/revisions"}],"wp:featuredmedia":[{"embeddable":true,"href":"https:\/\/diariodalagoa.pt\/es\/wp-json\/wp\/v2\/media\/121999"}],"wp:attachment":[{"href":"https:\/\/diariodalagoa.pt\/es\/wp-json\/wp\/v2\/media?parent=5124"}],"wp:term":[{"taxonomy":"category","embeddable":true,"href":"https:\/\/diariodalagoa.pt\/es\/wp-json\/wp\/v2\/categories?post=5124"},{"taxonomy":"post_tag","embeddable":true,"href":"https:\/\/diariodalagoa.pt\/es\/wp-json\/wp\/v2\/tags?post=5124"}],"curies":[{"name":"wp","href":"https:\/\/api.w.org\/{rel}","templated":true}]}}