{"id":50640,"date":"2017-09-13T11:41:23","date_gmt":"2017-09-13T12:41:23","guid":{"rendered":"http:\/\/diariodalagoa.pt\/?p=50640"},"modified":"2017-09-13T11:41:23","modified_gmt":"2017-09-13T12:41:23","slug":"alraa-em-visita-a-comunidade-autonoma-da-galiza","status":"publish","type":"post","link":"https:\/\/diariodalagoa.pt\/es\/alraa-em-visita-a-comunidade-autonoma-da-galiza\/","title":{"rendered":"ALRAA em visita \u00e0 Comunidade Aut\u00f3noma da Galiza"},"content":{"rendered":"<p><img decoding=\"async\" class=\"size-full wp-image-25206 aligncenter\" src=\"http:\/\/diariodalagoa.pt\/wp-content\/uploads\/2016\/01\/anapaulalaborinho_luisaferreira.jpg\" alt=\"\" width=\"720\" height=\"380\" \/><\/p>\n<p><span style=\"color: #000000;\">A Presidente da Assembleia Legislativa, Ana Lu\u00eds, acompanhada pelos Vice-Presidentes Dion\u00edsio Faria e Maia e Lu\u00eds Garcia, e pelo Professor Urbano Bettencourt, Investigador do Centro de Estudos Human\u00edsticos da Universidade dos A\u00e7ores, inicia quinta-feira, dia 14 de setembro, uma visita \u00e0 Comunidade Aut\u00f3noma da Galiza, inserida no projeto de coopera\u00e7\u00e3o existente desde 2016 entre o Parlamento A\u00e7oriano e o Parlamento da Galiza, atendendo as caracter\u00edsticas comuns que estas duas regi\u00f5es comportam, nomeadamente a raiz lingu\u00edstica.<\/span><\/p>\n<p><span style=\"color: #000000;\">Segundo uma nota enviada \u00e0 nossa reda\u00e7\u00e3o, na quinta-feira, Ana Lu\u00eds vai participar na apresenta\u00e7\u00e3o da publica\u00e7\u00e3o \u201cViaxe \u00e1 Illa do Corvo\u201d, a tradu\u00e7\u00e3o galega de um excerto da obra \u201cIlhas Desconhecidas. Notas e Paisagens\u201d, de Ra\u00fal Brand\u00e3o, seguida da inaugura\u00e7\u00e3o da exposi\u00e7\u00e3o fotogr\u00e1fica \u201cA\u00c7ORES SIL\u00caNCIO E SER\u201d, da autoria de Jorge Barros, sess\u00f5es que decorrer\u00e3o no Parlamento da Galiza e que se revestem de enorme simbolismo no ano em que se comemoram os 150 anos do nascimento de Ra\u00fal Brand\u00e3o.<\/span><\/p>\n<p><span style=\"color: #000000;\">No dia 15 de setembro, a Presidente da Assembleia Legislativa vai participar na sess\u00e3o liter\u00e1ria e no concerto que honrar\u00e3o os escritores e poetas Antero de Quental e Manuel Curros Enr\u00edquez, ocasi\u00e3o em que o poema \u201cZara\u201d, de Antero de Quental, ser\u00e1 interpretado em portugu\u00eas e galego.<\/span><\/p>\n<p><span style=\"color: #000000;\">As audi\u00eancias com o Presidente da Junta da Galiza e com os Presidentes das C\u00e2maras Municipais de Santiago de Compostela e de Celanova, assim como as visitas ao Porto Desportivo Juan Carlos I, ao Instituto Oceanogr\u00e1fico de Vigo, ao Conselho da Cultura Galega e ao Balne\u00e1rio Laias Caldaria, preenchem, ainda, os dois dias de visita da delega\u00e7\u00e3o do Parlamento A\u00e7oriano.<\/span><\/p>\n<p><span style=\"color: #000000;\">Recorde-se que em julho de 2016, o Parlamento da Galiza visitou os A\u00e7ores, inaugurando na sede da Assembleia Legislativa a exposi\u00e7\u00e3o \u201c54 p\u00e1xinas das nosas letras\u201d e apresentando duas edi\u00e7\u00f5es fac-s\u00edmile de tradu\u00e7\u00f5es para o galego dos autores a\u00e7orianos Antero de Quental e Te\u00f3filo Braga. Esta coopera\u00e7\u00e3o entre estes dois Parlamentos regionais j\u00e1 valeu o primeiro lugar da primeira edi\u00e7\u00e3o do pr\u00e9mio \u201cStars of Europe\u201d, da Confer\u00eancia das Assembleias Legislativas Regionais Europeias (CALRE).<\/span><\/p>\n<p><em><span style=\"color: #000000;\">DL\/ALRAA<\/span><\/em><\/p>","protected":false},"excerpt":{"rendered":"<p>A Presidente da Assembleia Legislativa, Ana Lu\u00eds, acompanhada pelos Vice-Presidentes Dion\u00edsio Faria e Maia e Lu\u00eds Garcia, e pelo Professor Urbano Bettencourt, Investigador do Centro de Estudos Human\u00edsticos da Universidade dos A\u00e7ores, inicia quinta-feira, dia 14 de setembro, uma visita \u00e0 Comunidade Aut\u00f3noma da Galiza, inserida no projeto de coopera\u00e7\u00e3o existente desde 2016 entre o [&hellip;]<\/p>","protected":false},"author":2,"featured_media":118590,"comment_status":"open","ping_status":"open","sticky":false,"template":"","format":"standard","meta":[],"categories":[21],"tags":[],"acf":[],"yoast_head":"<!-- This site is optimized with the Yoast SEO plugin v20.10 - https:\/\/yoast.com\/wordpress\/plugins\/seo\/ -->\n<title>ALRAA em visita \u00e0 Comunidade Aut\u00f3noma da Galiza - Di\u00e1rio da Lagoa<\/title>\n<meta name=\"robots\" content=\"index, follow, max-snippet:-1, max-image-preview:large, max-video-preview:-1\" \/>\n<link rel=\"canonical\" href=\"https:\/\/diariodalagoa.pt\/es\/alraa-em-visita-a-comunidade-autonoma-da-galiza\/\" \/>\n<meta property=\"og:locale\" content=\"es_ES\" \/>\n<meta property=\"og:type\" content=\"article\" \/>\n<meta property=\"og:title\" content=\"ALRAA em visita \u00e0 Comunidade Aut\u00f3noma da Galiza - Di\u00e1rio da Lagoa\" \/>\n<meta property=\"og:description\" content=\"A Presidente da Assembleia Legislativa, Ana Lu\u00eds, acompanhada pelos Vice-Presidentes Dion\u00edsio Faria e Maia e Lu\u00eds Garcia, e pelo Professor Urbano Bettencourt, Investigador do Centro de Estudos Human\u00edsticos da Universidade dos A\u00e7ores, inicia quinta-feira, dia 14 de setembro, uma visita \u00e0 Comunidade Aut\u00f3noma da Galiza, inserida no projeto de coopera\u00e7\u00e3o existente desde 2016 entre o [&hellip;]\" \/>\n<meta property=\"og:url\" content=\"https:\/\/diariodalagoa.pt\/es\/alraa-em-visita-a-comunidade-autonoma-da-galiza\/\" \/>\n<meta property=\"og:site_name\" content=\"Di\u00e1rio da Lagoa\" \/>\n<meta property=\"article:published_time\" content=\"2017-09-13T12:41:23+00:00\" \/>\n<meta property=\"og:image\" content=\"https:\/\/diariodalagoa.pt\/wp-content\/uploads\/2017\/09\/anapaulalaborinho-luisaferreira.jpg\" \/>\n\t<meta property=\"og:image:width\" content=\"720\" \/>\n\t<meta property=\"og:image:height\" content=\"380\" \/>\n\t<meta property=\"og:image:type\" content=\"image\/jpeg\" \/>\n<meta name=\"author\" content=\"Di\u00e1rio da Lagoa\" \/>\n<meta name=\"twitter:card\" content=\"summary_large_image\" \/>\n<meta name=\"twitter:label1\" content=\"Escrito por\" \/>\n\t<meta name=\"twitter:data1\" content=\"Di\u00e1rio da Lagoa\" \/>\n\t<meta name=\"twitter:label2\" content=\"Tiempo de lectura\" \/>\n\t<meta name=\"twitter:data2\" content=\"2 minutos\" \/>\n<script type=\"application\/ld+json\" class=\"yoast-schema-graph\">{\"@context\":\"https:\/\/schema.org\",\"@graph\":[{\"@type\":\"WebPage\",\"@id\":\"https:\/\/diariodalagoa.pt\/alraa-em-visita-a-comunidade-autonoma-da-galiza\/\",\"url\":\"https:\/\/diariodalagoa.pt\/alraa-em-visita-a-comunidade-autonoma-da-galiza\/\",\"name\":\"ALRAA em visita \u00e0 Comunidade Aut\u00f3noma da Galiza - Di\u00e1rio da Lagoa\",\"isPartOf\":{\"@id\":\"https:\/\/diariodalagoa.pt\/#website\"},\"datePublished\":\"2017-09-13T12:41:23+00:00\",\"dateModified\":\"2017-09-13T12:41:23+00:00\",\"author\":{\"@id\":\"https:\/\/diariodalagoa.pt\/#\/schema\/person\/1615a002370e8857b6f972834bc43ece\"},\"breadcrumb\":{\"@id\":\"https:\/\/diariodalagoa.pt\/alraa-em-visita-a-comunidade-autonoma-da-galiza\/#breadcrumb\"},\"inLanguage\":\"es\",\"potentialAction\":[{\"@type\":\"ReadAction\",\"target\":[\"https:\/\/diariodalagoa.pt\/alraa-em-visita-a-comunidade-autonoma-da-galiza\/\"]}]},{\"@type\":\"BreadcrumbList\",\"@id\":\"https:\/\/diariodalagoa.pt\/alraa-em-visita-a-comunidade-autonoma-da-galiza\/#breadcrumb\",\"itemListElement\":[{\"@type\":\"ListItem\",\"position\":1,\"name\":\"In\u00edcio\",\"item\":\"https:\/\/diariodalagoa.pt\/\"},{\"@type\":\"ListItem\",\"position\":2,\"name\":\"ALRAA em visita \u00e0 Comunidade Aut\u00f3noma da Galiza\"}]},{\"@type\":\"WebSite\",\"@id\":\"https:\/\/diariodalagoa.pt\/#website\",\"url\":\"https:\/\/diariodalagoa.pt\/\",\"name\":\"Di\u00e1rio da Lagoa\",\"description\":\"Di\u00e1rio da Lagoa. As not\u00edcias que contam. A partir da Lagoa, nos A\u00e7ores, para o mundo.\",\"potentialAction\":[{\"@type\":\"SearchAction\",\"target\":{\"@type\":\"EntryPoint\",\"urlTemplate\":\"https:\/\/diariodalagoa.pt\/?s={search_term_string}\"},\"query-input\":\"required name=search_term_string\"}],\"inLanguage\":\"es\"},{\"@type\":\"Person\",\"@id\":\"https:\/\/diariodalagoa.pt\/#\/schema\/person\/1615a002370e8857b6f972834bc43ece\",\"name\":\"Di\u00e1rio da Lagoa\",\"image\":{\"@type\":\"ImageObject\",\"inLanguage\":\"es\",\"@id\":\"https:\/\/diariodalagoa.pt\/#\/schema\/person\/image\/\",\"url\":\"https:\/\/secure.gravatar.com\/avatar\/2cb5cef90a26f8fbd4d9d930608102c5?s=96&d=mm&r=g\",\"contentUrl\":\"https:\/\/secure.gravatar.com\/avatar\/2cb5cef90a26f8fbd4d9d930608102c5?s=96&d=mm&r=g\",\"caption\":\"Di\u00e1rio da Lagoa\"},\"url\":\"https:\/\/diariodalagoa.pt\/es\/author\/diariodalagoa\/\"}]}<\/script>\n<!-- \/ Yoast SEO plugin. -->","yoast_head_json":{"title":"ALRAA em visita \u00e0 Comunidade Aut\u00f3noma da Galiza - Di\u00e1rio da Lagoa","robots":{"index":"index","follow":"follow","max-snippet":"max-snippet:-1","max-image-preview":"max-image-preview:large","max-video-preview":"max-video-preview:-1"},"canonical":"https:\/\/diariodalagoa.pt\/es\/alraa-em-visita-a-comunidade-autonoma-da-galiza\/","og_locale":"es_ES","og_type":"article","og_title":"ALRAA em visita \u00e0 Comunidade Aut\u00f3noma da Galiza - Di\u00e1rio da Lagoa","og_description":"A Presidente da Assembleia Legislativa, Ana Lu\u00eds, acompanhada pelos Vice-Presidentes Dion\u00edsio Faria e Maia e Lu\u00eds Garcia, e pelo Professor Urbano Bettencourt, Investigador do Centro de Estudos Human\u00edsticos da Universidade dos A\u00e7ores, inicia quinta-feira, dia 14 de setembro, uma visita \u00e0 Comunidade Aut\u00f3noma da Galiza, inserida no projeto de coopera\u00e7\u00e3o existente desde 2016 entre o [&hellip;]","og_url":"https:\/\/diariodalagoa.pt\/es\/alraa-em-visita-a-comunidade-autonoma-da-galiza\/","og_site_name":"Di\u00e1rio da Lagoa","article_published_time":"2017-09-13T12:41:23+00:00","og_image":[{"width":720,"height":380,"url":"https:\/\/diariodalagoa.pt\/wp-content\/uploads\/2017\/09\/anapaulalaborinho-luisaferreira.jpg","type":"image\/jpeg"}],"author":"Di\u00e1rio da Lagoa","twitter_card":"summary_large_image","twitter_misc":{"Escrito por":"Di\u00e1rio da Lagoa","Tiempo de lectura":"2 minutos"},"schema":{"@context":"https:\/\/schema.org","@graph":[{"@type":"WebPage","@id":"https:\/\/diariodalagoa.pt\/alraa-em-visita-a-comunidade-autonoma-da-galiza\/","url":"https:\/\/diariodalagoa.pt\/alraa-em-visita-a-comunidade-autonoma-da-galiza\/","name":"ALRAA em visita \u00e0 Comunidade Aut\u00f3noma da Galiza - Di\u00e1rio da Lagoa","isPartOf":{"@id":"https:\/\/diariodalagoa.pt\/#website"},"datePublished":"2017-09-13T12:41:23+00:00","dateModified":"2017-09-13T12:41:23+00:00","author":{"@id":"https:\/\/diariodalagoa.pt\/#\/schema\/person\/1615a002370e8857b6f972834bc43ece"},"breadcrumb":{"@id":"https:\/\/diariodalagoa.pt\/alraa-em-visita-a-comunidade-autonoma-da-galiza\/#breadcrumb"},"inLanguage":"es","potentialAction":[{"@type":"ReadAction","target":["https:\/\/diariodalagoa.pt\/alraa-em-visita-a-comunidade-autonoma-da-galiza\/"]}]},{"@type":"BreadcrumbList","@id":"https:\/\/diariodalagoa.pt\/alraa-em-visita-a-comunidade-autonoma-da-galiza\/#breadcrumb","itemListElement":[{"@type":"ListItem","position":1,"name":"In\u00edcio","item":"https:\/\/diariodalagoa.pt\/"},{"@type":"ListItem","position":2,"name":"ALRAA em visita \u00e0 Comunidade Aut\u00f3noma da Galiza"}]},{"@type":"WebSite","@id":"https:\/\/diariodalagoa.pt\/#website","url":"https:\/\/diariodalagoa.pt\/","name":"Di\u00e1rio da Lagoa","description":"Di\u00e1rio da Lagoa. As not\u00edcias que contam. A partir da Lagoa, nos A\u00e7ores, para o mundo.","potentialAction":[{"@type":"SearchAction","target":{"@type":"EntryPoint","urlTemplate":"https:\/\/diariodalagoa.pt\/?s={search_term_string}"},"query-input":"required name=search_term_string"}],"inLanguage":"es"},{"@type":"Person","@id":"https:\/\/diariodalagoa.pt\/#\/schema\/person\/1615a002370e8857b6f972834bc43ece","name":"Di\u00e1rio da Lagoa","image":{"@type":"ImageObject","inLanguage":"es","@id":"https:\/\/diariodalagoa.pt\/#\/schema\/person\/image\/","url":"https:\/\/secure.gravatar.com\/avatar\/2cb5cef90a26f8fbd4d9d930608102c5?s=96&d=mm&r=g","contentUrl":"https:\/\/secure.gravatar.com\/avatar\/2cb5cef90a26f8fbd4d9d930608102c5?s=96&d=mm&r=g","caption":"Di\u00e1rio da Lagoa"},"url":"https:\/\/diariodalagoa.pt\/es\/author\/diariodalagoa\/"}]}},"_links":{"self":[{"href":"https:\/\/diariodalagoa.pt\/es\/wp-json\/wp\/v2\/posts\/50640"}],"collection":[{"href":"https:\/\/diariodalagoa.pt\/es\/wp-json\/wp\/v2\/posts"}],"about":[{"href":"https:\/\/diariodalagoa.pt\/es\/wp-json\/wp\/v2\/types\/post"}],"author":[{"embeddable":true,"href":"https:\/\/diariodalagoa.pt\/es\/wp-json\/wp\/v2\/users\/2"}],"replies":[{"embeddable":true,"href":"https:\/\/diariodalagoa.pt\/es\/wp-json\/wp\/v2\/comments?post=50640"}],"version-history":[{"count":0,"href":"https:\/\/diariodalagoa.pt\/es\/wp-json\/wp\/v2\/posts\/50640\/revisions"}],"wp:featuredmedia":[{"embeddable":true,"href":"https:\/\/diariodalagoa.pt\/es\/wp-json\/wp\/v2\/media\/118590"}],"wp:attachment":[{"href":"https:\/\/diariodalagoa.pt\/es\/wp-json\/wp\/v2\/media?parent=50640"}],"wp:term":[{"taxonomy":"category","embeddable":true,"href":"https:\/\/diariodalagoa.pt\/es\/wp-json\/wp\/v2\/categories?post=50640"},{"taxonomy":"post_tag","embeddable":true,"href":"https:\/\/diariodalagoa.pt\/es\/wp-json\/wp\/v2\/tags?post=50640"}],"curies":[{"name":"wp","href":"https:\/\/api.w.org\/{rel}","templated":true}]}}