{"id":4554,"date":"2014-05-20T14:53:55","date_gmt":"2014-05-20T14:53:55","guid":{"rendered":"http:\/\/diariodalagoa.pt\/?p=4554"},"modified":"2025-06-10T22:44:07","modified_gmt":"2025-06-10T22:44:07","slug":"cefal-promoveu-sessao-teorico-pratica-de-apicultura","status":"publish","type":"post","link":"https:\/\/diariodalagoa.pt\/es\/cefal-promoveu-sessao-teorico-pratica-de-apicultura\/","title":{"rendered":"CEFAL promoveu sess\u00e3o te\u00f3rico-pr\u00e1tica de apicultura"},"content":{"rendered":"<p><a href=\"http:\/\/diariodalagoa.pt\/wp-content\/uploads\/2014\/05\/Apicultura-abelhas-mel-cefal.jpg\"><img decoding=\"async\" class=\"alignnone size-full wp-image-4555\" alt=\"Apicultura-abelhas-mel-cefal\" src=\"http:\/\/diariodalagoa.pt\/wp-content\/uploads\/2014\/05\/Apicultura-abelhas-mel-cefal.jpg\" width=\"720\" height=\"408\" \/><\/a><\/p>\n<p style=\"text-align: justify;\"><span style=\"color: #000000;\">O Centro de Educa\u00e7\u00e3o e Forma\u00e7\u00e3o Ambiental de Lagoa (CEFAL) acolheu no passado s\u00e1bado, 17 de maio, uma sess\u00e3o te\u00f3rico-pr\u00e1tica sobre a apicultura, dinamizada por Ant\u00f3nio Silveira, com a carga hor\u00e1ria de 7 horas.<\/span><\/p>\n<p style=\"text-align: justify;\"><span style=\"color: #000000;\">O per\u00edodo da manh\u00e3 foi dedicado \u00e0 vertente te\u00f3rica, com Ant\u00f3nio Silveira a fazer uma \u00a0breve introdu\u00e7\u00e3o hist\u00f3rica desta atividade, a organiza\u00e7\u00e3o da colmeia, os cuidados a ter no api\u00e1rio, as formas de criar e manter uma colmeia e as fun\u00e7\u00f5es das diferentes abelhas.<\/span><\/p>\n<p style=\"text-align: justify;\"><span style=\"color: #000000;\">Na segunda parte e atendendo ao tipo de forma\u00e7\u00e3o, os participantes visitaram uma colmeia num ambiente dom\u00e9stico, aplicaram as normas de seguran\u00e7a e assistiram em loco alguns dos conte\u00fados aprendidos na primeira fase. Foi ainda servido um ch\u00e1 com mel num ambiente familiar. Posteriormente presenciaram ao processo da cresta numa melaria da Quinta do Al\u00e9m, situada no Livramento.<\/span><\/p>\n<p style=\"text-align: justify;\"><span style=\"color: #000000;\">Ant\u00f3nio Silveira \u00e9 licenciado em Patrim\u00f3nio Cultural e dedica-se \u00e0 apicultura h\u00e1 mais de 6 anos.<\/span><\/p>\n<p style=\"text-align: justify;\"><span style=\"color: #000000;\">O CEFAL, gerido pela C\u00e2mara Municipal de Lagoa, tem apostado em acolher, promover e divulgar diversas atividades de \u00edndole ambiental, fomentando e incutindo conhecimentos e valores na popula\u00e7\u00e3o. De salientar que no pr\u00f3ximo m\u00eas o CEFAL j\u00e1 tem agendada a atividade que desenvolve anualmente, a limpeza da orla costeira e subaqu\u00e1tica, prevista para o dia 7 de junho.<\/span><\/p>\n<p style=\"text-align: justify;\"><span style=\"color: #000000;\"><em>DL\/CML<\/em><\/span><\/p>","protected":false},"excerpt":{"rendered":"<p>O Centro de Educa\u00e7\u00e3o e Forma\u00e7\u00e3o Ambiental de Lagoa (CEFAL) acolheu no passado s\u00e1bado, 17 de maio, uma sess\u00e3o te\u00f3rico-pr\u00e1tica sobre a apicultura, dinamizada por Ant\u00f3nio Silveira, com a carga hor\u00e1ria de 7 horas. O per\u00edodo da manh\u00e3 foi dedicado \u00e0 vertente te\u00f3rica, com Ant\u00f3nio Silveira a fazer uma \u00a0breve introdu\u00e7\u00e3o hist\u00f3rica desta atividade, a [&hellip;]<\/p>","protected":false},"author":2,"featured_media":113378,"comment_status":"open","ping_status":"open","sticky":false,"template":"","format":"standard","meta":[],"categories":[21],"tags":[],"acf":[],"yoast_head":"<!-- This site is optimized with the Yoast SEO plugin v20.10 - https:\/\/yoast.com\/wordpress\/plugins\/seo\/ -->\n<title>CEFAL promoveu sess\u00e3o te\u00f3rico-pr\u00e1tica de apicultura - Di\u00e1rio da Lagoa<\/title>\n<meta name=\"robots\" content=\"index, follow, max-snippet:-1, max-image-preview:large, max-video-preview:-1\" \/>\n<link rel=\"canonical\" href=\"https:\/\/diariodalagoa.pt\/es\/cefal-promoveu-sessao-teorico-pratica-de-apicultura\/\" \/>\n<meta property=\"og:locale\" content=\"es_ES\" \/>\n<meta property=\"og:type\" content=\"article\" \/>\n<meta property=\"og:title\" content=\"CEFAL promoveu sess\u00e3o te\u00f3rico-pr\u00e1tica de apicultura - Di\u00e1rio da Lagoa\" \/>\n<meta property=\"og:description\" content=\"O Centro de Educa\u00e7\u00e3o e Forma\u00e7\u00e3o Ambiental de Lagoa (CEFAL) acolheu no passado s\u00e1bado, 17 de maio, uma sess\u00e3o te\u00f3rico-pr\u00e1tica sobre a apicultura, dinamizada por Ant\u00f3nio Silveira, com a carga hor\u00e1ria de 7 horas. O per\u00edodo da manh\u00e3 foi dedicado \u00e0 vertente te\u00f3rica, com Ant\u00f3nio Silveira a fazer uma \u00a0breve introdu\u00e7\u00e3o hist\u00f3rica desta atividade, a [&hellip;]\" \/>\n<meta property=\"og:url\" content=\"https:\/\/diariodalagoa.pt\/es\/cefal-promoveu-sessao-teorico-pratica-de-apicultura\/\" \/>\n<meta property=\"og:site_name\" content=\"Di\u00e1rio da Lagoa\" \/>\n<meta property=\"article:published_time\" content=\"2014-05-20T14:53:55+00:00\" \/>\n<meta property=\"article:modified_time\" content=\"2025-06-10T22:44:07+00:00\" \/>\n<meta property=\"og:image\" content=\"https:\/\/diariodalagoa.pt\/wp-content\/uploads\/2014\/05\/apicultura-abelhas-mel-cefal.jpg\" \/>\n\t<meta property=\"og:image:width\" content=\"720\" \/>\n\t<meta property=\"og:image:height\" content=\"408\" \/>\n\t<meta property=\"og:image:type\" content=\"image\/jpeg\" \/>\n<meta name=\"author\" content=\"Di\u00e1rio da Lagoa\" \/>\n<meta name=\"twitter:card\" content=\"summary_large_image\" \/>\n<meta name=\"twitter:label1\" content=\"Escrito por\" \/>\n\t<meta name=\"twitter:data1\" content=\"Di\u00e1rio da Lagoa\" \/>\n\t<meta name=\"twitter:label2\" content=\"Tiempo de lectura\" \/>\n\t<meta name=\"twitter:data2\" content=\"1 minuto\" \/>\n<script type=\"application\/ld+json\" class=\"yoast-schema-graph\">{\"@context\":\"https:\/\/schema.org\",\"@graph\":[{\"@type\":\"WebPage\",\"@id\":\"https:\/\/diariodalagoa.pt\/cefal-promoveu-sessao-teorico-pratica-de-apicultura\/\",\"url\":\"https:\/\/diariodalagoa.pt\/cefal-promoveu-sessao-teorico-pratica-de-apicultura\/\",\"name\":\"CEFAL promoveu sess\u00e3o te\u00f3rico-pr\u00e1tica de apicultura - Di\u00e1rio da Lagoa\",\"isPartOf\":{\"@id\":\"https:\/\/diariodalagoa.pt\/#website\"},\"datePublished\":\"2014-05-20T14:53:55+00:00\",\"dateModified\":\"2025-06-10T22:44:07+00:00\",\"author\":{\"@id\":\"https:\/\/diariodalagoa.pt\/#\/schema\/person\/1615a002370e8857b6f972834bc43ece\"},\"breadcrumb\":{\"@id\":\"https:\/\/diariodalagoa.pt\/cefal-promoveu-sessao-teorico-pratica-de-apicultura\/#breadcrumb\"},\"inLanguage\":\"es\",\"potentialAction\":[{\"@type\":\"ReadAction\",\"target\":[\"https:\/\/diariodalagoa.pt\/cefal-promoveu-sessao-teorico-pratica-de-apicultura\/\"]}]},{\"@type\":\"BreadcrumbList\",\"@id\":\"https:\/\/diariodalagoa.pt\/cefal-promoveu-sessao-teorico-pratica-de-apicultura\/#breadcrumb\",\"itemListElement\":[{\"@type\":\"ListItem\",\"position\":1,\"name\":\"In\u00edcio\",\"item\":\"https:\/\/diariodalagoa.pt\/\"},{\"@type\":\"ListItem\",\"position\":2,\"name\":\"CEFAL promoveu sess\u00e3o te\u00f3rico-pr\u00e1tica de apicultura\"}]},{\"@type\":\"WebSite\",\"@id\":\"https:\/\/diariodalagoa.pt\/#website\",\"url\":\"https:\/\/diariodalagoa.pt\/\",\"name\":\"Di\u00e1rio da Lagoa\",\"description\":\"Di\u00e1rio da Lagoa. As not\u00edcias que contam. A partir da Lagoa, nos A\u00e7ores, para o mundo.\",\"potentialAction\":[{\"@type\":\"SearchAction\",\"target\":{\"@type\":\"EntryPoint\",\"urlTemplate\":\"https:\/\/diariodalagoa.pt\/?s={search_term_string}\"},\"query-input\":\"required name=search_term_string\"}],\"inLanguage\":\"es\"},{\"@type\":\"Person\",\"@id\":\"https:\/\/diariodalagoa.pt\/#\/schema\/person\/1615a002370e8857b6f972834bc43ece\",\"name\":\"Di\u00e1rio da Lagoa\",\"image\":{\"@type\":\"ImageObject\",\"inLanguage\":\"es\",\"@id\":\"https:\/\/diariodalagoa.pt\/#\/schema\/person\/image\/\",\"url\":\"https:\/\/secure.gravatar.com\/avatar\/2cb5cef90a26f8fbd4d9d930608102c5?s=96&d=mm&r=g\",\"contentUrl\":\"https:\/\/secure.gravatar.com\/avatar\/2cb5cef90a26f8fbd4d9d930608102c5?s=96&d=mm&r=g\",\"caption\":\"Di\u00e1rio da Lagoa\"},\"url\":\"https:\/\/diariodalagoa.pt\/es\/author\/diariodalagoa\/\"}]}<\/script>\n<!-- \/ Yoast SEO plugin. -->","yoast_head_json":{"title":"CEFAL promoveu sess\u00e3o te\u00f3rico-pr\u00e1tica de apicultura - Di\u00e1rio da Lagoa","robots":{"index":"index","follow":"follow","max-snippet":"max-snippet:-1","max-image-preview":"max-image-preview:large","max-video-preview":"max-video-preview:-1"},"canonical":"https:\/\/diariodalagoa.pt\/es\/cefal-promoveu-sessao-teorico-pratica-de-apicultura\/","og_locale":"es_ES","og_type":"article","og_title":"CEFAL promoveu sess\u00e3o te\u00f3rico-pr\u00e1tica de apicultura - Di\u00e1rio da Lagoa","og_description":"O Centro de Educa\u00e7\u00e3o e Forma\u00e7\u00e3o Ambiental de Lagoa (CEFAL) acolheu no passado s\u00e1bado, 17 de maio, uma sess\u00e3o te\u00f3rico-pr\u00e1tica sobre a apicultura, dinamizada por Ant\u00f3nio Silveira, com a carga hor\u00e1ria de 7 horas. O per\u00edodo da manh\u00e3 foi dedicado \u00e0 vertente te\u00f3rica, com Ant\u00f3nio Silveira a fazer uma \u00a0breve introdu\u00e7\u00e3o hist\u00f3rica desta atividade, a [&hellip;]","og_url":"https:\/\/diariodalagoa.pt\/es\/cefal-promoveu-sessao-teorico-pratica-de-apicultura\/","og_site_name":"Di\u00e1rio da Lagoa","article_published_time":"2014-05-20T14:53:55+00:00","article_modified_time":"2025-06-10T22:44:07+00:00","og_image":[{"width":720,"height":408,"url":"https:\/\/diariodalagoa.pt\/wp-content\/uploads\/2014\/05\/apicultura-abelhas-mel-cefal.jpg","type":"image\/jpeg"}],"author":"Di\u00e1rio da Lagoa","twitter_card":"summary_large_image","twitter_misc":{"Escrito por":"Di\u00e1rio da Lagoa","Tiempo de lectura":"1 minuto"},"schema":{"@context":"https:\/\/schema.org","@graph":[{"@type":"WebPage","@id":"https:\/\/diariodalagoa.pt\/cefal-promoveu-sessao-teorico-pratica-de-apicultura\/","url":"https:\/\/diariodalagoa.pt\/cefal-promoveu-sessao-teorico-pratica-de-apicultura\/","name":"CEFAL promoveu sess\u00e3o te\u00f3rico-pr\u00e1tica de apicultura - Di\u00e1rio da Lagoa","isPartOf":{"@id":"https:\/\/diariodalagoa.pt\/#website"},"datePublished":"2014-05-20T14:53:55+00:00","dateModified":"2025-06-10T22:44:07+00:00","author":{"@id":"https:\/\/diariodalagoa.pt\/#\/schema\/person\/1615a002370e8857b6f972834bc43ece"},"breadcrumb":{"@id":"https:\/\/diariodalagoa.pt\/cefal-promoveu-sessao-teorico-pratica-de-apicultura\/#breadcrumb"},"inLanguage":"es","potentialAction":[{"@type":"ReadAction","target":["https:\/\/diariodalagoa.pt\/cefal-promoveu-sessao-teorico-pratica-de-apicultura\/"]}]},{"@type":"BreadcrumbList","@id":"https:\/\/diariodalagoa.pt\/cefal-promoveu-sessao-teorico-pratica-de-apicultura\/#breadcrumb","itemListElement":[{"@type":"ListItem","position":1,"name":"In\u00edcio","item":"https:\/\/diariodalagoa.pt\/"},{"@type":"ListItem","position":2,"name":"CEFAL promoveu sess\u00e3o te\u00f3rico-pr\u00e1tica de apicultura"}]},{"@type":"WebSite","@id":"https:\/\/diariodalagoa.pt\/#website","url":"https:\/\/diariodalagoa.pt\/","name":"Di\u00e1rio da Lagoa","description":"Di\u00e1rio da Lagoa. As not\u00edcias que contam. A partir da Lagoa, nos A\u00e7ores, para o mundo.","potentialAction":[{"@type":"SearchAction","target":{"@type":"EntryPoint","urlTemplate":"https:\/\/diariodalagoa.pt\/?s={search_term_string}"},"query-input":"required name=search_term_string"}],"inLanguage":"es"},{"@type":"Person","@id":"https:\/\/diariodalagoa.pt\/#\/schema\/person\/1615a002370e8857b6f972834bc43ece","name":"Di\u00e1rio da Lagoa","image":{"@type":"ImageObject","inLanguage":"es","@id":"https:\/\/diariodalagoa.pt\/#\/schema\/person\/image\/","url":"https:\/\/secure.gravatar.com\/avatar\/2cb5cef90a26f8fbd4d9d930608102c5?s=96&d=mm&r=g","contentUrl":"https:\/\/secure.gravatar.com\/avatar\/2cb5cef90a26f8fbd4d9d930608102c5?s=96&d=mm&r=g","caption":"Di\u00e1rio da Lagoa"},"url":"https:\/\/diariodalagoa.pt\/es\/author\/diariodalagoa\/"}]}},"_links":{"self":[{"href":"https:\/\/diariodalagoa.pt\/es\/wp-json\/wp\/v2\/posts\/4554"}],"collection":[{"href":"https:\/\/diariodalagoa.pt\/es\/wp-json\/wp\/v2\/posts"}],"about":[{"href":"https:\/\/diariodalagoa.pt\/es\/wp-json\/wp\/v2\/types\/post"}],"author":[{"embeddable":true,"href":"https:\/\/diariodalagoa.pt\/es\/wp-json\/wp\/v2\/users\/2"}],"replies":[{"embeddable":true,"href":"https:\/\/diariodalagoa.pt\/es\/wp-json\/wp\/v2\/comments?post=4554"}],"version-history":[{"count":1,"href":"https:\/\/diariodalagoa.pt\/es\/wp-json\/wp\/v2\/posts\/4554\/revisions"}],"predecessor-version":[{"id":152811,"href":"https:\/\/diariodalagoa.pt\/es\/wp-json\/wp\/v2\/posts\/4554\/revisions\/152811"}],"wp:featuredmedia":[{"embeddable":true,"href":"https:\/\/diariodalagoa.pt\/es\/wp-json\/wp\/v2\/media\/113378"}],"wp:attachment":[{"href":"https:\/\/diariodalagoa.pt\/es\/wp-json\/wp\/v2\/media?parent=4554"}],"wp:term":[{"taxonomy":"category","embeddable":true,"href":"https:\/\/diariodalagoa.pt\/es\/wp-json\/wp\/v2\/categories?post=4554"},{"taxonomy":"post_tag","embeddable":true,"href":"https:\/\/diariodalagoa.pt\/es\/wp-json\/wp\/v2\/tags?post=4554"}],"curies":[{"name":"wp","href":"https:\/\/api.w.org\/{rel}","templated":true}]}}