{"id":4547,"date":"2014-05-20T13:15:20","date_gmt":"2014-05-20T14:15:20","guid":{"rendered":"http:\/\/diariodalagoa.pt\/?p=4547"},"modified":"2014-05-20T13:15:20","modified_gmt":"2014-05-20T14:15:20","slug":"governo-dos-acores-entrega-novas-viaturas-a-psp-e-gnr","status":"publish","type":"post","link":"https:\/\/diariodalagoa.pt\/es\/governo-dos-acores-entrega-novas-viaturas-a-psp-e-gnr\/","title":{"rendered":"Governo dos A\u00e7ores entrega novas viaturas \u00e0 PSP e GNR"},"content":{"rendered":"<p style=\"text-align: justify;\"><a href=\"http:\/\/diariodalagoa.pt\/wp-content\/uploads\/2014\/05\/PSP-GNR-viaturas-novas-entrega-governo.jpg\"><img decoding=\"async\" class=\"alignnone size-full wp-image-4548\" alt=\"PSP-GNR-viaturas-novas-entrega-governo\" src=\"http:\/\/diariodalagoa.pt\/wp-content\/uploads\/2014\/05\/PSP-GNR-viaturas-novas-entrega-governo.jpg\" width=\"720\" height=\"380\" \/><\/a><\/p>\n<p style=\"text-align: justify;\"><span style=\"color: #000000;\">O Secret\u00e1rio Regional do Turismo e Transportes entregou, numa cerim\u00f3nia realizada em Ponta Delgada, novas viaturas \u00e0 Pol\u00edcia de Seguran\u00e7a P\u00fablica e \u00e0 Guarda Nacional Republicana, num investimento global superior a 238 mil euros.\u00a0<\/span><\/p>\n<p style=\"text-align: justify;\"><span style=\"color: #000000;\">V\u00edtor Fraga, que representou o Presidente do Governo nesta cerim\u00f3nia, salientou que, \u201csem nunca esquecer que a responsabilidade de financiamento das for\u00e7as de seguran\u00e7a \u00e9 do Estado Portugu\u00eas\u201d, \u00e9 necess\u00e1rio que estas for\u00e7as \u201ctenham ao seu dispor os meios dispon\u00edveis para continuar a defender os interesses das A\u00e7orianas e dos A\u00e7orianos em mat\u00e9ria de seguran\u00e7a, bem-estar e, por isso mesmo, de qualidade de vida\u201d.\u00a0<\/span><\/p>\n<p style=\"text-align: justify;\"><span style=\"color: #000000;\">Na cerim\u00f3nia foram entregues \u00e0 PSP e \u00e0 GNR duas viaturas de transporte para Equipas de Interven\u00e7\u00e3o R\u00e1pida (EIR), um furg\u00e3o, duas viaturas de transporte de pessoal, uma Moto 4 com atrelado e ainda duas viaturas ligeiras de passageiros.\u00a0<\/span><\/p>\n<p style=\"text-align: justify;\"><span style=\"color: #000000;\">Em dezembro, o Governo Regional j\u00e1 tinha cedido 14 viaturas \u00e0s for\u00e7as de seguran\u00e7a nos A\u00e7ores, al\u00e9m de diversos equipamentos inform\u00e1ticos, tendo os investimentos s\u00f3 para a PSP, atrav\u00e9s de diversos protocolos estabelecidos entre 2012 e 2013, totalizado 987 mil euros, dos quais 550 mil atrav\u00e9s do Fundo Regional para os Transportes Terrestres.\u00a0<\/span><\/p>\n<p style=\"text-align: justify;\"><span style=\"color: #000000;\">Na sua interven\u00e7\u00e3o, salientou que este tipo de apoio \u201ctem por base o sentido de servi\u00e7o p\u00fablico e esp\u00edrito de miss\u00e3o que as for\u00e7as de seguran\u00e7a nos A\u00e7ores t\u00eam revelado p\u00f4r ao servi\u00e7o desta terra e do seu povo, garantindo a sua prote\u00e7\u00e3o, mesmo em circunst\u00e2ncias menos satisfat\u00f3rias, como a precaridade de meios humanos e materiais\u201d.\u00a0<\/span><\/p>\n<p style=\"text-align: justify;\"><span style=\"color: #000000;\">O Secret\u00e1rio Regional lembrou ainda a firme aposta que a Regi\u00e3o tem vindo a realizar na \u00e1rea da seguran\u00e7a rodovi\u00e1ria, onde ambiciona chegar a valores de refer\u00eancia a n\u00edvel europeu.\u00a0<\/span><\/p>\n<p style=\"text-align: justify;\"><span style=\"color: #000000;\"><span style=\"line-height: 1.5em;\">O titular da pasta dos Transportes sublinhou ainda que, para melhorar a seguran\u00e7a, \u00e9 necess\u00e1rio proporcionar os meios necess\u00e1rios \u201ce \u00e9 tamb\u00e9m por isso que o Governo dos A\u00e7ores se predisp\u00f4s, desde sempre, a apoiar as for\u00e7as de seguran\u00e7a que trabalham neste arquip\u00e9lago\u201d.<\/span>\u00a0<\/span><\/p>\n<p style=\"text-align: justify;\"><span style=\"color: #000000;\">V\u00edtor Fraga real\u00e7ou, por outro lado, que a seguran\u00e7a \u201d\u00e9 tamb\u00e9m uma preocupa\u00e7\u00e3o dos turistas quando escolhem os destinos de f\u00e9rias\u201d, defendendo a import\u00e2ncia de \u201ccontinuar a anunciar os A\u00e7ores como destino seguro, onde \u00e9 poss\u00edvel passar f\u00e9rias em fam\u00edlia, sem correr riscos desnecess\u00e1rios\u201d.<\/span><\/p>\n<p style=\"text-align: justify;\"><span style=\"color: #000000;\"><em>DL\/GaCS<\/em><\/span><\/p>","protected":false},"excerpt":{"rendered":"<p>O Secret\u00e1rio Regional do Turismo e Transportes entregou, numa cerim\u00f3nia realizada em Ponta Delgada, novas viaturas \u00e0 Pol\u00edcia de Seguran\u00e7a P\u00fablica e \u00e0 Guarda Nacional Republicana, num investimento global superior a 238 mil euros.\u00a0 V\u00edtor Fraga, que representou o Presidente do Governo nesta cerim\u00f3nia, salientou que, \u201csem nunca esquecer que a responsabilidade de financiamento das [&hellip;]<\/p>","protected":false},"author":2,"featured_media":122020,"comment_status":"open","ping_status":"open","sticky":false,"template":"","format":"standard","meta":[],"categories":[21],"tags":[],"acf":[],"yoast_head":"<!-- This site is optimized with the Yoast SEO plugin v20.10 - https:\/\/yoast.com\/wordpress\/plugins\/seo\/ -->\n<title>Governo dos A\u00e7ores entrega novas viaturas \u00e0 PSP e GNR - Di\u00e1rio da Lagoa<\/title>\n<meta name=\"robots\" content=\"index, follow, max-snippet:-1, max-image-preview:large, max-video-preview:-1\" \/>\n<link rel=\"canonical\" href=\"https:\/\/diariodalagoa.pt\/es\/governo-dos-acores-entrega-novas-viaturas-a-psp-e-gnr\/\" \/>\n<meta property=\"og:locale\" content=\"es_ES\" \/>\n<meta property=\"og:type\" content=\"article\" \/>\n<meta property=\"og:title\" content=\"Governo dos A\u00e7ores entrega novas viaturas \u00e0 PSP e GNR - Di\u00e1rio da Lagoa\" \/>\n<meta property=\"og:description\" content=\"O Secret\u00e1rio Regional do Turismo e Transportes entregou, numa cerim\u00f3nia realizada em Ponta Delgada, novas viaturas \u00e0 Pol\u00edcia de Seguran\u00e7a P\u00fablica e \u00e0 Guarda Nacional Republicana, num investimento global superior a 238 mil euros.\u00a0 V\u00edtor Fraga, que representou o Presidente do Governo nesta cerim\u00f3nia, salientou que, \u201csem nunca esquecer que a responsabilidade de financiamento das [&hellip;]\" \/>\n<meta property=\"og:url\" content=\"https:\/\/diariodalagoa.pt\/es\/governo-dos-acores-entrega-novas-viaturas-a-psp-e-gnr\/\" \/>\n<meta property=\"og:site_name\" content=\"Di\u00e1rio da Lagoa\" \/>\n<meta property=\"article:published_time\" content=\"2014-05-20T14:15:20+00:00\" \/>\n<meta property=\"og:image\" content=\"https:\/\/diariodalagoa.pt\/wp-content\/uploads\/2014\/05\/psp-gnr-viaturas-novas-entrega-governo.jpg\" \/>\n\t<meta property=\"og:image:width\" content=\"720\" \/>\n\t<meta property=\"og:image:height\" content=\"380\" \/>\n\t<meta property=\"og:image:type\" content=\"image\/jpeg\" \/>\n<meta name=\"author\" content=\"Di\u00e1rio da Lagoa\" \/>\n<meta name=\"twitter:card\" content=\"summary_large_image\" \/>\n<meta name=\"twitter:label1\" content=\"Escrito por\" \/>\n\t<meta name=\"twitter:data1\" content=\"Di\u00e1rio da Lagoa\" \/>\n\t<meta name=\"twitter:label2\" content=\"Tiempo de lectura\" \/>\n\t<meta name=\"twitter:data2\" content=\"2 minutos\" \/>\n<script type=\"application\/ld+json\" class=\"yoast-schema-graph\">{\"@context\":\"https:\/\/schema.org\",\"@graph\":[{\"@type\":\"WebPage\",\"@id\":\"https:\/\/diariodalagoa.pt\/governo-dos-acores-entrega-novas-viaturas-a-psp-e-gnr\/\",\"url\":\"https:\/\/diariodalagoa.pt\/governo-dos-acores-entrega-novas-viaturas-a-psp-e-gnr\/\",\"name\":\"Governo dos A\u00e7ores entrega novas viaturas \u00e0 PSP e GNR - Di\u00e1rio da Lagoa\",\"isPartOf\":{\"@id\":\"https:\/\/diariodalagoa.pt\/#website\"},\"datePublished\":\"2014-05-20T14:15:20+00:00\",\"dateModified\":\"2014-05-20T14:15:20+00:00\",\"author\":{\"@id\":\"https:\/\/diariodalagoa.pt\/#\/schema\/person\/1615a002370e8857b6f972834bc43ece\"},\"breadcrumb\":{\"@id\":\"https:\/\/diariodalagoa.pt\/governo-dos-acores-entrega-novas-viaturas-a-psp-e-gnr\/#breadcrumb\"},\"inLanguage\":\"es\",\"potentialAction\":[{\"@type\":\"ReadAction\",\"target\":[\"https:\/\/diariodalagoa.pt\/governo-dos-acores-entrega-novas-viaturas-a-psp-e-gnr\/\"]}]},{\"@type\":\"BreadcrumbList\",\"@id\":\"https:\/\/diariodalagoa.pt\/governo-dos-acores-entrega-novas-viaturas-a-psp-e-gnr\/#breadcrumb\",\"itemListElement\":[{\"@type\":\"ListItem\",\"position\":1,\"name\":\"In\u00edcio\",\"item\":\"https:\/\/diariodalagoa.pt\/\"},{\"@type\":\"ListItem\",\"position\":2,\"name\":\"Governo dos A\u00e7ores entrega novas viaturas \u00e0 PSP e GNR\"}]},{\"@type\":\"WebSite\",\"@id\":\"https:\/\/diariodalagoa.pt\/#website\",\"url\":\"https:\/\/diariodalagoa.pt\/\",\"name\":\"Di\u00e1rio da Lagoa\",\"description\":\"Di\u00e1rio da Lagoa. As not\u00edcias que contam. A partir da Lagoa, nos A\u00e7ores, para o mundo.\",\"potentialAction\":[{\"@type\":\"SearchAction\",\"target\":{\"@type\":\"EntryPoint\",\"urlTemplate\":\"https:\/\/diariodalagoa.pt\/?s={search_term_string}\"},\"query-input\":\"required name=search_term_string\"}],\"inLanguage\":\"es\"},{\"@type\":\"Person\",\"@id\":\"https:\/\/diariodalagoa.pt\/#\/schema\/person\/1615a002370e8857b6f972834bc43ece\",\"name\":\"Di\u00e1rio da Lagoa\",\"image\":{\"@type\":\"ImageObject\",\"inLanguage\":\"es\",\"@id\":\"https:\/\/diariodalagoa.pt\/#\/schema\/person\/image\/\",\"url\":\"https:\/\/secure.gravatar.com\/avatar\/2cb5cef90a26f8fbd4d9d930608102c5?s=96&d=mm&r=g\",\"contentUrl\":\"https:\/\/secure.gravatar.com\/avatar\/2cb5cef90a26f8fbd4d9d930608102c5?s=96&d=mm&r=g\",\"caption\":\"Di\u00e1rio da Lagoa\"},\"url\":\"https:\/\/diariodalagoa.pt\/es\/author\/diariodalagoa\/\"}]}<\/script>\n<!-- \/ Yoast SEO plugin. -->","yoast_head_json":{"title":"Governo dos A\u00e7ores entrega novas viaturas \u00e0 PSP e GNR - Di\u00e1rio da Lagoa","robots":{"index":"index","follow":"follow","max-snippet":"max-snippet:-1","max-image-preview":"max-image-preview:large","max-video-preview":"max-video-preview:-1"},"canonical":"https:\/\/diariodalagoa.pt\/es\/governo-dos-acores-entrega-novas-viaturas-a-psp-e-gnr\/","og_locale":"es_ES","og_type":"article","og_title":"Governo dos A\u00e7ores entrega novas viaturas \u00e0 PSP e GNR - Di\u00e1rio da Lagoa","og_description":"O Secret\u00e1rio Regional do Turismo e Transportes entregou, numa cerim\u00f3nia realizada em Ponta Delgada, novas viaturas \u00e0 Pol\u00edcia de Seguran\u00e7a P\u00fablica e \u00e0 Guarda Nacional Republicana, num investimento global superior a 238 mil euros.\u00a0 V\u00edtor Fraga, que representou o Presidente do Governo nesta cerim\u00f3nia, salientou que, \u201csem nunca esquecer que a responsabilidade de financiamento das [&hellip;]","og_url":"https:\/\/diariodalagoa.pt\/es\/governo-dos-acores-entrega-novas-viaturas-a-psp-e-gnr\/","og_site_name":"Di\u00e1rio da Lagoa","article_published_time":"2014-05-20T14:15:20+00:00","og_image":[{"width":720,"height":380,"url":"https:\/\/diariodalagoa.pt\/wp-content\/uploads\/2014\/05\/psp-gnr-viaturas-novas-entrega-governo.jpg","type":"image\/jpeg"}],"author":"Di\u00e1rio da Lagoa","twitter_card":"summary_large_image","twitter_misc":{"Escrito por":"Di\u00e1rio da Lagoa","Tiempo de lectura":"2 minutos"},"schema":{"@context":"https:\/\/schema.org","@graph":[{"@type":"WebPage","@id":"https:\/\/diariodalagoa.pt\/governo-dos-acores-entrega-novas-viaturas-a-psp-e-gnr\/","url":"https:\/\/diariodalagoa.pt\/governo-dos-acores-entrega-novas-viaturas-a-psp-e-gnr\/","name":"Governo dos A\u00e7ores entrega novas viaturas \u00e0 PSP e GNR - Di\u00e1rio da Lagoa","isPartOf":{"@id":"https:\/\/diariodalagoa.pt\/#website"},"datePublished":"2014-05-20T14:15:20+00:00","dateModified":"2014-05-20T14:15:20+00:00","author":{"@id":"https:\/\/diariodalagoa.pt\/#\/schema\/person\/1615a002370e8857b6f972834bc43ece"},"breadcrumb":{"@id":"https:\/\/diariodalagoa.pt\/governo-dos-acores-entrega-novas-viaturas-a-psp-e-gnr\/#breadcrumb"},"inLanguage":"es","potentialAction":[{"@type":"ReadAction","target":["https:\/\/diariodalagoa.pt\/governo-dos-acores-entrega-novas-viaturas-a-psp-e-gnr\/"]}]},{"@type":"BreadcrumbList","@id":"https:\/\/diariodalagoa.pt\/governo-dos-acores-entrega-novas-viaturas-a-psp-e-gnr\/#breadcrumb","itemListElement":[{"@type":"ListItem","position":1,"name":"In\u00edcio","item":"https:\/\/diariodalagoa.pt\/"},{"@type":"ListItem","position":2,"name":"Governo dos A\u00e7ores entrega novas viaturas \u00e0 PSP e GNR"}]},{"@type":"WebSite","@id":"https:\/\/diariodalagoa.pt\/#website","url":"https:\/\/diariodalagoa.pt\/","name":"Di\u00e1rio da Lagoa","description":"Di\u00e1rio da Lagoa. As not\u00edcias que contam. A partir da Lagoa, nos A\u00e7ores, para o mundo.","potentialAction":[{"@type":"SearchAction","target":{"@type":"EntryPoint","urlTemplate":"https:\/\/diariodalagoa.pt\/?s={search_term_string}"},"query-input":"required name=search_term_string"}],"inLanguage":"es"},{"@type":"Person","@id":"https:\/\/diariodalagoa.pt\/#\/schema\/person\/1615a002370e8857b6f972834bc43ece","name":"Di\u00e1rio da Lagoa","image":{"@type":"ImageObject","inLanguage":"es","@id":"https:\/\/diariodalagoa.pt\/#\/schema\/person\/image\/","url":"https:\/\/secure.gravatar.com\/avatar\/2cb5cef90a26f8fbd4d9d930608102c5?s=96&d=mm&r=g","contentUrl":"https:\/\/secure.gravatar.com\/avatar\/2cb5cef90a26f8fbd4d9d930608102c5?s=96&d=mm&r=g","caption":"Di\u00e1rio da Lagoa"},"url":"https:\/\/diariodalagoa.pt\/es\/author\/diariodalagoa\/"}]}},"_links":{"self":[{"href":"https:\/\/diariodalagoa.pt\/es\/wp-json\/wp\/v2\/posts\/4547"}],"collection":[{"href":"https:\/\/diariodalagoa.pt\/es\/wp-json\/wp\/v2\/posts"}],"about":[{"href":"https:\/\/diariodalagoa.pt\/es\/wp-json\/wp\/v2\/types\/post"}],"author":[{"embeddable":true,"href":"https:\/\/diariodalagoa.pt\/es\/wp-json\/wp\/v2\/users\/2"}],"replies":[{"embeddable":true,"href":"https:\/\/diariodalagoa.pt\/es\/wp-json\/wp\/v2\/comments?post=4547"}],"version-history":[{"count":0,"href":"https:\/\/diariodalagoa.pt\/es\/wp-json\/wp\/v2\/posts\/4547\/revisions"}],"wp:featuredmedia":[{"embeddable":true,"href":"https:\/\/diariodalagoa.pt\/es\/wp-json\/wp\/v2\/media\/122020"}],"wp:attachment":[{"href":"https:\/\/diariodalagoa.pt\/es\/wp-json\/wp\/v2\/media?parent=4547"}],"wp:term":[{"taxonomy":"category","embeddable":true,"href":"https:\/\/diariodalagoa.pt\/es\/wp-json\/wp\/v2\/categories?post=4547"},{"taxonomy":"post_tag","embeddable":true,"href":"https:\/\/diariodalagoa.pt\/es\/wp-json\/wp\/v2\/tags?post=4547"}],"curies":[{"name":"wp","href":"https:\/\/api.w.org\/{rel}","templated":true}]}}