{"id":4467,"date":"2014-05-15T20:28:48","date_gmt":"2014-05-15T20:28:48","guid":{"rendered":"http:\/\/diariodalagoa.pt\/?p=4467"},"modified":"2025-06-10T22:42:03","modified_gmt":"2025-06-10T22:42:03","slug":"autarquia-da-lagoa-pretende-homologacao-do-trilho-pedestre-janela-do-inferno","status":"publish","type":"post","link":"https:\/\/diariodalagoa.pt\/es\/autarquia-da-lagoa-pretende-homologacao-do-trilho-pedestre-janela-do-inferno\/","title":{"rendered":"Autarquia da Lagoa pretende homologa\u00e7\u00e3o do trilho pedestre \u201c Janela do Inferno\u201d"},"content":{"rendered":"<p style=\"text-align: justify;\"><span style=\"color: #000000;\"><a href=\"http:\/\/diariodalagoa.pt\/wp-content\/uploads\/2014\/05\/Trilho-pedreste-Lagoa.jpg\"><img decoding=\"async\" class=\"alignnone size-full wp-image-4468\" alt=\"Trilho-pedreste-Lagoa\" src=\"http:\/\/diariodalagoa.pt\/wp-content\/uploads\/2014\/05\/Trilho-pedreste-Lagoa.jpg\" width=\"720\" height=\"378\" \/><\/a><br \/>\n<\/span><\/p>\n<p style=\"text-align: justify;\"><span style=\"color: #000000;\">A C\u00e2mara Municipal de Lagoa apresentou uma candidatura \u00e0 acredita\u00e7\u00e3o do trilho pedestre \u201cJanela do Inferno\u201d, que se encontra inserido na Rota da \u00c1gua.<\/span><\/p>\n<p style=\"text-align: justify;\"><span style=\"color: #000000;\">Com vista a obter um percurso pedestre classificado e no \u00e2mbito do desenvolvimento tur\u00edstico do concelho, a C\u00e2mara Municipal de Lagoa decidiu apostar numa clara e eficiente manuten\u00e7\u00e3o e dinamiza\u00e7\u00e3o para certificar os trilhos pedestres do concelho. Neste sentido, Jo\u00e3o Ponte, presidente do munic\u00edpio, refere \u201cser prop\u00f3sito deste executivo camar\u00e1rio homologar alguns trilhos como forma de atrair mais visitantes ao concelho, como \u00e9 o caso do trilho pedestre \u201cA Janela do Inferno\u201d.<\/span><\/p>\n<p style=\"text-align: justify;\"><span style=\"color: #000000;\">Situado no lugar dos Rem\u00e9dios, na freguesia de Santa de Cruz, o trilho pedestre da \u201cJanela do Inferno\u201d compreende uma extens\u00e3o de 7,82 Km, num percurso que tem a dura\u00e7\u00e3o de aproximadamente 3h30. Ao longo de quase todo o percurso existem diversificadas edifica\u00e7\u00f5es de condutas de \u00e1gua para o abastecimento da popula\u00e7\u00e3o e a vista \u00e9 privilegiada, podendo vislumbrar-se tanto o concelho de Lagoa, como o de Ponta Delgada, para al\u00e9m da vista panor\u00e2mica do Pico da Barrosa.<\/span><\/p>\n<p style=\"text-align: justify;\"><span style=\"color: #000000;\">\u00a0O trilho em causa \u00e9 de terra batida, tem in\u00edcio no parque de merendas dos Rem\u00e9dios e desenvolve-se pela estrada dos Romeiros, que sobe em dire\u00e7\u00e3o \u00e0 Lagoa do Fogo. Este \u00e9 constitu\u00eddo por antigos aquedutos que servem de passagem em forma de t\u00fanel. \u00c9 de salientar que estes aquedutos, no passado, serviam a antiga F\u00e1brica do \u00c1lcool da Lagoa e atualmente servem de abastecimento p\u00fablico \u00e0 popula\u00e7\u00e3o do concelho.<\/span><\/p>\n<p style=\"text-align: justify;\"><span style=\"color: #000000;\">A denomina\u00e7\u00e3o deste trilho justifica-se pelo facto de, no encontro de uma parede traqu\u00edtica vertical, rica em nascentes e com diversas estruturas de capta\u00e7\u00e3o de \u00e1gua ser poss\u00edvel observar uma cavidade, criada pelo poder da \u00e1gua, que ficou popularmente conhecida por \u201cJanela do Inferno\u201d.<\/span><\/p>\n<p style=\"text-align: justify;\"><span style=\"color: #000000;\">Para a autarquia lagoense, o Turismo continua a ser um setor estruturante e fundamental para o desenvolvimento da atividade econ\u00f3mica local, visto que, cada vez mais os turistas que visitam os A\u00e7ores praticam pedestrianismo, bem como os pr\u00f3prios residentes no arquip\u00e9lago que, cada vez mais praticam este tipo de atividades.\u00a0<\/span><\/p>\n<p style=\"text-align: justify;\"><span style=\"color: #000000;\"><em>DL<\/em><\/span><\/p>","protected":false},"excerpt":{"rendered":"<p>A C\u00e2mara Municipal de Lagoa apresentou uma candidatura \u00e0 acredita\u00e7\u00e3o do trilho pedestre \u201cJanela do Inferno\u201d, que se encontra inserido na Rota da \u00c1gua. Com vista a obter um percurso pedestre classificado e no \u00e2mbito do desenvolvimento tur\u00edstico do concelho, a C\u00e2mara Municipal de Lagoa decidiu apostar numa clara e eficiente manuten\u00e7\u00e3o e dinamiza\u00e7\u00e3o para [&hellip;]<\/p>","protected":false},"author":2,"featured_media":113381,"comment_status":"open","ping_status":"open","sticky":false,"template":"","format":"standard","meta":[],"categories":[21],"tags":[],"acf":[],"yoast_head":"<!-- This site is optimized with the Yoast SEO plugin v20.10 - https:\/\/yoast.com\/wordpress\/plugins\/seo\/ -->\n<title>Autarquia da Lagoa pretende homologa\u00e7\u00e3o do trilho pedestre \u201c Janela do Inferno\u201d - Di\u00e1rio da Lagoa<\/title>\n<meta name=\"robots\" content=\"index, follow, max-snippet:-1, max-image-preview:large, max-video-preview:-1\" \/>\n<link rel=\"canonical\" href=\"https:\/\/diariodalagoa.pt\/es\/autarquia-da-lagoa-pretende-homologacao-do-trilho-pedestre-janela-do-inferno\/\" \/>\n<meta property=\"og:locale\" content=\"es_ES\" \/>\n<meta property=\"og:type\" content=\"article\" \/>\n<meta property=\"og:title\" content=\"Autarquia da Lagoa pretende homologa\u00e7\u00e3o do trilho pedestre \u201c Janela do Inferno\u201d - Di\u00e1rio da Lagoa\" \/>\n<meta property=\"og:description\" content=\"A C\u00e2mara Municipal de Lagoa apresentou uma candidatura \u00e0 acredita\u00e7\u00e3o do trilho pedestre \u201cJanela do Inferno\u201d, que se encontra inserido na Rota da \u00c1gua. Com vista a obter um percurso pedestre classificado e no \u00e2mbito do desenvolvimento tur\u00edstico do concelho, a C\u00e2mara Municipal de Lagoa decidiu apostar numa clara e eficiente manuten\u00e7\u00e3o e dinamiza\u00e7\u00e3o para [&hellip;]\" \/>\n<meta property=\"og:url\" content=\"https:\/\/diariodalagoa.pt\/es\/autarquia-da-lagoa-pretende-homologacao-do-trilho-pedestre-janela-do-inferno\/\" \/>\n<meta property=\"og:site_name\" content=\"Di\u00e1rio da Lagoa\" \/>\n<meta property=\"article:published_time\" content=\"2014-05-15T20:28:48+00:00\" \/>\n<meta property=\"article:modified_time\" content=\"2025-06-10T22:42:03+00:00\" \/>\n<meta property=\"og:image\" content=\"https:\/\/diariodalagoa.pt\/wp-content\/uploads\/2014\/05\/trilho-pedreste-lagoa.jpg\" \/>\n\t<meta property=\"og:image:width\" content=\"720\" \/>\n\t<meta property=\"og:image:height\" content=\"378\" \/>\n\t<meta property=\"og:image:type\" content=\"image\/jpeg\" \/>\n<meta name=\"author\" content=\"Di\u00e1rio da Lagoa\" \/>\n<meta name=\"twitter:card\" content=\"summary_large_image\" \/>\n<meta name=\"twitter:label1\" content=\"Escrito por\" \/>\n\t<meta name=\"twitter:data1\" content=\"Di\u00e1rio da Lagoa\" \/>\n\t<meta name=\"twitter:label2\" content=\"Tiempo de lectura\" \/>\n\t<meta name=\"twitter:data2\" content=\"2 minutos\" \/>\n<script type=\"application\/ld+json\" class=\"yoast-schema-graph\">{\"@context\":\"https:\/\/schema.org\",\"@graph\":[{\"@type\":\"WebPage\",\"@id\":\"https:\/\/diariodalagoa.pt\/autarquia-da-lagoa-pretende-homologacao-do-trilho-pedestre-janela-do-inferno\/\",\"url\":\"https:\/\/diariodalagoa.pt\/autarquia-da-lagoa-pretende-homologacao-do-trilho-pedestre-janela-do-inferno\/\",\"name\":\"Autarquia da Lagoa pretende homologa\u00e7\u00e3o do trilho pedestre \u201c Janela do Inferno\u201d - Di\u00e1rio da Lagoa\",\"isPartOf\":{\"@id\":\"https:\/\/diariodalagoa.pt\/#website\"},\"datePublished\":\"2014-05-15T20:28:48+00:00\",\"dateModified\":\"2025-06-10T22:42:03+00:00\",\"author\":{\"@id\":\"https:\/\/diariodalagoa.pt\/#\/schema\/person\/1615a002370e8857b6f972834bc43ece\"},\"breadcrumb\":{\"@id\":\"https:\/\/diariodalagoa.pt\/autarquia-da-lagoa-pretende-homologacao-do-trilho-pedestre-janela-do-inferno\/#breadcrumb\"},\"inLanguage\":\"es\",\"potentialAction\":[{\"@type\":\"ReadAction\",\"target\":[\"https:\/\/diariodalagoa.pt\/autarquia-da-lagoa-pretende-homologacao-do-trilho-pedestre-janela-do-inferno\/\"]}]},{\"@type\":\"BreadcrumbList\",\"@id\":\"https:\/\/diariodalagoa.pt\/autarquia-da-lagoa-pretende-homologacao-do-trilho-pedestre-janela-do-inferno\/#breadcrumb\",\"itemListElement\":[{\"@type\":\"ListItem\",\"position\":1,\"name\":\"In\u00edcio\",\"item\":\"https:\/\/diariodalagoa.pt\/\"},{\"@type\":\"ListItem\",\"position\":2,\"name\":\"Autarquia da Lagoa pretende homologa\u00e7\u00e3o do trilho pedestre \u201c Janela do Inferno\u201d\"}]},{\"@type\":\"WebSite\",\"@id\":\"https:\/\/diariodalagoa.pt\/#website\",\"url\":\"https:\/\/diariodalagoa.pt\/\",\"name\":\"Di\u00e1rio da Lagoa\",\"description\":\"Di\u00e1rio da Lagoa. As not\u00edcias que contam. A partir da Lagoa, nos A\u00e7ores, para o mundo.\",\"potentialAction\":[{\"@type\":\"SearchAction\",\"target\":{\"@type\":\"EntryPoint\",\"urlTemplate\":\"https:\/\/diariodalagoa.pt\/?s={search_term_string}\"},\"query-input\":\"required name=search_term_string\"}],\"inLanguage\":\"es\"},{\"@type\":\"Person\",\"@id\":\"https:\/\/diariodalagoa.pt\/#\/schema\/person\/1615a002370e8857b6f972834bc43ece\",\"name\":\"Di\u00e1rio da Lagoa\",\"image\":{\"@type\":\"ImageObject\",\"inLanguage\":\"es\",\"@id\":\"https:\/\/diariodalagoa.pt\/#\/schema\/person\/image\/\",\"url\":\"https:\/\/secure.gravatar.com\/avatar\/2cb5cef90a26f8fbd4d9d930608102c5?s=96&d=mm&r=g\",\"contentUrl\":\"https:\/\/secure.gravatar.com\/avatar\/2cb5cef90a26f8fbd4d9d930608102c5?s=96&d=mm&r=g\",\"caption\":\"Di\u00e1rio da Lagoa\"},\"url\":\"https:\/\/diariodalagoa.pt\/es\/author\/diariodalagoa\/\"}]}<\/script>\n<!-- \/ Yoast SEO plugin. -->","yoast_head_json":{"title":"Autarquia da Lagoa pretende homologa\u00e7\u00e3o do trilho pedestre \u201c Janela do Inferno\u201d - Di\u00e1rio da Lagoa","robots":{"index":"index","follow":"follow","max-snippet":"max-snippet:-1","max-image-preview":"max-image-preview:large","max-video-preview":"max-video-preview:-1"},"canonical":"https:\/\/diariodalagoa.pt\/es\/autarquia-da-lagoa-pretende-homologacao-do-trilho-pedestre-janela-do-inferno\/","og_locale":"es_ES","og_type":"article","og_title":"Autarquia da Lagoa pretende homologa\u00e7\u00e3o do trilho pedestre \u201c Janela do Inferno\u201d - Di\u00e1rio da Lagoa","og_description":"A C\u00e2mara Municipal de Lagoa apresentou uma candidatura \u00e0 acredita\u00e7\u00e3o do trilho pedestre \u201cJanela do Inferno\u201d, que se encontra inserido na Rota da \u00c1gua. Com vista a obter um percurso pedestre classificado e no \u00e2mbito do desenvolvimento tur\u00edstico do concelho, a C\u00e2mara Municipal de Lagoa decidiu apostar numa clara e eficiente manuten\u00e7\u00e3o e dinamiza\u00e7\u00e3o para [&hellip;]","og_url":"https:\/\/diariodalagoa.pt\/es\/autarquia-da-lagoa-pretende-homologacao-do-trilho-pedestre-janela-do-inferno\/","og_site_name":"Di\u00e1rio da Lagoa","article_published_time":"2014-05-15T20:28:48+00:00","article_modified_time":"2025-06-10T22:42:03+00:00","og_image":[{"width":720,"height":378,"url":"https:\/\/diariodalagoa.pt\/wp-content\/uploads\/2014\/05\/trilho-pedreste-lagoa.jpg","type":"image\/jpeg"}],"author":"Di\u00e1rio da Lagoa","twitter_card":"summary_large_image","twitter_misc":{"Escrito por":"Di\u00e1rio da Lagoa","Tiempo de lectura":"2 minutos"},"schema":{"@context":"https:\/\/schema.org","@graph":[{"@type":"WebPage","@id":"https:\/\/diariodalagoa.pt\/autarquia-da-lagoa-pretende-homologacao-do-trilho-pedestre-janela-do-inferno\/","url":"https:\/\/diariodalagoa.pt\/autarquia-da-lagoa-pretende-homologacao-do-trilho-pedestre-janela-do-inferno\/","name":"Autarquia da Lagoa pretende homologa\u00e7\u00e3o do trilho pedestre \u201c Janela do Inferno\u201d - Di\u00e1rio da Lagoa","isPartOf":{"@id":"https:\/\/diariodalagoa.pt\/#website"},"datePublished":"2014-05-15T20:28:48+00:00","dateModified":"2025-06-10T22:42:03+00:00","author":{"@id":"https:\/\/diariodalagoa.pt\/#\/schema\/person\/1615a002370e8857b6f972834bc43ece"},"breadcrumb":{"@id":"https:\/\/diariodalagoa.pt\/autarquia-da-lagoa-pretende-homologacao-do-trilho-pedestre-janela-do-inferno\/#breadcrumb"},"inLanguage":"es","potentialAction":[{"@type":"ReadAction","target":["https:\/\/diariodalagoa.pt\/autarquia-da-lagoa-pretende-homologacao-do-trilho-pedestre-janela-do-inferno\/"]}]},{"@type":"BreadcrumbList","@id":"https:\/\/diariodalagoa.pt\/autarquia-da-lagoa-pretende-homologacao-do-trilho-pedestre-janela-do-inferno\/#breadcrumb","itemListElement":[{"@type":"ListItem","position":1,"name":"In\u00edcio","item":"https:\/\/diariodalagoa.pt\/"},{"@type":"ListItem","position":2,"name":"Autarquia da Lagoa pretende homologa\u00e7\u00e3o do trilho pedestre \u201c Janela do Inferno\u201d"}]},{"@type":"WebSite","@id":"https:\/\/diariodalagoa.pt\/#website","url":"https:\/\/diariodalagoa.pt\/","name":"Di\u00e1rio da Lagoa","description":"Di\u00e1rio da Lagoa. As not\u00edcias que contam. A partir da Lagoa, nos A\u00e7ores, para o mundo.","potentialAction":[{"@type":"SearchAction","target":{"@type":"EntryPoint","urlTemplate":"https:\/\/diariodalagoa.pt\/?s={search_term_string}"},"query-input":"required name=search_term_string"}],"inLanguage":"es"},{"@type":"Person","@id":"https:\/\/diariodalagoa.pt\/#\/schema\/person\/1615a002370e8857b6f972834bc43ece","name":"Di\u00e1rio da Lagoa","image":{"@type":"ImageObject","inLanguage":"es","@id":"https:\/\/diariodalagoa.pt\/#\/schema\/person\/image\/","url":"https:\/\/secure.gravatar.com\/avatar\/2cb5cef90a26f8fbd4d9d930608102c5?s=96&d=mm&r=g","contentUrl":"https:\/\/secure.gravatar.com\/avatar\/2cb5cef90a26f8fbd4d9d930608102c5?s=96&d=mm&r=g","caption":"Di\u00e1rio da Lagoa"},"url":"https:\/\/diariodalagoa.pt\/es\/author\/diariodalagoa\/"}]}},"_links":{"self":[{"href":"https:\/\/diariodalagoa.pt\/es\/wp-json\/wp\/v2\/posts\/4467"}],"collection":[{"href":"https:\/\/diariodalagoa.pt\/es\/wp-json\/wp\/v2\/posts"}],"about":[{"href":"https:\/\/diariodalagoa.pt\/es\/wp-json\/wp\/v2\/types\/post"}],"author":[{"embeddable":true,"href":"https:\/\/diariodalagoa.pt\/es\/wp-json\/wp\/v2\/users\/2"}],"replies":[{"embeddable":true,"href":"https:\/\/diariodalagoa.pt\/es\/wp-json\/wp\/v2\/comments?post=4467"}],"version-history":[{"count":1,"href":"https:\/\/diariodalagoa.pt\/es\/wp-json\/wp\/v2\/posts\/4467\/revisions"}],"predecessor-version":[{"id":152795,"href":"https:\/\/diariodalagoa.pt\/es\/wp-json\/wp\/v2\/posts\/4467\/revisions\/152795"}],"wp:featuredmedia":[{"embeddable":true,"href":"https:\/\/diariodalagoa.pt\/es\/wp-json\/wp\/v2\/media\/113381"}],"wp:attachment":[{"href":"https:\/\/diariodalagoa.pt\/es\/wp-json\/wp\/v2\/media?parent=4467"}],"wp:term":[{"taxonomy":"category","embeddable":true,"href":"https:\/\/diariodalagoa.pt\/es\/wp-json\/wp\/v2\/categories?post=4467"},{"taxonomy":"post_tag","embeddable":true,"href":"https:\/\/diariodalagoa.pt\/es\/wp-json\/wp\/v2\/tags?post=4467"}],"curies":[{"name":"wp","href":"https:\/\/api.w.org\/{rel}","templated":true}]}}