{"id":3947,"date":"2014-04-30T13:08:24","date_gmt":"2014-04-30T14:08:24","guid":{"rendered":"http:\/\/diariodalagoa.pt\/?p=3947"},"modified":"2014-04-30T13:08:24","modified_gmt":"2014-04-30T14:08:24","slug":"discurso-nacional-sobre-o-mar-deve-ter-em-atencao-a-importancia-dos-acores-defende-presidente-do-governo","status":"publish","type":"post","link":"https:\/\/diariodalagoa.pt\/es\/discurso-nacional-sobre-o-mar-deve-ter-em-atencao-a-importancia-dos-acores-defende-presidente-do-governo\/","title":{"rendered":"Discurso nacional sobre o Mar deve ter em aten\u00e7\u00e3o a import\u00e2ncia dos A\u00e7ores, defende Presidente do Governo"},"content":{"rendered":"<p style=\"text-align: justify;\"><a href=\"http:\/\/diariodalagoa.pt\/wp-content\/uploads\/2014\/04\/Vasco-Cordeiro-Audiencia-Mar-marinha.jpg\"><img decoding=\"async\" class=\"alignnone size-full wp-image-3948\" alt=\"Vasco-Cordeiro-Audiencia-Mar-marinha\" src=\"http:\/\/diariodalagoa.pt\/wp-content\/uploads\/2014\/04\/Vasco-Cordeiro-Audiencia-Mar-marinha.jpg\" width=\"720\" height=\"380\" \/><\/a><\/p>\n<p style=\"text-align: justify;\"><span style=\"color: #000000;\">O Presidente do Governo defendeu que o discurso nacional sobre o des\u00edgnio estrat\u00e9gico de aproveitamento do potencial do Mar deve ter em aten\u00e7\u00e3o a import\u00e2ncia dos A\u00e7ores neste dom\u00ednio, arquip\u00e9lago que garante a dimens\u00e3o atl\u00e2ntica a Portugal.\u00a0<\/span><\/p>\n<p style=\"text-align: justify;\"><span style=\"color: #000000;\">O Presidente do Governo Regional falava depois de ter recebido, em audi\u00eancia, o Chefe de Estado-Maior da Armada, Almirante Macieira Fragoso, a quem manifestou o reconhecimento pelo trabalho que as For\u00e7as Armadas e, no caso concreto, a Marinha, desenvolvem no arquip\u00e9lago.\u00a0<\/span><\/p>\n<p style=\"text-align: justify;\"><span style=\"color: #000000;\">Vasco Cordeiro salientou que\u00a0a aprecia\u00e7\u00e3o positiva que o Governo faz deste trabalho \u00e9 aferida, n\u00e3o em fun\u00e7\u00e3o da dota\u00e7\u00e3o ideal de meios, mas em fun\u00e7\u00e3o daquilo que a Marinha faz com seu esfor\u00e7o e com os meios que tem ao seu dispor.\u00a0<\/span><\/p>\n<p style=\"text-align: justify;\"><span style=\"color: #000000;\"><em>DL\/GaCS<\/em><\/span><\/p>","protected":false},"excerpt":{"rendered":"<p>O Presidente do Governo defendeu que o discurso nacional sobre o des\u00edgnio estrat\u00e9gico de aproveitamento do potencial do Mar deve ter em aten\u00e7\u00e3o a import\u00e2ncia dos A\u00e7ores neste dom\u00ednio, arquip\u00e9lago que garante a dimens\u00e3o atl\u00e2ntica a Portugal.\u00a0 O Presidente do Governo Regional falava depois de ter recebido, em audi\u00eancia, o Chefe de Estado-Maior da Armada, [&hellip;]<\/p>","protected":false},"author":2,"featured_media":122040,"comment_status":"open","ping_status":"open","sticky":false,"template":"","format":"standard","meta":[],"categories":[21],"tags":[],"acf":[],"yoast_head":"<!-- This site is optimized with the Yoast SEO plugin v20.10 - https:\/\/yoast.com\/wordpress\/plugins\/seo\/ -->\n<title>Discurso nacional sobre o Mar deve ter em aten\u00e7\u00e3o a import\u00e2ncia dos A\u00e7ores, defende Presidente do Governo - Di\u00e1rio da Lagoa<\/title>\n<meta name=\"robots\" content=\"index, follow, max-snippet:-1, max-image-preview:large, max-video-preview:-1\" \/>\n<link rel=\"canonical\" href=\"https:\/\/diariodalagoa.pt\/es\/discurso-nacional-sobre-o-mar-deve-ter-em-atencao-a-importancia-dos-acores-defende-presidente-do-governo\/\" \/>\n<meta property=\"og:locale\" content=\"es_ES\" \/>\n<meta property=\"og:type\" content=\"article\" \/>\n<meta property=\"og:title\" content=\"Discurso nacional sobre o Mar deve ter em aten\u00e7\u00e3o a import\u00e2ncia dos A\u00e7ores, defende Presidente do Governo - Di\u00e1rio da Lagoa\" \/>\n<meta property=\"og:description\" content=\"O Presidente do Governo defendeu que o discurso nacional sobre o des\u00edgnio estrat\u00e9gico de aproveitamento do potencial do Mar deve ter em aten\u00e7\u00e3o a import\u00e2ncia dos A\u00e7ores neste dom\u00ednio, arquip\u00e9lago que garante a dimens\u00e3o atl\u00e2ntica a Portugal.\u00a0 O Presidente do Governo Regional falava depois de ter recebido, em audi\u00eancia, o Chefe de Estado-Maior da Armada, [&hellip;]\" \/>\n<meta property=\"og:url\" content=\"https:\/\/diariodalagoa.pt\/es\/discurso-nacional-sobre-o-mar-deve-ter-em-atencao-a-importancia-dos-acores-defende-presidente-do-governo\/\" \/>\n<meta property=\"og:site_name\" content=\"Di\u00e1rio da Lagoa\" \/>\n<meta property=\"article:published_time\" content=\"2014-04-30T14:08:24+00:00\" \/>\n<meta property=\"og:image\" content=\"https:\/\/diariodalagoa.pt\/wp-content\/uploads\/2014\/04\/vasco-cordeiro-audiencia-mar-marinha.jpg\" \/>\n\t<meta property=\"og:image:width\" content=\"720\" \/>\n\t<meta property=\"og:image:height\" content=\"380\" \/>\n\t<meta property=\"og:image:type\" content=\"image\/jpeg\" \/>\n<meta name=\"author\" content=\"Di\u00e1rio da Lagoa\" \/>\n<meta name=\"twitter:card\" content=\"summary_large_image\" \/>\n<meta name=\"twitter:label1\" content=\"Escrito por\" \/>\n\t<meta name=\"twitter:data1\" content=\"Di\u00e1rio da Lagoa\" \/>\n\t<meta name=\"twitter:label2\" content=\"Tiempo de lectura\" \/>\n\t<meta name=\"twitter:data2\" content=\"1 minuto\" \/>\n<script type=\"application\/ld+json\" class=\"yoast-schema-graph\">{\"@context\":\"https:\/\/schema.org\",\"@graph\":[{\"@type\":\"WebPage\",\"@id\":\"https:\/\/diariodalagoa.pt\/discurso-nacional-sobre-o-mar-deve-ter-em-atencao-a-importancia-dos-acores-defende-presidente-do-governo\/\",\"url\":\"https:\/\/diariodalagoa.pt\/discurso-nacional-sobre-o-mar-deve-ter-em-atencao-a-importancia-dos-acores-defende-presidente-do-governo\/\",\"name\":\"Discurso nacional sobre o Mar deve ter em aten\u00e7\u00e3o a import\u00e2ncia dos A\u00e7ores, defende Presidente do Governo - Di\u00e1rio da Lagoa\",\"isPartOf\":{\"@id\":\"https:\/\/diariodalagoa.pt\/#website\"},\"datePublished\":\"2014-04-30T14:08:24+00:00\",\"dateModified\":\"2014-04-30T14:08:24+00:00\",\"author\":{\"@id\":\"https:\/\/diariodalagoa.pt\/#\/schema\/person\/1615a002370e8857b6f972834bc43ece\"},\"breadcrumb\":{\"@id\":\"https:\/\/diariodalagoa.pt\/discurso-nacional-sobre-o-mar-deve-ter-em-atencao-a-importancia-dos-acores-defende-presidente-do-governo\/#breadcrumb\"},\"inLanguage\":\"es\",\"potentialAction\":[{\"@type\":\"ReadAction\",\"target\":[\"https:\/\/diariodalagoa.pt\/discurso-nacional-sobre-o-mar-deve-ter-em-atencao-a-importancia-dos-acores-defende-presidente-do-governo\/\"]}]},{\"@type\":\"BreadcrumbList\",\"@id\":\"https:\/\/diariodalagoa.pt\/discurso-nacional-sobre-o-mar-deve-ter-em-atencao-a-importancia-dos-acores-defende-presidente-do-governo\/#breadcrumb\",\"itemListElement\":[{\"@type\":\"ListItem\",\"position\":1,\"name\":\"In\u00edcio\",\"item\":\"https:\/\/diariodalagoa.pt\/\"},{\"@type\":\"ListItem\",\"position\":2,\"name\":\"Discurso nacional sobre o Mar deve ter em aten\u00e7\u00e3o a import\u00e2ncia dos A\u00e7ores, defende Presidente do Governo\"}]},{\"@type\":\"WebSite\",\"@id\":\"https:\/\/diariodalagoa.pt\/#website\",\"url\":\"https:\/\/diariodalagoa.pt\/\",\"name\":\"Di\u00e1rio da Lagoa\",\"description\":\"Di\u00e1rio da Lagoa. As not\u00edcias que contam. A partir da Lagoa, nos A\u00e7ores, para o mundo.\",\"potentialAction\":[{\"@type\":\"SearchAction\",\"target\":{\"@type\":\"EntryPoint\",\"urlTemplate\":\"https:\/\/diariodalagoa.pt\/?s={search_term_string}\"},\"query-input\":\"required name=search_term_string\"}],\"inLanguage\":\"es\"},{\"@type\":\"Person\",\"@id\":\"https:\/\/diariodalagoa.pt\/#\/schema\/person\/1615a002370e8857b6f972834bc43ece\",\"name\":\"Di\u00e1rio da Lagoa\",\"image\":{\"@type\":\"ImageObject\",\"inLanguage\":\"es\",\"@id\":\"https:\/\/diariodalagoa.pt\/#\/schema\/person\/image\/\",\"url\":\"https:\/\/secure.gravatar.com\/avatar\/2cb5cef90a26f8fbd4d9d930608102c5?s=96&d=mm&r=g\",\"contentUrl\":\"https:\/\/secure.gravatar.com\/avatar\/2cb5cef90a26f8fbd4d9d930608102c5?s=96&d=mm&r=g\",\"caption\":\"Di\u00e1rio da Lagoa\"},\"url\":\"https:\/\/diariodalagoa.pt\/es\/author\/diariodalagoa\/\"}]}<\/script>\n<!-- \/ Yoast SEO plugin. -->","yoast_head_json":{"title":"Discurso nacional sobre o Mar deve ter em aten\u00e7\u00e3o a import\u00e2ncia dos A\u00e7ores, defende Presidente do Governo - Di\u00e1rio da Lagoa","robots":{"index":"index","follow":"follow","max-snippet":"max-snippet:-1","max-image-preview":"max-image-preview:large","max-video-preview":"max-video-preview:-1"},"canonical":"https:\/\/diariodalagoa.pt\/es\/discurso-nacional-sobre-o-mar-deve-ter-em-atencao-a-importancia-dos-acores-defende-presidente-do-governo\/","og_locale":"es_ES","og_type":"article","og_title":"Discurso nacional sobre o Mar deve ter em aten\u00e7\u00e3o a import\u00e2ncia dos A\u00e7ores, defende Presidente do Governo - Di\u00e1rio da Lagoa","og_description":"O Presidente do Governo defendeu que o discurso nacional sobre o des\u00edgnio estrat\u00e9gico de aproveitamento do potencial do Mar deve ter em aten\u00e7\u00e3o a import\u00e2ncia dos A\u00e7ores neste dom\u00ednio, arquip\u00e9lago que garante a dimens\u00e3o atl\u00e2ntica a Portugal.\u00a0 O Presidente do Governo Regional falava depois de ter recebido, em audi\u00eancia, o Chefe de Estado-Maior da Armada, [&hellip;]","og_url":"https:\/\/diariodalagoa.pt\/es\/discurso-nacional-sobre-o-mar-deve-ter-em-atencao-a-importancia-dos-acores-defende-presidente-do-governo\/","og_site_name":"Di\u00e1rio da Lagoa","article_published_time":"2014-04-30T14:08:24+00:00","og_image":[{"width":720,"height":380,"url":"https:\/\/diariodalagoa.pt\/wp-content\/uploads\/2014\/04\/vasco-cordeiro-audiencia-mar-marinha.jpg","type":"image\/jpeg"}],"author":"Di\u00e1rio da Lagoa","twitter_card":"summary_large_image","twitter_misc":{"Escrito por":"Di\u00e1rio da Lagoa","Tiempo de lectura":"1 minuto"},"schema":{"@context":"https:\/\/schema.org","@graph":[{"@type":"WebPage","@id":"https:\/\/diariodalagoa.pt\/discurso-nacional-sobre-o-mar-deve-ter-em-atencao-a-importancia-dos-acores-defende-presidente-do-governo\/","url":"https:\/\/diariodalagoa.pt\/discurso-nacional-sobre-o-mar-deve-ter-em-atencao-a-importancia-dos-acores-defende-presidente-do-governo\/","name":"Discurso nacional sobre o Mar deve ter em aten\u00e7\u00e3o a import\u00e2ncia dos A\u00e7ores, defende Presidente do Governo - Di\u00e1rio da Lagoa","isPartOf":{"@id":"https:\/\/diariodalagoa.pt\/#website"},"datePublished":"2014-04-30T14:08:24+00:00","dateModified":"2014-04-30T14:08:24+00:00","author":{"@id":"https:\/\/diariodalagoa.pt\/#\/schema\/person\/1615a002370e8857b6f972834bc43ece"},"breadcrumb":{"@id":"https:\/\/diariodalagoa.pt\/discurso-nacional-sobre-o-mar-deve-ter-em-atencao-a-importancia-dos-acores-defende-presidente-do-governo\/#breadcrumb"},"inLanguage":"es","potentialAction":[{"@type":"ReadAction","target":["https:\/\/diariodalagoa.pt\/discurso-nacional-sobre-o-mar-deve-ter-em-atencao-a-importancia-dos-acores-defende-presidente-do-governo\/"]}]},{"@type":"BreadcrumbList","@id":"https:\/\/diariodalagoa.pt\/discurso-nacional-sobre-o-mar-deve-ter-em-atencao-a-importancia-dos-acores-defende-presidente-do-governo\/#breadcrumb","itemListElement":[{"@type":"ListItem","position":1,"name":"In\u00edcio","item":"https:\/\/diariodalagoa.pt\/"},{"@type":"ListItem","position":2,"name":"Discurso nacional sobre o Mar deve ter em aten\u00e7\u00e3o a import\u00e2ncia dos A\u00e7ores, defende Presidente do Governo"}]},{"@type":"WebSite","@id":"https:\/\/diariodalagoa.pt\/#website","url":"https:\/\/diariodalagoa.pt\/","name":"Di\u00e1rio da Lagoa","description":"Di\u00e1rio da Lagoa. As not\u00edcias que contam. A partir da Lagoa, nos A\u00e7ores, para o mundo.","potentialAction":[{"@type":"SearchAction","target":{"@type":"EntryPoint","urlTemplate":"https:\/\/diariodalagoa.pt\/?s={search_term_string}"},"query-input":"required name=search_term_string"}],"inLanguage":"es"},{"@type":"Person","@id":"https:\/\/diariodalagoa.pt\/#\/schema\/person\/1615a002370e8857b6f972834bc43ece","name":"Di\u00e1rio da Lagoa","image":{"@type":"ImageObject","inLanguage":"es","@id":"https:\/\/diariodalagoa.pt\/#\/schema\/person\/image\/","url":"https:\/\/secure.gravatar.com\/avatar\/2cb5cef90a26f8fbd4d9d930608102c5?s=96&d=mm&r=g","contentUrl":"https:\/\/secure.gravatar.com\/avatar\/2cb5cef90a26f8fbd4d9d930608102c5?s=96&d=mm&r=g","caption":"Di\u00e1rio da Lagoa"},"url":"https:\/\/diariodalagoa.pt\/es\/author\/diariodalagoa\/"}]}},"_links":{"self":[{"href":"https:\/\/diariodalagoa.pt\/es\/wp-json\/wp\/v2\/posts\/3947"}],"collection":[{"href":"https:\/\/diariodalagoa.pt\/es\/wp-json\/wp\/v2\/posts"}],"about":[{"href":"https:\/\/diariodalagoa.pt\/es\/wp-json\/wp\/v2\/types\/post"}],"author":[{"embeddable":true,"href":"https:\/\/diariodalagoa.pt\/es\/wp-json\/wp\/v2\/users\/2"}],"replies":[{"embeddable":true,"href":"https:\/\/diariodalagoa.pt\/es\/wp-json\/wp\/v2\/comments?post=3947"}],"version-history":[{"count":0,"href":"https:\/\/diariodalagoa.pt\/es\/wp-json\/wp\/v2\/posts\/3947\/revisions"}],"wp:featuredmedia":[{"embeddable":true,"href":"https:\/\/diariodalagoa.pt\/es\/wp-json\/wp\/v2\/media\/122040"}],"wp:attachment":[{"href":"https:\/\/diariodalagoa.pt\/es\/wp-json\/wp\/v2\/media?parent=3947"}],"wp:term":[{"taxonomy":"category","embeddable":true,"href":"https:\/\/diariodalagoa.pt\/es\/wp-json\/wp\/v2\/categories?post=3947"},{"taxonomy":"post_tag","embeddable":true,"href":"https:\/\/diariodalagoa.pt\/es\/wp-json\/wp\/v2\/tags?post=3947"}],"curies":[{"name":"wp","href":"https:\/\/api.w.org\/{rel}","templated":true}]}}