{"id":31087,"date":"2016-04-26T10:07:48","date_gmt":"2016-04-26T10:07:48","guid":{"rendered":"http:\/\/diariodalagoa.pt\/?p=31087"},"modified":"2025-06-20T23:28:27","modified_gmt":"2025-06-20T23:28:27","slug":"palestra-sobre-canto-da-maia-num-encontro-intergeracional-na-lagoa","status":"publish","type":"post","link":"https:\/\/diariodalagoa.pt\/es\/palestra-sobre-canto-da-maia-num-encontro-intergeracional-na-lagoa\/","title":{"rendered":"Palestra sobre Canto da Maia num encontro intergeracional na Lagoa"},"content":{"rendered":"<p style=\"text-align: justify;\"><img decoding=\"async\" class=\"alignnone size-full wp-image-31088\" src=\"http:\/\/diariodalagoa.pt\/wp-content\/uploads\/2016\/04\/Palestra-Canto-da-Maia.jpg\" alt=\"Palestra Canto da Maia\" width=\"720\" height=\"380\" \/><\/p>\n<p style=\"text-align: justify;\"><span style=\"color: #000000;\">A Biblioteca Municipal Tomaz Borba Vieira acolheu uma palestra dedicada \u00e0s artes, intitulada \u201c\u00c0 conversa sobre Canto da Maia: o homem e a obra\u201d, tendo sido ministrada pelo Museu Carlos Machado.<\/span><\/p>\n<p style=\"text-align: justify;\"><span style=\"color: #000000;\">Inserida no programa da VIII Feira do Livro \u201cDas artes ao artesanato contempor\u00e2neo\u201d, a decorrer no Convento dos Franciscanos at\u00e9 7 de maio, esta iniciativa reuniu uma turma do 9\u00ba ano de escolaridade da Escola B\u00e1sica Integrada de \u00c1gua de Pau e os grupos de idosos dos Centros de Dia da Atalhada e do Cabouco.<\/span><\/p>\n<p style=\"text-align: justify;\"><span style=\"color: #000000;\">Maria Emanuel Albergaria, t\u00e9cnica do museu, dividiu a sua apresenta\u00e7\u00e3o em tr\u00eas momentos da vida de Canto da Maia: primeiros anos \u2013 de 1890 a 1919, de 1920 a 1939 e de 1940 a 1955. Come\u00e7ou por apresentar os aspetos biogr\u00e1ficos do escultor a\u00e7oriano nascido em S\u00e3o Miguel em 1890. Pertencendo a uma fam\u00edlia privilegiada, desde muito cedo a m\u00e3e incentivou-o a desenvolver a sua criatividade. <\/span><\/p>\n<p style=\"text-align: justify;\"><span style=\"color: #000000;\">Terminou o Liceu em 1907 e estudou Belas Artes em Lisboa, Paris e Genebra. Ao longo da vida, Canto da Maia conviveu com outras figuras a\u00e7orianas ilustres do panorama das artes, como Emanuel C\u00f4rtes-Rodrigues, Domingos Reb\u00ealo, entre outros. <\/span><\/p>\n<p style=\"text-align: justify;\"><span style=\"color: #000000;\">Na explana\u00e7\u00e3o, por entre registos fotogr\u00e1ficos de esculturas mais conhecidas do que outras, a oradora proferiu acerca das diferentes fases da obra do escultor, designadamente as primeiras est\u00e1tuas em barro que esculpia sobre os diferentes tipos de pessoas, os baixos-relevos que executou para a moldura do palco do Coliseu Micaelense e para as feiras internacionais sobre as grandes figuras da Hist\u00f3ria de Portugal, os frisos realizados para a Funda\u00e7\u00e3o Calouste Gulbenkian e Museu de Paris, os retratos das duas esposas e dos filhos e os bustos de poetas e artistas, como a est\u00e1tua de Gon\u00e7alo Vaz Botelho (em Vila Franca do Campo) e monumento de homenagem a Antero de Quental. Caracterizando-o como um artista sentimental, terno e afetuoso, a palestrante apresentou igualmente produ\u00e7\u00f5es art\u00edsticas sobre os sentimentos do artista como \u201cBendito seja o fruto do teu ventre\u201d, \u201cAd\u00e3o e Eva\u201d ou \u201cHino do amor\u201d, \u201cFilho morto\u201d (escultura realizada para estar na sepultura do seu filho J\u00falio que faleceu jovem), entre outras.<\/span><\/p>\n<p style=\"text-align: justify;\"><span style=\"color: #000000;\">No final da palestra, houve lugar \u00e0 troca de opini\u00f5es entre os participantes, bem como o convite lan\u00e7ado por Maria Emanuel Albergaria \u00e0 exposi\u00e7\u00e3o dedicada a Canto da Maia presente no Museu Carlos Machado.<\/span><\/p>\n<p style=\"text-align: justify;\"><span style=\"color: #000000;\">A edilidade lagoense tem apostado num plano educativo e cultural com diversas iniciativas que visam a forma\u00e7\u00e3o de p\u00fablicos ao longo da vida, aumentando assim o leque de conhecimentos dos diferentes p\u00fablicos. Nesta a\u00e7\u00e3o promoveu-se o contacto entre seniores e jovens estreitando as rela\u00e7\u00f5es entre gera\u00e7\u00f5es e a partilha de saberes e ideias.<\/span><\/p>\n<p style=\"text-align: justify;\"><span style=\"color: #000000;\">De real\u00e7ar que esta feira do livro, desde a sua inaugura\u00e7\u00e3o, j\u00e1 foi visitada por cerca de 930 pessoas, o que \u00e9 sem d\u00favida um registo da boa aceita\u00e7\u00e3o que tem tido junto da popula\u00e7\u00e3o.<\/span><\/p>\n<p style=\"text-align: justify;\"><span style=\"color: #000000;\"><em>DL\/CML<\/em><\/span><\/p>","protected":false},"excerpt":{"rendered":"<p>A Biblioteca Municipal Tomaz Borba Vieira acolheu uma palestra dedicada \u00e0s artes, intitulada \u201c\u00c0 conversa sobre Canto da Maia: o homem e a obra\u201d, tendo sido ministrada pelo Museu Carlos Machado. Inserida no programa da VIII Feira do Livro \u201cDas artes ao artesanato contempor\u00e2neo\u201d, a decorrer no Convento dos Franciscanos at\u00e9 7 de maio, esta [&hellip;]<\/p>","protected":false},"author":2,"featured_media":112692,"comment_status":"open","ping_status":"open","sticky":false,"template":"","format":"standard","meta":[],"categories":[21],"tags":[],"acf":[],"yoast_head":"<!-- This site is optimized with the Yoast SEO plugin v20.10 - https:\/\/yoast.com\/wordpress\/plugins\/seo\/ -->\n<title>Palestra sobre Canto da Maia num encontro intergeracional na Lagoa - Di\u00e1rio da Lagoa<\/title>\n<meta name=\"robots\" content=\"index, follow, max-snippet:-1, max-image-preview:large, max-video-preview:-1\" \/>\n<link rel=\"canonical\" href=\"https:\/\/diariodalagoa.pt\/es\/palestra-sobre-canto-da-maia-num-encontro-intergeracional-na-lagoa\/\" \/>\n<meta property=\"og:locale\" content=\"es_ES\" \/>\n<meta property=\"og:type\" content=\"article\" \/>\n<meta property=\"og:title\" content=\"Palestra sobre Canto da Maia num encontro intergeracional na Lagoa - Di\u00e1rio da Lagoa\" \/>\n<meta property=\"og:description\" content=\"A Biblioteca Municipal Tomaz Borba Vieira acolheu uma palestra dedicada \u00e0s artes, intitulada \u201c\u00c0 conversa sobre Canto da Maia: o homem e a obra\u201d, tendo sido ministrada pelo Museu Carlos Machado. Inserida no programa da VIII Feira do Livro \u201cDas artes ao artesanato contempor\u00e2neo\u201d, a decorrer no Convento dos Franciscanos at\u00e9 7 de maio, esta [&hellip;]\" \/>\n<meta property=\"og:url\" content=\"https:\/\/diariodalagoa.pt\/es\/palestra-sobre-canto-da-maia-num-encontro-intergeracional-na-lagoa\/\" \/>\n<meta property=\"og:site_name\" content=\"Di\u00e1rio da Lagoa\" \/>\n<meta property=\"article:published_time\" content=\"2016-04-26T10:07:48+00:00\" \/>\n<meta property=\"article:modified_time\" content=\"2025-06-20T23:28:27+00:00\" \/>\n<meta property=\"og:image\" content=\"https:\/\/diariodalagoa.pt\/wp-content\/uploads\/2016\/04\/palestra-canto-da-maia.jpg\" \/>\n\t<meta property=\"og:image:width\" content=\"720\" \/>\n\t<meta property=\"og:image:height\" content=\"380\" \/>\n\t<meta property=\"og:image:type\" content=\"image\/jpeg\" \/>\n<meta name=\"author\" content=\"Di\u00e1rio da Lagoa\" \/>\n<meta name=\"twitter:card\" content=\"summary_large_image\" \/>\n<meta name=\"twitter:label1\" content=\"Escrito por\" \/>\n\t<meta name=\"twitter:data1\" content=\"Di\u00e1rio da Lagoa\" \/>\n\t<meta name=\"twitter:label2\" content=\"Tiempo de lectura\" \/>\n\t<meta name=\"twitter:data2\" content=\"2 minutos\" \/>\n<script type=\"application\/ld+json\" class=\"yoast-schema-graph\">{\"@context\":\"https:\/\/schema.org\",\"@graph\":[{\"@type\":\"WebPage\",\"@id\":\"https:\/\/diariodalagoa.pt\/palestra-sobre-canto-da-maia-num-encontro-intergeracional-na-lagoa\/\",\"url\":\"https:\/\/diariodalagoa.pt\/palestra-sobre-canto-da-maia-num-encontro-intergeracional-na-lagoa\/\",\"name\":\"Palestra sobre Canto da Maia num encontro intergeracional na Lagoa - Di\u00e1rio da Lagoa\",\"isPartOf\":{\"@id\":\"https:\/\/diariodalagoa.pt\/#website\"},\"datePublished\":\"2016-04-26T10:07:48+00:00\",\"dateModified\":\"2025-06-20T23:28:27+00:00\",\"author\":{\"@id\":\"https:\/\/diariodalagoa.pt\/#\/schema\/person\/1615a002370e8857b6f972834bc43ece\"},\"breadcrumb\":{\"@id\":\"https:\/\/diariodalagoa.pt\/palestra-sobre-canto-da-maia-num-encontro-intergeracional-na-lagoa\/#breadcrumb\"},\"inLanguage\":\"es\",\"potentialAction\":[{\"@type\":\"ReadAction\",\"target\":[\"https:\/\/diariodalagoa.pt\/palestra-sobre-canto-da-maia-num-encontro-intergeracional-na-lagoa\/\"]}]},{\"@type\":\"BreadcrumbList\",\"@id\":\"https:\/\/diariodalagoa.pt\/palestra-sobre-canto-da-maia-num-encontro-intergeracional-na-lagoa\/#breadcrumb\",\"itemListElement\":[{\"@type\":\"ListItem\",\"position\":1,\"name\":\"In\u00edcio\",\"item\":\"https:\/\/diariodalagoa.pt\/\"},{\"@type\":\"ListItem\",\"position\":2,\"name\":\"Palestra sobre Canto da Maia num encontro intergeracional na Lagoa\"}]},{\"@type\":\"WebSite\",\"@id\":\"https:\/\/diariodalagoa.pt\/#website\",\"url\":\"https:\/\/diariodalagoa.pt\/\",\"name\":\"Di\u00e1rio da Lagoa\",\"description\":\"Di\u00e1rio da Lagoa. As not\u00edcias que contam. A partir da Lagoa, nos A\u00e7ores, para o mundo.\",\"potentialAction\":[{\"@type\":\"SearchAction\",\"target\":{\"@type\":\"EntryPoint\",\"urlTemplate\":\"https:\/\/diariodalagoa.pt\/?s={search_term_string}\"},\"query-input\":\"required name=search_term_string\"}],\"inLanguage\":\"es\"},{\"@type\":\"Person\",\"@id\":\"https:\/\/diariodalagoa.pt\/#\/schema\/person\/1615a002370e8857b6f972834bc43ece\",\"name\":\"Di\u00e1rio da Lagoa\",\"image\":{\"@type\":\"ImageObject\",\"inLanguage\":\"es\",\"@id\":\"https:\/\/diariodalagoa.pt\/#\/schema\/person\/image\/\",\"url\":\"https:\/\/secure.gravatar.com\/avatar\/2cb5cef90a26f8fbd4d9d930608102c5?s=96&d=mm&r=g\",\"contentUrl\":\"https:\/\/secure.gravatar.com\/avatar\/2cb5cef90a26f8fbd4d9d930608102c5?s=96&d=mm&r=g\",\"caption\":\"Di\u00e1rio da Lagoa\"},\"url\":\"https:\/\/diariodalagoa.pt\/es\/author\/diariodalagoa\/\"}]}<\/script>\n<!-- \/ Yoast SEO plugin. -->","yoast_head_json":{"title":"Palestra sobre Canto da Maia num encontro intergeracional na Lagoa - Di\u00e1rio da Lagoa","robots":{"index":"index","follow":"follow","max-snippet":"max-snippet:-1","max-image-preview":"max-image-preview:large","max-video-preview":"max-video-preview:-1"},"canonical":"https:\/\/diariodalagoa.pt\/es\/palestra-sobre-canto-da-maia-num-encontro-intergeracional-na-lagoa\/","og_locale":"es_ES","og_type":"article","og_title":"Palestra sobre Canto da Maia num encontro intergeracional na Lagoa - Di\u00e1rio da Lagoa","og_description":"A Biblioteca Municipal Tomaz Borba Vieira acolheu uma palestra dedicada \u00e0s artes, intitulada \u201c\u00c0 conversa sobre Canto da Maia: o homem e a obra\u201d, tendo sido ministrada pelo Museu Carlos Machado. Inserida no programa da VIII Feira do Livro \u201cDas artes ao artesanato contempor\u00e2neo\u201d, a decorrer no Convento dos Franciscanos at\u00e9 7 de maio, esta [&hellip;]","og_url":"https:\/\/diariodalagoa.pt\/es\/palestra-sobre-canto-da-maia-num-encontro-intergeracional-na-lagoa\/","og_site_name":"Di\u00e1rio da Lagoa","article_published_time":"2016-04-26T10:07:48+00:00","article_modified_time":"2025-06-20T23:28:27+00:00","og_image":[{"width":720,"height":380,"url":"https:\/\/diariodalagoa.pt\/wp-content\/uploads\/2016\/04\/palestra-canto-da-maia.jpg","type":"image\/jpeg"}],"author":"Di\u00e1rio da Lagoa","twitter_card":"summary_large_image","twitter_misc":{"Escrito por":"Di\u00e1rio da Lagoa","Tiempo de lectura":"2 minutos"},"schema":{"@context":"https:\/\/schema.org","@graph":[{"@type":"WebPage","@id":"https:\/\/diariodalagoa.pt\/palestra-sobre-canto-da-maia-num-encontro-intergeracional-na-lagoa\/","url":"https:\/\/diariodalagoa.pt\/palestra-sobre-canto-da-maia-num-encontro-intergeracional-na-lagoa\/","name":"Palestra sobre Canto da Maia num encontro intergeracional na Lagoa - Di\u00e1rio da Lagoa","isPartOf":{"@id":"https:\/\/diariodalagoa.pt\/#website"},"datePublished":"2016-04-26T10:07:48+00:00","dateModified":"2025-06-20T23:28:27+00:00","author":{"@id":"https:\/\/diariodalagoa.pt\/#\/schema\/person\/1615a002370e8857b6f972834bc43ece"},"breadcrumb":{"@id":"https:\/\/diariodalagoa.pt\/palestra-sobre-canto-da-maia-num-encontro-intergeracional-na-lagoa\/#breadcrumb"},"inLanguage":"es","potentialAction":[{"@type":"ReadAction","target":["https:\/\/diariodalagoa.pt\/palestra-sobre-canto-da-maia-num-encontro-intergeracional-na-lagoa\/"]}]},{"@type":"BreadcrumbList","@id":"https:\/\/diariodalagoa.pt\/palestra-sobre-canto-da-maia-num-encontro-intergeracional-na-lagoa\/#breadcrumb","itemListElement":[{"@type":"ListItem","position":1,"name":"In\u00edcio","item":"https:\/\/diariodalagoa.pt\/"},{"@type":"ListItem","position":2,"name":"Palestra sobre Canto da Maia num encontro intergeracional na Lagoa"}]},{"@type":"WebSite","@id":"https:\/\/diariodalagoa.pt\/#website","url":"https:\/\/diariodalagoa.pt\/","name":"Di\u00e1rio da Lagoa","description":"Di\u00e1rio da Lagoa. As not\u00edcias que contam. A partir da Lagoa, nos A\u00e7ores, para o mundo.","potentialAction":[{"@type":"SearchAction","target":{"@type":"EntryPoint","urlTemplate":"https:\/\/diariodalagoa.pt\/?s={search_term_string}"},"query-input":"required name=search_term_string"}],"inLanguage":"es"},{"@type":"Person","@id":"https:\/\/diariodalagoa.pt\/#\/schema\/person\/1615a002370e8857b6f972834bc43ece","name":"Di\u00e1rio da Lagoa","image":{"@type":"ImageObject","inLanguage":"es","@id":"https:\/\/diariodalagoa.pt\/#\/schema\/person\/image\/","url":"https:\/\/secure.gravatar.com\/avatar\/2cb5cef90a26f8fbd4d9d930608102c5?s=96&d=mm&r=g","contentUrl":"https:\/\/secure.gravatar.com\/avatar\/2cb5cef90a26f8fbd4d9d930608102c5?s=96&d=mm&r=g","caption":"Di\u00e1rio da Lagoa"},"url":"https:\/\/diariodalagoa.pt\/es\/author\/diariodalagoa\/"}]}},"_links":{"self":[{"href":"https:\/\/diariodalagoa.pt\/es\/wp-json\/wp\/v2\/posts\/31087"}],"collection":[{"href":"https:\/\/diariodalagoa.pt\/es\/wp-json\/wp\/v2\/posts"}],"about":[{"href":"https:\/\/diariodalagoa.pt\/es\/wp-json\/wp\/v2\/types\/post"}],"author":[{"embeddable":true,"href":"https:\/\/diariodalagoa.pt\/es\/wp-json\/wp\/v2\/users\/2"}],"replies":[{"embeddable":true,"href":"https:\/\/diariodalagoa.pt\/es\/wp-json\/wp\/v2\/comments?post=31087"}],"version-history":[{"count":1,"href":"https:\/\/diariodalagoa.pt\/es\/wp-json\/wp\/v2\/posts\/31087\/revisions"}],"predecessor-version":[{"id":154592,"href":"https:\/\/diariodalagoa.pt\/es\/wp-json\/wp\/v2\/posts\/31087\/revisions\/154592"}],"wp:featuredmedia":[{"embeddable":true,"href":"https:\/\/diariodalagoa.pt\/es\/wp-json\/wp\/v2\/media\/112692"}],"wp:attachment":[{"href":"https:\/\/diariodalagoa.pt\/es\/wp-json\/wp\/v2\/media?parent=31087"}],"wp:term":[{"taxonomy":"category","embeddable":true,"href":"https:\/\/diariodalagoa.pt\/es\/wp-json\/wp\/v2\/categories?post=31087"},{"taxonomy":"post_tag","embeddable":true,"href":"https:\/\/diariodalagoa.pt\/es\/wp-json\/wp\/v2\/tags?post=31087"}],"curies":[{"name":"wp","href":"https:\/\/api.w.org\/{rel}","templated":true}]}}