{"id":2973,"date":"2014-04-07T23:48:36","date_gmt":"2014-04-07T23:48:36","guid":{"rendered":"http:\/\/diariodalagoa.pt\/?p=2973"},"modified":"2025-06-10T22:37:10","modified_gmt":"2025-06-10T22:37:10","slug":"conversas-do-mar","status":"publish","type":"post","link":"https:\/\/diariodalagoa.pt\/es\/conversas-do-mar\/","title":{"rendered":"&#8220;Conversas do Mar&#8221; na Pousada de Juventude de Lagoa"},"content":{"rendered":"<p style=\"text-align: justify;\"><a href=\"http:\/\/diariodalagoa.pt\/wp-content\/uploads\/2014\/04\/Conversas-do-mar-Clube-Nautico-LAgoa.jpg\"><img decoding=\"async\" class=\"wp-image-2974 alignleft\" alt=\"Conversas-do-mar-Clube-Nautico-LAgoa\" src=\"http:\/\/diariodalagoa.pt\/wp-content\/uploads\/2014\/04\/Conversas-do-mar-Clube-Nautico-LAgoa.jpg\" width=\"320\" height=\"500\" \/><\/a><br \/>\n<span style=\"color: #000000;\">&#8220;Conversas do Mar&#8221;, \u00e9 o primeiro de v\u00e1rios eventos, a serem concretizados pelo Clube N\u00e1utico de Lagoa, e pretende premear os amantes das ondas, sendo o SURF, tema de debate.<\/span><\/p>\n<p style=\"text-align: justify;\"><span style=\"color: #000000;\">A ter lugar na Pousada da Juventude de Lagoa, no pr\u00f3ximo dia 16 de abril, a ess\u00eancia do evento est\u00e1 inteiramente direcionada para o di\u00e1logo, uma vez que ser\u00e3o abordadas diversas tem\u00e1ticas.<\/span><\/p>\n<p style=\"text-align: justify;\"><span style=\"color: #000000;\">Esta atividade \u00e9 aberta ao p\u00fablico em geral, e tem o seu in\u00edcio marcado para as 20h30.<\/span><\/p>","protected":false},"excerpt":{"rendered":"<p>&#8220;Conversas do Mar&#8221;, \u00e9 o primeiro de v\u00e1rios eventos, a serem concretizados pelo Clube N\u00e1utico de Lagoa, e pretende premear os amantes das ondas, sendo o SURF, tema de debate. A ter lugar na Pousada da Juventude de Lagoa, no pr\u00f3ximo dia 16 de abril, a ess\u00eancia do evento est\u00e1 inteiramente direcionada para o di\u00e1logo, [&hellip;]<\/p>","protected":false},"author":2,"featured_media":113426,"comment_status":"open","ping_status":"open","sticky":false,"template":"","format":"standard","meta":[],"categories":[21],"tags":[],"acf":[],"yoast_head":"<!-- This site is optimized with the Yoast SEO plugin v20.10 - https:\/\/yoast.com\/wordpress\/plugins\/seo\/ -->\n<title>&quot;Conversas do Mar&quot; na Pousada de Juventude de Lagoa - Di\u00e1rio da Lagoa<\/title>\n<meta name=\"robots\" content=\"index, follow, max-snippet:-1, max-image-preview:large, max-video-preview:-1\" \/>\n<link rel=\"canonical\" href=\"https:\/\/diariodalagoa.pt\/es\/conversas-do-mar\/\" \/>\n<meta property=\"og:locale\" content=\"es_ES\" \/>\n<meta property=\"og:type\" content=\"article\" \/>\n<meta property=\"og:title\" content=\"&quot;Conversas do Mar&quot; na Pousada de Juventude de Lagoa - Di\u00e1rio da Lagoa\" \/>\n<meta property=\"og:description\" content=\"&#8220;Conversas do Mar&#8221;, \u00e9 o primeiro de v\u00e1rios eventos, a serem concretizados pelo Clube N\u00e1utico de Lagoa, e pretende premear os amantes das ondas, sendo o SURF, tema de debate. A ter lugar na Pousada da Juventude de Lagoa, no pr\u00f3ximo dia 16 de abril, a ess\u00eancia do evento est\u00e1 inteiramente direcionada para o di\u00e1logo, [&hellip;]\" \/>\n<meta property=\"og:url\" content=\"https:\/\/diariodalagoa.pt\/es\/conversas-do-mar\/\" \/>\n<meta property=\"og:site_name\" content=\"Di\u00e1rio da Lagoa\" \/>\n<meta property=\"article:published_time\" content=\"2014-04-07T23:48:36+00:00\" \/>\n<meta property=\"article:modified_time\" content=\"2025-06-10T22:37:10+00:00\" \/>\n<meta property=\"og:image\" content=\"https:\/\/diariodalagoa.pt\/wp-content\/uploads\/2014\/04\/conversas-do-mar-clube-nautico-lagoa-300x200-1.jpg\" \/>\n\t<meta property=\"og:image:width\" content=\"300\" \/>\n\t<meta property=\"og:image:height\" content=\"203\" \/>\n\t<meta property=\"og:image:type\" content=\"image\/jpeg\" \/>\n<meta name=\"author\" content=\"Di\u00e1rio da Lagoa\" \/>\n<meta name=\"twitter:card\" content=\"summary_large_image\" \/>\n<meta name=\"twitter:label1\" content=\"Escrito por\" \/>\n\t<meta name=\"twitter:data1\" content=\"Di\u00e1rio da Lagoa\" \/>\n<script type=\"application\/ld+json\" class=\"yoast-schema-graph\">{\"@context\":\"https:\/\/schema.org\",\"@graph\":[{\"@type\":\"WebPage\",\"@id\":\"https:\/\/diariodalagoa.pt\/conversas-do-mar\/\",\"url\":\"https:\/\/diariodalagoa.pt\/conversas-do-mar\/\",\"name\":\"\\\"Conversas do Mar\\\" na Pousada de Juventude de Lagoa - Di\u00e1rio da Lagoa\",\"isPartOf\":{\"@id\":\"https:\/\/diariodalagoa.pt\/#website\"},\"datePublished\":\"2014-04-07T23:48:36+00:00\",\"dateModified\":\"2025-06-10T22:37:10+00:00\",\"author\":{\"@id\":\"https:\/\/diariodalagoa.pt\/#\/schema\/person\/1615a002370e8857b6f972834bc43ece\"},\"breadcrumb\":{\"@id\":\"https:\/\/diariodalagoa.pt\/conversas-do-mar\/#breadcrumb\"},\"inLanguage\":\"es\",\"potentialAction\":[{\"@type\":\"ReadAction\",\"target\":[\"https:\/\/diariodalagoa.pt\/conversas-do-mar\/\"]}]},{\"@type\":\"BreadcrumbList\",\"@id\":\"https:\/\/diariodalagoa.pt\/conversas-do-mar\/#breadcrumb\",\"itemListElement\":[{\"@type\":\"ListItem\",\"position\":1,\"name\":\"In\u00edcio\",\"item\":\"https:\/\/diariodalagoa.pt\/\"},{\"@type\":\"ListItem\",\"position\":2,\"name\":\"&#8220;Conversas do Mar&#8221; na Pousada de Juventude de Lagoa\"}]},{\"@type\":\"WebSite\",\"@id\":\"https:\/\/diariodalagoa.pt\/#website\",\"url\":\"https:\/\/diariodalagoa.pt\/\",\"name\":\"Di\u00e1rio da Lagoa\",\"description\":\"Di\u00e1rio da Lagoa. As not\u00edcias que contam. A partir da Lagoa, nos A\u00e7ores, para o mundo.\",\"potentialAction\":[{\"@type\":\"SearchAction\",\"target\":{\"@type\":\"EntryPoint\",\"urlTemplate\":\"https:\/\/diariodalagoa.pt\/?s={search_term_string}\"},\"query-input\":\"required name=search_term_string\"}],\"inLanguage\":\"es\"},{\"@type\":\"Person\",\"@id\":\"https:\/\/diariodalagoa.pt\/#\/schema\/person\/1615a002370e8857b6f972834bc43ece\",\"name\":\"Di\u00e1rio da Lagoa\",\"image\":{\"@type\":\"ImageObject\",\"inLanguage\":\"es\",\"@id\":\"https:\/\/diariodalagoa.pt\/#\/schema\/person\/image\/\",\"url\":\"https:\/\/secure.gravatar.com\/avatar\/2cb5cef90a26f8fbd4d9d930608102c5?s=96&d=mm&r=g\",\"contentUrl\":\"https:\/\/secure.gravatar.com\/avatar\/2cb5cef90a26f8fbd4d9d930608102c5?s=96&d=mm&r=g\",\"caption\":\"Di\u00e1rio da Lagoa\"},\"url\":\"https:\/\/diariodalagoa.pt\/es\/author\/diariodalagoa\/\"}]}<\/script>\n<!-- \/ Yoast SEO plugin. -->","yoast_head_json":{"title":"\"Conversas do Mar\" na Pousada de Juventude de Lagoa - Di\u00e1rio da Lagoa","robots":{"index":"index","follow":"follow","max-snippet":"max-snippet:-1","max-image-preview":"max-image-preview:large","max-video-preview":"max-video-preview:-1"},"canonical":"https:\/\/diariodalagoa.pt\/es\/conversas-do-mar\/","og_locale":"es_ES","og_type":"article","og_title":"\"Conversas do Mar\" na Pousada de Juventude de Lagoa - Di\u00e1rio da Lagoa","og_description":"&#8220;Conversas do Mar&#8221;, \u00e9 o primeiro de v\u00e1rios eventos, a serem concretizados pelo Clube N\u00e1utico de Lagoa, e pretende premear os amantes das ondas, sendo o SURF, tema de debate. A ter lugar na Pousada da Juventude de Lagoa, no pr\u00f3ximo dia 16 de abril, a ess\u00eancia do evento est\u00e1 inteiramente direcionada para o di\u00e1logo, [&hellip;]","og_url":"https:\/\/diariodalagoa.pt\/es\/conversas-do-mar\/","og_site_name":"Di\u00e1rio da Lagoa","article_published_time":"2014-04-07T23:48:36+00:00","article_modified_time":"2025-06-10T22:37:10+00:00","og_image":[{"width":300,"height":203,"url":"https:\/\/diariodalagoa.pt\/wp-content\/uploads\/2014\/04\/conversas-do-mar-clube-nautico-lagoa-300x200-1.jpg","type":"image\/jpeg"}],"author":"Di\u00e1rio da Lagoa","twitter_card":"summary_large_image","twitter_misc":{"Escrito por":"Di\u00e1rio da Lagoa"},"schema":{"@context":"https:\/\/schema.org","@graph":[{"@type":"WebPage","@id":"https:\/\/diariodalagoa.pt\/conversas-do-mar\/","url":"https:\/\/diariodalagoa.pt\/conversas-do-mar\/","name":"\"Conversas do Mar\" na Pousada de Juventude de Lagoa - Di\u00e1rio da Lagoa","isPartOf":{"@id":"https:\/\/diariodalagoa.pt\/#website"},"datePublished":"2014-04-07T23:48:36+00:00","dateModified":"2025-06-10T22:37:10+00:00","author":{"@id":"https:\/\/diariodalagoa.pt\/#\/schema\/person\/1615a002370e8857b6f972834bc43ece"},"breadcrumb":{"@id":"https:\/\/diariodalagoa.pt\/conversas-do-mar\/#breadcrumb"},"inLanguage":"es","potentialAction":[{"@type":"ReadAction","target":["https:\/\/diariodalagoa.pt\/conversas-do-mar\/"]}]},{"@type":"BreadcrumbList","@id":"https:\/\/diariodalagoa.pt\/conversas-do-mar\/#breadcrumb","itemListElement":[{"@type":"ListItem","position":1,"name":"In\u00edcio","item":"https:\/\/diariodalagoa.pt\/"},{"@type":"ListItem","position":2,"name":"&#8220;Conversas do Mar&#8221; na Pousada de Juventude de Lagoa"}]},{"@type":"WebSite","@id":"https:\/\/diariodalagoa.pt\/#website","url":"https:\/\/diariodalagoa.pt\/","name":"Di\u00e1rio da Lagoa","description":"Di\u00e1rio da Lagoa. As not\u00edcias que contam. A partir da Lagoa, nos A\u00e7ores, para o mundo.","potentialAction":[{"@type":"SearchAction","target":{"@type":"EntryPoint","urlTemplate":"https:\/\/diariodalagoa.pt\/?s={search_term_string}"},"query-input":"required name=search_term_string"}],"inLanguage":"es"},{"@type":"Person","@id":"https:\/\/diariodalagoa.pt\/#\/schema\/person\/1615a002370e8857b6f972834bc43ece","name":"Di\u00e1rio da Lagoa","image":{"@type":"ImageObject","inLanguage":"es","@id":"https:\/\/diariodalagoa.pt\/#\/schema\/person\/image\/","url":"https:\/\/secure.gravatar.com\/avatar\/2cb5cef90a26f8fbd4d9d930608102c5?s=96&d=mm&r=g","contentUrl":"https:\/\/secure.gravatar.com\/avatar\/2cb5cef90a26f8fbd4d9d930608102c5?s=96&d=mm&r=g","caption":"Di\u00e1rio da Lagoa"},"url":"https:\/\/diariodalagoa.pt\/es\/author\/diariodalagoa\/"}]}},"_links":{"self":[{"href":"https:\/\/diariodalagoa.pt\/es\/wp-json\/wp\/v2\/posts\/2973"}],"collection":[{"href":"https:\/\/diariodalagoa.pt\/es\/wp-json\/wp\/v2\/posts"}],"about":[{"href":"https:\/\/diariodalagoa.pt\/es\/wp-json\/wp\/v2\/types\/post"}],"author":[{"embeddable":true,"href":"https:\/\/diariodalagoa.pt\/es\/wp-json\/wp\/v2\/users\/2"}],"replies":[{"embeddable":true,"href":"https:\/\/diariodalagoa.pt\/es\/wp-json\/wp\/v2\/comments?post=2973"}],"version-history":[{"count":1,"href":"https:\/\/diariodalagoa.pt\/es\/wp-json\/wp\/v2\/posts\/2973\/revisions"}],"predecessor-version":[{"id":152751,"href":"https:\/\/diariodalagoa.pt\/es\/wp-json\/wp\/v2\/posts\/2973\/revisions\/152751"}],"wp:featuredmedia":[{"embeddable":true,"href":"https:\/\/diariodalagoa.pt\/es\/wp-json\/wp\/v2\/media\/113426"}],"wp:attachment":[{"href":"https:\/\/diariodalagoa.pt\/es\/wp-json\/wp\/v2\/media?parent=2973"}],"wp:term":[{"taxonomy":"category","embeddable":true,"href":"https:\/\/diariodalagoa.pt\/es\/wp-json\/wp\/v2\/categories?post=2973"},{"taxonomy":"post_tag","embeddable":true,"href":"https:\/\/diariodalagoa.pt\/es\/wp-json\/wp\/v2\/tags?post=2973"}],"curies":[{"name":"wp","href":"https:\/\/api.w.org\/{rel}","templated":true}]}}