{"id":1734,"date":"2014-03-12T21:22:09","date_gmt":"2014-03-12T22:22:09","guid":{"rendered":"http:\/\/diariodalagoa.pt\/?p=1734"},"modified":"2014-03-12T21:22:09","modified_gmt":"2014-03-12T22:22:09","slug":"vitor-fraga-reafirma-compromisso-de-apoiar-eventos-que-tragam-retorno-para-os-acores","status":"publish","type":"post","link":"https:\/\/diariodalagoa.pt\/es\/vitor-fraga-reafirma-compromisso-de-apoiar-eventos-que-tragam-retorno-para-os-acores\/","title":{"rendered":"V\u00edtor Fraga reafirma compromisso de apoiar eventos que tragam retorno para os A\u00e7ores"},"content":{"rendered":"<div id=\"attachment_1735\" style=\"width: 730px\" class=\"wp-caption alignnone\"><a href=\"http:\/\/diariodalagoa.pt\/wp-content\/uploads\/2014\/03\/2218.jpg\"><img aria-describedby=\"caption-attachment-1735\" decoding=\"async\" class=\"size-full wp-image-1735\" alt=\"(c) Gacs\" src=\"http:\/\/diariodalagoa.pt\/wp-content\/uploads\/2014\/03\/2218.jpg\" width=\"720\" height=\"389\" \/><\/a><p id=\"caption-attachment-1735\" class=\"wp-caption-text\">(c) Gacs<\/p><\/div>\n<p style=\"text-align: justify;\"><span style=\"color: #000000;\"><span style=\"line-height: 1.5em;\">O Secret\u00e1rio Regional do Turismo e Transportes assegurou que o Governo dos A\u00e7ores ir\u00e1 continuar a apoiar a realiza\u00e7\u00e3o de eventos que contribuam para a capta\u00e7\u00e3o de fluxos tur\u00edsticos para a Regi\u00e3o, bem como para a promo\u00e7\u00e3o do Destino A\u00e7ores.<\/span>\u00a0<\/span><\/p>\n<p style=\"text-align: justify;\"><span style=\"color: #000000;\">\u00c9 o caso\u00a0das etapas do Campeonato do Mundo de F\u00f3rmula Windsurfing e de Slalom Windsurfing, que decorrer\u00e3o nos meses de abril e maio na ba\u00eda da Praia da Vit\u00f3ria, na\u00a0ilha Terceira,\u00a0com a presen\u00e7a de mais de 200 participantes.\u00a0<\/span><\/p>\n<p style=\"text-align: justify;\"><span style=\"color: #000000;\">Na apresenta\u00e7\u00e3o destas duas provas, que decorreu no stand dos A\u00e7ores na Feira Internacional de Turismo de Lisboa, V\u00edtor Fraga garantiu que o Governo dos A\u00e7ores far\u00e1 o que estiver ao\u00a0seu alcance &#8220;para que se consiga consolidar esta modalidade e transform\u00e1-la num verdadeiro produto tur\u00edstico&#8221;.\u00a0\u00a0<\/span><\/p>\n<p style=\"text-align: justify;\"><span style=\"color: #000000;\">Para o titular da pasta do Turismo, esta \u00e9 e continuar\u00e1 a ser a linha de orienta\u00e7\u00e3o definida pelo Governo dos A\u00e7ores na capta\u00e7\u00e3o de eventos para a Regi\u00e3o que, na sua maioria, t\u00eam uma componente fortemente associada \u00e0 natureza, sendo eventos que \u201ctiram uma mais-valia significativa&#8221; daquilo que os A\u00e7ores t\u00eam para oferecer.<\/span><\/p>\n<p style=\"text-align: justify;\"><span style=\"color: #000000;\"><em>DL\/GaCS<\/em><\/span><\/p>","protected":false},"excerpt":{"rendered":"<p>O Secret\u00e1rio Regional do Turismo e Transportes assegurou que o Governo dos A\u00e7ores ir\u00e1 continuar a apoiar a realiza\u00e7\u00e3o de eventos que contribuam para a capta\u00e7\u00e3o de fluxos tur\u00edsticos para a Regi\u00e3o, bem como para a promo\u00e7\u00e3o do Destino A\u00e7ores.\u00a0 \u00c9 o caso\u00a0das etapas do Campeonato do Mundo de F\u00f3rmula Windsurfing e de Slalom Windsurfing, [&hellip;]<\/p>","protected":false},"author":2,"featured_media":122081,"comment_status":"open","ping_status":"open","sticky":false,"template":"","format":"standard","meta":[],"categories":[21],"tags":[],"acf":[],"yoast_head":"<!-- This site is optimized with the Yoast SEO plugin v20.10 - https:\/\/yoast.com\/wordpress\/plugins\/seo\/ -->\n<title>V\u00edtor Fraga reafirma compromisso de apoiar eventos que tragam retorno para os A\u00e7ores - Di\u00e1rio da Lagoa<\/title>\n<meta name=\"robots\" content=\"index, follow, max-snippet:-1, max-image-preview:large, max-video-preview:-1\" \/>\n<link rel=\"canonical\" href=\"https:\/\/diariodalagoa.pt\/es\/vitor-fraga-reafirma-compromisso-de-apoiar-eventos-que-tragam-retorno-para-os-acores\/\" \/>\n<meta property=\"og:locale\" content=\"es_ES\" \/>\n<meta property=\"og:type\" content=\"article\" \/>\n<meta property=\"og:title\" content=\"V\u00edtor Fraga reafirma compromisso de apoiar eventos que tragam retorno para os A\u00e7ores - Di\u00e1rio da Lagoa\" \/>\n<meta property=\"og:description\" content=\"O Secret\u00e1rio Regional do Turismo e Transportes assegurou que o Governo dos A\u00e7ores ir\u00e1 continuar a apoiar a realiza\u00e7\u00e3o de eventos que contribuam para a capta\u00e7\u00e3o de fluxos tur\u00edsticos para a Regi\u00e3o, bem como para a promo\u00e7\u00e3o do Destino A\u00e7ores.\u00a0 \u00c9 o caso\u00a0das etapas do Campeonato do Mundo de F\u00f3rmula Windsurfing e de Slalom Windsurfing, [&hellip;]\" \/>\n<meta property=\"og:url\" content=\"https:\/\/diariodalagoa.pt\/es\/vitor-fraga-reafirma-compromisso-de-apoiar-eventos-que-tragam-retorno-para-os-acores\/\" \/>\n<meta property=\"og:site_name\" content=\"Di\u00e1rio da Lagoa\" \/>\n<meta property=\"article:published_time\" content=\"2014-03-12T22:22:09+00:00\" \/>\n<meta property=\"og:image\" content=\"https:\/\/diariodalagoa.pt\/wp-content\/uploads\/2014\/03\/2218.jpg\" \/>\n\t<meta property=\"og:image:width\" content=\"720\" \/>\n\t<meta property=\"og:image:height\" content=\"389\" \/>\n\t<meta property=\"og:image:type\" content=\"image\/jpeg\" \/>\n<meta name=\"author\" content=\"Di\u00e1rio da Lagoa\" \/>\n<meta name=\"twitter:card\" content=\"summary_large_image\" \/>\n<meta name=\"twitter:label1\" content=\"Escrito por\" \/>\n\t<meta name=\"twitter:data1\" content=\"Di\u00e1rio da Lagoa\" \/>\n\t<meta name=\"twitter:label2\" content=\"Tiempo de lectura\" \/>\n\t<meta name=\"twitter:data2\" content=\"1 minuto\" \/>\n<script type=\"application\/ld+json\" class=\"yoast-schema-graph\">{\"@context\":\"https:\/\/schema.org\",\"@graph\":[{\"@type\":\"WebPage\",\"@id\":\"https:\/\/diariodalagoa.pt\/vitor-fraga-reafirma-compromisso-de-apoiar-eventos-que-tragam-retorno-para-os-acores\/\",\"url\":\"https:\/\/diariodalagoa.pt\/vitor-fraga-reafirma-compromisso-de-apoiar-eventos-que-tragam-retorno-para-os-acores\/\",\"name\":\"V\u00edtor Fraga reafirma compromisso de apoiar eventos que tragam retorno para os A\u00e7ores - Di\u00e1rio da Lagoa\",\"isPartOf\":{\"@id\":\"https:\/\/diariodalagoa.pt\/#website\"},\"datePublished\":\"2014-03-12T22:22:09+00:00\",\"dateModified\":\"2014-03-12T22:22:09+00:00\",\"author\":{\"@id\":\"https:\/\/diariodalagoa.pt\/#\/schema\/person\/1615a002370e8857b6f972834bc43ece\"},\"breadcrumb\":{\"@id\":\"https:\/\/diariodalagoa.pt\/vitor-fraga-reafirma-compromisso-de-apoiar-eventos-que-tragam-retorno-para-os-acores\/#breadcrumb\"},\"inLanguage\":\"es\",\"potentialAction\":[{\"@type\":\"ReadAction\",\"target\":[\"https:\/\/diariodalagoa.pt\/vitor-fraga-reafirma-compromisso-de-apoiar-eventos-que-tragam-retorno-para-os-acores\/\"]}]},{\"@type\":\"BreadcrumbList\",\"@id\":\"https:\/\/diariodalagoa.pt\/vitor-fraga-reafirma-compromisso-de-apoiar-eventos-que-tragam-retorno-para-os-acores\/#breadcrumb\",\"itemListElement\":[{\"@type\":\"ListItem\",\"position\":1,\"name\":\"In\u00edcio\",\"item\":\"https:\/\/diariodalagoa.pt\/\"},{\"@type\":\"ListItem\",\"position\":2,\"name\":\"V\u00edtor Fraga reafirma compromisso de apoiar eventos que tragam retorno para os A\u00e7ores\"}]},{\"@type\":\"WebSite\",\"@id\":\"https:\/\/diariodalagoa.pt\/#website\",\"url\":\"https:\/\/diariodalagoa.pt\/\",\"name\":\"Di\u00e1rio da Lagoa\",\"description\":\"Di\u00e1rio da Lagoa. As not\u00edcias que contam. A partir da Lagoa, nos A\u00e7ores, para o mundo.\",\"potentialAction\":[{\"@type\":\"SearchAction\",\"target\":{\"@type\":\"EntryPoint\",\"urlTemplate\":\"https:\/\/diariodalagoa.pt\/?s={search_term_string}\"},\"query-input\":\"required name=search_term_string\"}],\"inLanguage\":\"es\"},{\"@type\":\"Person\",\"@id\":\"https:\/\/diariodalagoa.pt\/#\/schema\/person\/1615a002370e8857b6f972834bc43ece\",\"name\":\"Di\u00e1rio da Lagoa\",\"image\":{\"@type\":\"ImageObject\",\"inLanguage\":\"es\",\"@id\":\"https:\/\/diariodalagoa.pt\/#\/schema\/person\/image\/\",\"url\":\"https:\/\/secure.gravatar.com\/avatar\/2cb5cef90a26f8fbd4d9d930608102c5?s=96&d=mm&r=g\",\"contentUrl\":\"https:\/\/secure.gravatar.com\/avatar\/2cb5cef90a26f8fbd4d9d930608102c5?s=96&d=mm&r=g\",\"caption\":\"Di\u00e1rio da Lagoa\"},\"url\":\"https:\/\/diariodalagoa.pt\/es\/author\/diariodalagoa\/\"}]}<\/script>\n<!-- \/ Yoast SEO plugin. -->","yoast_head_json":{"title":"V\u00edtor Fraga reafirma compromisso de apoiar eventos que tragam retorno para os A\u00e7ores - Di\u00e1rio da Lagoa","robots":{"index":"index","follow":"follow","max-snippet":"max-snippet:-1","max-image-preview":"max-image-preview:large","max-video-preview":"max-video-preview:-1"},"canonical":"https:\/\/diariodalagoa.pt\/es\/vitor-fraga-reafirma-compromisso-de-apoiar-eventos-que-tragam-retorno-para-os-acores\/","og_locale":"es_ES","og_type":"article","og_title":"V\u00edtor Fraga reafirma compromisso de apoiar eventos que tragam retorno para os A\u00e7ores - Di\u00e1rio da Lagoa","og_description":"O Secret\u00e1rio Regional do Turismo e Transportes assegurou que o Governo dos A\u00e7ores ir\u00e1 continuar a apoiar a realiza\u00e7\u00e3o de eventos que contribuam para a capta\u00e7\u00e3o de fluxos tur\u00edsticos para a Regi\u00e3o, bem como para a promo\u00e7\u00e3o do Destino A\u00e7ores.\u00a0 \u00c9 o caso\u00a0das etapas do Campeonato do Mundo de F\u00f3rmula Windsurfing e de Slalom Windsurfing, [&hellip;]","og_url":"https:\/\/diariodalagoa.pt\/es\/vitor-fraga-reafirma-compromisso-de-apoiar-eventos-que-tragam-retorno-para-os-acores\/","og_site_name":"Di\u00e1rio da Lagoa","article_published_time":"2014-03-12T22:22:09+00:00","og_image":[{"width":720,"height":389,"url":"https:\/\/diariodalagoa.pt\/wp-content\/uploads\/2014\/03\/2218.jpg","type":"image\/jpeg"}],"author":"Di\u00e1rio da Lagoa","twitter_card":"summary_large_image","twitter_misc":{"Escrito por":"Di\u00e1rio da Lagoa","Tiempo de lectura":"1 minuto"},"schema":{"@context":"https:\/\/schema.org","@graph":[{"@type":"WebPage","@id":"https:\/\/diariodalagoa.pt\/vitor-fraga-reafirma-compromisso-de-apoiar-eventos-que-tragam-retorno-para-os-acores\/","url":"https:\/\/diariodalagoa.pt\/vitor-fraga-reafirma-compromisso-de-apoiar-eventos-que-tragam-retorno-para-os-acores\/","name":"V\u00edtor Fraga reafirma compromisso de apoiar eventos que tragam retorno para os A\u00e7ores - Di\u00e1rio da Lagoa","isPartOf":{"@id":"https:\/\/diariodalagoa.pt\/#website"},"datePublished":"2014-03-12T22:22:09+00:00","dateModified":"2014-03-12T22:22:09+00:00","author":{"@id":"https:\/\/diariodalagoa.pt\/#\/schema\/person\/1615a002370e8857b6f972834bc43ece"},"breadcrumb":{"@id":"https:\/\/diariodalagoa.pt\/vitor-fraga-reafirma-compromisso-de-apoiar-eventos-que-tragam-retorno-para-os-acores\/#breadcrumb"},"inLanguage":"es","potentialAction":[{"@type":"ReadAction","target":["https:\/\/diariodalagoa.pt\/vitor-fraga-reafirma-compromisso-de-apoiar-eventos-que-tragam-retorno-para-os-acores\/"]}]},{"@type":"BreadcrumbList","@id":"https:\/\/diariodalagoa.pt\/vitor-fraga-reafirma-compromisso-de-apoiar-eventos-que-tragam-retorno-para-os-acores\/#breadcrumb","itemListElement":[{"@type":"ListItem","position":1,"name":"In\u00edcio","item":"https:\/\/diariodalagoa.pt\/"},{"@type":"ListItem","position":2,"name":"V\u00edtor Fraga reafirma compromisso de apoiar eventos que tragam retorno para os A\u00e7ores"}]},{"@type":"WebSite","@id":"https:\/\/diariodalagoa.pt\/#website","url":"https:\/\/diariodalagoa.pt\/","name":"Di\u00e1rio da Lagoa","description":"Di\u00e1rio da Lagoa. As not\u00edcias que contam. A partir da Lagoa, nos A\u00e7ores, para o mundo.","potentialAction":[{"@type":"SearchAction","target":{"@type":"EntryPoint","urlTemplate":"https:\/\/diariodalagoa.pt\/?s={search_term_string}"},"query-input":"required name=search_term_string"}],"inLanguage":"es"},{"@type":"Person","@id":"https:\/\/diariodalagoa.pt\/#\/schema\/person\/1615a002370e8857b6f972834bc43ece","name":"Di\u00e1rio da Lagoa","image":{"@type":"ImageObject","inLanguage":"es","@id":"https:\/\/diariodalagoa.pt\/#\/schema\/person\/image\/","url":"https:\/\/secure.gravatar.com\/avatar\/2cb5cef90a26f8fbd4d9d930608102c5?s=96&d=mm&r=g","contentUrl":"https:\/\/secure.gravatar.com\/avatar\/2cb5cef90a26f8fbd4d9d930608102c5?s=96&d=mm&r=g","caption":"Di\u00e1rio da Lagoa"},"url":"https:\/\/diariodalagoa.pt\/es\/author\/diariodalagoa\/"}]}},"_links":{"self":[{"href":"https:\/\/diariodalagoa.pt\/es\/wp-json\/wp\/v2\/posts\/1734"}],"collection":[{"href":"https:\/\/diariodalagoa.pt\/es\/wp-json\/wp\/v2\/posts"}],"about":[{"href":"https:\/\/diariodalagoa.pt\/es\/wp-json\/wp\/v2\/types\/post"}],"author":[{"embeddable":true,"href":"https:\/\/diariodalagoa.pt\/es\/wp-json\/wp\/v2\/users\/2"}],"replies":[{"embeddable":true,"href":"https:\/\/diariodalagoa.pt\/es\/wp-json\/wp\/v2\/comments?post=1734"}],"version-history":[{"count":0,"href":"https:\/\/diariodalagoa.pt\/es\/wp-json\/wp\/v2\/posts\/1734\/revisions"}],"wp:featuredmedia":[{"embeddable":true,"href":"https:\/\/diariodalagoa.pt\/es\/wp-json\/wp\/v2\/media\/122081"}],"wp:attachment":[{"href":"https:\/\/diariodalagoa.pt\/es\/wp-json\/wp\/v2\/media?parent=1734"}],"wp:term":[{"taxonomy":"category","embeddable":true,"href":"https:\/\/diariodalagoa.pt\/es\/wp-json\/wp\/v2\/categories?post=1734"},{"taxonomy":"post_tag","embeddable":true,"href":"https:\/\/diariodalagoa.pt\/es\/wp-json\/wp\/v2\/tags?post=1734"}],"curies":[{"name":"wp","href":"https:\/\/api.w.org\/{rel}","templated":true}]}}