{"id":168,"date":"2014-01-25T16:40:25","date_gmt":"2014-01-25T16:40:25","guid":{"rendered":"http:\/\/diariodalagoa.pt\/?p=168"},"modified":"2025-06-10T22:31:23","modified_gmt":"2025-06-10T22:31:23","slug":"secretario-do-turismo-esteve-recentemente-na-freguesia-de-santa-cruz","status":"publish","type":"post","link":"https:\/\/diariodalagoa.pt\/es\/secretario-do-turismo-esteve-recentemente-na-freguesia-de-santa-cruz\/","title":{"rendered":"Secret\u00e1rio do Turismo esteve recentemente na Freguesia de Santa Cruz"},"content":{"rendered":"<p>A Junta de Freguesia de Santa Cruz &#8211; Lagoa recebeu recentemente, na sua sede, o Secret\u00e1rio Regional do Turismo e Transportes Vitor Fraga, assim como o Diretor Regional das Obras P\u00fablicas, Tecnologia e Comunica\u00e7\u00f5es Bruno Pacheco.<\/p>\n<p>Esta visita teve como prop\u00f3sito principal conhecer e avaliar o atual estado da obra &#8220;Edif\u00edcio Polivalente&#8221; com vista \u00e0 coopera\u00e7\u00e3o financeira para a conclus\u00e3o da mesma.<br \/>\nNo \u00e2mbito da visita, marcaram presen\u00e7a ainda o vereador da C\u00e2mara Municipal de Lagoa Fernando Jorge Moniz bem como o Presidente da Assembleia de Freguesia Ant\u00f3nio Augusto Borges.<\/p>\n<p>Segundo os respons\u00e1veis pela Junta de Freguesia de Santa Cruz, foi com satisfa\u00e7\u00e3o que verificaram o interesse no apoio a este projeto de grande import\u00e2ncia e relev\u00e2ncia para as institui\u00e7\u00f5es e todos os Santa-Cruzenses.<\/p>\n<p><em>DL<\/em><\/p>","protected":false},"excerpt":{"rendered":"<p>A Junta de Freguesia de Santa Cruz &#8211; Lagoa recebeu recentemente, na sua sede, o Secret\u00e1rio Regional do Turismo e Transportes Vitor Fraga, assim como o Diretor Regional das Obras P\u00fablicas, Tecnologia e Comunica\u00e7\u00f5es Bruno Pacheco. Esta visita teve como prop\u00f3sito principal conhecer e avaliar o atual estado da obra &#8220;Edif\u00edcio Polivalente&#8221; com vista \u00e0 [&hellip;]<\/p>","protected":false},"author":2,"featured_media":113477,"comment_status":"open","ping_status":"open","sticky":false,"template":"","format":"standard","meta":[],"categories":[21],"tags":[],"acf":[],"yoast_head":"<!-- This site is optimized with the Yoast SEO plugin v20.10 - https:\/\/yoast.com\/wordpress\/plugins\/seo\/ -->\n<title>Secret\u00e1rio do Turismo esteve recentemente na Freguesia de Santa Cruz - Di\u00e1rio da Lagoa<\/title>\n<meta name=\"robots\" content=\"index, follow, max-snippet:-1, max-image-preview:large, max-video-preview:-1\" \/>\n<link rel=\"canonical\" href=\"https:\/\/diariodalagoa.pt\/es\/secretario-do-turismo-esteve-recentemente-na-freguesia-de-santa-cruz\/\" \/>\n<meta property=\"og:locale\" content=\"es_ES\" \/>\n<meta property=\"og:type\" content=\"article\" \/>\n<meta property=\"og:title\" content=\"Secret\u00e1rio do Turismo esteve recentemente na Freguesia de Santa Cruz - Di\u00e1rio da Lagoa\" \/>\n<meta property=\"og:description\" content=\"A Junta de Freguesia de Santa Cruz &#8211; Lagoa recebeu recentemente, na sua sede, o Secret\u00e1rio Regional do Turismo e Transportes Vitor Fraga, assim como o Diretor Regional das Obras P\u00fablicas, Tecnologia e Comunica\u00e7\u00f5es Bruno Pacheco. Esta visita teve como prop\u00f3sito principal conhecer e avaliar o atual estado da obra &#8220;Edif\u00edcio Polivalente&#8221; com vista \u00e0 [&hellip;]\" \/>\n<meta property=\"og:url\" content=\"https:\/\/diariodalagoa.pt\/es\/secretario-do-turismo-esteve-recentemente-na-freguesia-de-santa-cruz\/\" \/>\n<meta property=\"og:site_name\" content=\"Di\u00e1rio da Lagoa\" \/>\n<meta property=\"article:published_time\" content=\"2014-01-25T16:40:25+00:00\" \/>\n<meta property=\"article:modified_time\" content=\"2025-06-10T22:31:23+00:00\" \/>\n<meta property=\"og:image\" content=\"https:\/\/diariodalagoa.pt\/wp-content\/uploads\/2014\/01\/lagoa-st-cruz-junta.jpg\" \/>\n\t<meta property=\"og:image:width\" content=\"600\" \/>\n\t<meta property=\"og:image:height\" content=\"300\" \/>\n\t<meta property=\"og:image:type\" content=\"image\/jpeg\" \/>\n<meta name=\"author\" content=\"Di\u00e1rio da Lagoa\" \/>\n<meta name=\"twitter:card\" content=\"summary_large_image\" \/>\n<meta name=\"twitter:label1\" content=\"Escrito por\" \/>\n\t<meta name=\"twitter:data1\" content=\"Di\u00e1rio da Lagoa\" \/>\n\t<meta name=\"twitter:label2\" content=\"Tiempo de lectura\" \/>\n\t<meta name=\"twitter:data2\" content=\"1 minuto\" \/>\n<script type=\"application\/ld+json\" class=\"yoast-schema-graph\">{\"@context\":\"https:\/\/schema.org\",\"@graph\":[{\"@type\":\"WebPage\",\"@id\":\"https:\/\/diariodalagoa.pt\/secretario-do-turismo-esteve-recentemente-na-freguesia-de-santa-cruz\/\",\"url\":\"https:\/\/diariodalagoa.pt\/secretario-do-turismo-esteve-recentemente-na-freguesia-de-santa-cruz\/\",\"name\":\"Secret\u00e1rio do Turismo esteve recentemente na Freguesia de Santa Cruz - Di\u00e1rio da Lagoa\",\"isPartOf\":{\"@id\":\"https:\/\/diariodalagoa.pt\/#website\"},\"datePublished\":\"2014-01-25T16:40:25+00:00\",\"dateModified\":\"2025-06-10T22:31:23+00:00\",\"author\":{\"@id\":\"https:\/\/diariodalagoa.pt\/#\/schema\/person\/1615a002370e8857b6f972834bc43ece\"},\"breadcrumb\":{\"@id\":\"https:\/\/diariodalagoa.pt\/secretario-do-turismo-esteve-recentemente-na-freguesia-de-santa-cruz\/#breadcrumb\"},\"inLanguage\":\"es\",\"potentialAction\":[{\"@type\":\"ReadAction\",\"target\":[\"https:\/\/diariodalagoa.pt\/secretario-do-turismo-esteve-recentemente-na-freguesia-de-santa-cruz\/\"]}]},{\"@type\":\"BreadcrumbList\",\"@id\":\"https:\/\/diariodalagoa.pt\/secretario-do-turismo-esteve-recentemente-na-freguesia-de-santa-cruz\/#breadcrumb\",\"itemListElement\":[{\"@type\":\"ListItem\",\"position\":1,\"name\":\"In\u00edcio\",\"item\":\"https:\/\/diariodalagoa.pt\/\"},{\"@type\":\"ListItem\",\"position\":2,\"name\":\"Secret\u00e1rio do Turismo esteve recentemente na Freguesia de Santa Cruz\"}]},{\"@type\":\"WebSite\",\"@id\":\"https:\/\/diariodalagoa.pt\/#website\",\"url\":\"https:\/\/diariodalagoa.pt\/\",\"name\":\"Di\u00e1rio da Lagoa\",\"description\":\"Di\u00e1rio da Lagoa. As not\u00edcias que contam. A partir da Lagoa, nos A\u00e7ores, para o mundo.\",\"potentialAction\":[{\"@type\":\"SearchAction\",\"target\":{\"@type\":\"EntryPoint\",\"urlTemplate\":\"https:\/\/diariodalagoa.pt\/?s={search_term_string}\"},\"query-input\":\"required name=search_term_string\"}],\"inLanguage\":\"es\"},{\"@type\":\"Person\",\"@id\":\"https:\/\/diariodalagoa.pt\/#\/schema\/person\/1615a002370e8857b6f972834bc43ece\",\"name\":\"Di\u00e1rio da Lagoa\",\"image\":{\"@type\":\"ImageObject\",\"inLanguage\":\"es\",\"@id\":\"https:\/\/diariodalagoa.pt\/#\/schema\/person\/image\/\",\"url\":\"https:\/\/secure.gravatar.com\/avatar\/2cb5cef90a26f8fbd4d9d930608102c5?s=96&d=mm&r=g\",\"contentUrl\":\"https:\/\/secure.gravatar.com\/avatar\/2cb5cef90a26f8fbd4d9d930608102c5?s=96&d=mm&r=g\",\"caption\":\"Di\u00e1rio da Lagoa\"},\"url\":\"https:\/\/diariodalagoa.pt\/es\/author\/diariodalagoa\/\"}]}<\/script>\n<!-- \/ Yoast SEO plugin. -->","yoast_head_json":{"title":"Secret\u00e1rio do Turismo esteve recentemente na Freguesia de Santa Cruz - Di\u00e1rio da Lagoa","robots":{"index":"index","follow":"follow","max-snippet":"max-snippet:-1","max-image-preview":"max-image-preview:large","max-video-preview":"max-video-preview:-1"},"canonical":"https:\/\/diariodalagoa.pt\/es\/secretario-do-turismo-esteve-recentemente-na-freguesia-de-santa-cruz\/","og_locale":"es_ES","og_type":"article","og_title":"Secret\u00e1rio do Turismo esteve recentemente na Freguesia de Santa Cruz - Di\u00e1rio da Lagoa","og_description":"A Junta de Freguesia de Santa Cruz &#8211; Lagoa recebeu recentemente, na sua sede, o Secret\u00e1rio Regional do Turismo e Transportes Vitor Fraga, assim como o Diretor Regional das Obras P\u00fablicas, Tecnologia e Comunica\u00e7\u00f5es Bruno Pacheco. Esta visita teve como prop\u00f3sito principal conhecer e avaliar o atual estado da obra &#8220;Edif\u00edcio Polivalente&#8221; com vista \u00e0 [&hellip;]","og_url":"https:\/\/diariodalagoa.pt\/es\/secretario-do-turismo-esteve-recentemente-na-freguesia-de-santa-cruz\/","og_site_name":"Di\u00e1rio da Lagoa","article_published_time":"2014-01-25T16:40:25+00:00","article_modified_time":"2025-06-10T22:31:23+00:00","og_image":[{"width":600,"height":300,"url":"https:\/\/diariodalagoa.pt\/wp-content\/uploads\/2014\/01\/lagoa-st-cruz-junta.jpg","type":"image\/jpeg"}],"author":"Di\u00e1rio da Lagoa","twitter_card":"summary_large_image","twitter_misc":{"Escrito por":"Di\u00e1rio da Lagoa","Tiempo de lectura":"1 minuto"},"schema":{"@context":"https:\/\/schema.org","@graph":[{"@type":"WebPage","@id":"https:\/\/diariodalagoa.pt\/secretario-do-turismo-esteve-recentemente-na-freguesia-de-santa-cruz\/","url":"https:\/\/diariodalagoa.pt\/secretario-do-turismo-esteve-recentemente-na-freguesia-de-santa-cruz\/","name":"Secret\u00e1rio do Turismo esteve recentemente na Freguesia de Santa Cruz - Di\u00e1rio da Lagoa","isPartOf":{"@id":"https:\/\/diariodalagoa.pt\/#website"},"datePublished":"2014-01-25T16:40:25+00:00","dateModified":"2025-06-10T22:31:23+00:00","author":{"@id":"https:\/\/diariodalagoa.pt\/#\/schema\/person\/1615a002370e8857b6f972834bc43ece"},"breadcrumb":{"@id":"https:\/\/diariodalagoa.pt\/secretario-do-turismo-esteve-recentemente-na-freguesia-de-santa-cruz\/#breadcrumb"},"inLanguage":"es","potentialAction":[{"@type":"ReadAction","target":["https:\/\/diariodalagoa.pt\/secretario-do-turismo-esteve-recentemente-na-freguesia-de-santa-cruz\/"]}]},{"@type":"BreadcrumbList","@id":"https:\/\/diariodalagoa.pt\/secretario-do-turismo-esteve-recentemente-na-freguesia-de-santa-cruz\/#breadcrumb","itemListElement":[{"@type":"ListItem","position":1,"name":"In\u00edcio","item":"https:\/\/diariodalagoa.pt\/"},{"@type":"ListItem","position":2,"name":"Secret\u00e1rio do Turismo esteve recentemente na Freguesia de Santa Cruz"}]},{"@type":"WebSite","@id":"https:\/\/diariodalagoa.pt\/#website","url":"https:\/\/diariodalagoa.pt\/","name":"Di\u00e1rio da Lagoa","description":"Di\u00e1rio da Lagoa. As not\u00edcias que contam. A partir da Lagoa, nos A\u00e7ores, para o mundo.","potentialAction":[{"@type":"SearchAction","target":{"@type":"EntryPoint","urlTemplate":"https:\/\/diariodalagoa.pt\/?s={search_term_string}"},"query-input":"required name=search_term_string"}],"inLanguage":"es"},{"@type":"Person","@id":"https:\/\/diariodalagoa.pt\/#\/schema\/person\/1615a002370e8857b6f972834bc43ece","name":"Di\u00e1rio da Lagoa","image":{"@type":"ImageObject","inLanguage":"es","@id":"https:\/\/diariodalagoa.pt\/#\/schema\/person\/image\/","url":"https:\/\/secure.gravatar.com\/avatar\/2cb5cef90a26f8fbd4d9d930608102c5?s=96&d=mm&r=g","contentUrl":"https:\/\/secure.gravatar.com\/avatar\/2cb5cef90a26f8fbd4d9d930608102c5?s=96&d=mm&r=g","caption":"Di\u00e1rio da Lagoa"},"url":"https:\/\/diariodalagoa.pt\/es\/author\/diariodalagoa\/"}]}},"_links":{"self":[{"href":"https:\/\/diariodalagoa.pt\/es\/wp-json\/wp\/v2\/posts\/168"}],"collection":[{"href":"https:\/\/diariodalagoa.pt\/es\/wp-json\/wp\/v2\/posts"}],"about":[{"href":"https:\/\/diariodalagoa.pt\/es\/wp-json\/wp\/v2\/types\/post"}],"author":[{"embeddable":true,"href":"https:\/\/diariodalagoa.pt\/es\/wp-json\/wp\/v2\/users\/2"}],"replies":[{"embeddable":true,"href":"https:\/\/diariodalagoa.pt\/es\/wp-json\/wp\/v2\/comments?post=168"}],"version-history":[{"count":1,"href":"https:\/\/diariodalagoa.pt\/es\/wp-json\/wp\/v2\/posts\/168\/revisions"}],"predecessor-version":[{"id":152712,"href":"https:\/\/diariodalagoa.pt\/es\/wp-json\/wp\/v2\/posts\/168\/revisions\/152712"}],"wp:featuredmedia":[{"embeddable":true,"href":"https:\/\/diariodalagoa.pt\/es\/wp-json\/wp\/v2\/media\/113477"}],"wp:attachment":[{"href":"https:\/\/diariodalagoa.pt\/es\/wp-json\/wp\/v2\/media?parent=168"}],"wp:term":[{"taxonomy":"category","embeddable":true,"href":"https:\/\/diariodalagoa.pt\/es\/wp-json\/wp\/v2\/categories?post=168"},{"taxonomy":"post_tag","embeddable":true,"href":"https:\/\/diariodalagoa.pt\/es\/wp-json\/wp\/v2\/tags?post=168"}],"curies":[{"name":"wp","href":"https:\/\/api.w.org\/{rel}","templated":true}]}}