{"id":1654,"date":"2014-03-10T16:43:57","date_gmt":"2014-03-10T17:43:57","guid":{"rendered":"http:\/\/diariodalagoa.pt\/?p=1654"},"modified":"2014-03-10T16:43:57","modified_gmt":"2014-03-10T17:43:57","slug":"vasco-cordeiro-recebe-presidente-da-federacao-portuguesa-de-futebol","status":"publish","type":"post","link":"https:\/\/diariodalagoa.pt\/es\/vasco-cordeiro-recebe-presidente-da-federacao-portuguesa-de-futebol\/","title":{"rendered":"Vasco Cordeiro recebe Presidente da Federa\u00e7\u00e3o Portuguesa de Futebol"},"content":{"rendered":"<div id=\"attachment_1655\" style=\"width: 730px\" class=\"wp-caption alignnone\"><a href=\"http:\/\/diariodalagoa.pt\/wp-content\/uploads\/2014\/03\/2201.jpg\"><img aria-describedby=\"caption-attachment-1655\" decoding=\"async\" class=\"size-full wp-image-1655\" alt=\"(c) Gacs\" src=\"http:\/\/diariodalagoa.pt\/wp-content\/uploads\/2014\/03\/2201.jpg\" width=\"720\" height=\"380\" \/><\/a><p id=\"caption-attachment-1655\" class=\"wp-caption-text\">(c) Gacs<\/p><\/div>\n<p style=\"text-align: justify;\"><span style=\"color: #000000;\">O Presidente do Governo manifestou a disponibilidade do Executivo para fazer parte da solu\u00e7\u00e3o no que diz respeito \u00e0 participa\u00e7\u00e3o a\u00e7oriana nas competi\u00e7\u00f5es nacionais de futebol, no \u00e2mbito da reformula\u00e7\u00e3o dos quadros competitivos, mas recusou que seja apenas a Regi\u00e3o a suportar os custos do princ\u00edpio da continuidade territorial.<\/span><\/p>\n<p style=\"text-align: justify;\"><span style=\"color: #000000;\">Vasco Cordeiro, que falava ap\u00f3s ter recebido o Presidente da Federa\u00e7\u00e3o Portuguesa de Futebol (FPF), Fernando Gomes, salientou que, relativamente a este processo, h\u00e1 agora um conjunto de contactos que ser\u00e3o desencadeados.<\/span><\/p>\n<p style=\"text-align: justify;\"><span style=\"color: #000000;\">Vasco Cordeiro salientou que\u00a0esta preocupa\u00e7\u00e3o do Governo dos A\u00e7ores tem sido manifestada por v\u00e1rias\u00a0vezes em\u00a0diversos n\u00edveis, uma vez que, tamb\u00e9m nesta mat\u00e9ria, \u201cn\u00e3o se pode criar um afastamento maior do que aquele que a natureza imp\u00f4s\u201d.<\/span><\/p>\n<p style=\"text-align: justify;\"><span style=\"color: #000000;\">Ap\u00f3s o encontro, em que participou tamb\u00e9m o Vice-Presidente da FPF, Rui Manhoso, e o diretor Pedro Resendes (Pauleta), Vasco Cordeiro reafirmou que o Desporto, conforme \u00e9 p\u00fablico, \u00e9 uma das \u00e1reas que o Governo dos A\u00e7ores tem elencado como um dos ve\u00edculos de promo\u00e7\u00e3o da Regi\u00e3o e de aumento da sua notoriedade no exterior.<\/span><\/p>\n<p style=\"text-align: justify;\"><span style=\"color: #000000;\"><em>DL\/GaCS<\/em><\/span><\/p>","protected":false},"excerpt":{"rendered":"<p>O Presidente do Governo manifestou a disponibilidade do Executivo para fazer parte da solu\u00e7\u00e3o no que diz respeito \u00e0 participa\u00e7\u00e3o a\u00e7oriana nas competi\u00e7\u00f5es nacionais de futebol, no \u00e2mbito da reformula\u00e7\u00e3o dos quadros competitivos, mas recusou que seja apenas a Regi\u00e3o a suportar os custos do princ\u00edpio da continuidade territorial. Vasco Cordeiro, que falava ap\u00f3s ter [&hellip;]<\/p>","protected":false},"author":2,"featured_media":122085,"comment_status":"open","ping_status":"open","sticky":false,"template":"","format":"standard","meta":[],"categories":[21],"tags":[],"acf":[],"yoast_head":"<!-- This site is optimized with the Yoast SEO plugin v20.10 - https:\/\/yoast.com\/wordpress\/plugins\/seo\/ -->\n<title>Vasco Cordeiro recebe Presidente da Federa\u00e7\u00e3o Portuguesa de Futebol - Di\u00e1rio da Lagoa<\/title>\n<meta name=\"robots\" content=\"index, follow, max-snippet:-1, max-image-preview:large, max-video-preview:-1\" \/>\n<link rel=\"canonical\" href=\"https:\/\/diariodalagoa.pt\/es\/vasco-cordeiro-recebe-presidente-da-federacao-portuguesa-de-futebol\/\" \/>\n<meta property=\"og:locale\" content=\"es_ES\" \/>\n<meta property=\"og:type\" content=\"article\" \/>\n<meta property=\"og:title\" content=\"Vasco Cordeiro recebe Presidente da Federa\u00e7\u00e3o Portuguesa de Futebol - Di\u00e1rio da Lagoa\" \/>\n<meta property=\"og:description\" content=\"O Presidente do Governo manifestou a disponibilidade do Executivo para fazer parte da solu\u00e7\u00e3o no que diz respeito \u00e0 participa\u00e7\u00e3o a\u00e7oriana nas competi\u00e7\u00f5es nacionais de futebol, no \u00e2mbito da reformula\u00e7\u00e3o dos quadros competitivos, mas recusou que seja apenas a Regi\u00e3o a suportar os custos do princ\u00edpio da continuidade territorial. Vasco Cordeiro, que falava ap\u00f3s ter [&hellip;]\" \/>\n<meta property=\"og:url\" content=\"https:\/\/diariodalagoa.pt\/es\/vasco-cordeiro-recebe-presidente-da-federacao-portuguesa-de-futebol\/\" \/>\n<meta property=\"og:site_name\" content=\"Di\u00e1rio da Lagoa\" \/>\n<meta property=\"article:published_time\" content=\"2014-03-10T17:43:57+00:00\" \/>\n<meta property=\"og:image\" content=\"https:\/\/diariodalagoa.pt\/wp-content\/uploads\/2014\/03\/2201.jpg\" \/>\n\t<meta property=\"og:image:width\" content=\"720\" \/>\n\t<meta property=\"og:image:height\" content=\"380\" \/>\n\t<meta property=\"og:image:type\" content=\"image\/jpeg\" \/>\n<meta name=\"author\" content=\"Di\u00e1rio da Lagoa\" \/>\n<meta name=\"twitter:card\" content=\"summary_large_image\" \/>\n<meta name=\"twitter:label1\" content=\"Escrito por\" \/>\n\t<meta name=\"twitter:data1\" content=\"Di\u00e1rio da Lagoa\" \/>\n\t<meta name=\"twitter:label2\" content=\"Tiempo de lectura\" \/>\n\t<meta name=\"twitter:data2\" content=\"1 minuto\" \/>\n<script type=\"application\/ld+json\" class=\"yoast-schema-graph\">{\"@context\":\"https:\/\/schema.org\",\"@graph\":[{\"@type\":\"WebPage\",\"@id\":\"https:\/\/diariodalagoa.pt\/vasco-cordeiro-recebe-presidente-da-federacao-portuguesa-de-futebol\/\",\"url\":\"https:\/\/diariodalagoa.pt\/vasco-cordeiro-recebe-presidente-da-federacao-portuguesa-de-futebol\/\",\"name\":\"Vasco Cordeiro recebe Presidente da Federa\u00e7\u00e3o Portuguesa de Futebol - Di\u00e1rio da Lagoa\",\"isPartOf\":{\"@id\":\"https:\/\/diariodalagoa.pt\/#website\"},\"datePublished\":\"2014-03-10T17:43:57+00:00\",\"dateModified\":\"2014-03-10T17:43:57+00:00\",\"author\":{\"@id\":\"https:\/\/diariodalagoa.pt\/#\/schema\/person\/1615a002370e8857b6f972834bc43ece\"},\"breadcrumb\":{\"@id\":\"https:\/\/diariodalagoa.pt\/vasco-cordeiro-recebe-presidente-da-federacao-portuguesa-de-futebol\/#breadcrumb\"},\"inLanguage\":\"es\",\"potentialAction\":[{\"@type\":\"ReadAction\",\"target\":[\"https:\/\/diariodalagoa.pt\/vasco-cordeiro-recebe-presidente-da-federacao-portuguesa-de-futebol\/\"]}]},{\"@type\":\"BreadcrumbList\",\"@id\":\"https:\/\/diariodalagoa.pt\/vasco-cordeiro-recebe-presidente-da-federacao-portuguesa-de-futebol\/#breadcrumb\",\"itemListElement\":[{\"@type\":\"ListItem\",\"position\":1,\"name\":\"In\u00edcio\",\"item\":\"https:\/\/diariodalagoa.pt\/\"},{\"@type\":\"ListItem\",\"position\":2,\"name\":\"Vasco Cordeiro recebe Presidente da Federa\u00e7\u00e3o Portuguesa de Futebol\"}]},{\"@type\":\"WebSite\",\"@id\":\"https:\/\/diariodalagoa.pt\/#website\",\"url\":\"https:\/\/diariodalagoa.pt\/\",\"name\":\"Di\u00e1rio da Lagoa\",\"description\":\"Di\u00e1rio da Lagoa. As not\u00edcias que contam. A partir da Lagoa, nos A\u00e7ores, para o mundo.\",\"potentialAction\":[{\"@type\":\"SearchAction\",\"target\":{\"@type\":\"EntryPoint\",\"urlTemplate\":\"https:\/\/diariodalagoa.pt\/?s={search_term_string}\"},\"query-input\":\"required name=search_term_string\"}],\"inLanguage\":\"es\"},{\"@type\":\"Person\",\"@id\":\"https:\/\/diariodalagoa.pt\/#\/schema\/person\/1615a002370e8857b6f972834bc43ece\",\"name\":\"Di\u00e1rio da Lagoa\",\"image\":{\"@type\":\"ImageObject\",\"inLanguage\":\"es\",\"@id\":\"https:\/\/diariodalagoa.pt\/#\/schema\/person\/image\/\",\"url\":\"https:\/\/secure.gravatar.com\/avatar\/2cb5cef90a26f8fbd4d9d930608102c5?s=96&d=mm&r=g\",\"contentUrl\":\"https:\/\/secure.gravatar.com\/avatar\/2cb5cef90a26f8fbd4d9d930608102c5?s=96&d=mm&r=g\",\"caption\":\"Di\u00e1rio da Lagoa\"},\"url\":\"https:\/\/diariodalagoa.pt\/es\/author\/diariodalagoa\/\"}]}<\/script>\n<!-- \/ Yoast SEO plugin. -->","yoast_head_json":{"title":"Vasco Cordeiro recebe Presidente da Federa\u00e7\u00e3o Portuguesa de Futebol - Di\u00e1rio da Lagoa","robots":{"index":"index","follow":"follow","max-snippet":"max-snippet:-1","max-image-preview":"max-image-preview:large","max-video-preview":"max-video-preview:-1"},"canonical":"https:\/\/diariodalagoa.pt\/es\/vasco-cordeiro-recebe-presidente-da-federacao-portuguesa-de-futebol\/","og_locale":"es_ES","og_type":"article","og_title":"Vasco Cordeiro recebe Presidente da Federa\u00e7\u00e3o Portuguesa de Futebol - Di\u00e1rio da Lagoa","og_description":"O Presidente do Governo manifestou a disponibilidade do Executivo para fazer parte da solu\u00e7\u00e3o no que diz respeito \u00e0 participa\u00e7\u00e3o a\u00e7oriana nas competi\u00e7\u00f5es nacionais de futebol, no \u00e2mbito da reformula\u00e7\u00e3o dos quadros competitivos, mas recusou que seja apenas a Regi\u00e3o a suportar os custos do princ\u00edpio da continuidade territorial. Vasco Cordeiro, que falava ap\u00f3s ter [&hellip;]","og_url":"https:\/\/diariodalagoa.pt\/es\/vasco-cordeiro-recebe-presidente-da-federacao-portuguesa-de-futebol\/","og_site_name":"Di\u00e1rio da Lagoa","article_published_time":"2014-03-10T17:43:57+00:00","og_image":[{"width":720,"height":380,"url":"https:\/\/diariodalagoa.pt\/wp-content\/uploads\/2014\/03\/2201.jpg","type":"image\/jpeg"}],"author":"Di\u00e1rio da Lagoa","twitter_card":"summary_large_image","twitter_misc":{"Escrito por":"Di\u00e1rio da Lagoa","Tiempo de lectura":"1 minuto"},"schema":{"@context":"https:\/\/schema.org","@graph":[{"@type":"WebPage","@id":"https:\/\/diariodalagoa.pt\/vasco-cordeiro-recebe-presidente-da-federacao-portuguesa-de-futebol\/","url":"https:\/\/diariodalagoa.pt\/vasco-cordeiro-recebe-presidente-da-federacao-portuguesa-de-futebol\/","name":"Vasco Cordeiro recebe Presidente da Federa\u00e7\u00e3o Portuguesa de Futebol - Di\u00e1rio da Lagoa","isPartOf":{"@id":"https:\/\/diariodalagoa.pt\/#website"},"datePublished":"2014-03-10T17:43:57+00:00","dateModified":"2014-03-10T17:43:57+00:00","author":{"@id":"https:\/\/diariodalagoa.pt\/#\/schema\/person\/1615a002370e8857b6f972834bc43ece"},"breadcrumb":{"@id":"https:\/\/diariodalagoa.pt\/vasco-cordeiro-recebe-presidente-da-federacao-portuguesa-de-futebol\/#breadcrumb"},"inLanguage":"es","potentialAction":[{"@type":"ReadAction","target":["https:\/\/diariodalagoa.pt\/vasco-cordeiro-recebe-presidente-da-federacao-portuguesa-de-futebol\/"]}]},{"@type":"BreadcrumbList","@id":"https:\/\/diariodalagoa.pt\/vasco-cordeiro-recebe-presidente-da-federacao-portuguesa-de-futebol\/#breadcrumb","itemListElement":[{"@type":"ListItem","position":1,"name":"In\u00edcio","item":"https:\/\/diariodalagoa.pt\/"},{"@type":"ListItem","position":2,"name":"Vasco Cordeiro recebe Presidente da Federa\u00e7\u00e3o Portuguesa de Futebol"}]},{"@type":"WebSite","@id":"https:\/\/diariodalagoa.pt\/#website","url":"https:\/\/diariodalagoa.pt\/","name":"Di\u00e1rio da Lagoa","description":"Di\u00e1rio da Lagoa. As not\u00edcias que contam. A partir da Lagoa, nos A\u00e7ores, para o mundo.","potentialAction":[{"@type":"SearchAction","target":{"@type":"EntryPoint","urlTemplate":"https:\/\/diariodalagoa.pt\/?s={search_term_string}"},"query-input":"required name=search_term_string"}],"inLanguage":"es"},{"@type":"Person","@id":"https:\/\/diariodalagoa.pt\/#\/schema\/person\/1615a002370e8857b6f972834bc43ece","name":"Di\u00e1rio da Lagoa","image":{"@type":"ImageObject","inLanguage":"es","@id":"https:\/\/diariodalagoa.pt\/#\/schema\/person\/image\/","url":"https:\/\/secure.gravatar.com\/avatar\/2cb5cef90a26f8fbd4d9d930608102c5?s=96&d=mm&r=g","contentUrl":"https:\/\/secure.gravatar.com\/avatar\/2cb5cef90a26f8fbd4d9d930608102c5?s=96&d=mm&r=g","caption":"Di\u00e1rio da Lagoa"},"url":"https:\/\/diariodalagoa.pt\/es\/author\/diariodalagoa\/"}]}},"_links":{"self":[{"href":"https:\/\/diariodalagoa.pt\/es\/wp-json\/wp\/v2\/posts\/1654"}],"collection":[{"href":"https:\/\/diariodalagoa.pt\/es\/wp-json\/wp\/v2\/posts"}],"about":[{"href":"https:\/\/diariodalagoa.pt\/es\/wp-json\/wp\/v2\/types\/post"}],"author":[{"embeddable":true,"href":"https:\/\/diariodalagoa.pt\/es\/wp-json\/wp\/v2\/users\/2"}],"replies":[{"embeddable":true,"href":"https:\/\/diariodalagoa.pt\/es\/wp-json\/wp\/v2\/comments?post=1654"}],"version-history":[{"count":0,"href":"https:\/\/diariodalagoa.pt\/es\/wp-json\/wp\/v2\/posts\/1654\/revisions"}],"wp:featuredmedia":[{"embeddable":true,"href":"https:\/\/diariodalagoa.pt\/es\/wp-json\/wp\/v2\/media\/122085"}],"wp:attachment":[{"href":"https:\/\/diariodalagoa.pt\/es\/wp-json\/wp\/v2\/media?parent=1654"}],"wp:term":[{"taxonomy":"category","embeddable":true,"href":"https:\/\/diariodalagoa.pt\/es\/wp-json\/wp\/v2\/categories?post=1654"},{"taxonomy":"post_tag","embeddable":true,"href":"https:\/\/diariodalagoa.pt\/es\/wp-json\/wp\/v2\/tags?post=1654"}],"curies":[{"name":"wp","href":"https:\/\/api.w.org\/{rel}","templated":true}]}}