{"id":1651,"date":"2014-03-10T16:06:16","date_gmt":"2014-03-10T17:06:16","guid":{"rendered":"http:\/\/diariodalagoa.pt\/?p=1651"},"modified":"2014-03-10T16:06:16","modified_gmt":"2014-03-10T17:06:16","slug":"projeto-antes-de-discriminares-conhece-arranca-em-abril-com-roteiro-da-igualdade","status":"publish","type":"post","link":"https:\/\/diariodalagoa.pt\/es\/projeto-antes-de-discriminares-conhece-arranca-em-abril-com-roteiro-da-igualdade\/","title":{"rendered":"Projeto &#8220;Antes de me Discriminares, Conhece-me!&#8221; arranca em abril com roteiro da igualdade"},"content":{"rendered":"<div id=\"attachment_1652\" style=\"width: 730px\" class=\"wp-caption alignnone\"><a href=\"http:\/\/diariodalagoa.pt\/wp-content\/uploads\/2014\/03\/2199.jpg\"><img aria-describedby=\"caption-attachment-1652\" decoding=\"async\" class=\"size-full wp-image-1652\" alt=\"(c) Gacs\" src=\"http:\/\/diariodalagoa.pt\/wp-content\/uploads\/2014\/03\/2199.jpg\" width=\"720\" height=\"380\" \/><\/a><p id=\"caption-attachment-1652\" class=\"wp-caption-text\">(c) Gacs<\/p><\/div>\n<p style=\"text-align: justify;\"><span style=\"color: #000000;\">O Roteiro da Igualdade assinala, em abril, o in\u00edcio da segunda\u00a0edi\u00e7\u00e3o do projeto \u201cAntes de me Discriminares, Conhece-me!\u201d, num total de tr\u00eas dezenas de a\u00e7\u00f5es de sensibiliza\u00e7\u00e3o que v\u00e3o abranger diretamente cerca de\u00a01.000 pessoas em todas as ilhas dos A\u00e7ores.\u00a0 <\/span><\/p>\n<p style=\"text-align: justify;\"><span style=\"color: #000000;\">O projeto visa articular a interven\u00e7\u00e3o social e a luta contra as discrimina\u00e7\u00f5es atrav\u00e9s da arte com uma s\u00e9rie de eventos e atividades que permitir\u00e3o aprofundar o conhecimento dos jovens e dos que ocupam um papel fundamental na sua forma\u00e7\u00e3o e integra\u00e7\u00e3o social. <\/span><\/p>\n<p style=\"text-align: justify;\"><span style=\"color: #000000;\">Nesse sentido, foi estabelecida uma parceria entre as dire\u00e7\u00f5es regionais da Juventude e\u00a0da Solidariedade Social e o CIPA- Novo Dia, tendo em vista a realiza\u00e7\u00e3o de uma campanha com ampla divulga\u00e7\u00e3o e visibilidade junto da juventude a\u00e7oriana. <\/span><\/p>\n<p style=\"text-align: justify;\"><span style=\"color: #000000;\">Na apresenta\u00e7\u00e3o do projeto, que decorreu com a presen\u00e7a das diretoras regionais da Solidariedade Social, Nat\u00e9rcia Gaspar, e da Juventude, Pilar Dami\u00e3o, foi destacado este exemplo de articula\u00e7\u00e3o entre associa\u00e7\u00f5es, institui\u00e7\u00f5es p\u00fablicas e privadas e p\u00fablico em geral no que se refere ao\u00a0combate \u00e0s discrimina\u00e7\u00f5es.\u00a0 <\/span><\/p>\n<p style=\"text-align: justify;\"><span style=\"color: #000000;\">Por seu lado, Nat\u00e9rcia Gaspar destacou\u00a0a necessidade de educar as atuais e as novas gera\u00e7\u00f5es para a import\u00e2ncia de se reconhecer, valorizar e acolher identidades plurais e rejeitar quaisquer formas de preconceito e de desrespeito aos direitos humanos.\u00a0<\/span><\/p>\n<p style=\"text-align: justify;\"><span style=\"color: #000000;\">O projeto \u201cAntes de me Discriminares, Conhece-me!\u201d, que decorre entre abril e dezembro, desenvolve-se em v\u00e1rias fases, com atividades como o roteiro da igualdade, oficinas de teatro, um concurso de cria\u00e7\u00e3o art\u00edstica de \u00e2mbito regional sobre a tem\u00e1tica da igualdade, uma mostra dos trabalhos selecionados no \u00e2mbito deste concurso e ainda a cria\u00e7\u00e3o da campanha regional \u201cN\u00e3o \u00e0 discrimina\u00e7\u00e3o\u201d, a implementar em 2015.<\/span><\/p>\n<p style=\"text-align: justify;\"><span style=\"color: #000000;\"><em>DL\/GaCs<\/em><\/span><\/p>","protected":false},"excerpt":{"rendered":"<p>O Roteiro da Igualdade assinala, em abril, o in\u00edcio da segunda\u00a0edi\u00e7\u00e3o do projeto \u201cAntes de me Discriminares, Conhece-me!\u201d, num total de tr\u00eas dezenas de a\u00e7\u00f5es de sensibiliza\u00e7\u00e3o que v\u00e3o abranger diretamente cerca de\u00a01.000 pessoas em todas as ilhas dos A\u00e7ores.\u00a0 O projeto visa articular a interven\u00e7\u00e3o social e a luta contra as discrimina\u00e7\u00f5es atrav\u00e9s da [&hellip;]<\/p>","protected":false},"author":2,"featured_media":122086,"comment_status":"open","ping_status":"open","sticky":false,"template":"","format":"standard","meta":[],"categories":[21],"tags":[],"acf":[],"yoast_head":"<!-- This site is optimized with the Yoast SEO plugin v20.10 - https:\/\/yoast.com\/wordpress\/plugins\/seo\/ -->\n<title>Projeto &quot;Antes de me Discriminares, Conhece-me!&quot; arranca em abril com roteiro da igualdade - Di\u00e1rio da Lagoa<\/title>\n<meta name=\"robots\" content=\"index, follow, max-snippet:-1, max-image-preview:large, max-video-preview:-1\" \/>\n<link rel=\"canonical\" href=\"https:\/\/diariodalagoa.pt\/es\/projeto-antes-de-discriminares-conhece-arranca-em-abril-com-roteiro-da-igualdade\/\" \/>\n<meta property=\"og:locale\" content=\"es_ES\" \/>\n<meta property=\"og:type\" content=\"article\" \/>\n<meta property=\"og:title\" content=\"Projeto &quot;Antes de me Discriminares, Conhece-me!&quot; arranca em abril com roteiro da igualdade - Di\u00e1rio da Lagoa\" \/>\n<meta property=\"og:description\" content=\"O Roteiro da Igualdade assinala, em abril, o in\u00edcio da segunda\u00a0edi\u00e7\u00e3o do projeto \u201cAntes de me Discriminares, Conhece-me!\u201d, num total de tr\u00eas dezenas de a\u00e7\u00f5es de sensibiliza\u00e7\u00e3o que v\u00e3o abranger diretamente cerca de\u00a01.000 pessoas em todas as ilhas dos A\u00e7ores.\u00a0 O projeto visa articular a interven\u00e7\u00e3o social e a luta contra as discrimina\u00e7\u00f5es atrav\u00e9s da [&hellip;]\" \/>\n<meta property=\"og:url\" content=\"https:\/\/diariodalagoa.pt\/es\/projeto-antes-de-discriminares-conhece-arranca-em-abril-com-roteiro-da-igualdade\/\" \/>\n<meta property=\"og:site_name\" content=\"Di\u00e1rio da Lagoa\" \/>\n<meta property=\"article:published_time\" content=\"2014-03-10T17:06:16+00:00\" \/>\n<meta property=\"og:image\" content=\"https:\/\/diariodalagoa.pt\/wp-content\/uploads\/2014\/03\/2199.jpg\" \/>\n\t<meta property=\"og:image:width\" content=\"720\" \/>\n\t<meta property=\"og:image:height\" content=\"380\" \/>\n\t<meta property=\"og:image:type\" content=\"image\/jpeg\" \/>\n<meta name=\"author\" content=\"Di\u00e1rio da Lagoa\" \/>\n<meta name=\"twitter:card\" content=\"summary_large_image\" \/>\n<meta name=\"twitter:label1\" content=\"Escrito por\" \/>\n\t<meta name=\"twitter:data1\" content=\"Di\u00e1rio da Lagoa\" \/>\n\t<meta name=\"twitter:label2\" content=\"Tiempo de lectura\" \/>\n\t<meta name=\"twitter:data2\" content=\"2 minutos\" \/>\n<script type=\"application\/ld+json\" class=\"yoast-schema-graph\">{\"@context\":\"https:\/\/schema.org\",\"@graph\":[{\"@type\":\"WebPage\",\"@id\":\"https:\/\/diariodalagoa.pt\/projeto-antes-de-discriminares-conhece-arranca-em-abril-com-roteiro-da-igualdade\/\",\"url\":\"https:\/\/diariodalagoa.pt\/projeto-antes-de-discriminares-conhece-arranca-em-abril-com-roteiro-da-igualdade\/\",\"name\":\"Projeto \\\"Antes de me Discriminares, Conhece-me!\\\" arranca em abril com roteiro da igualdade - Di\u00e1rio da Lagoa\",\"isPartOf\":{\"@id\":\"https:\/\/diariodalagoa.pt\/#website\"},\"datePublished\":\"2014-03-10T17:06:16+00:00\",\"dateModified\":\"2014-03-10T17:06:16+00:00\",\"author\":{\"@id\":\"https:\/\/diariodalagoa.pt\/#\/schema\/person\/1615a002370e8857b6f972834bc43ece\"},\"breadcrumb\":{\"@id\":\"https:\/\/diariodalagoa.pt\/projeto-antes-de-discriminares-conhece-arranca-em-abril-com-roteiro-da-igualdade\/#breadcrumb\"},\"inLanguage\":\"es\",\"potentialAction\":[{\"@type\":\"ReadAction\",\"target\":[\"https:\/\/diariodalagoa.pt\/projeto-antes-de-discriminares-conhece-arranca-em-abril-com-roteiro-da-igualdade\/\"]}]},{\"@type\":\"BreadcrumbList\",\"@id\":\"https:\/\/diariodalagoa.pt\/projeto-antes-de-discriminares-conhece-arranca-em-abril-com-roteiro-da-igualdade\/#breadcrumb\",\"itemListElement\":[{\"@type\":\"ListItem\",\"position\":1,\"name\":\"In\u00edcio\",\"item\":\"https:\/\/diariodalagoa.pt\/\"},{\"@type\":\"ListItem\",\"position\":2,\"name\":\"Projeto &#8220;Antes de me Discriminares, Conhece-me!&#8221; arranca em abril com roteiro da igualdade\"}]},{\"@type\":\"WebSite\",\"@id\":\"https:\/\/diariodalagoa.pt\/#website\",\"url\":\"https:\/\/diariodalagoa.pt\/\",\"name\":\"Di\u00e1rio da Lagoa\",\"description\":\"Di\u00e1rio da Lagoa. As not\u00edcias que contam. A partir da Lagoa, nos A\u00e7ores, para o mundo.\",\"potentialAction\":[{\"@type\":\"SearchAction\",\"target\":{\"@type\":\"EntryPoint\",\"urlTemplate\":\"https:\/\/diariodalagoa.pt\/?s={search_term_string}\"},\"query-input\":\"required name=search_term_string\"}],\"inLanguage\":\"es\"},{\"@type\":\"Person\",\"@id\":\"https:\/\/diariodalagoa.pt\/#\/schema\/person\/1615a002370e8857b6f972834bc43ece\",\"name\":\"Di\u00e1rio da Lagoa\",\"image\":{\"@type\":\"ImageObject\",\"inLanguage\":\"es\",\"@id\":\"https:\/\/diariodalagoa.pt\/#\/schema\/person\/image\/\",\"url\":\"https:\/\/secure.gravatar.com\/avatar\/2cb5cef90a26f8fbd4d9d930608102c5?s=96&d=mm&r=g\",\"contentUrl\":\"https:\/\/secure.gravatar.com\/avatar\/2cb5cef90a26f8fbd4d9d930608102c5?s=96&d=mm&r=g\",\"caption\":\"Di\u00e1rio da Lagoa\"},\"url\":\"https:\/\/diariodalagoa.pt\/es\/author\/diariodalagoa\/\"}]}<\/script>\n<!-- \/ Yoast SEO plugin. -->","yoast_head_json":{"title":"Projeto \"Antes de me Discriminares, Conhece-me!\" arranca em abril com roteiro da igualdade - Di\u00e1rio da Lagoa","robots":{"index":"index","follow":"follow","max-snippet":"max-snippet:-1","max-image-preview":"max-image-preview:large","max-video-preview":"max-video-preview:-1"},"canonical":"https:\/\/diariodalagoa.pt\/es\/projeto-antes-de-discriminares-conhece-arranca-em-abril-com-roteiro-da-igualdade\/","og_locale":"es_ES","og_type":"article","og_title":"Projeto \"Antes de me Discriminares, Conhece-me!\" arranca em abril com roteiro da igualdade - Di\u00e1rio da Lagoa","og_description":"O Roteiro da Igualdade assinala, em abril, o in\u00edcio da segunda\u00a0edi\u00e7\u00e3o do projeto \u201cAntes de me Discriminares, Conhece-me!\u201d, num total de tr\u00eas dezenas de a\u00e7\u00f5es de sensibiliza\u00e7\u00e3o que v\u00e3o abranger diretamente cerca de\u00a01.000 pessoas em todas as ilhas dos A\u00e7ores.\u00a0 O projeto visa articular a interven\u00e7\u00e3o social e a luta contra as discrimina\u00e7\u00f5es atrav\u00e9s da [&hellip;]","og_url":"https:\/\/diariodalagoa.pt\/es\/projeto-antes-de-discriminares-conhece-arranca-em-abril-com-roteiro-da-igualdade\/","og_site_name":"Di\u00e1rio da Lagoa","article_published_time":"2014-03-10T17:06:16+00:00","og_image":[{"width":720,"height":380,"url":"https:\/\/diariodalagoa.pt\/wp-content\/uploads\/2014\/03\/2199.jpg","type":"image\/jpeg"}],"author":"Di\u00e1rio da Lagoa","twitter_card":"summary_large_image","twitter_misc":{"Escrito por":"Di\u00e1rio da Lagoa","Tiempo de lectura":"2 minutos"},"schema":{"@context":"https:\/\/schema.org","@graph":[{"@type":"WebPage","@id":"https:\/\/diariodalagoa.pt\/projeto-antes-de-discriminares-conhece-arranca-em-abril-com-roteiro-da-igualdade\/","url":"https:\/\/diariodalagoa.pt\/projeto-antes-de-discriminares-conhece-arranca-em-abril-com-roteiro-da-igualdade\/","name":"Projeto \"Antes de me Discriminares, Conhece-me!\" arranca em abril com roteiro da igualdade - Di\u00e1rio da Lagoa","isPartOf":{"@id":"https:\/\/diariodalagoa.pt\/#website"},"datePublished":"2014-03-10T17:06:16+00:00","dateModified":"2014-03-10T17:06:16+00:00","author":{"@id":"https:\/\/diariodalagoa.pt\/#\/schema\/person\/1615a002370e8857b6f972834bc43ece"},"breadcrumb":{"@id":"https:\/\/diariodalagoa.pt\/projeto-antes-de-discriminares-conhece-arranca-em-abril-com-roteiro-da-igualdade\/#breadcrumb"},"inLanguage":"es","potentialAction":[{"@type":"ReadAction","target":["https:\/\/diariodalagoa.pt\/projeto-antes-de-discriminares-conhece-arranca-em-abril-com-roteiro-da-igualdade\/"]}]},{"@type":"BreadcrumbList","@id":"https:\/\/diariodalagoa.pt\/projeto-antes-de-discriminares-conhece-arranca-em-abril-com-roteiro-da-igualdade\/#breadcrumb","itemListElement":[{"@type":"ListItem","position":1,"name":"In\u00edcio","item":"https:\/\/diariodalagoa.pt\/"},{"@type":"ListItem","position":2,"name":"Projeto &#8220;Antes de me Discriminares, Conhece-me!&#8221; arranca em abril com roteiro da igualdade"}]},{"@type":"WebSite","@id":"https:\/\/diariodalagoa.pt\/#website","url":"https:\/\/diariodalagoa.pt\/","name":"Di\u00e1rio da Lagoa","description":"Di\u00e1rio da Lagoa. As not\u00edcias que contam. A partir da Lagoa, nos A\u00e7ores, para o mundo.","potentialAction":[{"@type":"SearchAction","target":{"@type":"EntryPoint","urlTemplate":"https:\/\/diariodalagoa.pt\/?s={search_term_string}"},"query-input":"required name=search_term_string"}],"inLanguage":"es"},{"@type":"Person","@id":"https:\/\/diariodalagoa.pt\/#\/schema\/person\/1615a002370e8857b6f972834bc43ece","name":"Di\u00e1rio da Lagoa","image":{"@type":"ImageObject","inLanguage":"es","@id":"https:\/\/diariodalagoa.pt\/#\/schema\/person\/image\/","url":"https:\/\/secure.gravatar.com\/avatar\/2cb5cef90a26f8fbd4d9d930608102c5?s=96&d=mm&r=g","contentUrl":"https:\/\/secure.gravatar.com\/avatar\/2cb5cef90a26f8fbd4d9d930608102c5?s=96&d=mm&r=g","caption":"Di\u00e1rio da Lagoa"},"url":"https:\/\/diariodalagoa.pt\/es\/author\/diariodalagoa\/"}]}},"_links":{"self":[{"href":"https:\/\/diariodalagoa.pt\/es\/wp-json\/wp\/v2\/posts\/1651"}],"collection":[{"href":"https:\/\/diariodalagoa.pt\/es\/wp-json\/wp\/v2\/posts"}],"about":[{"href":"https:\/\/diariodalagoa.pt\/es\/wp-json\/wp\/v2\/types\/post"}],"author":[{"embeddable":true,"href":"https:\/\/diariodalagoa.pt\/es\/wp-json\/wp\/v2\/users\/2"}],"replies":[{"embeddable":true,"href":"https:\/\/diariodalagoa.pt\/es\/wp-json\/wp\/v2\/comments?post=1651"}],"version-history":[{"count":0,"href":"https:\/\/diariodalagoa.pt\/es\/wp-json\/wp\/v2\/posts\/1651\/revisions"}],"wp:featuredmedia":[{"embeddable":true,"href":"https:\/\/diariodalagoa.pt\/es\/wp-json\/wp\/v2\/media\/122086"}],"wp:attachment":[{"href":"https:\/\/diariodalagoa.pt\/es\/wp-json\/wp\/v2\/media?parent=1651"}],"wp:term":[{"taxonomy":"category","embeddable":true,"href":"https:\/\/diariodalagoa.pt\/es\/wp-json\/wp\/v2\/categories?post=1651"},{"taxonomy":"post_tag","embeddable":true,"href":"https:\/\/diariodalagoa.pt\/es\/wp-json\/wp\/v2\/tags?post=1651"}],"curies":[{"name":"wp","href":"https:\/\/api.w.org\/{rel}","templated":true}]}}