{"id":163597,"date":"2026-04-30T22:00:41","date_gmt":"2026-04-30T22:00:41","guid":{"rendered":"https:\/\/diariodalagoa.pt\/?p=163597"},"modified":"2026-04-30T22:00:44","modified_gmt":"2026-04-30T22:00:44","slug":"bolieiro-e-o-divorcio-com-hora-marcada-ver-para-crer","status":"publish","type":"post","link":"https:\/\/diariodalagoa.pt\/es\/bolieiro-e-o-divorcio-com-hora-marcada-ver-para-crer\/","title":{"rendered":"Bolieiro e o Div\u00f3rcio com Hora Marcada: Ver para Crer"},"content":{"rendered":"<div class=\"wp-block-image is-style-rounded\">\n<figure class=\"aligncenter size-full is-resized\"><img decoding=\"async\" src=\"https:\/\/diariodalagoa.pt\/wp-content\/uploads\/2023\/05\/venicio-costa-ponte.jpg\" alt=\"\" class=\"wp-image-109784\" width=\"384\" height=\"385\" srcset=\"https:\/\/diariodalagoa.pt\/wp-content\/uploads\/2023\/05\/venicio-costa-ponte.jpg 956w, https:\/\/diariodalagoa.pt\/wp-content\/uploads\/2023\/05\/venicio-costa-ponte-300x300.jpg 300w, https:\/\/diariodalagoa.pt\/wp-content\/uploads\/2023\/05\/venicio-costa-ponte-150x150.jpg 150w, https:\/\/diariodalagoa.pt\/wp-content\/uploads\/2023\/05\/venicio-costa-ponte-768x771.jpg 768w\" sizes=\"(max-width: 384px) 100vw, 384px\" \/><\/figure><\/div>\n\n\n<div style=\"height:25px\" aria-hidden=\"true\" class=\"wp-block-spacer\"><\/div>\n\n\n<p style=\"text-align: center;\"><strong>Venicio da Costa Ponte<br \/><\/strong>Vice-coordenador da Iniciativa Liberal A\u00e7ores<\/p>\n\n\n<div style=\"height:25px\" aria-hidden=\"true\" class=\"wp-block-spacer\"><\/div>\n\n\n<p>H\u00e1 manh\u00e3s em que a leitura da imprensa regional nos devolve uma dose de entretenimento que nenhum algoritmo de Intelig\u00eancia Artificial conseguiria replicar. Estava eu, no meu habitual p\u00e9riplo pelas not\u00edcias das nossas nove ilhas, quando me deparo com uma declara\u00e7\u00e3o de Jos\u00e9 Manuel Bolieiro que merece figurar no pante\u00e3o do otimismo antropol\u00f3gico: em 2028, o PSD concorrer\u00e1 sozinho.<\/p>\n<p>Tal como o ap\u00f3stolo S\u00e3o Tom\u00e9, confesso que a minha natureza \u00e9 a da d\u00favida met\u00f3dica. &#8220;S\u00f3 vendo&#8221;, pensei eu, enquanto tentava processar a ideia de um partido que governa em coliga\u00e7\u00e3o tripartida \u2014 e que ainda assim precisa de equilibrar pratos com o Chega, a IL e o PAN para n\u00e3o deixar cair o or\u00e7amento \u2014 anunciar, com dois anos de anteced\u00eancia, que afinal j\u00e1 n\u00e3o precisa de companhia para ir ao baile.<\/p>\n<p>O sarcasmo \u00e9 inevit\u00e1vel. Bolieiro garante que &#8220;n\u00e3o h\u00e1 risco de melindres&#8221; entre os parceiros CDS e PPM. \u00c9 uma forma elegante de dizer que o div\u00f3rcio est\u00e1 assinado antes mesmo da renova\u00e7\u00e3o dos votos, mas que, at\u00e9 l\u00e1, todos continuam a partilhar o mesmo teto institucional com um sorriso diplom\u00e1tico. \u00c9 a pol\u00edtica do &#8220;estamos bem&#8221;, embora a perce\u00e7\u00e3o p\u00fablica, como a pr\u00f3pria entrevista sugere, insinue por vezes que o vice-presidente manda mais do que o presidente. Bolieiro desmente, claro. Mas na pol\u00edtica, como na f\u00edsica, quando se gasta tanta energia a desmentir quem manda, \u00e9 porque a autoridade est\u00e1 a ser exercida por osmose.<\/p>\n<p>Para um liberal, esta s\u00fabita vontade de &#8220;solid\u00e3o&#8221; do PSD A\u00e7ores levanta quest\u00f5es interessantes. Se o PSD quer concorrer sozinho para &#8220;n\u00e3o se anular&#8221;, por que raz\u00e3o n\u00e3o aproveita essa clareza de lideran\u00e7a agora? Por que raz\u00e3o continuamos a ver uma governa\u00e7\u00e3o que, nas Lajes, admite a ingenuidade do otimismo e, na SATA, navega entre a aus\u00eancia de pessimismos e a falta de solu\u00e7\u00f5es concretas para a sa\u00edda da Ryanair?<\/p>\n<p>A vis\u00e3o de futuro que os A\u00e7ores exigem n\u00e3o passa por saber se o PSD vai sozinho ou acompanhado ao altar das urnas em 2028. Passa por saber se teremos a coragem de transformar a Regi\u00e3o num polo de competitividade real, livre da &#8220;depend\u00eancia cr\u00f3nica das transfer\u00eancias do Estado&#8221; que o pr\u00f3prio Bolieiro critica ao apontar o dedo \u00e0 Lei das Finan\u00e7as Regionais. Culpar o centralismo de Lisboa \u00e9 o desporto nacional preferido de qualquer governo regional, mas a verdadeira autonomia conquista-se com reformas, com o tal &#8220;choque fiscal&#8221; que atraia investimento.<\/p>\n<p>Em 2028, veremos se o PSD vai sozinho. At\u00e9 l\u00e1, ficamos com a promessa da &#8220;palavra dada&#8221;. Prefiro focar-me nos resultados dados. Porque, no fim do dia, o que interessa ao pagador de impostos a\u00e7oriano n\u00e3o \u00e9 a composi\u00e7\u00e3o da lista eleitoral, mas sim se o governo \u2014 seja ele de que cor for \u2014 tem a coragem de tirar a m\u00e3o do seu bolso e deixar a economia respirar. Veremos.<\/p>","protected":false},"excerpt":{"rendered":"<p>\u00abH\u00e1 manh\u00e3s em que a leitura da imprensa regional nos devolve uma dose de entretenimento que nenhum algoritmo de Intelig\u00eancia Artificial conseguiria replicar.\u00bb<\/p>","protected":false},"author":2,"featured_media":109792,"comment_status":"open","ping_status":"closed","sticky":false,"template":"","format":"standard","meta":[],"categories":[11],"tags":[114,331,648,1573,2207,2528,2746,5048],"acf":[],"yoast_head":"<!-- This site is optimized with the Yoast SEO plugin v20.10 - https:\/\/yoast.com\/wordpress\/plugins\/seo\/ -->\n<title>Bolieiro e o Div\u00f3rcio com Hora Marcada: Ver para Crer - Di\u00e1rio da Lagoa<\/title>\n<meta name=\"description\" content=\"\u00abH\u00e1 manh\u00e3s em que a leitura da imprensa regional nos devolve uma dose de entretenimento que nenhum algoritmo de Intelig\u00eancia Artificial conseguiria replicar.\u00bb\" \/>\n<meta name=\"robots\" content=\"index, follow, max-snippet:-1, max-image-preview:large, max-video-preview:-1\" \/>\n<link rel=\"canonical\" href=\"https:\/\/diariodalagoa.pt\/es\/bolieiro-e-o-divorcio-com-hora-marcada-ver-para-crer\/\" \/>\n<meta property=\"og:locale\" content=\"es_ES\" \/>\n<meta property=\"og:type\" content=\"article\" \/>\n<meta property=\"og:title\" content=\"Bolieiro e o Div\u00f3rcio com Hora Marcada: Ver para Crer - Di\u00e1rio da Lagoa\" \/>\n<meta property=\"og:description\" content=\"\u00abH\u00e1 manh\u00e3s em que a leitura da imprensa regional nos devolve uma dose de entretenimento que nenhum algoritmo de Intelig\u00eancia Artificial conseguiria replicar.\u00bb\" \/>\n<meta property=\"og:url\" content=\"https:\/\/diariodalagoa.pt\/es\/bolieiro-e-o-divorcio-com-hora-marcada-ver-para-crer\/\" \/>\n<meta property=\"og:site_name\" content=\"Di\u00e1rio da Lagoa\" \/>\n<meta property=\"article:published_time\" content=\"2026-04-30T22:00:41+00:00\" \/>\n<meta property=\"article:modified_time\" content=\"2026-04-30T22:00:44+00:00\" \/>\n<meta property=\"og:image\" content=\"https:\/\/diariodalagoa.pt\/wp-content\/uploads\/2023\/04\/venicio-costa-ponte-e1743589239881.jpg\" \/>\n\t<meta property=\"og:image:width\" content=\"956\" \/>\n\t<meta property=\"og:image:height\" content=\"960\" \/>\n\t<meta property=\"og:image:type\" content=\"image\/jpeg\" \/>\n<meta name=\"author\" content=\"Di\u00e1rio da Lagoa\" \/>\n<meta name=\"twitter:card\" content=\"summary_large_image\" \/>\n<meta name=\"twitter:label1\" content=\"Escrito por\" \/>\n\t<meta name=\"twitter:data1\" content=\"Di\u00e1rio da Lagoa\" \/>\n\t<meta name=\"twitter:label2\" content=\"Tiempo de lectura\" \/>\n\t<meta name=\"twitter:data2\" content=\"3 minutos\" \/>\n<script type=\"application\/ld+json\" class=\"yoast-schema-graph\">{\"@context\":\"https:\/\/schema.org\",\"@graph\":[{\"@type\":\"WebPage\",\"@id\":\"https:\/\/diariodalagoa.pt\/bolieiro-e-o-divorcio-com-hora-marcada-ver-para-crer\/\",\"url\":\"https:\/\/diariodalagoa.pt\/bolieiro-e-o-divorcio-com-hora-marcada-ver-para-crer\/\",\"name\":\"Bolieiro e o Div\u00f3rcio com Hora Marcada: Ver para Crer - Di\u00e1rio da Lagoa\",\"isPartOf\":{\"@id\":\"https:\/\/diariodalagoa.pt\/#website\"},\"datePublished\":\"2026-04-30T22:00:41+00:00\",\"dateModified\":\"2026-04-30T22:00:44+00:00\",\"author\":{\"@id\":\"https:\/\/diariodalagoa.pt\/#\/schema\/person\/1615a002370e8857b6f972834bc43ece\"},\"description\":\"\u00abH\u00e1 manh\u00e3s em que a leitura da imprensa regional nos devolve uma dose de entretenimento que nenhum algoritmo de Intelig\u00eancia Artificial conseguiria replicar.\u00bb\",\"breadcrumb\":{\"@id\":\"https:\/\/diariodalagoa.pt\/bolieiro-e-o-divorcio-com-hora-marcada-ver-para-crer\/#breadcrumb\"},\"inLanguage\":\"es\",\"potentialAction\":[{\"@type\":\"ReadAction\",\"target\":[\"https:\/\/diariodalagoa.pt\/bolieiro-e-o-divorcio-com-hora-marcada-ver-para-crer\/\"]}]},{\"@type\":\"BreadcrumbList\",\"@id\":\"https:\/\/diariodalagoa.pt\/bolieiro-e-o-divorcio-com-hora-marcada-ver-para-crer\/#breadcrumb\",\"itemListElement\":[{\"@type\":\"ListItem\",\"position\":1,\"name\":\"In\u00edcio\",\"item\":\"https:\/\/diariodalagoa.pt\/\"},{\"@type\":\"ListItem\",\"position\":2,\"name\":\"Bolieiro e o Div\u00f3rcio com Hora Marcada: Ver para Crer\"}]},{\"@type\":\"WebSite\",\"@id\":\"https:\/\/diariodalagoa.pt\/#website\",\"url\":\"https:\/\/diariodalagoa.pt\/\",\"name\":\"Di\u00e1rio da Lagoa\",\"description\":\"Di\u00e1rio da Lagoa. As not\u00edcias que contam. A partir da Lagoa, nos A\u00e7ores, para o mundo.\",\"potentialAction\":[{\"@type\":\"SearchAction\",\"target\":{\"@type\":\"EntryPoint\",\"urlTemplate\":\"https:\/\/diariodalagoa.pt\/?s={search_term_string}\"},\"query-input\":\"required name=search_term_string\"}],\"inLanguage\":\"es\"},{\"@type\":\"Person\",\"@id\":\"https:\/\/diariodalagoa.pt\/#\/schema\/person\/1615a002370e8857b6f972834bc43ece\",\"name\":\"Di\u00e1rio da Lagoa\",\"image\":{\"@type\":\"ImageObject\",\"inLanguage\":\"es\",\"@id\":\"https:\/\/diariodalagoa.pt\/#\/schema\/person\/image\/\",\"url\":\"https:\/\/secure.gravatar.com\/avatar\/2cb5cef90a26f8fbd4d9d930608102c5?s=96&d=mm&r=g\",\"contentUrl\":\"https:\/\/secure.gravatar.com\/avatar\/2cb5cef90a26f8fbd4d9d930608102c5?s=96&d=mm&r=g\",\"caption\":\"Di\u00e1rio da Lagoa\"},\"url\":\"https:\/\/diariodalagoa.pt\/es\/author\/diariodalagoa\/\"}]}<\/script>\n<!-- \/ Yoast SEO plugin. -->","yoast_head_json":{"title":"Bolieiro e o Div\u00f3rcio com Hora Marcada: Ver para Crer - Di\u00e1rio da Lagoa","description":"\u00abH\u00e1 manh\u00e3s em que a leitura da imprensa regional nos devolve uma dose de entretenimento que nenhum algoritmo de Intelig\u00eancia Artificial conseguiria replicar.\u00bb","robots":{"index":"index","follow":"follow","max-snippet":"max-snippet:-1","max-image-preview":"max-image-preview:large","max-video-preview":"max-video-preview:-1"},"canonical":"https:\/\/diariodalagoa.pt\/es\/bolieiro-e-o-divorcio-com-hora-marcada-ver-para-crer\/","og_locale":"es_ES","og_type":"article","og_title":"Bolieiro e o Div\u00f3rcio com Hora Marcada: Ver para Crer - Di\u00e1rio da Lagoa","og_description":"\u00abH\u00e1 manh\u00e3s em que a leitura da imprensa regional nos devolve uma dose de entretenimento que nenhum algoritmo de Intelig\u00eancia Artificial conseguiria replicar.\u00bb","og_url":"https:\/\/diariodalagoa.pt\/es\/bolieiro-e-o-divorcio-com-hora-marcada-ver-para-crer\/","og_site_name":"Di\u00e1rio da Lagoa","article_published_time":"2026-04-30T22:00:41+00:00","article_modified_time":"2026-04-30T22:00:44+00:00","og_image":[{"width":956,"height":960,"url":"https:\/\/diariodalagoa.pt\/wp-content\/uploads\/2023\/04\/venicio-costa-ponte-e1743589239881.jpg","type":"image\/jpeg"}],"author":"Di\u00e1rio da Lagoa","twitter_card":"summary_large_image","twitter_misc":{"Escrito por":"Di\u00e1rio da Lagoa","Tiempo de lectura":"3 minutos"},"schema":{"@context":"https:\/\/schema.org","@graph":[{"@type":"WebPage","@id":"https:\/\/diariodalagoa.pt\/bolieiro-e-o-divorcio-com-hora-marcada-ver-para-crer\/","url":"https:\/\/diariodalagoa.pt\/bolieiro-e-o-divorcio-com-hora-marcada-ver-para-crer\/","name":"Bolieiro e o Div\u00f3rcio com Hora Marcada: Ver para Crer - Di\u00e1rio da Lagoa","isPartOf":{"@id":"https:\/\/diariodalagoa.pt\/#website"},"datePublished":"2026-04-30T22:00:41+00:00","dateModified":"2026-04-30T22:00:44+00:00","author":{"@id":"https:\/\/diariodalagoa.pt\/#\/schema\/person\/1615a002370e8857b6f972834bc43ece"},"description":"\u00abH\u00e1 manh\u00e3s em que a leitura da imprensa regional nos devolve uma dose de entretenimento que nenhum algoritmo de Intelig\u00eancia Artificial conseguiria replicar.\u00bb","breadcrumb":{"@id":"https:\/\/diariodalagoa.pt\/bolieiro-e-o-divorcio-com-hora-marcada-ver-para-crer\/#breadcrumb"},"inLanguage":"es","potentialAction":[{"@type":"ReadAction","target":["https:\/\/diariodalagoa.pt\/bolieiro-e-o-divorcio-com-hora-marcada-ver-para-crer\/"]}]},{"@type":"BreadcrumbList","@id":"https:\/\/diariodalagoa.pt\/bolieiro-e-o-divorcio-com-hora-marcada-ver-para-crer\/#breadcrumb","itemListElement":[{"@type":"ListItem","position":1,"name":"In\u00edcio","item":"https:\/\/diariodalagoa.pt\/"},{"@type":"ListItem","position":2,"name":"Bolieiro e o Div\u00f3rcio com Hora Marcada: Ver para Crer"}]},{"@type":"WebSite","@id":"https:\/\/diariodalagoa.pt\/#website","url":"https:\/\/diariodalagoa.pt\/","name":"Di\u00e1rio da Lagoa","description":"Di\u00e1rio da Lagoa. As not\u00edcias que contam. A partir da Lagoa, nos A\u00e7ores, para o mundo.","potentialAction":[{"@type":"SearchAction","target":{"@type":"EntryPoint","urlTemplate":"https:\/\/diariodalagoa.pt\/?s={search_term_string}"},"query-input":"required name=search_term_string"}],"inLanguage":"es"},{"@type":"Person","@id":"https:\/\/diariodalagoa.pt\/#\/schema\/person\/1615a002370e8857b6f972834bc43ece","name":"Di\u00e1rio da Lagoa","image":{"@type":"ImageObject","inLanguage":"es","@id":"https:\/\/diariodalagoa.pt\/#\/schema\/person\/image\/","url":"https:\/\/secure.gravatar.com\/avatar\/2cb5cef90a26f8fbd4d9d930608102c5?s=96&d=mm&r=g","contentUrl":"https:\/\/secure.gravatar.com\/avatar\/2cb5cef90a26f8fbd4d9d930608102c5?s=96&d=mm&r=g","caption":"Di\u00e1rio da Lagoa"},"url":"https:\/\/diariodalagoa.pt\/es\/author\/diariodalagoa\/"}]}},"_links":{"self":[{"href":"https:\/\/diariodalagoa.pt\/es\/wp-json\/wp\/v2\/posts\/163597"}],"collection":[{"href":"https:\/\/diariodalagoa.pt\/es\/wp-json\/wp\/v2\/posts"}],"about":[{"href":"https:\/\/diariodalagoa.pt\/es\/wp-json\/wp\/v2\/types\/post"}],"author":[{"embeddable":true,"href":"https:\/\/diariodalagoa.pt\/es\/wp-json\/wp\/v2\/users\/2"}],"replies":[{"embeddable":true,"href":"https:\/\/diariodalagoa.pt\/es\/wp-json\/wp\/v2\/comments?post=163597"}],"version-history":[{"count":2,"href":"https:\/\/diariodalagoa.pt\/es\/wp-json\/wp\/v2\/posts\/163597\/revisions"}],"predecessor-version":[{"id":163599,"href":"https:\/\/diariodalagoa.pt\/es\/wp-json\/wp\/v2\/posts\/163597\/revisions\/163599"}],"wp:featuredmedia":[{"embeddable":true,"href":"https:\/\/diariodalagoa.pt\/es\/wp-json\/wp\/v2\/media\/109792"}],"wp:attachment":[{"href":"https:\/\/diariodalagoa.pt\/es\/wp-json\/wp\/v2\/media?parent=163597"}],"wp:term":[{"taxonomy":"category","embeddable":true,"href":"https:\/\/diariodalagoa.pt\/es\/wp-json\/wp\/v2\/categories?post=163597"},{"taxonomy":"post_tag","embeddable":true,"href":"https:\/\/diariodalagoa.pt\/es\/wp-json\/wp\/v2\/tags?post=163597"}],"curies":[{"name":"wp","href":"https:\/\/api.w.org\/{rel}","templated":true}]}}