{"id":163545,"date":"2026-04-28T10:03:08","date_gmt":"2026-04-28T10:03:08","guid":{"rendered":"https:\/\/diariodalagoa.pt\/?p=163545"},"modified":"2026-04-28T10:03:11","modified_gmt":"2026-04-28T10:03:11","slug":"alunos-da-madalena-conquistam-primeiro-premio-no-cansat-portugal","status":"publish","type":"post","link":"https:\/\/diariodalagoa.pt\/es\/alunos-da-madalena-conquistam-primeiro-premio-no-cansat-portugal\/","title":{"rendered":"Alunos da Madalena conquistam primeiro pr\u00e9mio no CanSat Portugal"},"content":{"rendered":"<figure class=\"wp-block-image size-full is-resized\"><img decoding=\"async\" src=\"https:\/\/diariodalagoa.pt\/wp-content\/uploads\/2026\/04\/premio-cansat-pico-ciencia-viva.jpg\" alt=\"\" class=\"wp-image-163546\" width=\"840\" height=\"560\" srcset=\"https:\/\/diariodalagoa.pt\/wp-content\/uploads\/2026\/04\/premio-cansat-pico-ciencia-viva.jpg 960w, https:\/\/diariodalagoa.pt\/wp-content\/uploads\/2026\/04\/premio-cansat-pico-ciencia-viva-300x200.jpg 300w, https:\/\/diariodalagoa.pt\/wp-content\/uploads\/2026\/04\/premio-cansat-pico-ciencia-viva-768x512.jpg 768w, https:\/\/diariodalagoa.pt\/wp-content\/uploads\/2026\/04\/premio-cansat-pico-ciencia-viva-18x12.jpg 18w\" sizes=\"(max-width: 840px) 100vw, 840px\" \/><figcaption class=\"wp-element-caption\"><sub><mark style=\"background-color:rgba(0, 0, 0, 0)\" class=\"has-inline-color has-cyan-bluish-gray-color\">\u00a9 CI\u00caNCIA VIVA<\/mark><\/sub><\/figcaption><\/figure>\n\n\n\n<p>J\u00e1 s\u00e3o conhecidas as equipas vencedoras da 13.\u00aa edi\u00e7\u00e3o do CanSat Portugal, que decorreu entre os dias 22 e 26 de abril no aer\u00f3dromo municipal de Ponte de Sor, em Portalegre. A equipa&nbsp;Astros N\u00f3 Atl\u00e2ntico, da escola b\u00e1sica e secund\u00e1ria da Madalena, na ilha do Pico, arrecadou o primeiro pr\u00e9mio do concurso escolar do ESERO Portugal, e vai representar o pa\u00eds no evento&nbsp;Space Engineer for a Day&nbsp;da ESA \u2013 Ag\u00eancia Espacial Europeia.<\/p>\n\n\n\n<p>A miss\u00e3o secund\u00e1ria da equipa vencedora consistiu em transformar o CanSat no \u00faltimo meio de comunica\u00e7\u00e3o vi\u00e1vel para cat\u00e1strofe, enquanto realiza o mapeamento tridimensional do voo, incluindo dados sobre a turbul\u00eancia e a entropia termodin\u00e2mica da atmosfera.<\/p>\n\n\n\n<p>Em declara\u00e7\u00f5es \u00e0 Ci\u00eancia Viva\/Di\u00e1rio da Lagoa, no rescaldo ap\u00f3s a vit\u00f3ria, Sara Oliveira, porta-voz da equipa Astros N\u00f3 Atl\u00e2ntico, disse: &#8220;Sentimo-nos muito realizados. \u00c9ramos a \u00fanica equipa dos A\u00e7ores, e estamos a representar as nossas ilhas. O mais importante, al\u00e9m dos pr\u00e9mios, \u00e9 o conhecimento que adquirimos, as conex\u00f5es que fizemos e as pessoas que conhecemos&#8221;. Da equipa vencedora fizeram tamb\u00e9m parte Rui Batista, Paulo Gabriel Medeiros, Martim da Costa, Maria Medeiros e Gil Gaspar, estudantes do ensino secund\u00e1rio.<\/p>\n\n\n\n<p>Ao longo dos cinco dias do CanSat Portugal, as quinze equipas participantes, compostas por cerca de oitenta estudantes e vinte docentes de todo o pa\u00eds, finalizaram os seus projetos, naquele que foi o resultado de meses de trabalho. <\/p>\n\n\n\n<p>&#8220;Tivemos miss\u00f5es secund\u00e1rias muito criativas e exigentes. Desde o projeto da equipa vencedora, que veio de t\u00e3o longe, e cuja mensagem captada pelo seu CanSat chegou a cinco pontos do pa\u00eds, passando pelo desenvolvimento de um modelo de intelig\u00eancia artificial capaz de analisar as imagens do territ\u00f3rio em tempo quase real, at\u00e9 \u00e0 constru\u00e7\u00e3o de um dispositivo de estabiliza\u00e7\u00e3o da queda do CanSat. Houve, realmente, muita inova\u00e7\u00e3o nesta edi\u00e7\u00e3o do CanSat Portugal&#8221;, referiu Ana Noronha, diretora executiva da Ci\u00eancia Viva e membro do j\u00fari do concurso.<\/p>","protected":false},"excerpt":{"rendered":"<p>Equipa Astros N\u00f3 Atl\u00e2ntico destacou-se na 13.\u00aa edi\u00e7\u00e3o do concurso escolar que teve lugar entre 22 e 26 de abril em Ponte de Sor.<\/p>","protected":false},"author":2,"featured_media":163547,"comment_status":"open","ping_status":"open","sticky":false,"template":"","format":"standard","meta":[],"categories":[21],"tags":[277,610,2479,5026,5027,31,55],"acf":[],"yoast_head":"<!-- This site is optimized with the Yoast SEO plugin v20.10 - https:\/\/yoast.com\/wordpress\/plugins\/seo\/ -->\n<title>Alunos da Madalena conquistam primeiro pr\u00e9mio no CanSat Portugal - Di\u00e1rio da Lagoa<\/title>\n<meta name=\"description\" content=\"Equipa Astros N\u00f3 Atl\u00e2ntico destacou-se na 13.\u00aa edi\u00e7\u00e3o do concurso escolar que teve lugar entre 22 e 26 de abril em Ponte de Sor.\" \/>\n<meta name=\"robots\" content=\"index, follow, max-snippet:-1, max-image-preview:large, max-video-preview:-1\" \/>\n<link rel=\"canonical\" href=\"https:\/\/diariodalagoa.pt\/es\/alunos-da-madalena-conquistam-primeiro-premio-no-cansat-portugal\/\" \/>\n<meta property=\"og:locale\" content=\"es_ES\" \/>\n<meta property=\"og:type\" content=\"article\" \/>\n<meta property=\"og:title\" content=\"Alunos da Madalena conquistam primeiro pr\u00e9mio no CanSat Portugal - Di\u00e1rio da Lagoa\" \/>\n<meta property=\"og:description\" content=\"Equipa Astros N\u00f3 Atl\u00e2ntico destacou-se na 13.\u00aa edi\u00e7\u00e3o do concurso escolar que teve lugar entre 22 e 26 de abril em Ponte de Sor.\" \/>\n<meta property=\"og:url\" content=\"https:\/\/diariodalagoa.pt\/es\/alunos-da-madalena-conquistam-primeiro-premio-no-cansat-portugal\/\" \/>\n<meta property=\"og:site_name\" content=\"Di\u00e1rio da Lagoa\" \/>\n<meta property=\"article:published_time\" content=\"2026-04-28T10:03:08+00:00\" \/>\n<meta property=\"article:modified_time\" content=\"2026-04-28T10:03:11+00:00\" \/>\n<meta property=\"og:image\" content=\"https:\/\/diariodalagoa.pt\/wp-content\/uploads\/2026\/04\/premio-cansat-pico-ciencia-viva-1.jpg\" \/>\n\t<meta property=\"og:image:width\" content=\"960\" \/>\n\t<meta property=\"og:image:height\" content=\"640\" \/>\n\t<meta property=\"og:image:type\" content=\"image\/jpeg\" \/>\n<meta name=\"author\" content=\"Di\u00e1rio da Lagoa\" \/>\n<meta name=\"twitter:card\" content=\"summary_large_image\" \/>\n<meta name=\"twitter:label1\" content=\"Escrito por\" \/>\n\t<meta name=\"twitter:data1\" content=\"Di\u00e1rio da Lagoa\" \/>\n\t<meta name=\"twitter:label2\" content=\"Tiempo de lectura\" \/>\n\t<meta name=\"twitter:data2\" content=\"2 minutos\" \/>\n<script type=\"application\/ld+json\" class=\"yoast-schema-graph\">{\"@context\":\"https:\/\/schema.org\",\"@graph\":[{\"@type\":\"WebPage\",\"@id\":\"https:\/\/diariodalagoa.pt\/alunos-da-madalena-conquistam-primeiro-premio-no-cansat-portugal\/\",\"url\":\"https:\/\/diariodalagoa.pt\/alunos-da-madalena-conquistam-primeiro-premio-no-cansat-portugal\/\",\"name\":\"Alunos da Madalena conquistam primeiro pr\u00e9mio no CanSat Portugal - Di\u00e1rio da Lagoa\",\"isPartOf\":{\"@id\":\"https:\/\/diariodalagoa.pt\/#website\"},\"datePublished\":\"2026-04-28T10:03:08+00:00\",\"dateModified\":\"2026-04-28T10:03:11+00:00\",\"author\":{\"@id\":\"https:\/\/diariodalagoa.pt\/#\/schema\/person\/1615a002370e8857b6f972834bc43ece\"},\"description\":\"Equipa Astros N\u00f3 Atl\u00e2ntico destacou-se na 13.\u00aa edi\u00e7\u00e3o do concurso escolar que teve lugar entre 22 e 26 de abril em Ponte de Sor.\",\"breadcrumb\":{\"@id\":\"https:\/\/diariodalagoa.pt\/alunos-da-madalena-conquistam-primeiro-premio-no-cansat-portugal\/#breadcrumb\"},\"inLanguage\":\"es\",\"potentialAction\":[{\"@type\":\"ReadAction\",\"target\":[\"https:\/\/diariodalagoa.pt\/alunos-da-madalena-conquistam-primeiro-premio-no-cansat-portugal\/\"]}]},{\"@type\":\"BreadcrumbList\",\"@id\":\"https:\/\/diariodalagoa.pt\/alunos-da-madalena-conquistam-primeiro-premio-no-cansat-portugal\/#breadcrumb\",\"itemListElement\":[{\"@type\":\"ListItem\",\"position\":1,\"name\":\"In\u00edcio\",\"item\":\"https:\/\/diariodalagoa.pt\/\"},{\"@type\":\"ListItem\",\"position\":2,\"name\":\"Alunos da Madalena conquistam primeiro pr\u00e9mio no CanSat Portugal\"}]},{\"@type\":\"WebSite\",\"@id\":\"https:\/\/diariodalagoa.pt\/#website\",\"url\":\"https:\/\/diariodalagoa.pt\/\",\"name\":\"Di\u00e1rio da Lagoa\",\"description\":\"Di\u00e1rio da Lagoa. As not\u00edcias que contam. A partir da Lagoa, nos A\u00e7ores, para o mundo.\",\"potentialAction\":[{\"@type\":\"SearchAction\",\"target\":{\"@type\":\"EntryPoint\",\"urlTemplate\":\"https:\/\/diariodalagoa.pt\/?s={search_term_string}\"},\"query-input\":\"required name=search_term_string\"}],\"inLanguage\":\"es\"},{\"@type\":\"Person\",\"@id\":\"https:\/\/diariodalagoa.pt\/#\/schema\/person\/1615a002370e8857b6f972834bc43ece\",\"name\":\"Di\u00e1rio da Lagoa\",\"image\":{\"@type\":\"ImageObject\",\"inLanguage\":\"es\",\"@id\":\"https:\/\/diariodalagoa.pt\/#\/schema\/person\/image\/\",\"url\":\"https:\/\/secure.gravatar.com\/avatar\/2cb5cef90a26f8fbd4d9d930608102c5?s=96&d=mm&r=g\",\"contentUrl\":\"https:\/\/secure.gravatar.com\/avatar\/2cb5cef90a26f8fbd4d9d930608102c5?s=96&d=mm&r=g\",\"caption\":\"Di\u00e1rio da Lagoa\"},\"url\":\"https:\/\/diariodalagoa.pt\/es\/author\/diariodalagoa\/\"}]}<\/script>\n<!-- \/ Yoast SEO plugin. -->","yoast_head_json":{"title":"Alunos da Madalena conquistam primeiro pr\u00e9mio no CanSat Portugal - Di\u00e1rio da Lagoa","description":"Equipa Astros N\u00f3 Atl\u00e2ntico destacou-se na 13.\u00aa edi\u00e7\u00e3o do concurso escolar que teve lugar entre 22 e 26 de abril em Ponte de Sor.","robots":{"index":"index","follow":"follow","max-snippet":"max-snippet:-1","max-image-preview":"max-image-preview:large","max-video-preview":"max-video-preview:-1"},"canonical":"https:\/\/diariodalagoa.pt\/es\/alunos-da-madalena-conquistam-primeiro-premio-no-cansat-portugal\/","og_locale":"es_ES","og_type":"article","og_title":"Alunos da Madalena conquistam primeiro pr\u00e9mio no CanSat Portugal - Di\u00e1rio da Lagoa","og_description":"Equipa Astros N\u00f3 Atl\u00e2ntico destacou-se na 13.\u00aa edi\u00e7\u00e3o do concurso escolar que teve lugar entre 22 e 26 de abril em Ponte de Sor.","og_url":"https:\/\/diariodalagoa.pt\/es\/alunos-da-madalena-conquistam-primeiro-premio-no-cansat-portugal\/","og_site_name":"Di\u00e1rio da Lagoa","article_published_time":"2026-04-28T10:03:08+00:00","article_modified_time":"2026-04-28T10:03:11+00:00","og_image":[{"width":960,"height":640,"url":"https:\/\/diariodalagoa.pt\/wp-content\/uploads\/2026\/04\/premio-cansat-pico-ciencia-viva-1.jpg","type":"image\/jpeg"}],"author":"Di\u00e1rio da Lagoa","twitter_card":"summary_large_image","twitter_misc":{"Escrito por":"Di\u00e1rio da Lagoa","Tiempo de lectura":"2 minutos"},"schema":{"@context":"https:\/\/schema.org","@graph":[{"@type":"WebPage","@id":"https:\/\/diariodalagoa.pt\/alunos-da-madalena-conquistam-primeiro-premio-no-cansat-portugal\/","url":"https:\/\/diariodalagoa.pt\/alunos-da-madalena-conquistam-primeiro-premio-no-cansat-portugal\/","name":"Alunos da Madalena conquistam primeiro pr\u00e9mio no CanSat Portugal - Di\u00e1rio da Lagoa","isPartOf":{"@id":"https:\/\/diariodalagoa.pt\/#website"},"datePublished":"2026-04-28T10:03:08+00:00","dateModified":"2026-04-28T10:03:11+00:00","author":{"@id":"https:\/\/diariodalagoa.pt\/#\/schema\/person\/1615a002370e8857b6f972834bc43ece"},"description":"Equipa Astros N\u00f3 Atl\u00e2ntico destacou-se na 13.\u00aa edi\u00e7\u00e3o do concurso escolar que teve lugar entre 22 e 26 de abril em Ponte de Sor.","breadcrumb":{"@id":"https:\/\/diariodalagoa.pt\/alunos-da-madalena-conquistam-primeiro-premio-no-cansat-portugal\/#breadcrumb"},"inLanguage":"es","potentialAction":[{"@type":"ReadAction","target":["https:\/\/diariodalagoa.pt\/alunos-da-madalena-conquistam-primeiro-premio-no-cansat-portugal\/"]}]},{"@type":"BreadcrumbList","@id":"https:\/\/diariodalagoa.pt\/alunos-da-madalena-conquistam-primeiro-premio-no-cansat-portugal\/#breadcrumb","itemListElement":[{"@type":"ListItem","position":1,"name":"In\u00edcio","item":"https:\/\/diariodalagoa.pt\/"},{"@type":"ListItem","position":2,"name":"Alunos da Madalena conquistam primeiro pr\u00e9mio no CanSat Portugal"}]},{"@type":"WebSite","@id":"https:\/\/diariodalagoa.pt\/#website","url":"https:\/\/diariodalagoa.pt\/","name":"Di\u00e1rio da Lagoa","description":"Di\u00e1rio da Lagoa. As not\u00edcias que contam. A partir da Lagoa, nos A\u00e7ores, para o mundo.","potentialAction":[{"@type":"SearchAction","target":{"@type":"EntryPoint","urlTemplate":"https:\/\/diariodalagoa.pt\/?s={search_term_string}"},"query-input":"required name=search_term_string"}],"inLanguage":"es"},{"@type":"Person","@id":"https:\/\/diariodalagoa.pt\/#\/schema\/person\/1615a002370e8857b6f972834bc43ece","name":"Di\u00e1rio da Lagoa","image":{"@type":"ImageObject","inLanguage":"es","@id":"https:\/\/diariodalagoa.pt\/#\/schema\/person\/image\/","url":"https:\/\/secure.gravatar.com\/avatar\/2cb5cef90a26f8fbd4d9d930608102c5?s=96&d=mm&r=g","contentUrl":"https:\/\/secure.gravatar.com\/avatar\/2cb5cef90a26f8fbd4d9d930608102c5?s=96&d=mm&r=g","caption":"Di\u00e1rio da Lagoa"},"url":"https:\/\/diariodalagoa.pt\/es\/author\/diariodalagoa\/"}]}},"_links":{"self":[{"href":"https:\/\/diariodalagoa.pt\/es\/wp-json\/wp\/v2\/posts\/163545"}],"collection":[{"href":"https:\/\/diariodalagoa.pt\/es\/wp-json\/wp\/v2\/posts"}],"about":[{"href":"https:\/\/diariodalagoa.pt\/es\/wp-json\/wp\/v2\/types\/post"}],"author":[{"embeddable":true,"href":"https:\/\/diariodalagoa.pt\/es\/wp-json\/wp\/v2\/users\/2"}],"replies":[{"embeddable":true,"href":"https:\/\/diariodalagoa.pt\/es\/wp-json\/wp\/v2\/comments?post=163545"}],"version-history":[{"count":2,"href":"https:\/\/diariodalagoa.pt\/es\/wp-json\/wp\/v2\/posts\/163545\/revisions"}],"predecessor-version":[{"id":163549,"href":"https:\/\/diariodalagoa.pt\/es\/wp-json\/wp\/v2\/posts\/163545\/revisions\/163549"}],"wp:featuredmedia":[{"embeddable":true,"href":"https:\/\/diariodalagoa.pt\/es\/wp-json\/wp\/v2\/media\/163547"}],"wp:attachment":[{"href":"https:\/\/diariodalagoa.pt\/es\/wp-json\/wp\/v2\/media?parent=163545"}],"wp:term":[{"taxonomy":"category","embeddable":true,"href":"https:\/\/diariodalagoa.pt\/es\/wp-json\/wp\/v2\/categories?post=163545"},{"taxonomy":"post_tag","embeddable":true,"href":"https:\/\/diariodalagoa.pt\/es\/wp-json\/wp\/v2\/tags?post=163545"}],"curies":[{"name":"wp","href":"https:\/\/api.w.org\/{rel}","templated":true}]}}