{"id":163514,"date":"2026-04-27T10:47:48","date_gmt":"2026-04-27T10:47:48","guid":{"rendered":"https:\/\/diariodalagoa.pt\/?p=163514"},"modified":"2026-04-27T10:47:51","modified_gmt":"2026-04-27T10:47:51","slug":"associacao-dos-emigrantes-acorianos-distinguida-com-insignia-autonomica","status":"publish","type":"post","link":"https:\/\/diariodalagoa.pt\/es\/associacao-dos-emigrantes-acorianos-distinguida-com-insignia-autonomica\/","title":{"rendered":"Associa\u00e7\u00e3o dos Emigrantes A\u00e7orianos distinguida com Ins\u00edgnia Auton\u00f3mica"},"content":{"rendered":"<figure class=\"wp-block-image size-full\"><img decoding=\"async\" width=\"960\" height=\"640\" src=\"https:\/\/diariodalagoa.pt\/wp-content\/uploads\/2026\/04\/andrea-monizdesouza-agencia-incomparaveis.jpg\" alt=\"\" class=\"wp-image-163515\" srcset=\"https:\/\/diariodalagoa.pt\/wp-content\/uploads\/2026\/04\/andrea-monizdesouza-agencia-incomparaveis.jpg 960w, https:\/\/diariodalagoa.pt\/wp-content\/uploads\/2026\/04\/andrea-monizdesouza-agencia-incomparaveis-300x200.jpg 300w, https:\/\/diariodalagoa.pt\/wp-content\/uploads\/2026\/04\/andrea-monizdesouza-agencia-incomparaveis-768x512.jpg 768w, https:\/\/diariodalagoa.pt\/wp-content\/uploads\/2026\/04\/andrea-monizdesouza-agencia-incomparaveis-18x12.jpg 18w\" sizes=\"(max-width: 960px) 100vw, 960px\" \/><figcaption class=\"wp-element-caption\"><sub><mark style=\"background-color:rgba(0, 0, 0, 0)\" class=\"has-inline-color has-cyan-bluish-gray-color\">\u00a9 AG\u00caNCIA INCOMPAR\u00c1VEIS<\/mark><\/sub><\/figcaption><\/figure>\n\n\n\n<p>A Associa\u00e7\u00e3o dos Emigrantes A\u00e7orianos (AEA), sediada na Ribeira Grande, ilha de S\u00e3o Miguel, foi escolhida para receber uma das Ins\u00edgnias Auton\u00f3micas de 2026, uma distin\u00e7\u00e3o atribu\u00edda pela Assembleia Legislativa da Regi\u00e3o Aut\u00f3noma dos A\u00e7ores e que ser\u00e1 entregue nas comemora\u00e7\u00f5es oficiais do Dia dos A\u00e7ores, a 25 de maio.<\/p>\n\n\n\n<p>Em comunicado, a associa\u00e7\u00e3o, presidida por Andrea Moniz-DeSouza, manifestou \u201cenorme honra e profunda gratid\u00e3o\u201d pela distin\u00e7\u00e3o recebida, considerando tratar-se de um reconhecimento que valoriza o trabalho realizado em prol da emigra\u00e7\u00e3o a\u00e7oriana.<\/p>\n\n\n\n<p>\u201cA nossa associa\u00e7\u00e3o foi escolhida pela Assembleia Legislativa da Regi\u00e3o Aut\u00f3noma dos A\u00e7ores para receber uma das Ins\u00edgnias Auton\u00f3micas de 2026, um reconhecimento que muito nos orgulha e que refor\u00e7a o valor do trabalho que temos vindo a desenvolver em prol da comunidade emigrante a\u00e7oriana\u201d, refere a nota divulgada pela institui\u00e7\u00e3o.<\/p>\n\n\n\n<p>A dire\u00e7\u00e3o da AEA sublinhou tamb\u00e9m que a homenagem deve ser partilhada por todos os que contribu\u00edram para a miss\u00e3o da organiza\u00e7\u00e3o ao longo dos anos. \u201cEste reconhecimento n\u00e3o \u00e9 apenas nosso \u2013 pertence a todos os que, ao longo dos anos, t\u00eam contribu\u00eddo com dedica\u00e7\u00e3o, esp\u00edrito de miss\u00e3o e amor \u00e0s nossas ra\u00edzes. \u00c9 a prova de que preservar a identidade a\u00e7oriana al\u00e9m-fronteiras continua a ser uma causa viva e essencial\u201d. <\/p>\n\n\n\n<p>Na mesma mensagem, a institui\u00e7\u00e3o felicitou ainda os restantes homenageados deste ano, considerando ser \u201cuma honra partilhar esta distin\u00e7\u00e3o\u201d com personalidades e entidades cujos percursos dignificam a di\u00e1spora a\u00e7oriana e projetam o nome dos A\u00e7ores no mundo.<\/p>","protected":false},"excerpt":{"rendered":"<p>Distin\u00e7\u00e3o ser\u00e1 atribu\u00edda no Dia dos A\u00e7ores, a 25 de maio pr\u00f3ximo. Presidente fala em \u201corgulho e profunda gratid\u00e3o\u201d pelo reconhecimento p\u00fablico.<\/p>","protected":false},"author":2,"featured_media":163515,"comment_status":"open","ping_status":"open","sticky":false,"template":"","format":"standard","meta":[],"categories":[21],"tags":[4891,5020,5021,31,292],"acf":[],"yoast_head":"<!-- This site is optimized with the Yoast SEO plugin v20.10 - https:\/\/yoast.com\/wordpress\/plugins\/seo\/ -->\n<title>Associa\u00e7\u00e3o dos Emigrantes A\u00e7orianos distinguida com Ins\u00edgnia Auton\u00f3mica - Di\u00e1rio da Lagoa<\/title>\n<meta name=\"description\" content=\"Distin\u00e7\u00e3o ser\u00e1 atribu\u00edda no Dia dos A\u00e7ores, a 25 de maio pr\u00f3ximo. Presidente fala em \u201corgulho e profunda gratid\u00e3o\u201d pelo reconhecimento p\u00fablico.\" \/>\n<meta name=\"robots\" content=\"index, follow, max-snippet:-1, max-image-preview:large, max-video-preview:-1\" \/>\n<link rel=\"canonical\" href=\"https:\/\/diariodalagoa.pt\/es\/associacao-dos-emigrantes-acorianos-distinguida-com-insignia-autonomica\/\" \/>\n<meta property=\"og:locale\" content=\"es_ES\" \/>\n<meta property=\"og:type\" content=\"article\" \/>\n<meta property=\"og:title\" content=\"Associa\u00e7\u00e3o dos Emigrantes A\u00e7orianos distinguida com Ins\u00edgnia Auton\u00f3mica - Di\u00e1rio da Lagoa\" \/>\n<meta property=\"og:description\" content=\"Distin\u00e7\u00e3o ser\u00e1 atribu\u00edda no Dia dos A\u00e7ores, a 25 de maio pr\u00f3ximo. Presidente fala em \u201corgulho e profunda gratid\u00e3o\u201d pelo reconhecimento p\u00fablico.\" \/>\n<meta property=\"og:url\" content=\"https:\/\/diariodalagoa.pt\/es\/associacao-dos-emigrantes-acorianos-distinguida-com-insignia-autonomica\/\" \/>\n<meta property=\"og:site_name\" content=\"Di\u00e1rio da Lagoa\" \/>\n<meta property=\"article:published_time\" content=\"2026-04-27T10:47:48+00:00\" \/>\n<meta property=\"article:modified_time\" content=\"2026-04-27T10:47:51+00:00\" \/>\n<meta property=\"og:image\" content=\"https:\/\/diariodalagoa.pt\/wp-content\/uploads\/2026\/04\/andrea-monizdesouza-agencia-incomparaveis.jpg\" \/>\n\t<meta property=\"og:image:width\" content=\"960\" \/>\n\t<meta property=\"og:image:height\" content=\"640\" \/>\n\t<meta property=\"og:image:type\" content=\"image\/jpeg\" \/>\n<meta name=\"author\" content=\"Di\u00e1rio da Lagoa\" \/>\n<meta name=\"twitter:card\" content=\"summary_large_image\" \/>\n<meta name=\"twitter:label1\" content=\"Escrito por\" \/>\n\t<meta name=\"twitter:data1\" content=\"Di\u00e1rio da Lagoa\" \/>\n\t<meta name=\"twitter:label2\" content=\"Tiempo de lectura\" \/>\n\t<meta name=\"twitter:data2\" content=\"2 minutos\" \/>\n<script type=\"application\/ld+json\" class=\"yoast-schema-graph\">{\"@context\":\"https:\/\/schema.org\",\"@graph\":[{\"@type\":\"WebPage\",\"@id\":\"https:\/\/diariodalagoa.pt\/associacao-dos-emigrantes-acorianos-distinguida-com-insignia-autonomica\/\",\"url\":\"https:\/\/diariodalagoa.pt\/associacao-dos-emigrantes-acorianos-distinguida-com-insignia-autonomica\/\",\"name\":\"Associa\u00e7\u00e3o dos Emigrantes A\u00e7orianos distinguida com Ins\u00edgnia Auton\u00f3mica - Di\u00e1rio da Lagoa\",\"isPartOf\":{\"@id\":\"https:\/\/diariodalagoa.pt\/#website\"},\"datePublished\":\"2026-04-27T10:47:48+00:00\",\"dateModified\":\"2026-04-27T10:47:51+00:00\",\"author\":{\"@id\":\"https:\/\/diariodalagoa.pt\/#\/schema\/person\/1615a002370e8857b6f972834bc43ece\"},\"description\":\"Distin\u00e7\u00e3o ser\u00e1 atribu\u00edda no Dia dos A\u00e7ores, a 25 de maio pr\u00f3ximo. Presidente fala em \u201corgulho e profunda gratid\u00e3o\u201d pelo reconhecimento p\u00fablico.\",\"breadcrumb\":{\"@id\":\"https:\/\/diariodalagoa.pt\/associacao-dos-emigrantes-acorianos-distinguida-com-insignia-autonomica\/#breadcrumb\"},\"inLanguage\":\"es\",\"potentialAction\":[{\"@type\":\"ReadAction\",\"target\":[\"https:\/\/diariodalagoa.pt\/associacao-dos-emigrantes-acorianos-distinguida-com-insignia-autonomica\/\"]}]},{\"@type\":\"BreadcrumbList\",\"@id\":\"https:\/\/diariodalagoa.pt\/associacao-dos-emigrantes-acorianos-distinguida-com-insignia-autonomica\/#breadcrumb\",\"itemListElement\":[{\"@type\":\"ListItem\",\"position\":1,\"name\":\"In\u00edcio\",\"item\":\"https:\/\/diariodalagoa.pt\/\"},{\"@type\":\"ListItem\",\"position\":2,\"name\":\"Associa\u00e7\u00e3o dos Emigrantes A\u00e7orianos distinguida com Ins\u00edgnia Auton\u00f3mica\"}]},{\"@type\":\"WebSite\",\"@id\":\"https:\/\/diariodalagoa.pt\/#website\",\"url\":\"https:\/\/diariodalagoa.pt\/\",\"name\":\"Di\u00e1rio da Lagoa\",\"description\":\"Di\u00e1rio da Lagoa. As not\u00edcias que contam. A partir da Lagoa, nos A\u00e7ores, para o mundo.\",\"potentialAction\":[{\"@type\":\"SearchAction\",\"target\":{\"@type\":\"EntryPoint\",\"urlTemplate\":\"https:\/\/diariodalagoa.pt\/?s={search_term_string}\"},\"query-input\":\"required name=search_term_string\"}],\"inLanguage\":\"es\"},{\"@type\":\"Person\",\"@id\":\"https:\/\/diariodalagoa.pt\/#\/schema\/person\/1615a002370e8857b6f972834bc43ece\",\"name\":\"Di\u00e1rio da Lagoa\",\"image\":{\"@type\":\"ImageObject\",\"inLanguage\":\"es\",\"@id\":\"https:\/\/diariodalagoa.pt\/#\/schema\/person\/image\/\",\"url\":\"https:\/\/secure.gravatar.com\/avatar\/2cb5cef90a26f8fbd4d9d930608102c5?s=96&d=mm&r=g\",\"contentUrl\":\"https:\/\/secure.gravatar.com\/avatar\/2cb5cef90a26f8fbd4d9d930608102c5?s=96&d=mm&r=g\",\"caption\":\"Di\u00e1rio da Lagoa\"},\"url\":\"https:\/\/diariodalagoa.pt\/es\/author\/diariodalagoa\/\"}]}<\/script>\n<!-- \/ Yoast SEO plugin. -->","yoast_head_json":{"title":"Associa\u00e7\u00e3o dos Emigrantes A\u00e7orianos distinguida com Ins\u00edgnia Auton\u00f3mica - Di\u00e1rio da Lagoa","description":"Distin\u00e7\u00e3o ser\u00e1 atribu\u00edda no Dia dos A\u00e7ores, a 25 de maio pr\u00f3ximo. Presidente fala em \u201corgulho e profunda gratid\u00e3o\u201d pelo reconhecimento p\u00fablico.","robots":{"index":"index","follow":"follow","max-snippet":"max-snippet:-1","max-image-preview":"max-image-preview:large","max-video-preview":"max-video-preview:-1"},"canonical":"https:\/\/diariodalagoa.pt\/es\/associacao-dos-emigrantes-acorianos-distinguida-com-insignia-autonomica\/","og_locale":"es_ES","og_type":"article","og_title":"Associa\u00e7\u00e3o dos Emigrantes A\u00e7orianos distinguida com Ins\u00edgnia Auton\u00f3mica - Di\u00e1rio da Lagoa","og_description":"Distin\u00e7\u00e3o ser\u00e1 atribu\u00edda no Dia dos A\u00e7ores, a 25 de maio pr\u00f3ximo. Presidente fala em \u201corgulho e profunda gratid\u00e3o\u201d pelo reconhecimento p\u00fablico.","og_url":"https:\/\/diariodalagoa.pt\/es\/associacao-dos-emigrantes-acorianos-distinguida-com-insignia-autonomica\/","og_site_name":"Di\u00e1rio da Lagoa","article_published_time":"2026-04-27T10:47:48+00:00","article_modified_time":"2026-04-27T10:47:51+00:00","og_image":[{"width":960,"height":640,"url":"https:\/\/diariodalagoa.pt\/wp-content\/uploads\/2026\/04\/andrea-monizdesouza-agencia-incomparaveis.jpg","type":"image\/jpeg"}],"author":"Di\u00e1rio da Lagoa","twitter_card":"summary_large_image","twitter_misc":{"Escrito por":"Di\u00e1rio da Lagoa","Tiempo de lectura":"2 minutos"},"schema":{"@context":"https:\/\/schema.org","@graph":[{"@type":"WebPage","@id":"https:\/\/diariodalagoa.pt\/associacao-dos-emigrantes-acorianos-distinguida-com-insignia-autonomica\/","url":"https:\/\/diariodalagoa.pt\/associacao-dos-emigrantes-acorianos-distinguida-com-insignia-autonomica\/","name":"Associa\u00e7\u00e3o dos Emigrantes A\u00e7orianos distinguida com Ins\u00edgnia Auton\u00f3mica - Di\u00e1rio da Lagoa","isPartOf":{"@id":"https:\/\/diariodalagoa.pt\/#website"},"datePublished":"2026-04-27T10:47:48+00:00","dateModified":"2026-04-27T10:47:51+00:00","author":{"@id":"https:\/\/diariodalagoa.pt\/#\/schema\/person\/1615a002370e8857b6f972834bc43ece"},"description":"Distin\u00e7\u00e3o ser\u00e1 atribu\u00edda no Dia dos A\u00e7ores, a 25 de maio pr\u00f3ximo. Presidente fala em \u201corgulho e profunda gratid\u00e3o\u201d pelo reconhecimento p\u00fablico.","breadcrumb":{"@id":"https:\/\/diariodalagoa.pt\/associacao-dos-emigrantes-acorianos-distinguida-com-insignia-autonomica\/#breadcrumb"},"inLanguage":"es","potentialAction":[{"@type":"ReadAction","target":["https:\/\/diariodalagoa.pt\/associacao-dos-emigrantes-acorianos-distinguida-com-insignia-autonomica\/"]}]},{"@type":"BreadcrumbList","@id":"https:\/\/diariodalagoa.pt\/associacao-dos-emigrantes-acorianos-distinguida-com-insignia-autonomica\/#breadcrumb","itemListElement":[{"@type":"ListItem","position":1,"name":"In\u00edcio","item":"https:\/\/diariodalagoa.pt\/"},{"@type":"ListItem","position":2,"name":"Associa\u00e7\u00e3o dos Emigrantes A\u00e7orianos distinguida com Ins\u00edgnia Auton\u00f3mica"}]},{"@type":"WebSite","@id":"https:\/\/diariodalagoa.pt\/#website","url":"https:\/\/diariodalagoa.pt\/","name":"Di\u00e1rio da Lagoa","description":"Di\u00e1rio da Lagoa. As not\u00edcias que contam. A partir da Lagoa, nos A\u00e7ores, para o mundo.","potentialAction":[{"@type":"SearchAction","target":{"@type":"EntryPoint","urlTemplate":"https:\/\/diariodalagoa.pt\/?s={search_term_string}"},"query-input":"required name=search_term_string"}],"inLanguage":"es"},{"@type":"Person","@id":"https:\/\/diariodalagoa.pt\/#\/schema\/person\/1615a002370e8857b6f972834bc43ece","name":"Di\u00e1rio da Lagoa","image":{"@type":"ImageObject","inLanguage":"es","@id":"https:\/\/diariodalagoa.pt\/#\/schema\/person\/image\/","url":"https:\/\/secure.gravatar.com\/avatar\/2cb5cef90a26f8fbd4d9d930608102c5?s=96&d=mm&r=g","contentUrl":"https:\/\/secure.gravatar.com\/avatar\/2cb5cef90a26f8fbd4d9d930608102c5?s=96&d=mm&r=g","caption":"Di\u00e1rio da Lagoa"},"url":"https:\/\/diariodalagoa.pt\/es\/author\/diariodalagoa\/"}]}},"_links":{"self":[{"href":"https:\/\/diariodalagoa.pt\/es\/wp-json\/wp\/v2\/posts\/163514"}],"collection":[{"href":"https:\/\/diariodalagoa.pt\/es\/wp-json\/wp\/v2\/posts"}],"about":[{"href":"https:\/\/diariodalagoa.pt\/es\/wp-json\/wp\/v2\/types\/post"}],"author":[{"embeddable":true,"href":"https:\/\/diariodalagoa.pt\/es\/wp-json\/wp\/v2\/users\/2"}],"replies":[{"embeddable":true,"href":"https:\/\/diariodalagoa.pt\/es\/wp-json\/wp\/v2\/comments?post=163514"}],"version-history":[{"count":2,"href":"https:\/\/diariodalagoa.pt\/es\/wp-json\/wp\/v2\/posts\/163514\/revisions"}],"predecessor-version":[{"id":163517,"href":"https:\/\/diariodalagoa.pt\/es\/wp-json\/wp\/v2\/posts\/163514\/revisions\/163517"}],"wp:featuredmedia":[{"embeddable":true,"href":"https:\/\/diariodalagoa.pt\/es\/wp-json\/wp\/v2\/media\/163515"}],"wp:attachment":[{"href":"https:\/\/diariodalagoa.pt\/es\/wp-json\/wp\/v2\/media?parent=163514"}],"wp:term":[{"taxonomy":"category","embeddable":true,"href":"https:\/\/diariodalagoa.pt\/es\/wp-json\/wp\/v2\/categories?post=163514"},{"taxonomy":"post_tag","embeddable":true,"href":"https:\/\/diariodalagoa.pt\/es\/wp-json\/wp\/v2\/tags?post=163514"}],"curies":[{"name":"wp","href":"https:\/\/api.w.org\/{rel}","templated":true}]}}