{"id":163511,"date":"2026-04-27T10:32:09","date_gmt":"2026-04-27T10:32:09","guid":{"rendered":"https:\/\/diariodalagoa.pt\/?p=163511"},"modified":"2026-04-27T10:32:11","modified_gmt":"2026-04-27T10:32:11","slug":"padrasto-detido-por-suspeita-de-abuso-sexual-da-enteada","status":"publish","type":"post","link":"https:\/\/diariodalagoa.pt\/es\/padrasto-detido-por-suspeita-de-abuso-sexual-da-enteada\/","title":{"rendered":"Padrasto detido por suspeita de abuso sexual da enteada"},"content":{"rendered":"<figure class=\"wp-block-image size-full\"><img decoding=\"async\" width=\"960\" height=\"484\" src=\"https:\/\/diariodalagoa.pt\/wp-content\/uploads\/2019\/06\/policia-judiciaria-pdl-1-1.jpg\" alt=\"\" class=\"wp-image-117506\" srcset=\"https:\/\/diariodalagoa.pt\/wp-content\/uploads\/2019\/06\/policia-judiciaria-pdl-1-1.jpg 960w, https:\/\/diariodalagoa.pt\/wp-content\/uploads\/2019\/06\/policia-judiciaria-pdl-1-1-300x151.jpg 300w, https:\/\/diariodalagoa.pt\/wp-content\/uploads\/2019\/06\/policia-judiciaria-pdl-1-1-768x387.jpg 768w, https:\/\/diariodalagoa.pt\/wp-content\/uploads\/2019\/06\/policia-judiciaria-pdl-1-1-18x9.jpg 18w\" sizes=\"(max-width: 960px) 100vw, 960px\" \/><figcaption class=\"wp-element-caption\"><sub><mark style=\"background-color:rgba(0, 0, 0, 0)\" class=\"has-inline-color has-cyan-bluish-gray-color\">\u00a9 DIREITOS RESERVADOS<\/mark><\/sub><\/figcaption><\/figure>\n\n\n\n<p>A Pol\u00edcia Judici\u00e1ria deteve um homem, com 51 anos, pela presum\u00edvel pr\u00e1tica de crimes de abuso sexual de menores dependentes ou em situa\u00e7\u00e3o particularmente vulner\u00e1vel, cometidos contra a enteada, com 17 anos, na resid\u00eancia onde coabitavam, na ilha de S\u00e3o Miguel.<\/p>\n\n\n\n<p>A investiga\u00e7\u00e3o do Departamento de Investiga\u00e7\u00e3o dos A\u00e7ores teve in\u00edcio no passado dia 23 de abril, na sequ\u00eancia de uma den\u00fancia da Comiss\u00e3o de Prote\u00e7\u00e3o de Crian\u00e7as e Jovens, ap\u00f3s releva\u00e7\u00e3o da v\u00edtima em contexto escolar.<\/p>\n\n\n\n<p>As dilig\u00eancias imediatas permitiram reunir fortes ind\u00edcios de que o padrasto, aproveitando-se da rela\u00e7\u00e3o de confian\u00e7a e de proximidade, submeteu a enteada a atos sexuais de relevo, consumados quando se encontrava na resid\u00eancia sozinho com a menor. O detido ser\u00e1 presente \u00e0s autoridades judici\u00e1rias competentes para primeiro interrogat\u00f3rio judicial e aplica\u00e7\u00e3o das adequadas medidas de coa\u00e7\u00e3o.<\/p>","protected":false},"excerpt":{"rendered":"<p>Homem de 51 anos ter\u00e1 tirado proveito da rela\u00e7\u00e3o de confian\u00e7a para submeter a enteada a atos sexuais de relevo.<\/p>","protected":false},"author":2,"featured_media":117506,"comment_status":"open","ping_status":"open","sticky":false,"template":"","format":"standard","meta":[],"categories":[21],"tags":[4898,4909,4980,4981,5018,5019,31,2919,3280],"acf":[],"yoast_head":"<!-- This site is optimized with the Yoast SEO plugin v20.10 - https:\/\/yoast.com\/wordpress\/plugins\/seo\/ -->\n<title>Padrasto detido por suspeita de abuso sexual da enteada - Di\u00e1rio da Lagoa<\/title>\n<meta name=\"description\" content=\"Homem de 51 anos ter\u00e1 tirado proveito da rela\u00e7\u00e3o de confian\u00e7a para submeter a enteada a atos sexuais de relevo.\" \/>\n<meta name=\"robots\" content=\"index, follow, max-snippet:-1, max-image-preview:large, max-video-preview:-1\" \/>\n<link rel=\"canonical\" href=\"https:\/\/diariodalagoa.pt\/es\/padrasto-detido-por-suspeita-de-abuso-sexual-da-enteada\/\" \/>\n<meta property=\"og:locale\" content=\"es_ES\" \/>\n<meta property=\"og:type\" content=\"article\" \/>\n<meta property=\"og:title\" content=\"Padrasto detido por suspeita de abuso sexual da enteada - Di\u00e1rio da Lagoa\" \/>\n<meta property=\"og:description\" content=\"Homem de 51 anos ter\u00e1 tirado proveito da rela\u00e7\u00e3o de confian\u00e7a para submeter a enteada a atos sexuais de relevo.\" \/>\n<meta property=\"og:url\" content=\"https:\/\/diariodalagoa.pt\/es\/padrasto-detido-por-suspeita-de-abuso-sexual-da-enteada\/\" \/>\n<meta property=\"og:site_name\" content=\"Di\u00e1rio da Lagoa\" \/>\n<meta property=\"article:published_time\" content=\"2026-04-27T10:32:09+00:00\" \/>\n<meta property=\"article:modified_time\" content=\"2026-04-27T10:32:11+00:00\" \/>\n<meta property=\"og:image\" content=\"https:\/\/diariodalagoa.pt\/wp-content\/uploads\/2019\/06\/policia-judiciaria-pdl-1-1.jpg\" \/>\n\t<meta property=\"og:image:width\" content=\"960\" \/>\n\t<meta property=\"og:image:height\" content=\"484\" \/>\n\t<meta property=\"og:image:type\" content=\"image\/jpeg\" \/>\n<meta name=\"author\" content=\"Di\u00e1rio da Lagoa\" \/>\n<meta name=\"twitter:card\" content=\"summary_large_image\" \/>\n<meta name=\"twitter:label1\" content=\"Escrito por\" \/>\n\t<meta name=\"twitter:data1\" content=\"Di\u00e1rio da Lagoa\" \/>\n\t<meta name=\"twitter:label2\" content=\"Tiempo de lectura\" \/>\n\t<meta name=\"twitter:data2\" content=\"1 minuto\" \/>\n<script type=\"application\/ld+json\" class=\"yoast-schema-graph\">{\"@context\":\"https:\/\/schema.org\",\"@graph\":[{\"@type\":\"WebPage\",\"@id\":\"https:\/\/diariodalagoa.pt\/padrasto-detido-por-suspeita-de-abuso-sexual-da-enteada\/\",\"url\":\"https:\/\/diariodalagoa.pt\/padrasto-detido-por-suspeita-de-abuso-sexual-da-enteada\/\",\"name\":\"Padrasto detido por suspeita de abuso sexual da enteada - Di\u00e1rio da Lagoa\",\"isPartOf\":{\"@id\":\"https:\/\/diariodalagoa.pt\/#website\"},\"datePublished\":\"2026-04-27T10:32:09+00:00\",\"dateModified\":\"2026-04-27T10:32:11+00:00\",\"author\":{\"@id\":\"https:\/\/diariodalagoa.pt\/#\/schema\/person\/1615a002370e8857b6f972834bc43ece\"},\"description\":\"Homem de 51 anos ter\u00e1 tirado proveito da rela\u00e7\u00e3o de confian\u00e7a para submeter a enteada a atos sexuais de relevo.\",\"breadcrumb\":{\"@id\":\"https:\/\/diariodalagoa.pt\/padrasto-detido-por-suspeita-de-abuso-sexual-da-enteada\/#breadcrumb\"},\"inLanguage\":\"es\",\"potentialAction\":[{\"@type\":\"ReadAction\",\"target\":[\"https:\/\/diariodalagoa.pt\/padrasto-detido-por-suspeita-de-abuso-sexual-da-enteada\/\"]}]},{\"@type\":\"BreadcrumbList\",\"@id\":\"https:\/\/diariodalagoa.pt\/padrasto-detido-por-suspeita-de-abuso-sexual-da-enteada\/#breadcrumb\",\"itemListElement\":[{\"@type\":\"ListItem\",\"position\":1,\"name\":\"In\u00edcio\",\"item\":\"https:\/\/diariodalagoa.pt\/\"},{\"@type\":\"ListItem\",\"position\":2,\"name\":\"Padrasto detido por suspeita de abuso sexual da enteada\"}]},{\"@type\":\"WebSite\",\"@id\":\"https:\/\/diariodalagoa.pt\/#website\",\"url\":\"https:\/\/diariodalagoa.pt\/\",\"name\":\"Di\u00e1rio da Lagoa\",\"description\":\"Di\u00e1rio da Lagoa. As not\u00edcias que contam. A partir da Lagoa, nos A\u00e7ores, para o mundo.\",\"potentialAction\":[{\"@type\":\"SearchAction\",\"target\":{\"@type\":\"EntryPoint\",\"urlTemplate\":\"https:\/\/diariodalagoa.pt\/?s={search_term_string}\"},\"query-input\":\"required name=search_term_string\"}],\"inLanguage\":\"es\"},{\"@type\":\"Person\",\"@id\":\"https:\/\/diariodalagoa.pt\/#\/schema\/person\/1615a002370e8857b6f972834bc43ece\",\"name\":\"Di\u00e1rio da Lagoa\",\"image\":{\"@type\":\"ImageObject\",\"inLanguage\":\"es\",\"@id\":\"https:\/\/diariodalagoa.pt\/#\/schema\/person\/image\/\",\"url\":\"https:\/\/secure.gravatar.com\/avatar\/2cb5cef90a26f8fbd4d9d930608102c5?s=96&d=mm&r=g\",\"contentUrl\":\"https:\/\/secure.gravatar.com\/avatar\/2cb5cef90a26f8fbd4d9d930608102c5?s=96&d=mm&r=g\",\"caption\":\"Di\u00e1rio da Lagoa\"},\"url\":\"https:\/\/diariodalagoa.pt\/es\/author\/diariodalagoa\/\"}]}<\/script>\n<!-- \/ Yoast SEO plugin. -->","yoast_head_json":{"title":"Padrasto detido por suspeita de abuso sexual da enteada - Di\u00e1rio da Lagoa","description":"Homem de 51 anos ter\u00e1 tirado proveito da rela\u00e7\u00e3o de confian\u00e7a para submeter a enteada a atos sexuais de relevo.","robots":{"index":"index","follow":"follow","max-snippet":"max-snippet:-1","max-image-preview":"max-image-preview:large","max-video-preview":"max-video-preview:-1"},"canonical":"https:\/\/diariodalagoa.pt\/es\/padrasto-detido-por-suspeita-de-abuso-sexual-da-enteada\/","og_locale":"es_ES","og_type":"article","og_title":"Padrasto detido por suspeita de abuso sexual da enteada - Di\u00e1rio da Lagoa","og_description":"Homem de 51 anos ter\u00e1 tirado proveito da rela\u00e7\u00e3o de confian\u00e7a para submeter a enteada a atos sexuais de relevo.","og_url":"https:\/\/diariodalagoa.pt\/es\/padrasto-detido-por-suspeita-de-abuso-sexual-da-enteada\/","og_site_name":"Di\u00e1rio da Lagoa","article_published_time":"2026-04-27T10:32:09+00:00","article_modified_time":"2026-04-27T10:32:11+00:00","og_image":[{"width":960,"height":484,"url":"https:\/\/diariodalagoa.pt\/wp-content\/uploads\/2019\/06\/policia-judiciaria-pdl-1-1.jpg","type":"image\/jpeg"}],"author":"Di\u00e1rio da Lagoa","twitter_card":"summary_large_image","twitter_misc":{"Escrito por":"Di\u00e1rio da Lagoa","Tiempo de lectura":"1 minuto"},"schema":{"@context":"https:\/\/schema.org","@graph":[{"@type":"WebPage","@id":"https:\/\/diariodalagoa.pt\/padrasto-detido-por-suspeita-de-abuso-sexual-da-enteada\/","url":"https:\/\/diariodalagoa.pt\/padrasto-detido-por-suspeita-de-abuso-sexual-da-enteada\/","name":"Padrasto detido por suspeita de abuso sexual da enteada - Di\u00e1rio da Lagoa","isPartOf":{"@id":"https:\/\/diariodalagoa.pt\/#website"},"datePublished":"2026-04-27T10:32:09+00:00","dateModified":"2026-04-27T10:32:11+00:00","author":{"@id":"https:\/\/diariodalagoa.pt\/#\/schema\/person\/1615a002370e8857b6f972834bc43ece"},"description":"Homem de 51 anos ter\u00e1 tirado proveito da rela\u00e7\u00e3o de confian\u00e7a para submeter a enteada a atos sexuais de relevo.","breadcrumb":{"@id":"https:\/\/diariodalagoa.pt\/padrasto-detido-por-suspeita-de-abuso-sexual-da-enteada\/#breadcrumb"},"inLanguage":"es","potentialAction":[{"@type":"ReadAction","target":["https:\/\/diariodalagoa.pt\/padrasto-detido-por-suspeita-de-abuso-sexual-da-enteada\/"]}]},{"@type":"BreadcrumbList","@id":"https:\/\/diariodalagoa.pt\/padrasto-detido-por-suspeita-de-abuso-sexual-da-enteada\/#breadcrumb","itemListElement":[{"@type":"ListItem","position":1,"name":"In\u00edcio","item":"https:\/\/diariodalagoa.pt\/"},{"@type":"ListItem","position":2,"name":"Padrasto detido por suspeita de abuso sexual da enteada"}]},{"@type":"WebSite","@id":"https:\/\/diariodalagoa.pt\/#website","url":"https:\/\/diariodalagoa.pt\/","name":"Di\u00e1rio da Lagoa","description":"Di\u00e1rio da Lagoa. As not\u00edcias que contam. A partir da Lagoa, nos A\u00e7ores, para o mundo.","potentialAction":[{"@type":"SearchAction","target":{"@type":"EntryPoint","urlTemplate":"https:\/\/diariodalagoa.pt\/?s={search_term_string}"},"query-input":"required name=search_term_string"}],"inLanguage":"es"},{"@type":"Person","@id":"https:\/\/diariodalagoa.pt\/#\/schema\/person\/1615a002370e8857b6f972834bc43ece","name":"Di\u00e1rio da Lagoa","image":{"@type":"ImageObject","inLanguage":"es","@id":"https:\/\/diariodalagoa.pt\/#\/schema\/person\/image\/","url":"https:\/\/secure.gravatar.com\/avatar\/2cb5cef90a26f8fbd4d9d930608102c5?s=96&d=mm&r=g","contentUrl":"https:\/\/secure.gravatar.com\/avatar\/2cb5cef90a26f8fbd4d9d930608102c5?s=96&d=mm&r=g","caption":"Di\u00e1rio da Lagoa"},"url":"https:\/\/diariodalagoa.pt\/es\/author\/diariodalagoa\/"}]}},"_links":{"self":[{"href":"https:\/\/diariodalagoa.pt\/es\/wp-json\/wp\/v2\/posts\/163511"}],"collection":[{"href":"https:\/\/diariodalagoa.pt\/es\/wp-json\/wp\/v2\/posts"}],"about":[{"href":"https:\/\/diariodalagoa.pt\/es\/wp-json\/wp\/v2\/types\/post"}],"author":[{"embeddable":true,"href":"https:\/\/diariodalagoa.pt\/es\/wp-json\/wp\/v2\/users\/2"}],"replies":[{"embeddable":true,"href":"https:\/\/diariodalagoa.pt\/es\/wp-json\/wp\/v2\/comments?post=163511"}],"version-history":[{"count":2,"href":"https:\/\/diariodalagoa.pt\/es\/wp-json\/wp\/v2\/posts\/163511\/revisions"}],"predecessor-version":[{"id":163513,"href":"https:\/\/diariodalagoa.pt\/es\/wp-json\/wp\/v2\/posts\/163511\/revisions\/163513"}],"wp:featuredmedia":[{"embeddable":true,"href":"https:\/\/diariodalagoa.pt\/es\/wp-json\/wp\/v2\/media\/117506"}],"wp:attachment":[{"href":"https:\/\/diariodalagoa.pt\/es\/wp-json\/wp\/v2\/media?parent=163511"}],"wp:term":[{"taxonomy":"category","embeddable":true,"href":"https:\/\/diariodalagoa.pt\/es\/wp-json\/wp\/v2\/categories?post=163511"},{"taxonomy":"post_tag","embeddable":true,"href":"https:\/\/diariodalagoa.pt\/es\/wp-json\/wp\/v2\/tags?post=163511"}],"curies":[{"name":"wp","href":"https:\/\/api.w.org\/{rel}","templated":true}]}}