{"id":163507,"date":"2026-04-27T10:22:56","date_gmt":"2026-04-27T10:22:56","guid":{"rendered":"https:\/\/diariodalagoa.pt\/?p=163507"},"modified":"2026-04-27T10:22:57","modified_gmt":"2026-04-27T10:22:57","slug":"karatecas-acorianos-em-destaque-no-open-de-odivelas","status":"publish","type":"post","link":"https:\/\/diariodalagoa.pt\/es\/karatecas-acorianos-em-destaque-no-open-de-odivelas\/","title":{"rendered":"Karatecas a\u00e7orianos em destaque no Open de Odivelas"},"content":{"rendered":"<figure class=\"wp-block-image size-full\"><img decoding=\"async\" width=\"960\" height=\"640\" src=\"https:\/\/diariodalagoa.pt\/wp-content\/uploads\/2026\/04\/maria-gaspar-karate.jpg\" alt=\"\" class=\"wp-image-163508\" srcset=\"https:\/\/diariodalagoa.pt\/wp-content\/uploads\/2026\/04\/maria-gaspar-karate.jpg 960w, https:\/\/diariodalagoa.pt\/wp-content\/uploads\/2026\/04\/maria-gaspar-karate-300x200.jpg 300w, https:\/\/diariodalagoa.pt\/wp-content\/uploads\/2026\/04\/maria-gaspar-karate-768x512.jpg 768w, https:\/\/diariodalagoa.pt\/wp-content\/uploads\/2026\/04\/maria-gaspar-karate-18x12.jpg 18w\" sizes=\"(max-width: 960px) 100vw, 960px\" \/><figcaption class=\"wp-element-caption\"><sub><mark style=\"background-color:rgba(0, 0, 0, 0)\" class=\"has-inline-color has-cyan-bluish-gray-color\">\u00a9 AKA<\/mark><\/sub><\/figcaption><\/figure>\n\n\n\n<p>A participa\u00e7\u00e3o da Associa\u00e7\u00e3o de Karat\u00e9 dos A\u00e7ores Open de Odivelas traduziu-se num balan\u00e7o positivo marcado por sete lugares de p\u00f3dio, v\u00e1rias classifica\u00e7\u00f5es de relevo e uma presta\u00e7\u00e3o coletiva que evidenciou a qualidade do karat\u00e9 a\u00e7oriano em contexto competitivo nacional.<\/p>\n\n\n\n<p>A competi\u00e7\u00e3o, realizada no pavilh\u00e3o multiusos de Odivelas, reuniu mais de quinhentos atletas de diversas associa\u00e7\u00f5es e clubes do pa\u00eds, constituindo um exigente momento de avalia\u00e7\u00e3o competitiva e um importante palco de afirma\u00e7\u00e3o para os karatecas a\u00e7orianos.<\/p>\n\n\n\n<p>A comitiva a\u00e7oriana, composta por dezassete atletas, teve em Maria Gaspar (Clube de Karat\u00e9-do Shotokan de Angra do Hero\u00edsmo) figura de destaque ao conseguir o segundo lugar em kumite cadete feminino, -47kg, garantindo a melhor classifica\u00e7\u00e3o a\u00e7oriana na prova.<\/p>\n\n\n\n<p>Pelo Clube de Karat\u00e9 Shotokan da Povoa\u00e7\u00e3o, Matilde Pacheco conquistou o terceiro lugar em kumite juvenil feminino (-47kg), assegurando igualmente presen\u00e7a a\u00e7oriana no p\u00f3dio.<\/p>\n\n\n\n<p>O Clube de Karat\u00e9-do Shotokan de Angra do Hero\u00edsmo afirmou-se com um conjunto expressivo de resultados, alcan\u00e7ando cinco medalhas de bronze por Clara Antunes, Teresa Fraga, Duarte rico, Henrique Silve e Mariana Fernandes. Para al\u00e9m dos lugares de p\u00f3dio, a representa\u00e7\u00e3o a\u00e7oriana registou ainda classifica\u00e7\u00f5es merit\u00f3rias muito pr\u00f3ximas das medalhas. <\/p>\n\n\n\n<p>No total, os atletas dos A\u00e7ores somaram uma medalha de prata e seis medalhas de bronze, resultado que espelha n\u00e3o s\u00f3 o valor competitivo dos praticantes, mas tamb\u00e9m a consist\u00eancia do trabalho realizado pelos clubes e pelos seus treinadores.<\/p>","protected":false},"excerpt":{"rendered":"<p>Atletas dos A\u00e7ores conquistaram sete medalhas no Open de Odivelas. Maria Gaspar foi prata em kumite feminino.<\/p>","protected":false},"author":2,"featured_media":163508,"comment_status":"open","ping_status":"open","sticky":false,"template":"","format":"standard","meta":[],"categories":[21],"tags":[5017,31,66,321,938,2847],"acf":[],"yoast_head":"<!-- This site is optimized with the Yoast SEO plugin v20.10 - https:\/\/yoast.com\/wordpress\/plugins\/seo\/ -->\n<title>Karatecas a\u00e7orianos em destaque no Open de Odivelas - Di\u00e1rio da Lagoa<\/title>\n<meta name=\"description\" content=\"Atletas dos A\u00e7ores conquistaram sete medalhas no Open de Odivelas. Maria Gaspar foi prata em kumite feminino.\" \/>\n<meta name=\"robots\" content=\"index, follow, max-snippet:-1, max-image-preview:large, max-video-preview:-1\" \/>\n<link rel=\"canonical\" href=\"https:\/\/diariodalagoa.pt\/es\/karatecas-acorianos-em-destaque-no-open-de-odivelas\/\" \/>\n<meta property=\"og:locale\" content=\"es_ES\" \/>\n<meta property=\"og:type\" content=\"article\" \/>\n<meta property=\"og:title\" content=\"Karatecas a\u00e7orianos em destaque no Open de Odivelas - Di\u00e1rio da Lagoa\" \/>\n<meta property=\"og:description\" content=\"Atletas dos A\u00e7ores conquistaram sete medalhas no Open de Odivelas. Maria Gaspar foi prata em kumite feminino.\" \/>\n<meta property=\"og:url\" content=\"https:\/\/diariodalagoa.pt\/es\/karatecas-acorianos-em-destaque-no-open-de-odivelas\/\" \/>\n<meta property=\"og:site_name\" content=\"Di\u00e1rio da Lagoa\" \/>\n<meta property=\"article:published_time\" content=\"2026-04-27T10:22:56+00:00\" \/>\n<meta property=\"article:modified_time\" content=\"2026-04-27T10:22:57+00:00\" \/>\n<meta property=\"og:image\" content=\"https:\/\/diariodalagoa.pt\/wp-content\/uploads\/2026\/04\/maria-gaspar-karate.jpg\" \/>\n\t<meta property=\"og:image:width\" content=\"960\" \/>\n\t<meta property=\"og:image:height\" content=\"640\" \/>\n\t<meta property=\"og:image:type\" content=\"image\/jpeg\" \/>\n<meta name=\"author\" content=\"Di\u00e1rio da Lagoa\" \/>\n<meta name=\"twitter:card\" content=\"summary_large_image\" \/>\n<meta name=\"twitter:label1\" content=\"Escrito por\" \/>\n\t<meta name=\"twitter:data1\" content=\"Di\u00e1rio da Lagoa\" \/>\n\t<meta name=\"twitter:label2\" content=\"Tiempo de lectura\" \/>\n\t<meta name=\"twitter:data2\" content=\"2 minutos\" \/>\n<script type=\"application\/ld+json\" class=\"yoast-schema-graph\">{\"@context\":\"https:\/\/schema.org\",\"@graph\":[{\"@type\":\"WebPage\",\"@id\":\"https:\/\/diariodalagoa.pt\/karatecas-acorianos-em-destaque-no-open-de-odivelas\/\",\"url\":\"https:\/\/diariodalagoa.pt\/karatecas-acorianos-em-destaque-no-open-de-odivelas\/\",\"name\":\"Karatecas a\u00e7orianos em destaque no Open de Odivelas - Di\u00e1rio da Lagoa\",\"isPartOf\":{\"@id\":\"https:\/\/diariodalagoa.pt\/#website\"},\"datePublished\":\"2026-04-27T10:22:56+00:00\",\"dateModified\":\"2026-04-27T10:22:57+00:00\",\"author\":{\"@id\":\"https:\/\/diariodalagoa.pt\/#\/schema\/person\/1615a002370e8857b6f972834bc43ece\"},\"description\":\"Atletas dos A\u00e7ores conquistaram sete medalhas no Open de Odivelas. Maria Gaspar foi prata em kumite feminino.\",\"breadcrumb\":{\"@id\":\"https:\/\/diariodalagoa.pt\/karatecas-acorianos-em-destaque-no-open-de-odivelas\/#breadcrumb\"},\"inLanguage\":\"es\",\"potentialAction\":[{\"@type\":\"ReadAction\",\"target\":[\"https:\/\/diariodalagoa.pt\/karatecas-acorianos-em-destaque-no-open-de-odivelas\/\"]}]},{\"@type\":\"BreadcrumbList\",\"@id\":\"https:\/\/diariodalagoa.pt\/karatecas-acorianos-em-destaque-no-open-de-odivelas\/#breadcrumb\",\"itemListElement\":[{\"@type\":\"ListItem\",\"position\":1,\"name\":\"In\u00edcio\",\"item\":\"https:\/\/diariodalagoa.pt\/\"},{\"@type\":\"ListItem\",\"position\":2,\"name\":\"Karatecas a\u00e7orianos em destaque no Open de Odivelas\"}]},{\"@type\":\"WebSite\",\"@id\":\"https:\/\/diariodalagoa.pt\/#website\",\"url\":\"https:\/\/diariodalagoa.pt\/\",\"name\":\"Di\u00e1rio da Lagoa\",\"description\":\"Di\u00e1rio da Lagoa. As not\u00edcias que contam. A partir da Lagoa, nos A\u00e7ores, para o mundo.\",\"potentialAction\":[{\"@type\":\"SearchAction\",\"target\":{\"@type\":\"EntryPoint\",\"urlTemplate\":\"https:\/\/diariodalagoa.pt\/?s={search_term_string}\"},\"query-input\":\"required name=search_term_string\"}],\"inLanguage\":\"es\"},{\"@type\":\"Person\",\"@id\":\"https:\/\/diariodalagoa.pt\/#\/schema\/person\/1615a002370e8857b6f972834bc43ece\",\"name\":\"Di\u00e1rio da Lagoa\",\"image\":{\"@type\":\"ImageObject\",\"inLanguage\":\"es\",\"@id\":\"https:\/\/diariodalagoa.pt\/#\/schema\/person\/image\/\",\"url\":\"https:\/\/secure.gravatar.com\/avatar\/2cb5cef90a26f8fbd4d9d930608102c5?s=96&d=mm&r=g\",\"contentUrl\":\"https:\/\/secure.gravatar.com\/avatar\/2cb5cef90a26f8fbd4d9d930608102c5?s=96&d=mm&r=g\",\"caption\":\"Di\u00e1rio da Lagoa\"},\"url\":\"https:\/\/diariodalagoa.pt\/es\/author\/diariodalagoa\/\"}]}<\/script>\n<!-- \/ Yoast SEO plugin. -->","yoast_head_json":{"title":"Karatecas a\u00e7orianos em destaque no Open de Odivelas - Di\u00e1rio da Lagoa","description":"Atletas dos A\u00e7ores conquistaram sete medalhas no Open de Odivelas. Maria Gaspar foi prata em kumite feminino.","robots":{"index":"index","follow":"follow","max-snippet":"max-snippet:-1","max-image-preview":"max-image-preview:large","max-video-preview":"max-video-preview:-1"},"canonical":"https:\/\/diariodalagoa.pt\/es\/karatecas-acorianos-em-destaque-no-open-de-odivelas\/","og_locale":"es_ES","og_type":"article","og_title":"Karatecas a\u00e7orianos em destaque no Open de Odivelas - Di\u00e1rio da Lagoa","og_description":"Atletas dos A\u00e7ores conquistaram sete medalhas no Open de Odivelas. Maria Gaspar foi prata em kumite feminino.","og_url":"https:\/\/diariodalagoa.pt\/es\/karatecas-acorianos-em-destaque-no-open-de-odivelas\/","og_site_name":"Di\u00e1rio da Lagoa","article_published_time":"2026-04-27T10:22:56+00:00","article_modified_time":"2026-04-27T10:22:57+00:00","og_image":[{"width":960,"height":640,"url":"https:\/\/diariodalagoa.pt\/wp-content\/uploads\/2026\/04\/maria-gaspar-karate.jpg","type":"image\/jpeg"}],"author":"Di\u00e1rio da Lagoa","twitter_card":"summary_large_image","twitter_misc":{"Escrito por":"Di\u00e1rio da Lagoa","Tiempo de lectura":"2 minutos"},"schema":{"@context":"https:\/\/schema.org","@graph":[{"@type":"WebPage","@id":"https:\/\/diariodalagoa.pt\/karatecas-acorianos-em-destaque-no-open-de-odivelas\/","url":"https:\/\/diariodalagoa.pt\/karatecas-acorianos-em-destaque-no-open-de-odivelas\/","name":"Karatecas a\u00e7orianos em destaque no Open de Odivelas - Di\u00e1rio da Lagoa","isPartOf":{"@id":"https:\/\/diariodalagoa.pt\/#website"},"datePublished":"2026-04-27T10:22:56+00:00","dateModified":"2026-04-27T10:22:57+00:00","author":{"@id":"https:\/\/diariodalagoa.pt\/#\/schema\/person\/1615a002370e8857b6f972834bc43ece"},"description":"Atletas dos A\u00e7ores conquistaram sete medalhas no Open de Odivelas. Maria Gaspar foi prata em kumite feminino.","breadcrumb":{"@id":"https:\/\/diariodalagoa.pt\/karatecas-acorianos-em-destaque-no-open-de-odivelas\/#breadcrumb"},"inLanguage":"es","potentialAction":[{"@type":"ReadAction","target":["https:\/\/diariodalagoa.pt\/karatecas-acorianos-em-destaque-no-open-de-odivelas\/"]}]},{"@type":"BreadcrumbList","@id":"https:\/\/diariodalagoa.pt\/karatecas-acorianos-em-destaque-no-open-de-odivelas\/#breadcrumb","itemListElement":[{"@type":"ListItem","position":1,"name":"In\u00edcio","item":"https:\/\/diariodalagoa.pt\/"},{"@type":"ListItem","position":2,"name":"Karatecas a\u00e7orianos em destaque no Open de Odivelas"}]},{"@type":"WebSite","@id":"https:\/\/diariodalagoa.pt\/#website","url":"https:\/\/diariodalagoa.pt\/","name":"Di\u00e1rio da Lagoa","description":"Di\u00e1rio da Lagoa. As not\u00edcias que contam. A partir da Lagoa, nos A\u00e7ores, para o mundo.","potentialAction":[{"@type":"SearchAction","target":{"@type":"EntryPoint","urlTemplate":"https:\/\/diariodalagoa.pt\/?s={search_term_string}"},"query-input":"required name=search_term_string"}],"inLanguage":"es"},{"@type":"Person","@id":"https:\/\/diariodalagoa.pt\/#\/schema\/person\/1615a002370e8857b6f972834bc43ece","name":"Di\u00e1rio da Lagoa","image":{"@type":"ImageObject","inLanguage":"es","@id":"https:\/\/diariodalagoa.pt\/#\/schema\/person\/image\/","url":"https:\/\/secure.gravatar.com\/avatar\/2cb5cef90a26f8fbd4d9d930608102c5?s=96&d=mm&r=g","contentUrl":"https:\/\/secure.gravatar.com\/avatar\/2cb5cef90a26f8fbd4d9d930608102c5?s=96&d=mm&r=g","caption":"Di\u00e1rio da Lagoa"},"url":"https:\/\/diariodalagoa.pt\/es\/author\/diariodalagoa\/"}]}},"_links":{"self":[{"href":"https:\/\/diariodalagoa.pt\/es\/wp-json\/wp\/v2\/posts\/163507"}],"collection":[{"href":"https:\/\/diariodalagoa.pt\/es\/wp-json\/wp\/v2\/posts"}],"about":[{"href":"https:\/\/diariodalagoa.pt\/es\/wp-json\/wp\/v2\/types\/post"}],"author":[{"embeddable":true,"href":"https:\/\/diariodalagoa.pt\/es\/wp-json\/wp\/v2\/users\/2"}],"replies":[{"embeddable":true,"href":"https:\/\/diariodalagoa.pt\/es\/wp-json\/wp\/v2\/comments?post=163507"}],"version-history":[{"count":2,"href":"https:\/\/diariodalagoa.pt\/es\/wp-json\/wp\/v2\/posts\/163507\/revisions"}],"predecessor-version":[{"id":163510,"href":"https:\/\/diariodalagoa.pt\/es\/wp-json\/wp\/v2\/posts\/163507\/revisions\/163510"}],"wp:featuredmedia":[{"embeddable":true,"href":"https:\/\/diariodalagoa.pt\/es\/wp-json\/wp\/v2\/media\/163508"}],"wp:attachment":[{"href":"https:\/\/diariodalagoa.pt\/es\/wp-json\/wp\/v2\/media?parent=163507"}],"wp:term":[{"taxonomy":"category","embeddable":true,"href":"https:\/\/diariodalagoa.pt\/es\/wp-json\/wp\/v2\/categories?post=163507"},{"taxonomy":"post_tag","embeddable":true,"href":"https:\/\/diariodalagoa.pt\/es\/wp-json\/wp\/v2\/tags?post=163507"}],"curies":[{"name":"wp","href":"https:\/\/api.w.org\/{rel}","templated":true}]}}