{"id":163500,"date":"2026-04-25T14:40:22","date_gmt":"2026-04-25T14:40:22","guid":{"rendered":"https:\/\/diariodalagoa.pt\/?p=163500"},"modified":"2026-04-25T14:44:40","modified_gmt":"2026-04-25T14:44:40","slug":"vila-franca-do-campo-celebra-25-anos-de-fe-com-o-lancamento-de-irmandade-divino-espirito-santo-da-mae-de-deus","status":"publish","type":"post","link":"https:\/\/diariodalagoa.pt\/es\/vila-franca-do-campo-celebra-25-anos-de-fe-com-o-lancamento-de-irmandade-divino-espirito-santo-da-mae-de-deus\/","title":{"rendered":"Vila Franca do Campo celebra 25 anos de f\u00e9 com o lan\u00e7amento de \u201cIrmandade Divino Esp\u00edrito Santo da M\u00e3e de Deus\u201d"},"content":{"rendered":"<h3 class=\"wp-block-heading\">A obra de Carlos Vieira, apresentada pelo Bispo de Angra na Escola B\u00e1sica e Secund\u00e1ria Armando C\u00f4rtes-Rodrigues, regista um quarto de s\u00e9culo de servi\u00e7o comunit\u00e1rio e solidariedade, sublinhando a identidade religiosa que une as gentes de Vila Franca do Campo e dos A\u00e7ores<\/h3>\n\n\n\n<figure class=\"wp-block-image size-full\"><img decoding=\"async\" width=\"960\" height=\"716\" src=\"https:\/\/diariodalagoa.pt\/wp-content\/uploads\/2026\/04\/apresentacao-livro-carlos-vieira-igreja-acores-cr.jpg\" alt=\"\" class=\"wp-image-163501\" srcset=\"https:\/\/diariodalagoa.pt\/wp-content\/uploads\/2026\/04\/apresentacao-livro-carlos-vieira-igreja-acores-cr.jpg 960w, https:\/\/diariodalagoa.pt\/wp-content\/uploads\/2026\/04\/apresentacao-livro-carlos-vieira-igreja-acores-cr-300x224.jpg 300w, https:\/\/diariodalagoa.pt\/wp-content\/uploads\/2026\/04\/apresentacao-livro-carlos-vieira-igreja-acores-cr-768x573.jpg 768w, https:\/\/diariodalagoa.pt\/wp-content\/uploads\/2026\/04\/apresentacao-livro-carlos-vieira-igreja-acores-cr-16x12.jpg 16w\" sizes=\"(max-width: 960px) 100vw, 960px\" \/><figcaption class=\"wp-element-caption\"><sup><mark style=\"background-color:rgba(0, 0, 0, 0)\" class=\"has-inline-color has-cyan-bluish-gray-color\">\u00a9 IGREJA A\u00c7ORES\/CR<\/mark><\/sup><\/figcaption><\/figure>\n\n\n<p data-path-to-node=\"2\">O audit\u00f3rio da Escola B\u00e1sica e Secund\u00e1ria Armando C\u00f4rtes-Rodrigues, em Vila Franca do Campo, foi este s\u00e1bado o cen\u00e1rio da apresenta\u00e7\u00e3o do livro \u201cIrmandade Divino Esp\u00edrito Santo da M\u00e3e de Deus\u2026 25 anos a servir\u201d. A obra da autoria de Carlos Vieira assinala os 25 anos de dedica\u00e7\u00e3o e servi\u00e7o comunit\u00e1rio desta institui\u00e7\u00e3o, num evento que reuniu membros da irmandade, fi\u00e9is e diversas personalidades locais. A apresenta\u00e7\u00e3o ficou a cargo de D. Armando Esteves Domingues, Bispo de Angra, que descreveu o livro como \u201cum filho que, ao ser apresentado, ganha vida nova\u201d, enaltecendo a linguagem acess\u00edvel, a riqueza hist\u00f3rica e a dimens\u00e3o de reflex\u00e3o teol\u00f3gica da publica\u00e7\u00e3o. O autor prop\u00f5e uma abordagem simultaneamente simples e profunda ao mist\u00e9rio do Divino, procurando, segundo a mesma nota, \u201cexplicar de forma clara aquilo que muitas vezes se sente, mas nem sempre se compreende\u201d, atrav\u00e9s do recurso a testemunhos de antigos mordomos, familiares e membros da comunidade.<\/p>\n<p data-path-to-node=\"3\">A narrativa percorre a hist\u00f3ria da irmandade, fundada oficialmente a 16 de abril de 2001 por Jo\u00e3o Jos\u00e9 Arruda, tendo contado posteriormente com o impulso de Elias Raposo Sardinha, respons\u00e1vel pela conclus\u00e3o da sede inaugurada em 2004. Contudo, as ra\u00edzes deste imp\u00e9rio s\u00e3o seculares, remontando a cerca de trezentos anos e mantendo uma liga\u00e7\u00e3o hist\u00f3rica \u00e0 Casa da M\u00e3e de Deus e \u00e0 fam\u00edlia Botelho de Gusm\u00e3o, o que o torna um dos mais antigos do arquip\u00e9lago. Ao longo das d\u00e9cadas, a institui\u00e7\u00e3o tem mantido o compromisso de traduzir a f\u00e9 em a\u00e7\u00f5es concretas de solidariedade. Exemplo disso \u00e9 o facto de, apenas em 2025, terem sido distribu\u00eddas cerca de 900 pens\u00f5es, um sinal claro do aux\u00edlio prestado aos mais necessitados da regi\u00e3o.<\/p>\n\n\n<figure class=\"wp-block-image size-full\"><img decoding=\"async\" width=\"960\" height=\"550\" src=\"https:\/\/diariodalagoa.pt\/wp-content\/uploads\/2026\/04\/lancamento-livro-carlos-vieira-igreja-acores-cr.jpg\" alt=\"\" class=\"wp-image-163502\" srcset=\"https:\/\/diariodalagoa.pt\/wp-content\/uploads\/2026\/04\/lancamento-livro-carlos-vieira-igreja-acores-cr.jpg 960w, https:\/\/diariodalagoa.pt\/wp-content\/uploads\/2026\/04\/lancamento-livro-carlos-vieira-igreja-acores-cr-300x172.jpg 300w, https:\/\/diariodalagoa.pt\/wp-content\/uploads\/2026\/04\/lancamento-livro-carlos-vieira-igreja-acores-cr-768x440.jpg 768w, https:\/\/diariodalagoa.pt\/wp-content\/uploads\/2026\/04\/lancamento-livro-carlos-vieira-igreja-acores-cr-18x10.jpg 18w\" sizes=\"(max-width: 960px) 100vw, 960px\" \/><figcaption class=\"wp-element-caption\"><sup><mark style=\"background-color:rgba(0, 0, 0, 0)\" class=\"has-inline-color has-cyan-bluish-gray-color\">\u00a9 IGREJA A\u00c7ORES\/CR<\/mark><\/sup><\/figcaption><\/figure>\n\n\n<p>Durante a sess\u00e3o, D. Armando Esteves Domingues sublinhou que \u201co Esp\u00edrito Santo n\u00e3o tem rosto nem corpo: experimenta-se, n\u00e3o se v\u00ea. \u00c9 Deus vivo em n\u00f3s, \u00e9 o amor\u201d, definindo a obra de Carlos Vieira como um \u201cmanual\u201d acess\u00edvel sobre esta dimens\u00e3o espiritual. O livro evoca ainda a figura central de Santa Isabel de Portugal e o milagre associado \u00e0 constru\u00e7\u00e3o da igreja, guiando o leitor por tradi\u00e7\u00f5es como a prociss\u00e3o de coroa\u00e7\u00e3o e destacando o papel da mulher como s\u00edmbolo de uni\u00e3o na viv\u00eancia desta devo\u00e7\u00e3o. Tamb\u00e9m presente na cerim\u00f3nia, a presidente da C\u00e2mara Municipal de Vila Franca do Campo, Gra\u00e7a Ventura, considerou a obra \u201cuma homenagem \u00e0 f\u00e9 de um povo\u201d, elogiando o percurso do autor como um exemplo de devo\u00e7\u00e3o e humildade. No encerramento, ficou o apelo \u00e0 continuidade desta tradi\u00e7\u00e3o que define a identidade a\u00e7oriana, refor\u00e7ando o ideal de fraternidade e partilha num mundo cada vez mais marcado pela indiferen\u00e7a.<\/p>","protected":false},"excerpt":{"rendered":"<p>A obra de Carlos Vieira, apresentada pelo Bispo de Angra na Escola B\u00e1sica e Secund\u00e1ria Armando C\u00f4rtes-Rodrigues, regista um quarto de s\u00e9culo de servi\u00e7o comunit\u00e1rio e solidariedade, sublinhando a identidade religiosa que une as gentes de Vila Franca do Campo e dos A\u00e7ores.<\/p>","protected":false},"author":2,"featured_media":163501,"comment_status":"open","ping_status":"closed","sticky":false,"template":"","format":"standard","meta":[],"categories":[21],"tags":[31,45,203,272,699,862,2883,5015,5016],"acf":[],"yoast_head":"<!-- This site is optimized with the Yoast SEO plugin v20.10 - https:\/\/yoast.com\/wordpress\/plugins\/seo\/ -->\n<title>Vila Franca do Campo celebra 25 anos de f\u00e9 com o lan\u00e7amento de \u201cIrmandade Divino Esp\u00edrito Santo da M\u00e3e de Deus\u201d - Di\u00e1rio da Lagoa<\/title>\n<meta name=\"description\" content=\"A obra de Carlos Vieira, apresentada pelo Bispo de Angra na Escola B\u00e1sica e Secund\u00e1ria Armando C\u00f4rtes-Rodrigues, regista um quarto de s\u00e9culo de servi\u00e7o comunit\u00e1rio e solidariedade, sublinhando a identidade religiosa que une as gentes de Vila Franca do Campo e dos A\u00e7ores.\" \/>\n<meta name=\"robots\" content=\"index, follow, max-snippet:-1, max-image-preview:large, max-video-preview:-1\" \/>\n<link rel=\"canonical\" href=\"https:\/\/diariodalagoa.pt\/es\/vila-franca-do-campo-celebra-25-anos-de-fe-com-o-lancamento-de-irmandade-divino-espirito-santo-da-mae-de-deus\/\" \/>\n<meta property=\"og:locale\" content=\"es_ES\" \/>\n<meta property=\"og:type\" content=\"article\" \/>\n<meta property=\"og:title\" content=\"Vila Franca do Campo celebra 25 anos de f\u00e9 com o lan\u00e7amento de \u201cIrmandade Divino Esp\u00edrito Santo da M\u00e3e de Deus\u201d - Di\u00e1rio da Lagoa\" \/>\n<meta property=\"og:description\" content=\"A obra de Carlos Vieira, apresentada pelo Bispo de Angra na Escola B\u00e1sica e Secund\u00e1ria Armando C\u00f4rtes-Rodrigues, regista um quarto de s\u00e9culo de servi\u00e7o comunit\u00e1rio e solidariedade, sublinhando a identidade religiosa que une as gentes de Vila Franca do Campo e dos A\u00e7ores.\" \/>\n<meta property=\"og:url\" content=\"https:\/\/diariodalagoa.pt\/es\/vila-franca-do-campo-celebra-25-anos-de-fe-com-o-lancamento-de-irmandade-divino-espirito-santo-da-mae-de-deus\/\" \/>\n<meta property=\"og:site_name\" content=\"Di\u00e1rio da Lagoa\" \/>\n<meta property=\"article:published_time\" content=\"2026-04-25T14:40:22+00:00\" \/>\n<meta property=\"article:modified_time\" content=\"2026-04-25T14:44:40+00:00\" \/>\n<meta property=\"og:image\" content=\"https:\/\/diariodalagoa.pt\/wp-content\/uploads\/2026\/04\/apresentacao-livro-carlos-vieira-igreja-acores-cr.jpg\" \/>\n\t<meta property=\"og:image:width\" content=\"960\" \/>\n\t<meta property=\"og:image:height\" content=\"716\" \/>\n\t<meta property=\"og:image:type\" content=\"image\/jpeg\" \/>\n<meta name=\"author\" content=\"Di\u00e1rio da Lagoa\" \/>\n<meta name=\"twitter:card\" content=\"summary_large_image\" \/>\n<meta name=\"twitter:label1\" content=\"Escrito por\" \/>\n\t<meta name=\"twitter:data1\" content=\"Di\u00e1rio da Lagoa\" \/>\n\t<meta name=\"twitter:label2\" content=\"Tiempo de lectura\" \/>\n\t<meta name=\"twitter:data2\" content=\"4 minutos\" \/>\n<script type=\"application\/ld+json\" class=\"yoast-schema-graph\">{\"@context\":\"https:\/\/schema.org\",\"@graph\":[{\"@type\":\"WebPage\",\"@id\":\"https:\/\/diariodalagoa.pt\/vila-franca-do-campo-celebra-25-anos-de-fe-com-o-lancamento-de-irmandade-divino-espirito-santo-da-mae-de-deus\/\",\"url\":\"https:\/\/diariodalagoa.pt\/vila-franca-do-campo-celebra-25-anos-de-fe-com-o-lancamento-de-irmandade-divino-espirito-santo-da-mae-de-deus\/\",\"name\":\"Vila Franca do Campo celebra 25 anos de f\u00e9 com o lan\u00e7amento de \u201cIrmandade Divino Esp\u00edrito Santo da M\u00e3e de Deus\u201d - Di\u00e1rio da Lagoa\",\"isPartOf\":{\"@id\":\"https:\/\/diariodalagoa.pt\/#website\"},\"datePublished\":\"2026-04-25T14:40:22+00:00\",\"dateModified\":\"2026-04-25T14:44:40+00:00\",\"author\":{\"@id\":\"https:\/\/diariodalagoa.pt\/#\/schema\/person\/1615a002370e8857b6f972834bc43ece\"},\"description\":\"A obra de Carlos Vieira, apresentada pelo Bispo de Angra na Escola B\u00e1sica e Secund\u00e1ria Armando C\u00f4rtes-Rodrigues, regista um quarto de s\u00e9culo de servi\u00e7o comunit\u00e1rio e solidariedade, sublinhando a identidade religiosa que une as gentes de Vila Franca do Campo e dos A\u00e7ores.\",\"breadcrumb\":{\"@id\":\"https:\/\/diariodalagoa.pt\/vila-franca-do-campo-celebra-25-anos-de-fe-com-o-lancamento-de-irmandade-divino-espirito-santo-da-mae-de-deus\/#breadcrumb\"},\"inLanguage\":\"es\",\"potentialAction\":[{\"@type\":\"ReadAction\",\"target\":[\"https:\/\/diariodalagoa.pt\/vila-franca-do-campo-celebra-25-anos-de-fe-com-o-lancamento-de-irmandade-divino-espirito-santo-da-mae-de-deus\/\"]}]},{\"@type\":\"BreadcrumbList\",\"@id\":\"https:\/\/diariodalagoa.pt\/vila-franca-do-campo-celebra-25-anos-de-fe-com-o-lancamento-de-irmandade-divino-espirito-santo-da-mae-de-deus\/#breadcrumb\",\"itemListElement\":[{\"@type\":\"ListItem\",\"position\":1,\"name\":\"In\u00edcio\",\"item\":\"https:\/\/diariodalagoa.pt\/\"},{\"@type\":\"ListItem\",\"position\":2,\"name\":\"Vila Franca do Campo celebra 25 anos de f\u00e9 com o lan\u00e7amento de \u201cIrmandade Divino Esp\u00edrito Santo da M\u00e3e de Deus\u201d\"}]},{\"@type\":\"WebSite\",\"@id\":\"https:\/\/diariodalagoa.pt\/#website\",\"url\":\"https:\/\/diariodalagoa.pt\/\",\"name\":\"Di\u00e1rio da Lagoa\",\"description\":\"Di\u00e1rio da Lagoa. As not\u00edcias que contam. A partir da Lagoa, nos A\u00e7ores, para o mundo.\",\"potentialAction\":[{\"@type\":\"SearchAction\",\"target\":{\"@type\":\"EntryPoint\",\"urlTemplate\":\"https:\/\/diariodalagoa.pt\/?s={search_term_string}\"},\"query-input\":\"required name=search_term_string\"}],\"inLanguage\":\"es\"},{\"@type\":\"Person\",\"@id\":\"https:\/\/diariodalagoa.pt\/#\/schema\/person\/1615a002370e8857b6f972834bc43ece\",\"name\":\"Di\u00e1rio da Lagoa\",\"image\":{\"@type\":\"ImageObject\",\"inLanguage\":\"es\",\"@id\":\"https:\/\/diariodalagoa.pt\/#\/schema\/person\/image\/\",\"url\":\"https:\/\/secure.gravatar.com\/avatar\/2cb5cef90a26f8fbd4d9d930608102c5?s=96&d=mm&r=g\",\"contentUrl\":\"https:\/\/secure.gravatar.com\/avatar\/2cb5cef90a26f8fbd4d9d930608102c5?s=96&d=mm&r=g\",\"caption\":\"Di\u00e1rio da Lagoa\"},\"url\":\"https:\/\/diariodalagoa.pt\/es\/author\/diariodalagoa\/\"}]}<\/script>\n<!-- \/ Yoast SEO plugin. -->","yoast_head_json":{"title":"Vila Franca do Campo celebra 25 anos de f\u00e9 com o lan\u00e7amento de \u201cIrmandade Divino Esp\u00edrito Santo da M\u00e3e de Deus\u201d - Di\u00e1rio da Lagoa","description":"A obra de Carlos Vieira, apresentada pelo Bispo de Angra na Escola B\u00e1sica e Secund\u00e1ria Armando C\u00f4rtes-Rodrigues, regista um quarto de s\u00e9culo de servi\u00e7o comunit\u00e1rio e solidariedade, sublinhando a identidade religiosa que une as gentes de Vila Franca do Campo e dos A\u00e7ores.","robots":{"index":"index","follow":"follow","max-snippet":"max-snippet:-1","max-image-preview":"max-image-preview:large","max-video-preview":"max-video-preview:-1"},"canonical":"https:\/\/diariodalagoa.pt\/es\/vila-franca-do-campo-celebra-25-anos-de-fe-com-o-lancamento-de-irmandade-divino-espirito-santo-da-mae-de-deus\/","og_locale":"es_ES","og_type":"article","og_title":"Vila Franca do Campo celebra 25 anos de f\u00e9 com o lan\u00e7amento de \u201cIrmandade Divino Esp\u00edrito Santo da M\u00e3e de Deus\u201d - Di\u00e1rio da Lagoa","og_description":"A obra de Carlos Vieira, apresentada pelo Bispo de Angra na Escola B\u00e1sica e Secund\u00e1ria Armando C\u00f4rtes-Rodrigues, regista um quarto de s\u00e9culo de servi\u00e7o comunit\u00e1rio e solidariedade, sublinhando a identidade religiosa que une as gentes de Vila Franca do Campo e dos A\u00e7ores.","og_url":"https:\/\/diariodalagoa.pt\/es\/vila-franca-do-campo-celebra-25-anos-de-fe-com-o-lancamento-de-irmandade-divino-espirito-santo-da-mae-de-deus\/","og_site_name":"Di\u00e1rio da Lagoa","article_published_time":"2026-04-25T14:40:22+00:00","article_modified_time":"2026-04-25T14:44:40+00:00","og_image":[{"width":960,"height":716,"url":"https:\/\/diariodalagoa.pt\/wp-content\/uploads\/2026\/04\/apresentacao-livro-carlos-vieira-igreja-acores-cr.jpg","type":"image\/jpeg"}],"author":"Di\u00e1rio da Lagoa","twitter_card":"summary_large_image","twitter_misc":{"Escrito por":"Di\u00e1rio da Lagoa","Tiempo de lectura":"4 minutos"},"schema":{"@context":"https:\/\/schema.org","@graph":[{"@type":"WebPage","@id":"https:\/\/diariodalagoa.pt\/vila-franca-do-campo-celebra-25-anos-de-fe-com-o-lancamento-de-irmandade-divino-espirito-santo-da-mae-de-deus\/","url":"https:\/\/diariodalagoa.pt\/vila-franca-do-campo-celebra-25-anos-de-fe-com-o-lancamento-de-irmandade-divino-espirito-santo-da-mae-de-deus\/","name":"Vila Franca do Campo celebra 25 anos de f\u00e9 com o lan\u00e7amento de \u201cIrmandade Divino Esp\u00edrito Santo da M\u00e3e de Deus\u201d - Di\u00e1rio da Lagoa","isPartOf":{"@id":"https:\/\/diariodalagoa.pt\/#website"},"datePublished":"2026-04-25T14:40:22+00:00","dateModified":"2026-04-25T14:44:40+00:00","author":{"@id":"https:\/\/diariodalagoa.pt\/#\/schema\/person\/1615a002370e8857b6f972834bc43ece"},"description":"A obra de Carlos Vieira, apresentada pelo Bispo de Angra na Escola B\u00e1sica e Secund\u00e1ria Armando C\u00f4rtes-Rodrigues, regista um quarto de s\u00e9culo de servi\u00e7o comunit\u00e1rio e solidariedade, sublinhando a identidade religiosa que une as gentes de Vila Franca do Campo e dos A\u00e7ores.","breadcrumb":{"@id":"https:\/\/diariodalagoa.pt\/vila-franca-do-campo-celebra-25-anos-de-fe-com-o-lancamento-de-irmandade-divino-espirito-santo-da-mae-de-deus\/#breadcrumb"},"inLanguage":"es","potentialAction":[{"@type":"ReadAction","target":["https:\/\/diariodalagoa.pt\/vila-franca-do-campo-celebra-25-anos-de-fe-com-o-lancamento-de-irmandade-divino-espirito-santo-da-mae-de-deus\/"]}]},{"@type":"BreadcrumbList","@id":"https:\/\/diariodalagoa.pt\/vila-franca-do-campo-celebra-25-anos-de-fe-com-o-lancamento-de-irmandade-divino-espirito-santo-da-mae-de-deus\/#breadcrumb","itemListElement":[{"@type":"ListItem","position":1,"name":"In\u00edcio","item":"https:\/\/diariodalagoa.pt\/"},{"@type":"ListItem","position":2,"name":"Vila Franca do Campo celebra 25 anos de f\u00e9 com o lan\u00e7amento de \u201cIrmandade Divino Esp\u00edrito Santo da M\u00e3e de Deus\u201d"}]},{"@type":"WebSite","@id":"https:\/\/diariodalagoa.pt\/#website","url":"https:\/\/diariodalagoa.pt\/","name":"Di\u00e1rio da Lagoa","description":"Di\u00e1rio da Lagoa. As not\u00edcias que contam. A partir da Lagoa, nos A\u00e7ores, para o mundo.","potentialAction":[{"@type":"SearchAction","target":{"@type":"EntryPoint","urlTemplate":"https:\/\/diariodalagoa.pt\/?s={search_term_string}"},"query-input":"required name=search_term_string"}],"inLanguage":"es"},{"@type":"Person","@id":"https:\/\/diariodalagoa.pt\/#\/schema\/person\/1615a002370e8857b6f972834bc43ece","name":"Di\u00e1rio da Lagoa","image":{"@type":"ImageObject","inLanguage":"es","@id":"https:\/\/diariodalagoa.pt\/#\/schema\/person\/image\/","url":"https:\/\/secure.gravatar.com\/avatar\/2cb5cef90a26f8fbd4d9d930608102c5?s=96&d=mm&r=g","contentUrl":"https:\/\/secure.gravatar.com\/avatar\/2cb5cef90a26f8fbd4d9d930608102c5?s=96&d=mm&r=g","caption":"Di\u00e1rio da Lagoa"},"url":"https:\/\/diariodalagoa.pt\/es\/author\/diariodalagoa\/"}]}},"_links":{"self":[{"href":"https:\/\/diariodalagoa.pt\/es\/wp-json\/wp\/v2\/posts\/163500"}],"collection":[{"href":"https:\/\/diariodalagoa.pt\/es\/wp-json\/wp\/v2\/posts"}],"about":[{"href":"https:\/\/diariodalagoa.pt\/es\/wp-json\/wp\/v2\/types\/post"}],"author":[{"embeddable":true,"href":"https:\/\/diariodalagoa.pt\/es\/wp-json\/wp\/v2\/users\/2"}],"replies":[{"embeddable":true,"href":"https:\/\/diariodalagoa.pt\/es\/wp-json\/wp\/v2\/comments?post=163500"}],"version-history":[{"count":4,"href":"https:\/\/diariodalagoa.pt\/es\/wp-json\/wp\/v2\/posts\/163500\/revisions"}],"predecessor-version":[{"id":163506,"href":"https:\/\/diariodalagoa.pt\/es\/wp-json\/wp\/v2\/posts\/163500\/revisions\/163506"}],"wp:featuredmedia":[{"embeddable":true,"href":"https:\/\/diariodalagoa.pt\/es\/wp-json\/wp\/v2\/media\/163501"}],"wp:attachment":[{"href":"https:\/\/diariodalagoa.pt\/es\/wp-json\/wp\/v2\/media?parent=163500"}],"wp:term":[{"taxonomy":"category","embeddable":true,"href":"https:\/\/diariodalagoa.pt\/es\/wp-json\/wp\/v2\/categories?post=163500"},{"taxonomy":"post_tag","embeddable":true,"href":"https:\/\/diariodalagoa.pt\/es\/wp-json\/wp\/v2\/tags?post=163500"}],"curies":[{"name":"wp","href":"https:\/\/api.w.org\/{rel}","templated":true}]}}