{"id":163155,"date":"2026-04-14T17:37:25","date_gmt":"2026-04-14T17:37:25","guid":{"rendered":"https:\/\/diariodalagoa.pt\/?p=163155"},"modified":"2026-04-14T17:37:27","modified_gmt":"2026-04-14T17:37:27","slug":"festa-do-livro-regressa-a-letras-lavadas-com-programacao-diversificada","status":"publish","type":"post","link":"https:\/\/diariodalagoa.pt\/es\/festa-do-livro-regressa-a-letras-lavadas-com-programacao-diversificada\/","title":{"rendered":"Festa do Livro regressa \u00e0 Letras Lavadas com programa\u00e7\u00e3o diversificada"},"content":{"rendered":"<figure class=\"wp-block-image size-full\"><img decoding=\"async\" width=\"960\" height=\"639\" src=\"https:\/\/diariodalagoa.pt\/wp-content\/uploads\/2026\/04\/letras-lavadas-livraria.jpg\" alt=\"\" class=\"wp-image-163156\" srcset=\"https:\/\/diariodalagoa.pt\/wp-content\/uploads\/2026\/04\/letras-lavadas-livraria.jpg 960w, https:\/\/diariodalagoa.pt\/wp-content\/uploads\/2026\/04\/letras-lavadas-livraria-300x200.jpg 300w, https:\/\/diariodalagoa.pt\/wp-content\/uploads\/2026\/04\/letras-lavadas-livraria-768x511.jpg 768w, https:\/\/diariodalagoa.pt\/wp-content\/uploads\/2026\/04\/letras-lavadas-livraria-18x12.jpg 18w\" sizes=\"(max-width: 960px) 100vw, 960px\" \/><figcaption class=\"wp-element-caption\"><sub><mark style=\"background-color:rgba(0, 0, 0, 0)\" class=\"has-inline-color has-cyan-bluish-gray-color\">\u00a9\u00a0PAULO R. CABRAL\/LETRAS LAVADAS<\/mark><\/sub><\/figcaption><\/figure>\n\n\n\n<p>A Festa do Livro est\u00e1 de regresso \u00e0 livraria Letras Lavadas, que entre 18 e 24 de abril se transforma num espa\u00e7o de encontro, partilha e celebra\u00e7\u00e3o da literatura. A edi\u00e7\u00e3o deste ano apresenta uma programa\u00e7\u00e3o diversificada, pensada para leitores de todas as idades, com horas do conto, apresenta\u00e7\u00f5es de livros, oficinas, podcasts em direto, palestras, m\u00fasica e v\u00e1rias iniciativas culturais ao longo de toda a semana.<\/p>\n\n\n\n<p>As atividades come\u00e7am no dia 18 de abril, s\u00e1bado, com duas Horas do Conto para fam\u00edlias, com Ana Catarina Lima (11h00) S\u00f3nia Garcia (14h30), seguindo-se, \u00e0s 16h00, um curso com o escritor Paulo Jos\u00e9 Miranda dedicado a \u201cAs Viagens de Gulliver\u201d.<\/p>\n\n\n\n<p>Na segunda-feira, 20 de abril, a manh\u00e3 abre com uma sess\u00e3o sobre contos tradicionais portugueses dinamizada pela Associa\u00e7\u00e3o da Dor Cr\u00f3nica dos A\u00e7ores, \u00e0s 10h00. \u00c0s 16h00, decorre uma emiss\u00e3o em direto do podcast \u201cH\u00e1 Conversa na Livraria\u201d, com Carlos Nuno Granja, transmitida no YouTube e Facebook da Letras Lavadas. O dia termina \u00e0s 18h00 com uma sess\u00e3o do Projeto Game On \u2013 Hist\u00f3rias em Jogo.<\/p>\n\n\n\n<p>O dia 21 de abril, ter\u00e7a-feira, \u00e9 dedicado ao p\u00fablico infantil, com duas apresenta\u00e7\u00f5es do livro \u201cO Barco e o Sonho\u201d, que inclui o livro infantil mais pequeno do mundo, conduzidas por Sandra Bairos, \u00e0s 10h00 e \u00e0s 15h30. \u00c0s 17h00, o podcast \u201cH\u00e1 Conversa na Livraria\u201d regressa, desta vez com Marco Neves, novamente em direto. \u00c0s 18h00, realiza-se o lan\u00e7amento de \u201cMimos\u201d, de Herodas, com tradu\u00e7\u00e3o, introdu\u00e7\u00e3o e notas de Rui Tavares de Faria.<\/p>\n\n\n\n<p>Na quarta-feira, 22 de abril, \u00e0s 10h00, acontece a sess\u00e3o intergeracional \u201cA Mala de Hist\u00f3rias\u201d. \u00c0s 16h00, segue-se uma palestra dedicada aos problemas sociais e ao papel da literatura. O dia encerra \u00e0s 18h00 com o lan\u00e7amento da segunda edi\u00e7\u00e3o da revista \u201cIlh\u00e9u\u201d, de Kathleen McCaul, com a presen\u00e7a de Urbano, no Pico do Ref\u00fagio.<\/p>\n\n\n\n<p>A programa\u00e7\u00e3o continua na quinta-feira, 23 de abril, com uma oficina de cria\u00e7\u00e3o de marcadores \u00e0s 10h00, com participa\u00e7\u00e3o da APPDA A\u00e7ores. \u00c0s 14h30, o podcast \u201cH\u00e1 Conversa na Livraria\u201d recebe Filipa Fonseca Silva, em direto. \u00c0s 17h30, o Bar L\u2019Epicure Azores acolhe o Sarau Po\u00e9tico \u201cPalavras Sentidas\u201d, seguido, \u00e0s 18h30, do lan\u00e7amento de \u201cLin\u2011Tchi\u2011F\u00e1\/Flor de L\u00f3tus\u201d, de Maria Anna Acciaioli Tamagnini, com a presen\u00e7a do editor da N9na Poesia, Henrique Levy, tamb\u00e9m no L\u2019Epicure Azores.<\/p>\n\n\n\n<p>A sexta-feira, 24 de abril, come\u00e7a \u00e0s 10h00 com uma Hora do Conto para escolas, dedicada ao \u201cDrag\u00e3o Furninhas e o Cozido das Furnas\u201d. \u00c0s 14h45, Filipe Bacelo conduz uma sess\u00e3o para alunos do secund\u00e1rio sobre o seu livro \u201cO meu erro foi n\u00e3o saber amar-te\u201d. \u00c0s 17h30, realiza-se o Clube de Leitura, seguido, \u00e0s 18h30, da apresenta\u00e7\u00e3o do livro \u201cLembra-te de mim sob as estrelas\u201d, tamb\u00e9m de Filipe Bacelo. A noite termina com um concerto intimista de Sara Gago da C\u00e2mara e Jo\u00e3o Cordeiro, \u00e0s 19h30. <\/p>\n\n\n\n<p>Ao longo de toda a Festa do Livro, o p\u00fablico poder\u00e1 participar em encontros com autores, atividades para fam\u00edlias, momentos musicais e usufruir de descontos especiais.<\/p>","protected":false},"excerpt":{"rendered":"<p>Pensada para todos e acess\u00edvel atrav\u00e9s de diversos canais, programa\u00e7\u00e3o visa abranger mi\u00fados e gra\u00fados. Inclui alguns momentos musicais.<\/p>","protected":false},"author":2,"featured_media":163156,"comment_status":"open","ping_status":"open","sticky":false,"template":"","format":"standard","meta":[],"categories":[21],"tags":[162,1174,1956,4872,4873],"acf":[],"yoast_head":"<!-- This site is optimized with the Yoast SEO plugin v20.10 - https:\/\/yoast.com\/wordpress\/plugins\/seo\/ -->\n<title>Festa do Livro regressa \u00e0 Letras Lavadas com programa\u00e7\u00e3o diversificada - Di\u00e1rio da Lagoa<\/title>\n<meta name=\"description\" content=\"Pensada para todos e acess\u00edvel atrav\u00e9s de diversos canais, programa\u00e7\u00e3o visa abranger mi\u00fados e gra\u00fados. Inclui alguns momentos musicais.\" \/>\n<meta name=\"robots\" content=\"index, follow, max-snippet:-1, max-image-preview:large, max-video-preview:-1\" \/>\n<link rel=\"canonical\" href=\"https:\/\/diariodalagoa.pt\/es\/festa-do-livro-regressa-a-letras-lavadas-com-programacao-diversificada\/\" \/>\n<meta property=\"og:locale\" content=\"es_ES\" \/>\n<meta property=\"og:type\" content=\"article\" \/>\n<meta property=\"og:title\" content=\"Festa do Livro regressa \u00e0 Letras Lavadas com programa\u00e7\u00e3o diversificada - Di\u00e1rio da Lagoa\" \/>\n<meta property=\"og:description\" content=\"Pensada para todos e acess\u00edvel atrav\u00e9s de diversos canais, programa\u00e7\u00e3o visa abranger mi\u00fados e gra\u00fados. Inclui alguns momentos musicais.\" \/>\n<meta property=\"og:url\" content=\"https:\/\/diariodalagoa.pt\/es\/festa-do-livro-regressa-a-letras-lavadas-com-programacao-diversificada\/\" \/>\n<meta property=\"og:site_name\" content=\"Di\u00e1rio da Lagoa\" \/>\n<meta property=\"article:published_time\" content=\"2026-04-14T17:37:25+00:00\" \/>\n<meta property=\"article:modified_time\" content=\"2026-04-14T17:37:27+00:00\" \/>\n<meta property=\"og:image\" content=\"https:\/\/diariodalagoa.pt\/wp-content\/uploads\/2026\/04\/letras-lavadas-livraria.jpg\" \/>\n\t<meta property=\"og:image:width\" content=\"960\" \/>\n\t<meta property=\"og:image:height\" content=\"639\" \/>\n\t<meta property=\"og:image:type\" content=\"image\/jpeg\" \/>\n<meta name=\"author\" content=\"Di\u00e1rio da Lagoa\" \/>\n<meta name=\"twitter:card\" content=\"summary_large_image\" \/>\n<meta name=\"twitter:label1\" content=\"Escrito por\" \/>\n\t<meta name=\"twitter:data1\" content=\"Di\u00e1rio da Lagoa\" \/>\n\t<meta name=\"twitter:label2\" content=\"Tiempo de lectura\" \/>\n\t<meta name=\"twitter:data2\" content=\"3 minutos\" \/>\n<script type=\"application\/ld+json\" class=\"yoast-schema-graph\">{\"@context\":\"https:\/\/schema.org\",\"@graph\":[{\"@type\":\"WebPage\",\"@id\":\"https:\/\/diariodalagoa.pt\/festa-do-livro-regressa-a-letras-lavadas-com-programacao-diversificada\/\",\"url\":\"https:\/\/diariodalagoa.pt\/festa-do-livro-regressa-a-letras-lavadas-com-programacao-diversificada\/\",\"name\":\"Festa do Livro regressa \u00e0 Letras Lavadas com programa\u00e7\u00e3o diversificada - Di\u00e1rio da Lagoa\",\"isPartOf\":{\"@id\":\"https:\/\/diariodalagoa.pt\/#website\"},\"datePublished\":\"2026-04-14T17:37:25+00:00\",\"dateModified\":\"2026-04-14T17:37:27+00:00\",\"author\":{\"@id\":\"https:\/\/diariodalagoa.pt\/#\/schema\/person\/1615a002370e8857b6f972834bc43ece\"},\"description\":\"Pensada para todos e acess\u00edvel atrav\u00e9s de diversos canais, programa\u00e7\u00e3o visa abranger mi\u00fados e gra\u00fados. Inclui alguns momentos musicais.\",\"breadcrumb\":{\"@id\":\"https:\/\/diariodalagoa.pt\/festa-do-livro-regressa-a-letras-lavadas-com-programacao-diversificada\/#breadcrumb\"},\"inLanguage\":\"es\",\"potentialAction\":[{\"@type\":\"ReadAction\",\"target\":[\"https:\/\/diariodalagoa.pt\/festa-do-livro-regressa-a-letras-lavadas-com-programacao-diversificada\/\"]}]},{\"@type\":\"BreadcrumbList\",\"@id\":\"https:\/\/diariodalagoa.pt\/festa-do-livro-regressa-a-letras-lavadas-com-programacao-diversificada\/#breadcrumb\",\"itemListElement\":[{\"@type\":\"ListItem\",\"position\":1,\"name\":\"In\u00edcio\",\"item\":\"https:\/\/diariodalagoa.pt\/\"},{\"@type\":\"ListItem\",\"position\":2,\"name\":\"Festa do Livro regressa \u00e0 Letras Lavadas com programa\u00e7\u00e3o diversificada\"}]},{\"@type\":\"WebSite\",\"@id\":\"https:\/\/diariodalagoa.pt\/#website\",\"url\":\"https:\/\/diariodalagoa.pt\/\",\"name\":\"Di\u00e1rio da Lagoa\",\"description\":\"Di\u00e1rio da Lagoa. As not\u00edcias que contam. A partir da Lagoa, nos A\u00e7ores, para o mundo.\",\"potentialAction\":[{\"@type\":\"SearchAction\",\"target\":{\"@type\":\"EntryPoint\",\"urlTemplate\":\"https:\/\/diariodalagoa.pt\/?s={search_term_string}\"},\"query-input\":\"required name=search_term_string\"}],\"inLanguage\":\"es\"},{\"@type\":\"Person\",\"@id\":\"https:\/\/diariodalagoa.pt\/#\/schema\/person\/1615a002370e8857b6f972834bc43ece\",\"name\":\"Di\u00e1rio da Lagoa\",\"image\":{\"@type\":\"ImageObject\",\"inLanguage\":\"es\",\"@id\":\"https:\/\/diariodalagoa.pt\/#\/schema\/person\/image\/\",\"url\":\"https:\/\/secure.gravatar.com\/avatar\/2cb5cef90a26f8fbd4d9d930608102c5?s=96&d=mm&r=g\",\"contentUrl\":\"https:\/\/secure.gravatar.com\/avatar\/2cb5cef90a26f8fbd4d9d930608102c5?s=96&d=mm&r=g\",\"caption\":\"Di\u00e1rio da Lagoa\"},\"url\":\"https:\/\/diariodalagoa.pt\/es\/author\/diariodalagoa\/\"}]}<\/script>\n<!-- \/ Yoast SEO plugin. -->","yoast_head_json":{"title":"Festa do Livro regressa \u00e0 Letras Lavadas com programa\u00e7\u00e3o diversificada - Di\u00e1rio da Lagoa","description":"Pensada para todos e acess\u00edvel atrav\u00e9s de diversos canais, programa\u00e7\u00e3o visa abranger mi\u00fados e gra\u00fados. Inclui alguns momentos musicais.","robots":{"index":"index","follow":"follow","max-snippet":"max-snippet:-1","max-image-preview":"max-image-preview:large","max-video-preview":"max-video-preview:-1"},"canonical":"https:\/\/diariodalagoa.pt\/es\/festa-do-livro-regressa-a-letras-lavadas-com-programacao-diversificada\/","og_locale":"es_ES","og_type":"article","og_title":"Festa do Livro regressa \u00e0 Letras Lavadas com programa\u00e7\u00e3o diversificada - Di\u00e1rio da Lagoa","og_description":"Pensada para todos e acess\u00edvel atrav\u00e9s de diversos canais, programa\u00e7\u00e3o visa abranger mi\u00fados e gra\u00fados. Inclui alguns momentos musicais.","og_url":"https:\/\/diariodalagoa.pt\/es\/festa-do-livro-regressa-a-letras-lavadas-com-programacao-diversificada\/","og_site_name":"Di\u00e1rio da Lagoa","article_published_time":"2026-04-14T17:37:25+00:00","article_modified_time":"2026-04-14T17:37:27+00:00","og_image":[{"width":960,"height":639,"url":"https:\/\/diariodalagoa.pt\/wp-content\/uploads\/2026\/04\/letras-lavadas-livraria.jpg","type":"image\/jpeg"}],"author":"Di\u00e1rio da Lagoa","twitter_card":"summary_large_image","twitter_misc":{"Escrito por":"Di\u00e1rio da Lagoa","Tiempo de lectura":"3 minutos"},"schema":{"@context":"https:\/\/schema.org","@graph":[{"@type":"WebPage","@id":"https:\/\/diariodalagoa.pt\/festa-do-livro-regressa-a-letras-lavadas-com-programacao-diversificada\/","url":"https:\/\/diariodalagoa.pt\/festa-do-livro-regressa-a-letras-lavadas-com-programacao-diversificada\/","name":"Festa do Livro regressa \u00e0 Letras Lavadas com programa\u00e7\u00e3o diversificada - Di\u00e1rio da Lagoa","isPartOf":{"@id":"https:\/\/diariodalagoa.pt\/#website"},"datePublished":"2026-04-14T17:37:25+00:00","dateModified":"2026-04-14T17:37:27+00:00","author":{"@id":"https:\/\/diariodalagoa.pt\/#\/schema\/person\/1615a002370e8857b6f972834bc43ece"},"description":"Pensada para todos e acess\u00edvel atrav\u00e9s de diversos canais, programa\u00e7\u00e3o visa abranger mi\u00fados e gra\u00fados. Inclui alguns momentos musicais.","breadcrumb":{"@id":"https:\/\/diariodalagoa.pt\/festa-do-livro-regressa-a-letras-lavadas-com-programacao-diversificada\/#breadcrumb"},"inLanguage":"es","potentialAction":[{"@type":"ReadAction","target":["https:\/\/diariodalagoa.pt\/festa-do-livro-regressa-a-letras-lavadas-com-programacao-diversificada\/"]}]},{"@type":"BreadcrumbList","@id":"https:\/\/diariodalagoa.pt\/festa-do-livro-regressa-a-letras-lavadas-com-programacao-diversificada\/#breadcrumb","itemListElement":[{"@type":"ListItem","position":1,"name":"In\u00edcio","item":"https:\/\/diariodalagoa.pt\/"},{"@type":"ListItem","position":2,"name":"Festa do Livro regressa \u00e0 Letras Lavadas com programa\u00e7\u00e3o diversificada"}]},{"@type":"WebSite","@id":"https:\/\/diariodalagoa.pt\/#website","url":"https:\/\/diariodalagoa.pt\/","name":"Di\u00e1rio da Lagoa","description":"Di\u00e1rio da Lagoa. As not\u00edcias que contam. A partir da Lagoa, nos A\u00e7ores, para o mundo.","potentialAction":[{"@type":"SearchAction","target":{"@type":"EntryPoint","urlTemplate":"https:\/\/diariodalagoa.pt\/?s={search_term_string}"},"query-input":"required name=search_term_string"}],"inLanguage":"es"},{"@type":"Person","@id":"https:\/\/diariodalagoa.pt\/#\/schema\/person\/1615a002370e8857b6f972834bc43ece","name":"Di\u00e1rio da Lagoa","image":{"@type":"ImageObject","inLanguage":"es","@id":"https:\/\/diariodalagoa.pt\/#\/schema\/person\/image\/","url":"https:\/\/secure.gravatar.com\/avatar\/2cb5cef90a26f8fbd4d9d930608102c5?s=96&d=mm&r=g","contentUrl":"https:\/\/secure.gravatar.com\/avatar\/2cb5cef90a26f8fbd4d9d930608102c5?s=96&d=mm&r=g","caption":"Di\u00e1rio da Lagoa"},"url":"https:\/\/diariodalagoa.pt\/es\/author\/diariodalagoa\/"}]}},"_links":{"self":[{"href":"https:\/\/diariodalagoa.pt\/es\/wp-json\/wp\/v2\/posts\/163155"}],"collection":[{"href":"https:\/\/diariodalagoa.pt\/es\/wp-json\/wp\/v2\/posts"}],"about":[{"href":"https:\/\/diariodalagoa.pt\/es\/wp-json\/wp\/v2\/types\/post"}],"author":[{"embeddable":true,"href":"https:\/\/diariodalagoa.pt\/es\/wp-json\/wp\/v2\/users\/2"}],"replies":[{"embeddable":true,"href":"https:\/\/diariodalagoa.pt\/es\/wp-json\/wp\/v2\/comments?post=163155"}],"version-history":[{"count":2,"href":"https:\/\/diariodalagoa.pt\/es\/wp-json\/wp\/v2\/posts\/163155\/revisions"}],"predecessor-version":[{"id":163158,"href":"https:\/\/diariodalagoa.pt\/es\/wp-json\/wp\/v2\/posts\/163155\/revisions\/163158"}],"wp:featuredmedia":[{"embeddable":true,"href":"https:\/\/diariodalagoa.pt\/es\/wp-json\/wp\/v2\/media\/163156"}],"wp:attachment":[{"href":"https:\/\/diariodalagoa.pt\/es\/wp-json\/wp\/v2\/media?parent=163155"}],"wp:term":[{"taxonomy":"category","embeddable":true,"href":"https:\/\/diariodalagoa.pt\/es\/wp-json\/wp\/v2\/categories?post=163155"},{"taxonomy":"post_tag","embeddable":true,"href":"https:\/\/diariodalagoa.pt\/es\/wp-json\/wp\/v2\/tags?post=163155"}],"curies":[{"name":"wp","href":"https:\/\/api.w.org\/{rel}","templated":true}]}}