{"id":163141,"date":"2026-04-14T10:47:17","date_gmt":"2026-04-14T10:47:17","guid":{"rendered":"https:\/\/diariodalagoa.pt\/?p=163141"},"modified":"2026-04-14T11:26:50","modified_gmt":"2026-04-14T11:26:50","slug":"adc-santa-cruz-celebra-aniversario-com-novidades-autarquicas","status":"publish","type":"post","link":"https:\/\/diariodalagoa.pt\/es\/adc-santa-cruz-celebra-aniversario-com-novidades-autarquicas\/","title":{"rendered":"ADC Santa Cruz celebra anivers\u00e1rio com novidades aut\u00e1rquicas"},"content":{"rendered":"<figure class=\"wp-block-image size-full\"><img decoding=\"async\" width=\"960\" height=\"640\" src=\"https:\/\/diariodalagoa.pt\/wp-content\/uploads\/2026\/04\/adc-santa-cruz.jpg\" alt=\"\" class=\"wp-image-163149\" srcset=\"https:\/\/diariodalagoa.pt\/wp-content\/uploads\/2026\/04\/adc-santa-cruz.jpg 960w, https:\/\/diariodalagoa.pt\/wp-content\/uploads\/2026\/04\/adc-santa-cruz-300x200.jpg 300w, https:\/\/diariodalagoa.pt\/wp-content\/uploads\/2026\/04\/adc-santa-cruz-768x512.jpg 768w, https:\/\/diariodalagoa.pt\/wp-content\/uploads\/2026\/04\/adc-santa-cruz-18x12.jpg 18w\" sizes=\"(max-width: 960px) 100vw, 960px\" \/><figcaption class=\"wp-element-caption\"><sub><mark style=\"background-color:rgba(0, 0, 0, 0)\" class=\"has-inline-color has-cyan-bluish-gray-color\">\u00a9 DI\u00c1RIO DA LAGOA<\/mark><\/sub><\/figcaption><\/figure>\n\n\n\n<p>A Associa\u00e7\u00e3o Desportiva e Cultural de Santa Cruz celebrou o terceiro anivers\u00e1rio com uma gala de reconhecimento que teve lugar no Convento de Santo Ant\u00f3nio, naquela freguesia.<\/p>\n\n\n\n<p>Presidida por M\u00e1rio Lu\u00eds Pereira, o l\u00edder da agremia\u00e7\u00e3o desportiva aproveitou a celebra\u00e7\u00e3o para realizar um balan\u00e7o do trabalho desenvolvido pelo clube desde a sua funda\u00e7\u00e3o, real\u00e7ando o seu papel na comunidade lagoense enquanto dinamizador social e cultural, com especial dedica\u00e7\u00e3o aos mais jovens.<\/p>\n\n\n\n<p>A efem\u00e9ride permitiu refor\u00e7ar o compromisso da C\u00e2mara Municipal da Lagoa com o movimento associativo do concelho atrav\u00e9s de uma estrat\u00e9gia de proximidade e de colabora\u00e7\u00e3o cont\u00ednua com as coletividades locais.<\/p>\n\n\n\n<p>O presidente autarquia, Frederico Sousa, marcou presen\u00e7a nas comemora\u00e7\u00f5es que reuniram diversas entidades oficiais, patrocinadores, membros da Dire\u00e7\u00e3o, atletas e fam\u00edlias, num momento marcado pela homenagem a todos aqueles que t\u00eam contribu\u00eddo para o crescimento e sustentabilidade do clube ao longo dos \u00faltimos tr\u00eas anos.<\/p>\n\n\n\n<p>Durante o evento, Frederico Sousa anunciou que a C\u00e2mara Municipal da Lagoa ir\u00e1 organizar, j\u00e1 no pr\u00f3ximo ano, uma gala bienal dedicada ao desporto no concelho.<\/p>\n\n\n\n<p>\u201cMais do que um apoio financeiro, a autarquia tem vindo a afirmar-se como um parceiro ativo, disponibilizando meios log\u00edsticos, recursos humanos e condi\u00e7\u00f5es para a concretiza\u00e7\u00e3o de projetos que promovem o desporto, a cultura e a coes\u00e3o social. A gala do desporto surge, neste contexto, como mais um passo na valoriza\u00e7\u00e3o do trabalho desenvolvido pelas associa\u00e7\u00f5es e no reconhecimento do seu papel fundamental na dinamiza\u00e7\u00e3o da comunidade\u201d, adiantou o autarca lagoense. <\/p>\n\n\n\n<p>Frederico Sousa sublinhou ainda a import\u00e2ncia do envolvimento coletivo no desenvolvimento do desporto local, referindo que \u201cimporta reconhecer n\u00e3o apenas o trabalho desenvolvido no seio das associa\u00e7\u00f5es, mas tamb\u00e9m o empenho de todos os atletas das diversas modalidades do concelho, cujo esfor\u00e7o e dedica\u00e7\u00e3o dignificam a Lagoa. Uma palavra de apre\u00e7o igualmente para os pais e encarregados de educa\u00e7\u00e3o, pelo apoio constante, bem como para os patrocinadores, cujo contributo \u00e9 essencial para a continuidade e crescimento do movimento associativo\u201d.<\/p>","protected":false},"excerpt":{"rendered":"<p>Na celebra\u00e7\u00e3o do terceiro anivers\u00e1rio da associa\u00e7\u00e3o desportivo, presidente da autarquia anunciou a realiza\u00e7\u00e3o de uma gala do desporto lagoense.<\/p>","protected":false},"author":2,"featured_media":163142,"comment_status":"open","ping_status":"open","sticky":false,"template":"","format":"standard","meta":[],"categories":[21],"tags":[34,66,242,2515,4859],"acf":[],"yoast_head":"<!-- This site is optimized with the Yoast SEO plugin v20.10 - https:\/\/yoast.com\/wordpress\/plugins\/seo\/ -->\n<title>ADC Santa Cruz celebra anivers\u00e1rio com novidades aut\u00e1rquicas - Di\u00e1rio da Lagoa<\/title>\n<meta name=\"description\" content=\"Na celebra\u00e7\u00e3o do terceiro anivers\u00e1rio da associa\u00e7\u00e3o desportivo, presidente da autarquia anunciou a realiza\u00e7\u00e3o de uma gala do desporto lagoense.\" \/>\n<meta name=\"robots\" content=\"index, follow, max-snippet:-1, max-image-preview:large, max-video-preview:-1\" \/>\n<link rel=\"canonical\" href=\"https:\/\/diariodalagoa.pt\/es\/adc-santa-cruz-celebra-aniversario-com-novidades-autarquicas\/\" \/>\n<meta property=\"og:locale\" content=\"es_ES\" \/>\n<meta property=\"og:type\" content=\"article\" \/>\n<meta property=\"og:title\" content=\"ADC Santa Cruz celebra anivers\u00e1rio com novidades aut\u00e1rquicas - Di\u00e1rio da Lagoa\" \/>\n<meta property=\"og:description\" content=\"Na celebra\u00e7\u00e3o do terceiro anivers\u00e1rio da associa\u00e7\u00e3o desportivo, presidente da autarquia anunciou a realiza\u00e7\u00e3o de uma gala do desporto lagoense.\" \/>\n<meta property=\"og:url\" content=\"https:\/\/diariodalagoa.pt\/es\/adc-santa-cruz-celebra-aniversario-com-novidades-autarquicas\/\" \/>\n<meta property=\"og:site_name\" content=\"Di\u00e1rio da Lagoa\" \/>\n<meta property=\"article:published_time\" content=\"2026-04-14T10:47:17+00:00\" \/>\n<meta property=\"article:modified_time\" content=\"2026-04-14T11:26:50+00:00\" \/>\n<meta property=\"og:image\" content=\"https:\/\/diariodalagoa.pt\/wp-content\/uploads\/2026\/04\/adc-santa-cruz-3-aniversario.jpg\" \/>\n\t<meta property=\"og:image:width\" content=\"960\" \/>\n\t<meta property=\"og:image:height\" content=\"640\" \/>\n\t<meta property=\"og:image:type\" content=\"image\/jpeg\" \/>\n<meta name=\"author\" content=\"Di\u00e1rio da Lagoa\" \/>\n<meta name=\"twitter:card\" content=\"summary_large_image\" \/>\n<meta name=\"twitter:label1\" content=\"Escrito por\" \/>\n\t<meta name=\"twitter:data1\" content=\"Di\u00e1rio da Lagoa\" \/>\n\t<meta name=\"twitter:label2\" content=\"Tiempo de lectura\" \/>\n\t<meta name=\"twitter:data2\" content=\"3 minutos\" \/>\n<script type=\"application\/ld+json\" class=\"yoast-schema-graph\">{\"@context\":\"https:\/\/schema.org\",\"@graph\":[{\"@type\":\"WebPage\",\"@id\":\"https:\/\/diariodalagoa.pt\/adc-santa-cruz-celebra-aniversario-com-novidades-autarquicas\/\",\"url\":\"https:\/\/diariodalagoa.pt\/adc-santa-cruz-celebra-aniversario-com-novidades-autarquicas\/\",\"name\":\"ADC Santa Cruz celebra anivers\u00e1rio com novidades aut\u00e1rquicas - Di\u00e1rio da Lagoa\",\"isPartOf\":{\"@id\":\"https:\/\/diariodalagoa.pt\/#website\"},\"datePublished\":\"2026-04-14T10:47:17+00:00\",\"dateModified\":\"2026-04-14T11:26:50+00:00\",\"author\":{\"@id\":\"https:\/\/diariodalagoa.pt\/#\/schema\/person\/1615a002370e8857b6f972834bc43ece\"},\"description\":\"Na celebra\u00e7\u00e3o do terceiro anivers\u00e1rio da associa\u00e7\u00e3o desportivo, presidente da autarquia anunciou a realiza\u00e7\u00e3o de uma gala do desporto lagoense.\",\"breadcrumb\":{\"@id\":\"https:\/\/diariodalagoa.pt\/adc-santa-cruz-celebra-aniversario-com-novidades-autarquicas\/#breadcrumb\"},\"inLanguage\":\"es\",\"potentialAction\":[{\"@type\":\"ReadAction\",\"target\":[\"https:\/\/diariodalagoa.pt\/adc-santa-cruz-celebra-aniversario-com-novidades-autarquicas\/\"]}]},{\"@type\":\"BreadcrumbList\",\"@id\":\"https:\/\/diariodalagoa.pt\/adc-santa-cruz-celebra-aniversario-com-novidades-autarquicas\/#breadcrumb\",\"itemListElement\":[{\"@type\":\"ListItem\",\"position\":1,\"name\":\"In\u00edcio\",\"item\":\"https:\/\/diariodalagoa.pt\/\"},{\"@type\":\"ListItem\",\"position\":2,\"name\":\"ADC Santa Cruz celebra anivers\u00e1rio com novidades aut\u00e1rquicas\"}]},{\"@type\":\"WebSite\",\"@id\":\"https:\/\/diariodalagoa.pt\/#website\",\"url\":\"https:\/\/diariodalagoa.pt\/\",\"name\":\"Di\u00e1rio da Lagoa\",\"description\":\"Di\u00e1rio da Lagoa. As not\u00edcias que contam. A partir da Lagoa, nos A\u00e7ores, para o mundo.\",\"potentialAction\":[{\"@type\":\"SearchAction\",\"target\":{\"@type\":\"EntryPoint\",\"urlTemplate\":\"https:\/\/diariodalagoa.pt\/?s={search_term_string}\"},\"query-input\":\"required name=search_term_string\"}],\"inLanguage\":\"es\"},{\"@type\":\"Person\",\"@id\":\"https:\/\/diariodalagoa.pt\/#\/schema\/person\/1615a002370e8857b6f972834bc43ece\",\"name\":\"Di\u00e1rio da Lagoa\",\"image\":{\"@type\":\"ImageObject\",\"inLanguage\":\"es\",\"@id\":\"https:\/\/diariodalagoa.pt\/#\/schema\/person\/image\/\",\"url\":\"https:\/\/secure.gravatar.com\/avatar\/2cb5cef90a26f8fbd4d9d930608102c5?s=96&d=mm&r=g\",\"contentUrl\":\"https:\/\/secure.gravatar.com\/avatar\/2cb5cef90a26f8fbd4d9d930608102c5?s=96&d=mm&r=g\",\"caption\":\"Di\u00e1rio da Lagoa\"},\"url\":\"https:\/\/diariodalagoa.pt\/es\/author\/diariodalagoa\/\"}]}<\/script>\n<!-- \/ Yoast SEO plugin. -->","yoast_head_json":{"title":"ADC Santa Cruz celebra anivers\u00e1rio com novidades aut\u00e1rquicas - Di\u00e1rio da Lagoa","description":"Na celebra\u00e7\u00e3o do terceiro anivers\u00e1rio da associa\u00e7\u00e3o desportivo, presidente da autarquia anunciou a realiza\u00e7\u00e3o de uma gala do desporto lagoense.","robots":{"index":"index","follow":"follow","max-snippet":"max-snippet:-1","max-image-preview":"max-image-preview:large","max-video-preview":"max-video-preview:-1"},"canonical":"https:\/\/diariodalagoa.pt\/es\/adc-santa-cruz-celebra-aniversario-com-novidades-autarquicas\/","og_locale":"es_ES","og_type":"article","og_title":"ADC Santa Cruz celebra anivers\u00e1rio com novidades aut\u00e1rquicas - Di\u00e1rio da Lagoa","og_description":"Na celebra\u00e7\u00e3o do terceiro anivers\u00e1rio da associa\u00e7\u00e3o desportivo, presidente da autarquia anunciou a realiza\u00e7\u00e3o de uma gala do desporto lagoense.","og_url":"https:\/\/diariodalagoa.pt\/es\/adc-santa-cruz-celebra-aniversario-com-novidades-autarquicas\/","og_site_name":"Di\u00e1rio da Lagoa","article_published_time":"2026-04-14T10:47:17+00:00","article_modified_time":"2026-04-14T11:26:50+00:00","og_image":[{"width":960,"height":640,"url":"https:\/\/diariodalagoa.pt\/wp-content\/uploads\/2026\/04\/adc-santa-cruz-3-aniversario.jpg","type":"image\/jpeg"}],"author":"Di\u00e1rio da Lagoa","twitter_card":"summary_large_image","twitter_misc":{"Escrito por":"Di\u00e1rio da Lagoa","Tiempo de lectura":"3 minutos"},"schema":{"@context":"https:\/\/schema.org","@graph":[{"@type":"WebPage","@id":"https:\/\/diariodalagoa.pt\/adc-santa-cruz-celebra-aniversario-com-novidades-autarquicas\/","url":"https:\/\/diariodalagoa.pt\/adc-santa-cruz-celebra-aniversario-com-novidades-autarquicas\/","name":"ADC Santa Cruz celebra anivers\u00e1rio com novidades aut\u00e1rquicas - Di\u00e1rio da Lagoa","isPartOf":{"@id":"https:\/\/diariodalagoa.pt\/#website"},"datePublished":"2026-04-14T10:47:17+00:00","dateModified":"2026-04-14T11:26:50+00:00","author":{"@id":"https:\/\/diariodalagoa.pt\/#\/schema\/person\/1615a002370e8857b6f972834bc43ece"},"description":"Na celebra\u00e7\u00e3o do terceiro anivers\u00e1rio da associa\u00e7\u00e3o desportivo, presidente da autarquia anunciou a realiza\u00e7\u00e3o de uma gala do desporto lagoense.","breadcrumb":{"@id":"https:\/\/diariodalagoa.pt\/adc-santa-cruz-celebra-aniversario-com-novidades-autarquicas\/#breadcrumb"},"inLanguage":"es","potentialAction":[{"@type":"ReadAction","target":["https:\/\/diariodalagoa.pt\/adc-santa-cruz-celebra-aniversario-com-novidades-autarquicas\/"]}]},{"@type":"BreadcrumbList","@id":"https:\/\/diariodalagoa.pt\/adc-santa-cruz-celebra-aniversario-com-novidades-autarquicas\/#breadcrumb","itemListElement":[{"@type":"ListItem","position":1,"name":"In\u00edcio","item":"https:\/\/diariodalagoa.pt\/"},{"@type":"ListItem","position":2,"name":"ADC Santa Cruz celebra anivers\u00e1rio com novidades aut\u00e1rquicas"}]},{"@type":"WebSite","@id":"https:\/\/diariodalagoa.pt\/#website","url":"https:\/\/diariodalagoa.pt\/","name":"Di\u00e1rio da Lagoa","description":"Di\u00e1rio da Lagoa. As not\u00edcias que contam. A partir da Lagoa, nos A\u00e7ores, para o mundo.","potentialAction":[{"@type":"SearchAction","target":{"@type":"EntryPoint","urlTemplate":"https:\/\/diariodalagoa.pt\/?s={search_term_string}"},"query-input":"required name=search_term_string"}],"inLanguage":"es"},{"@type":"Person","@id":"https:\/\/diariodalagoa.pt\/#\/schema\/person\/1615a002370e8857b6f972834bc43ece","name":"Di\u00e1rio da Lagoa","image":{"@type":"ImageObject","inLanguage":"es","@id":"https:\/\/diariodalagoa.pt\/#\/schema\/person\/image\/","url":"https:\/\/secure.gravatar.com\/avatar\/2cb5cef90a26f8fbd4d9d930608102c5?s=96&d=mm&r=g","contentUrl":"https:\/\/secure.gravatar.com\/avatar\/2cb5cef90a26f8fbd4d9d930608102c5?s=96&d=mm&r=g","caption":"Di\u00e1rio da Lagoa"},"url":"https:\/\/diariodalagoa.pt\/es\/author\/diariodalagoa\/"}]}},"_links":{"self":[{"href":"https:\/\/diariodalagoa.pt\/es\/wp-json\/wp\/v2\/posts\/163141"}],"collection":[{"href":"https:\/\/diariodalagoa.pt\/es\/wp-json\/wp\/v2\/posts"}],"about":[{"href":"https:\/\/diariodalagoa.pt\/es\/wp-json\/wp\/v2\/types\/post"}],"author":[{"embeddable":true,"href":"https:\/\/diariodalagoa.pt\/es\/wp-json\/wp\/v2\/users\/2"}],"replies":[{"embeddable":true,"href":"https:\/\/diariodalagoa.pt\/es\/wp-json\/wp\/v2\/comments?post=163141"}],"version-history":[{"count":3,"href":"https:\/\/diariodalagoa.pt\/es\/wp-json\/wp\/v2\/posts\/163141\/revisions"}],"predecessor-version":[{"id":163150,"href":"https:\/\/diariodalagoa.pt\/es\/wp-json\/wp\/v2\/posts\/163141\/revisions\/163150"}],"wp:featuredmedia":[{"embeddable":true,"href":"https:\/\/diariodalagoa.pt\/es\/wp-json\/wp\/v2\/media\/163142"}],"wp:attachment":[{"href":"https:\/\/diariodalagoa.pt\/es\/wp-json\/wp\/v2\/media?parent=163141"}],"wp:term":[{"taxonomy":"category","embeddable":true,"href":"https:\/\/diariodalagoa.pt\/es\/wp-json\/wp\/v2\/categories?post=163141"},{"taxonomy":"post_tag","embeddable":true,"href":"https:\/\/diariodalagoa.pt\/es\/wp-json\/wp\/v2\/tags?post=163141"}],"curies":[{"name":"wp","href":"https:\/\/api.w.org\/{rel}","templated":true}]}}