{"id":163115,"date":"2026-04-12T12:11:31","date_gmt":"2026-04-12T12:11:31","guid":{"rendered":"https:\/\/diariodalagoa.pt\/?p=163115"},"modified":"2026-04-12T12:20:20","modified_gmt":"2026-04-12T12:20:20","slug":"lagoa-celebra-504-anos-de-historia-com-olhar-focado-na-habitacao-e-infraestruturas","status":"publish","type":"post","link":"https:\/\/diariodalagoa.pt\/es\/lagoa-celebra-504-anos-de-historia-com-olhar-focado-na-habitacao-e-infraestruturas\/","title":{"rendered":"Lagoa celebra 504 anos de hist\u00f3ria com olhar focado na habita\u00e7\u00e3o e infraestruturas"},"content":{"rendered":"<h3 class=\"wp-block-heading\">O Convento de Santo Ant\u00f3nio, na freguesia de Santa Cruz, foi o palco das comemora\u00e7\u00f5es do Dia do Munic\u00edpio, onde Frederico Sousa tra\u00e7ou o roteiro estrat\u00e9gico para o futuro, conciliando a homenagem ao passado com novos investimentos na orla costeira e no setor social<\/h3>\n\n\n\n<figure class=\"wp-block-image size-full\"><img decoding=\"async\" width=\"960\" height=\"844\" src=\"https:\/\/diariodalagoa.pt\/wp-content\/uploads\/2022\/06\/lagoa-e-pico-da-barrosa-rso-dl.jpg\" alt=\"\" class=\"wp-image-110591\" srcset=\"https:\/\/diariodalagoa.pt\/wp-content\/uploads\/2022\/06\/lagoa-e-pico-da-barrosa-rso-dl.jpg 960w, https:\/\/diariodalagoa.pt\/wp-content\/uploads\/2022\/06\/lagoa-e-pico-da-barrosa-rso-dl-300x264.jpg 300w, https:\/\/diariodalagoa.pt\/wp-content\/uploads\/2022\/06\/lagoa-e-pico-da-barrosa-rso-dl-768x675.jpg 768w\" sizes=\"(max-width: 960px) 100vw, 960px\" \/><figcaption class=\"wp-element-caption\"><sup><mark style=\"background-color:rgba(0, 0, 0, 0)\" class=\"has-inline-color has-cyan-bluish-gray-color\">\u00a9 DI\u00c1RIO DA LAGOA<\/mark><\/sup><\/figcaption><\/figure>\n\n\n<p data-path-to-node=\"2\">A Lagoa assinalou, este s\u00e1bado, 11 de abril, o seu Feriado Municipal, celebrando um duplo marco hist\u00f3rico: os 504 anos da eleva\u00e7\u00e3o de Lagoa a vila e os 14 anos da sua ascens\u00e3o a cidade. Segundo nota enviada pela C\u00e2mara Municipal \u00e0 reda\u00e7\u00e3o do Di\u00e1rio da Lagoa, a data foi celebrada numa cerim\u00f3nia solene no Convento de Santo Ant\u00f3nio, na freguesia de Santa Cruz, marcada por um balan\u00e7o do crescimento sustentado do concelho e pela defini\u00e7\u00e3o de prioridades para os pr\u00f3ximos anos. O presidente, Frederico Sousa, destacou o percurso da Lagoa, considerando que hoje se apresenta como uma cidade moderna e din\u00e2mica, assente na riqueza do seu tecido social e econ\u00f3mico.<\/p>\n<p data-path-to-node=\"3\">Durante a sua interven\u00e7\u00e3o, o autarca lagoense fez quest\u00e3o de honrar o legado de quem moldou o concelho, prestando homenagem a figuras de relevo como os antigos presidentes do Governo regional, Jo\u00e3o Bosco Mota Amaral e Carlos C\u00e9sar, presentes no evento. Frederico Sousa reconheceu o contributo decisivo de ambos na moderniza\u00e7\u00e3o da Lagoa atrav\u00e9s de investimentos estruturantes em \u00e1reas como a educa\u00e7\u00e3o e a habita\u00e7\u00e3o. Outro momento das distin\u00e7\u00f5es locais foi a atribui\u00e7\u00e3o da Chave de Honra do Munic\u00edpio a Lu\u00eds Alberto Meireles Martins Mota, antigo presidente da C\u00e2mara.<\/p>\n<p data-path-to-node=\"4\">Projetando os desafios, Frederico Sousa afirmou que &#8220;a identidade do concelho se constr\u00f3i na preserva\u00e7\u00e3o das tradi\u00e7\u00f5es e do patrim\u00f3nio humano e cultural&#8221;, enaltecendo a coragem dos lagoenses na liga\u00e7\u00e3o \u00e0 terra e ao mar. O autarca elencou a habita\u00e7\u00e3o como uma das pedras angulares da sua estrat\u00e9gia, prometendo o refor\u00e7o de rendas acess\u00edveis e de loteamentos para autoconstru\u00e7\u00e3o. De acordo com o l\u00edder do executivo, este conjunto de medidas traduz &#8220;um caminho claro e consistente, orientado para uma Lagoa que honra o seu passado com respeito, vive o presente com confian\u00e7a e projeta o futuro com ambi\u00e7\u00e3o&#8221;.<\/p>\n<p data-path-to-node=\"5\">No que respeita ao ordenamento do territ\u00f3rio, a autarquia pretende avan\u00e7ar com projetos como a reabilita\u00e7\u00e3o da F\u00e1brica do \u00c1lcool e a requalifica\u00e7\u00e3o da Escola B\u00e1sica e Integrada Padre Jo\u00e3o Jos\u00e9 do Amaral. A valoriza\u00e7\u00e3o da orla costeira e o setor social, com o aumento de vagas em creches e a amplia\u00e7\u00e3o do Lar de Santo Ant\u00f3nio, completam o plano de investimentos. Frederico Sousa terminou com um agradecimento coletivo, sublinhando que &#8220;\u00e9 na for\u00e7a coletiva que reside a verdadeira grandeza da Lagoa&#8221;.<\/p>","protected":false},"excerpt":{"rendered":"<p>O Convento de Santo Ant\u00f3nio, na freguesia de Santa Cruz, foi o palco das comemora\u00e7\u00f5es do Dia do Munic\u00edpio.<\/p>","protected":false},"author":2,"featured_media":110591,"comment_status":"open","ping_status":"closed","sticky":false,"template":"","format":"standard","meta":[],"categories":[21],"tags":[34,86,269,284,589,1046,2226,4856,4857,31],"acf":[],"yoast_head":"<!-- This site is optimized with the Yoast SEO plugin v20.10 - https:\/\/yoast.com\/wordpress\/plugins\/seo\/ -->\n<title>Lagoa celebra 504 anos de hist\u00f3ria com olhar focado na habita\u00e7\u00e3o e infraestruturas - Di\u00e1rio da Lagoa<\/title>\n<meta name=\"description\" content=\"O Convento de Santo Ant\u00f3nio, na freguesia de Santa Cruz, foi o palco das comemora\u00e7\u00f5es do Dia do Munic\u00edpio.\" \/>\n<meta name=\"robots\" content=\"index, follow, max-snippet:-1, max-image-preview:large, max-video-preview:-1\" \/>\n<link rel=\"canonical\" href=\"https:\/\/diariodalagoa.pt\/es\/lagoa-celebra-504-anos-de-historia-com-olhar-focado-na-habitacao-e-infraestruturas\/\" \/>\n<meta property=\"og:locale\" content=\"es_ES\" \/>\n<meta property=\"og:type\" content=\"article\" \/>\n<meta property=\"og:title\" content=\"Lagoa celebra 504 anos de hist\u00f3ria com olhar focado na habita\u00e7\u00e3o e infraestruturas - Di\u00e1rio da Lagoa\" \/>\n<meta property=\"og:description\" content=\"O Convento de Santo Ant\u00f3nio, na freguesia de Santa Cruz, foi o palco das comemora\u00e7\u00f5es do Dia do Munic\u00edpio.\" \/>\n<meta property=\"og:url\" content=\"https:\/\/diariodalagoa.pt\/es\/lagoa-celebra-504-anos-de-historia-com-olhar-focado-na-habitacao-e-infraestruturas\/\" \/>\n<meta property=\"og:site_name\" content=\"Di\u00e1rio da Lagoa\" \/>\n<meta property=\"article:published_time\" content=\"2026-04-12T12:11:31+00:00\" \/>\n<meta property=\"article:modified_time\" content=\"2026-04-12T12:20:20+00:00\" \/>\n<meta property=\"og:image\" content=\"https:\/\/diariodalagoa.pt\/wp-content\/uploads\/2022\/06\/lagoa-e-pico-da-barrosa-rso-dl.jpg\" \/>\n\t<meta property=\"og:image:width\" content=\"960\" \/>\n\t<meta property=\"og:image:height\" content=\"844\" \/>\n\t<meta property=\"og:image:type\" content=\"image\/jpeg\" \/>\n<meta name=\"author\" content=\"Di\u00e1rio da Lagoa\" \/>\n<meta name=\"twitter:card\" content=\"summary_large_image\" \/>\n<meta name=\"twitter:label1\" content=\"Escrito por\" \/>\n\t<meta name=\"twitter:data1\" content=\"Di\u00e1rio da Lagoa\" \/>\n\t<meta name=\"twitter:label2\" content=\"Tiempo de lectura\" \/>\n\t<meta name=\"twitter:data2\" content=\"3 minutos\" \/>\n<script type=\"application\/ld+json\" class=\"yoast-schema-graph\">{\"@context\":\"https:\/\/schema.org\",\"@graph\":[{\"@type\":\"WebPage\",\"@id\":\"https:\/\/diariodalagoa.pt\/lagoa-celebra-504-anos-de-historia-com-olhar-focado-na-habitacao-e-infraestruturas\/\",\"url\":\"https:\/\/diariodalagoa.pt\/lagoa-celebra-504-anos-de-historia-com-olhar-focado-na-habitacao-e-infraestruturas\/\",\"name\":\"Lagoa celebra 504 anos de hist\u00f3ria com olhar focado na habita\u00e7\u00e3o e infraestruturas - Di\u00e1rio da Lagoa\",\"isPartOf\":{\"@id\":\"https:\/\/diariodalagoa.pt\/#website\"},\"datePublished\":\"2026-04-12T12:11:31+00:00\",\"dateModified\":\"2026-04-12T12:20:20+00:00\",\"author\":{\"@id\":\"https:\/\/diariodalagoa.pt\/#\/schema\/person\/1615a002370e8857b6f972834bc43ece\"},\"description\":\"O Convento de Santo Ant\u00f3nio, na freguesia de Santa Cruz, foi o palco das comemora\u00e7\u00f5es do Dia do Munic\u00edpio.\",\"breadcrumb\":{\"@id\":\"https:\/\/diariodalagoa.pt\/lagoa-celebra-504-anos-de-historia-com-olhar-focado-na-habitacao-e-infraestruturas\/#breadcrumb\"},\"inLanguage\":\"es\",\"potentialAction\":[{\"@type\":\"ReadAction\",\"target\":[\"https:\/\/diariodalagoa.pt\/lagoa-celebra-504-anos-de-historia-com-olhar-focado-na-habitacao-e-infraestruturas\/\"]}]},{\"@type\":\"BreadcrumbList\",\"@id\":\"https:\/\/diariodalagoa.pt\/lagoa-celebra-504-anos-de-historia-com-olhar-focado-na-habitacao-e-infraestruturas\/#breadcrumb\",\"itemListElement\":[{\"@type\":\"ListItem\",\"position\":1,\"name\":\"In\u00edcio\",\"item\":\"https:\/\/diariodalagoa.pt\/\"},{\"@type\":\"ListItem\",\"position\":2,\"name\":\"Lagoa celebra 504 anos de hist\u00f3ria com olhar focado na habita\u00e7\u00e3o e infraestruturas\"}]},{\"@type\":\"WebSite\",\"@id\":\"https:\/\/diariodalagoa.pt\/#website\",\"url\":\"https:\/\/diariodalagoa.pt\/\",\"name\":\"Di\u00e1rio da Lagoa\",\"description\":\"Di\u00e1rio da Lagoa. As not\u00edcias que contam. A partir da Lagoa, nos A\u00e7ores, para o mundo.\",\"potentialAction\":[{\"@type\":\"SearchAction\",\"target\":{\"@type\":\"EntryPoint\",\"urlTemplate\":\"https:\/\/diariodalagoa.pt\/?s={search_term_string}\"},\"query-input\":\"required name=search_term_string\"}],\"inLanguage\":\"es\"},{\"@type\":\"Person\",\"@id\":\"https:\/\/diariodalagoa.pt\/#\/schema\/person\/1615a002370e8857b6f972834bc43ece\",\"name\":\"Di\u00e1rio da Lagoa\",\"image\":{\"@type\":\"ImageObject\",\"inLanguage\":\"es\",\"@id\":\"https:\/\/diariodalagoa.pt\/#\/schema\/person\/image\/\",\"url\":\"https:\/\/secure.gravatar.com\/avatar\/2cb5cef90a26f8fbd4d9d930608102c5?s=96&d=mm&r=g\",\"contentUrl\":\"https:\/\/secure.gravatar.com\/avatar\/2cb5cef90a26f8fbd4d9d930608102c5?s=96&d=mm&r=g\",\"caption\":\"Di\u00e1rio da Lagoa\"},\"url\":\"https:\/\/diariodalagoa.pt\/es\/author\/diariodalagoa\/\"}]}<\/script>\n<!-- \/ Yoast SEO plugin. -->","yoast_head_json":{"title":"Lagoa celebra 504 anos de hist\u00f3ria com olhar focado na habita\u00e7\u00e3o e infraestruturas - Di\u00e1rio da Lagoa","description":"O Convento de Santo Ant\u00f3nio, na freguesia de Santa Cruz, foi o palco das comemora\u00e7\u00f5es do Dia do Munic\u00edpio.","robots":{"index":"index","follow":"follow","max-snippet":"max-snippet:-1","max-image-preview":"max-image-preview:large","max-video-preview":"max-video-preview:-1"},"canonical":"https:\/\/diariodalagoa.pt\/es\/lagoa-celebra-504-anos-de-historia-com-olhar-focado-na-habitacao-e-infraestruturas\/","og_locale":"es_ES","og_type":"article","og_title":"Lagoa celebra 504 anos de hist\u00f3ria com olhar focado na habita\u00e7\u00e3o e infraestruturas - Di\u00e1rio da Lagoa","og_description":"O Convento de Santo Ant\u00f3nio, na freguesia de Santa Cruz, foi o palco das comemora\u00e7\u00f5es do Dia do Munic\u00edpio.","og_url":"https:\/\/diariodalagoa.pt\/es\/lagoa-celebra-504-anos-de-historia-com-olhar-focado-na-habitacao-e-infraestruturas\/","og_site_name":"Di\u00e1rio da Lagoa","article_published_time":"2026-04-12T12:11:31+00:00","article_modified_time":"2026-04-12T12:20:20+00:00","og_image":[{"width":960,"height":844,"url":"https:\/\/diariodalagoa.pt\/wp-content\/uploads\/2022\/06\/lagoa-e-pico-da-barrosa-rso-dl.jpg","type":"image\/jpeg"}],"author":"Di\u00e1rio da Lagoa","twitter_card":"summary_large_image","twitter_misc":{"Escrito por":"Di\u00e1rio da Lagoa","Tiempo de lectura":"3 minutos"},"schema":{"@context":"https:\/\/schema.org","@graph":[{"@type":"WebPage","@id":"https:\/\/diariodalagoa.pt\/lagoa-celebra-504-anos-de-historia-com-olhar-focado-na-habitacao-e-infraestruturas\/","url":"https:\/\/diariodalagoa.pt\/lagoa-celebra-504-anos-de-historia-com-olhar-focado-na-habitacao-e-infraestruturas\/","name":"Lagoa celebra 504 anos de hist\u00f3ria com olhar focado na habita\u00e7\u00e3o e infraestruturas - Di\u00e1rio da Lagoa","isPartOf":{"@id":"https:\/\/diariodalagoa.pt\/#website"},"datePublished":"2026-04-12T12:11:31+00:00","dateModified":"2026-04-12T12:20:20+00:00","author":{"@id":"https:\/\/diariodalagoa.pt\/#\/schema\/person\/1615a002370e8857b6f972834bc43ece"},"description":"O Convento de Santo Ant\u00f3nio, na freguesia de Santa Cruz, foi o palco das comemora\u00e7\u00f5es do Dia do Munic\u00edpio.","breadcrumb":{"@id":"https:\/\/diariodalagoa.pt\/lagoa-celebra-504-anos-de-historia-com-olhar-focado-na-habitacao-e-infraestruturas\/#breadcrumb"},"inLanguage":"es","potentialAction":[{"@type":"ReadAction","target":["https:\/\/diariodalagoa.pt\/lagoa-celebra-504-anos-de-historia-com-olhar-focado-na-habitacao-e-infraestruturas\/"]}]},{"@type":"BreadcrumbList","@id":"https:\/\/diariodalagoa.pt\/lagoa-celebra-504-anos-de-historia-com-olhar-focado-na-habitacao-e-infraestruturas\/#breadcrumb","itemListElement":[{"@type":"ListItem","position":1,"name":"In\u00edcio","item":"https:\/\/diariodalagoa.pt\/"},{"@type":"ListItem","position":2,"name":"Lagoa celebra 504 anos de hist\u00f3ria com olhar focado na habita\u00e7\u00e3o e infraestruturas"}]},{"@type":"WebSite","@id":"https:\/\/diariodalagoa.pt\/#website","url":"https:\/\/diariodalagoa.pt\/","name":"Di\u00e1rio da Lagoa","description":"Di\u00e1rio da Lagoa. As not\u00edcias que contam. A partir da Lagoa, nos A\u00e7ores, para o mundo.","potentialAction":[{"@type":"SearchAction","target":{"@type":"EntryPoint","urlTemplate":"https:\/\/diariodalagoa.pt\/?s={search_term_string}"},"query-input":"required name=search_term_string"}],"inLanguage":"es"},{"@type":"Person","@id":"https:\/\/diariodalagoa.pt\/#\/schema\/person\/1615a002370e8857b6f972834bc43ece","name":"Di\u00e1rio da Lagoa","image":{"@type":"ImageObject","inLanguage":"es","@id":"https:\/\/diariodalagoa.pt\/#\/schema\/person\/image\/","url":"https:\/\/secure.gravatar.com\/avatar\/2cb5cef90a26f8fbd4d9d930608102c5?s=96&d=mm&r=g","contentUrl":"https:\/\/secure.gravatar.com\/avatar\/2cb5cef90a26f8fbd4d9d930608102c5?s=96&d=mm&r=g","caption":"Di\u00e1rio da Lagoa"},"url":"https:\/\/diariodalagoa.pt\/es\/author\/diariodalagoa\/"}]}},"_links":{"self":[{"href":"https:\/\/diariodalagoa.pt\/es\/wp-json\/wp\/v2\/posts\/163115"}],"collection":[{"href":"https:\/\/diariodalagoa.pt\/es\/wp-json\/wp\/v2\/posts"}],"about":[{"href":"https:\/\/diariodalagoa.pt\/es\/wp-json\/wp\/v2\/types\/post"}],"author":[{"embeddable":true,"href":"https:\/\/diariodalagoa.pt\/es\/wp-json\/wp\/v2\/users\/2"}],"replies":[{"embeddable":true,"href":"https:\/\/diariodalagoa.pt\/es\/wp-json\/wp\/v2\/comments?post=163115"}],"version-history":[{"count":6,"href":"https:\/\/diariodalagoa.pt\/es\/wp-json\/wp\/v2\/posts\/163115\/revisions"}],"predecessor-version":[{"id":163122,"href":"https:\/\/diariodalagoa.pt\/es\/wp-json\/wp\/v2\/posts\/163115\/revisions\/163122"}],"wp:featuredmedia":[{"embeddable":true,"href":"https:\/\/diariodalagoa.pt\/es\/wp-json\/wp\/v2\/media\/110591"}],"wp:attachment":[{"href":"https:\/\/diariodalagoa.pt\/es\/wp-json\/wp\/v2\/media?parent=163115"}],"wp:term":[{"taxonomy":"category","embeddable":true,"href":"https:\/\/diariodalagoa.pt\/es\/wp-json\/wp\/v2\/categories?post=163115"},{"taxonomy":"post_tag","embeddable":true,"href":"https:\/\/diariodalagoa.pt\/es\/wp-json\/wp\/v2\/tags?post=163115"}],"curies":[{"name":"wp","href":"https:\/\/api.w.org\/{rel}","templated":true}]}}