{"id":162850,"date":"2026-04-04T12:21:17","date_gmt":"2026-04-04T12:21:17","guid":{"rendered":"https:\/\/diariodalagoa.pt\/?p=162850"},"modified":"2026-04-04T12:26:05","modified_gmt":"2026-04-04T12:26:05","slug":"o-preco-da-hipocrisia-da-guerra","status":"publish","type":"post","link":"https:\/\/diariodalagoa.pt\/es\/o-preco-da-hipocrisia-da-guerra\/","title":{"rendered":"O pre\u00e7o da hipocrisia da guerra"},"content":{"rendered":"<div class=\"wp-block-image is-style-rounded\">\n<figure class=\"aligncenter size-full is-resized\"><img decoding=\"async\" src=\"https:\/\/diariodalagoa.pt\/wp-content\/uploads\/2026\/04\/alvaro-borges.jpg\" alt=\"\" class=\"wp-image-162849\" width=\"381\" height=\"381\" srcset=\"https:\/\/diariodalagoa.pt\/wp-content\/uploads\/2026\/04\/alvaro-borges.jpg 531w, https:\/\/diariodalagoa.pt\/wp-content\/uploads\/2026\/04\/alvaro-borges-300x300.jpg 300w, https:\/\/diariodalagoa.pt\/wp-content\/uploads\/2026\/04\/alvaro-borges-150x150.jpg 150w, https:\/\/diariodalagoa.pt\/wp-content\/uploads\/2026\/04\/alvaro-borges-12x12.jpg 12w\" sizes=\"(max-width: 381px) 100vw, 381px\" \/><\/figure><\/div>\n\n\n<div style=\"height:25px\" aria-hidden=\"true\" class=\"wp-block-spacer\"><\/div>\n\n\n<p style=\"text-align: center;\"><strong>\u00c1lvaro Borges<\/strong><\/p>\n\n\n<div style=\"height:25px\" aria-hidden=\"true\" class=\"wp-block-spacer\"><\/div>\n\n\n<p align=\"LEFT\">O atual conflito no M\u00e9dio Oriente, que envolve o Ir\u00e3o, os Estados Unidos e Israel, \u00e9 uma flagrante viola\u00e7\u00e3o do direito internacional.<\/p>\n<p align=\"LEFT\">O Direito Internacional, isto \u00e9, o conjunto de regras que devem reger todos os pa\u00edses no seio da comunidade internacional, est\u00e1 praticamente esvaziado no seu plano conceptual e normativo.<span style=\"font-family: Arial;\"><span style=\"font-size: small;\"><br \/><\/span><\/span>O Conselho de Seguran\u00e7a das Na\u00e7\u00f5es Unidas \u00e9 hoje um &#8220;\u00f3rg\u00e3o tetrapl\u00e9gico&#8221;, sem capacidade de decis\u00e3o, desatualizado face aos tempos atuais, com novas pot\u00eancias emergentes sem assento nesse \u00f3rg\u00e3o.<\/p>\n<p align=\"LEFT\">O Presidente Donald Trump ridiculariza a fun\u00e7\u00e3o fulcral do Conselho de Seguran\u00e7a da ONU ao criar o seu pr\u00f3prio &#8220;Board of Peace&#8221;, a 15 de janeiro de 2026, um comit\u00e9 de estrutura internacional que tem como objetivo declarado promover a estabilidade, restaurar uma governa\u00e7\u00e3o fi\u00e1vel e garantir uma paz duradoura em \u00e1reas afetadas ou amea\u00e7adas por conflitos. Este novo organismo tem como presidente vital\u00edcio, sem grandes surpresas, o pr\u00f3prio Donald Trump.<\/p>\n<p align=\"LEFT\">Quanto \u00e0 atual guerra que vivemos e aos efeitos que sentimos, como a subida em flecha dos pre\u00e7os dos combust\u00edveis, das presta\u00e7\u00f5es da habita\u00e7\u00e3o e do custo de vida generalizado, estes resultam de um somat\u00f3rio entre a guerra da Ucr\u00e2nia e, agora, um conflito desnecess\u00e1rio com o Ir\u00e3o.<\/p>\n<p align=\"LEFT\">O Estreito de Ormuz, por onde passam navios que transportam cerca de um quinto do petr\u00f3leo mundial, encontra-se fechado por imposi\u00e7\u00e3o do Ir\u00e3o.<\/p>\n<p align=\"LEFT\">Os Estados Unidos e Israel est\u00e3o a levar a cabo uma guerra que n\u00e3o conseguem ganhar, porque n\u00e3o det\u00eam supremacia total. Os seus objetivos falharam: o regime n\u00e3o caiu, o seu l\u00edder foi substitu\u00eddo pelo pr\u00f3prio filho, as popula\u00e7\u00f5es n\u00e3o se revoltaram e a sociedade civil ocidental manifesta-se contra uma guerra na qual n\u00e3o v\u00ea qualquer benef\u00edcio nem vantagem para a paz mundial.<\/p>\n<p align=\"LEFT\">Aquilo que foi apresentado como uma &#8220;oblitera\u00e7\u00e3o&#8221; no ano passado, sob o pretexto de uma alegada arma nuclear do Ir\u00e3o, algo semelhante \u00e0 narrativa proclamada em 2003 relativamente ao Iraque, revela-se um falhan\u00e7o em toda a linha para os Estados Unidos e Israel.<\/p>\n<p align=\"LEFT\">Sem apoio significativo dos seus aliados ocidentais, nem mesmo de alguns dos seus parceiros do Golfo, o Ir\u00e3o consegue sobreviver com o apoio indireto dos seus principais aliados, a China e a R\u00fassia.<span style=\"font-family: Arial;\"><span style=\"font-size: small;\"><br \/><\/span><\/span>A utiliza\u00e7\u00e3o da Base das Lajes, ao abrigo do protocolo entre Portugal e os Estados Unidos, e a permiss\u00e3o do Estado portugu\u00eas para que os EUA utilizem a base militar de forma adequada, necess\u00e1ria e proporcional aos seus objetivos, com alcance estritamente militar, demonstram que Portugal n\u00e3o det\u00e9m capacidade diplom\u00e1tica para negar acesso, como fizeram It\u00e1lia, Espanha ou o Reino Unido \u00e0s suas bases. Tal deve-se \u00e0s nossas depend\u00eancias econ\u00f3micas, sociais e culturais em rela\u00e7\u00e3o aos EUA e ao receio de eventuais retalia\u00e7\u00f5es.<\/p>\n<p align=\"LEFT\">N\u00e3o tenhamos ilus\u00f5es: a guerra com o Ir\u00e3o \u00e9 um fracasso e s\u00f3 poderia ser ganha em termos militares, algo que n\u00e3o desejamos, pois seria uma carnificina. Atrav\u00e9s de meios militares no terreno, ou seja, <em>boots on the ground<\/em>,\u00a0uma presen\u00e7a militar seria o \u00fanico caminho para que os EUA e Israel pudessem declarar vit\u00f3ria, como afirmou Donald Trump ao\u00a0<em>New York Post<\/em>, a 2 de mar\u00e7o deste ano. Mesmo assim, subsistem grandes d\u00favidas quanto a esse objetivo, dada a enorme complexidade e dimens\u00e3o territorial do pa\u00eds.<\/p>\n<p align=\"LEFT\">Compreendemos e aceitamos que grande parte dos pa\u00edses ocidentais, incluindo Portugal, se coloquem \u00e0 margem desta guerra, que constitui uma flagrante viola\u00e7\u00e3o do direito internacional. Podemos dizer que finalmente aprendemos com a farsa da guerra do Iraque em 2003. No entanto, n\u00e3o podemos ignorar a enorme hipocrisia do mundo ocidental quando o Ir\u00e3o matou deliberadamente mais de 30 000 pessoas, segundo o jornal <em>The Guardian<\/em>,\u00a0em janeiro de 2026, tendo sido necess\u00e1rio recorrer a reboques para transportar os mortos.<\/p>\n<p align=\"LEFT\">Al\u00e9m disso, o posicionamento dos aliados ocidentais n\u00e3o \u00e9 uniforme, refletindo interesses estrat\u00e9gicos distintos e diferentes leituras do conflito. Pa\u00edses como Portugal tendem a adotar posi\u00e7\u00f5es cautelosas, procurando equilibrar compromissos internacionais com considera\u00e7\u00f5es diplom\u00e1ticas e econ\u00f3micas.<span style=\"font-family: Arial;\"><span style=\"font-size: small;\"><br \/><\/span><\/span>N\u00e3o obstante, subsiste uma quest\u00e3o central: a coer\u00eancia moral da comunidade internacional. A condena\u00e7\u00e3o de determinadas a\u00e7\u00f5es contrasta, por vezes, com o sil\u00eancio ou a ambiguidade perante outras situa\u00e7\u00f5es igualmente graves, o que alimenta perce\u00e7\u00f5es de seletividade e hipocrisia.<\/p>\n<p align=\"LEFT\">Assim, mais do que uma resposta simples, este conflito coloca um dilema complexo. Se, por um lado, a defesa da dignidade humana e da estabilidade internacional exige a\u00e7\u00e3o, por outro, a interven\u00e7\u00e3o militar acarreta riscos elevados e consequ\u00eancias imprevis\u00edveis. Perante este cen\u00e1rio, torna-se essencial privilegiar solu\u00e7\u00f5es diplom\u00e1ticas e multilaterais, ainda que deficit\u00e1rias, como forma de evitar uma escalada com custos humanos e globais incalcul\u00e1veis.<\/p>\n<p align=\"LEFT\">Se somos defensores da dignidade da pessoa humana, ser\u00e1 esta uma altura para nos juntarmos aos Estados Unidos e a Israel com o objetivo de devolver essa dignidade ao povo iraniano? Temos muitas d\u00favidas.<\/p>","protected":false},"excerpt":{"rendered":"<p>\u00abA condena\u00e7\u00e3o de determinadas a\u00e7\u00f5es contrasta, por vezes, com o sil\u00eancio ou a ambiguidade perante outras situa\u00e7\u00f5es igualmente graves, o que alimenta perce\u00e7\u00f5es de seletividade e hipocrisia.\u00bb<\/p>","protected":false},"author":2,"featured_media":162851,"comment_status":"open","ping_status":"closed","sticky":false,"template":"","format":"standard","meta":[],"categories":[11],"tags":[114,669,2534,3618,3619,3849,4682,4702,4735,4736],"acf":[],"yoast_head":"<!-- This site is optimized with the Yoast SEO plugin v20.10 - https:\/\/yoast.com\/wordpress\/plugins\/seo\/ -->\n<title>O pre\u00e7o da hipocrisia da guerra - Di\u00e1rio da Lagoa<\/title>\n<meta name=\"description\" content=\"\u00abA condena\u00e7\u00e3o de determinadas a\u00e7\u00f5es contrasta, por vezes, com o sil\u00eancio ou a ambiguidade perante outras situa\u00e7\u00f5es igualmente graves, o que alimenta perce\u00e7\u00f5es de seletividade e hipocrisia.\u00bb\" \/>\n<meta name=\"robots\" content=\"index, follow, max-snippet:-1, max-image-preview:large, max-video-preview:-1\" \/>\n<link rel=\"canonical\" href=\"https:\/\/diariodalagoa.pt\/es\/o-preco-da-hipocrisia-da-guerra\/\" \/>\n<meta property=\"og:locale\" content=\"es_ES\" \/>\n<meta property=\"og:type\" content=\"article\" \/>\n<meta property=\"og:title\" content=\"O pre\u00e7o da hipocrisia da guerra - Di\u00e1rio da Lagoa\" \/>\n<meta property=\"og:description\" content=\"\u00abA condena\u00e7\u00e3o de determinadas a\u00e7\u00f5es contrasta, por vezes, com o sil\u00eancio ou a ambiguidade perante outras situa\u00e7\u00f5es igualmente graves, o que alimenta perce\u00e7\u00f5es de seletividade e hipocrisia.\u00bb\" \/>\n<meta property=\"og:url\" content=\"https:\/\/diariodalagoa.pt\/es\/o-preco-da-hipocrisia-da-guerra\/\" \/>\n<meta property=\"og:site_name\" content=\"Di\u00e1rio da Lagoa\" \/>\n<meta property=\"article:published_time\" content=\"2026-04-04T12:21:17+00:00\" \/>\n<meta property=\"article:modified_time\" content=\"2026-04-04T12:26:05+00:00\" \/>\n<meta property=\"og:image\" content=\"https:\/\/diariodalagoa.pt\/wp-content\/uploads\/2026\/04\/alvaro-borges-1.jpg\" \/>\n\t<meta property=\"og:image:width\" content=\"1123\" \/>\n\t<meta property=\"og:image:height\" content=\"775\" \/>\n\t<meta property=\"og:image:type\" content=\"image\/jpeg\" \/>\n<meta name=\"author\" content=\"Di\u00e1rio da Lagoa\" \/>\n<meta name=\"twitter:card\" content=\"summary_large_image\" \/>\n<meta name=\"twitter:label1\" content=\"Escrito por\" \/>\n\t<meta name=\"twitter:data1\" content=\"Di\u00e1rio da Lagoa\" \/>\n\t<meta name=\"twitter:label2\" content=\"Tiempo de lectura\" \/>\n\t<meta name=\"twitter:data2\" content=\"5 minutos\" \/>\n<script type=\"application\/ld+json\" class=\"yoast-schema-graph\">{\"@context\":\"https:\/\/schema.org\",\"@graph\":[{\"@type\":\"WebPage\",\"@id\":\"https:\/\/diariodalagoa.pt\/o-preco-da-hipocrisia-da-guerra\/\",\"url\":\"https:\/\/diariodalagoa.pt\/o-preco-da-hipocrisia-da-guerra\/\",\"name\":\"O pre\u00e7o da hipocrisia da guerra - Di\u00e1rio da Lagoa\",\"isPartOf\":{\"@id\":\"https:\/\/diariodalagoa.pt\/#website\"},\"datePublished\":\"2026-04-04T12:21:17+00:00\",\"dateModified\":\"2026-04-04T12:26:05+00:00\",\"author\":{\"@id\":\"https:\/\/diariodalagoa.pt\/#\/schema\/person\/1615a002370e8857b6f972834bc43ece\"},\"description\":\"\u00abA condena\u00e7\u00e3o de determinadas a\u00e7\u00f5es contrasta, por vezes, com o sil\u00eancio ou a ambiguidade perante outras situa\u00e7\u00f5es igualmente graves, o que alimenta perce\u00e7\u00f5es de seletividade e hipocrisia.\u00bb\",\"breadcrumb\":{\"@id\":\"https:\/\/diariodalagoa.pt\/o-preco-da-hipocrisia-da-guerra\/#breadcrumb\"},\"inLanguage\":\"es\",\"potentialAction\":[{\"@type\":\"ReadAction\",\"target\":[\"https:\/\/diariodalagoa.pt\/o-preco-da-hipocrisia-da-guerra\/\"]}]},{\"@type\":\"BreadcrumbList\",\"@id\":\"https:\/\/diariodalagoa.pt\/o-preco-da-hipocrisia-da-guerra\/#breadcrumb\",\"itemListElement\":[{\"@type\":\"ListItem\",\"position\":1,\"name\":\"In\u00edcio\",\"item\":\"https:\/\/diariodalagoa.pt\/\"},{\"@type\":\"ListItem\",\"position\":2,\"name\":\"O pre\u00e7o da hipocrisia da guerra\"}]},{\"@type\":\"WebSite\",\"@id\":\"https:\/\/diariodalagoa.pt\/#website\",\"url\":\"https:\/\/diariodalagoa.pt\/\",\"name\":\"Di\u00e1rio da Lagoa\",\"description\":\"Di\u00e1rio da Lagoa. As not\u00edcias que contam. A partir da Lagoa, nos A\u00e7ores, para o mundo.\",\"potentialAction\":[{\"@type\":\"SearchAction\",\"target\":{\"@type\":\"EntryPoint\",\"urlTemplate\":\"https:\/\/diariodalagoa.pt\/?s={search_term_string}\"},\"query-input\":\"required name=search_term_string\"}],\"inLanguage\":\"es\"},{\"@type\":\"Person\",\"@id\":\"https:\/\/diariodalagoa.pt\/#\/schema\/person\/1615a002370e8857b6f972834bc43ece\",\"name\":\"Di\u00e1rio da Lagoa\",\"image\":{\"@type\":\"ImageObject\",\"inLanguage\":\"es\",\"@id\":\"https:\/\/diariodalagoa.pt\/#\/schema\/person\/image\/\",\"url\":\"https:\/\/secure.gravatar.com\/avatar\/2cb5cef90a26f8fbd4d9d930608102c5?s=96&d=mm&r=g\",\"contentUrl\":\"https:\/\/secure.gravatar.com\/avatar\/2cb5cef90a26f8fbd4d9d930608102c5?s=96&d=mm&r=g\",\"caption\":\"Di\u00e1rio da Lagoa\"},\"url\":\"https:\/\/diariodalagoa.pt\/es\/author\/diariodalagoa\/\"}]}<\/script>\n<!-- \/ Yoast SEO plugin. -->","yoast_head_json":{"title":"O pre\u00e7o da hipocrisia da guerra - Di\u00e1rio da Lagoa","description":"\u00abA condena\u00e7\u00e3o de determinadas a\u00e7\u00f5es contrasta, por vezes, com o sil\u00eancio ou a ambiguidade perante outras situa\u00e7\u00f5es igualmente graves, o que alimenta perce\u00e7\u00f5es de seletividade e hipocrisia.\u00bb","robots":{"index":"index","follow":"follow","max-snippet":"max-snippet:-1","max-image-preview":"max-image-preview:large","max-video-preview":"max-video-preview:-1"},"canonical":"https:\/\/diariodalagoa.pt\/es\/o-preco-da-hipocrisia-da-guerra\/","og_locale":"es_ES","og_type":"article","og_title":"O pre\u00e7o da hipocrisia da guerra - Di\u00e1rio da Lagoa","og_description":"\u00abA condena\u00e7\u00e3o de determinadas a\u00e7\u00f5es contrasta, por vezes, com o sil\u00eancio ou a ambiguidade perante outras situa\u00e7\u00f5es igualmente graves, o que alimenta perce\u00e7\u00f5es de seletividade e hipocrisia.\u00bb","og_url":"https:\/\/diariodalagoa.pt\/es\/o-preco-da-hipocrisia-da-guerra\/","og_site_name":"Di\u00e1rio da Lagoa","article_published_time":"2026-04-04T12:21:17+00:00","article_modified_time":"2026-04-04T12:26:05+00:00","og_image":[{"width":1123,"height":775,"url":"https:\/\/diariodalagoa.pt\/wp-content\/uploads\/2026\/04\/alvaro-borges-1.jpg","type":"image\/jpeg"}],"author":"Di\u00e1rio da Lagoa","twitter_card":"summary_large_image","twitter_misc":{"Escrito por":"Di\u00e1rio da Lagoa","Tiempo de lectura":"5 minutos"},"schema":{"@context":"https:\/\/schema.org","@graph":[{"@type":"WebPage","@id":"https:\/\/diariodalagoa.pt\/o-preco-da-hipocrisia-da-guerra\/","url":"https:\/\/diariodalagoa.pt\/o-preco-da-hipocrisia-da-guerra\/","name":"O pre\u00e7o da hipocrisia da guerra - Di\u00e1rio da Lagoa","isPartOf":{"@id":"https:\/\/diariodalagoa.pt\/#website"},"datePublished":"2026-04-04T12:21:17+00:00","dateModified":"2026-04-04T12:26:05+00:00","author":{"@id":"https:\/\/diariodalagoa.pt\/#\/schema\/person\/1615a002370e8857b6f972834bc43ece"},"description":"\u00abA condena\u00e7\u00e3o de determinadas a\u00e7\u00f5es contrasta, por vezes, com o sil\u00eancio ou a ambiguidade perante outras situa\u00e7\u00f5es igualmente graves, o que alimenta perce\u00e7\u00f5es de seletividade e hipocrisia.\u00bb","breadcrumb":{"@id":"https:\/\/diariodalagoa.pt\/o-preco-da-hipocrisia-da-guerra\/#breadcrumb"},"inLanguage":"es","potentialAction":[{"@type":"ReadAction","target":["https:\/\/diariodalagoa.pt\/o-preco-da-hipocrisia-da-guerra\/"]}]},{"@type":"BreadcrumbList","@id":"https:\/\/diariodalagoa.pt\/o-preco-da-hipocrisia-da-guerra\/#breadcrumb","itemListElement":[{"@type":"ListItem","position":1,"name":"In\u00edcio","item":"https:\/\/diariodalagoa.pt\/"},{"@type":"ListItem","position":2,"name":"O pre\u00e7o da hipocrisia da guerra"}]},{"@type":"WebSite","@id":"https:\/\/diariodalagoa.pt\/#website","url":"https:\/\/diariodalagoa.pt\/","name":"Di\u00e1rio da Lagoa","description":"Di\u00e1rio da Lagoa. As not\u00edcias que contam. A partir da Lagoa, nos A\u00e7ores, para o mundo.","potentialAction":[{"@type":"SearchAction","target":{"@type":"EntryPoint","urlTemplate":"https:\/\/diariodalagoa.pt\/?s={search_term_string}"},"query-input":"required name=search_term_string"}],"inLanguage":"es"},{"@type":"Person","@id":"https:\/\/diariodalagoa.pt\/#\/schema\/person\/1615a002370e8857b6f972834bc43ece","name":"Di\u00e1rio da Lagoa","image":{"@type":"ImageObject","inLanguage":"es","@id":"https:\/\/diariodalagoa.pt\/#\/schema\/person\/image\/","url":"https:\/\/secure.gravatar.com\/avatar\/2cb5cef90a26f8fbd4d9d930608102c5?s=96&d=mm&r=g","contentUrl":"https:\/\/secure.gravatar.com\/avatar\/2cb5cef90a26f8fbd4d9d930608102c5?s=96&d=mm&r=g","caption":"Di\u00e1rio da Lagoa"},"url":"https:\/\/diariodalagoa.pt\/es\/author\/diariodalagoa\/"}]}},"_links":{"self":[{"href":"https:\/\/diariodalagoa.pt\/es\/wp-json\/wp\/v2\/posts\/162850"}],"collection":[{"href":"https:\/\/diariodalagoa.pt\/es\/wp-json\/wp\/v2\/posts"}],"about":[{"href":"https:\/\/diariodalagoa.pt\/es\/wp-json\/wp\/v2\/types\/post"}],"author":[{"embeddable":true,"href":"https:\/\/diariodalagoa.pt\/es\/wp-json\/wp\/v2\/users\/2"}],"replies":[{"embeddable":true,"href":"https:\/\/diariodalagoa.pt\/es\/wp-json\/wp\/v2\/comments?post=162850"}],"version-history":[{"count":4,"href":"https:\/\/diariodalagoa.pt\/es\/wp-json\/wp\/v2\/posts\/162850\/revisions"}],"predecessor-version":[{"id":162856,"href":"https:\/\/diariodalagoa.pt\/es\/wp-json\/wp\/v2\/posts\/162850\/revisions\/162856"}],"wp:featuredmedia":[{"embeddable":true,"href":"https:\/\/diariodalagoa.pt\/es\/wp-json\/wp\/v2\/media\/162851"}],"wp:attachment":[{"href":"https:\/\/diariodalagoa.pt\/es\/wp-json\/wp\/v2\/media?parent=162850"}],"wp:term":[{"taxonomy":"category","embeddable":true,"href":"https:\/\/diariodalagoa.pt\/es\/wp-json\/wp\/v2\/categories?post=162850"},{"taxonomy":"post_tag","embeddable":true,"href":"https:\/\/diariodalagoa.pt\/es\/wp-json\/wp\/v2\/tags?post=162850"}],"curies":[{"name":"wp","href":"https:\/\/api.w.org\/{rel}","templated":true}]}}