{"id":162741,"date":"2026-03-30T16:47:10","date_gmt":"2026-03-30T16:47:10","guid":{"rendered":"https:\/\/diariodalagoa.pt\/?p=162741"},"modified":"2026-03-30T16:47:12","modified_gmt":"2026-03-30T16:47:12","slug":"lagoa-promove-semana-da-saude-com-foco-na-atividade-fisica-e-prevencao","status":"publish","type":"post","link":"https:\/\/diariodalagoa.pt\/es\/lagoa-promove-semana-da-saude-com-foco-na-atividade-fisica-e-prevencao\/","title":{"rendered":"Lagoa promove Semana da Sa\u00fade com foco na atividade f\u00edsica e preven\u00e7\u00e3o"},"content":{"rendered":"<h3 class=\"wp-block-heading\">De 6 a 11 de abril, o concelho recebe um programa diversificado que inclui rastreios gratuitos, torneios desportivos e sess\u00f5es de esclarecimento<\/h3>\n\n\n\n<figure class=\"wp-block-image size-full\"><img decoding=\"async\" width=\"960\" height=\"617\" src=\"https:\/\/diariodalagoa.pt\/wp-content\/uploads\/2026\/03\/semana-da-saude-lagoa-cml.jpg\" alt=\"\" class=\"wp-image-162745\" srcset=\"https:\/\/diariodalagoa.pt\/wp-content\/uploads\/2026\/03\/semana-da-saude-lagoa-cml.jpg 960w, https:\/\/diariodalagoa.pt\/wp-content\/uploads\/2026\/03\/semana-da-saude-lagoa-cml-300x193.jpg 300w, https:\/\/diariodalagoa.pt\/wp-content\/uploads\/2026\/03\/semana-da-saude-lagoa-cml-768x494.jpg 768w, https:\/\/diariodalagoa.pt\/wp-content\/uploads\/2026\/03\/semana-da-saude-lagoa-cml-18x12.jpg 18w\" sizes=\"(max-width: 960px) 100vw, 960px\" \/><figcaption class=\"wp-element-caption\"><sup><mark style=\"background-color:rgba(0, 0, 0, 0)\" class=\"has-inline-color has-cyan-bluish-gray-color\">\u00a9 CM LAGOA<\/mark><\/sup><\/figcaption><\/figure>\n\n\n<p data-path-to-node=\"3\">O bem-estar dos mun\u00edcipes no concelho da Lagoa, ilha de S\u00e3o Miguel, volta a estar no centro da agenda pol\u00edtica com a organiza\u00e7\u00e3o da Semana da Sa\u00fade. A iniciativa da c\u00e2mara da Lagoa, que decorre entre os dias 6 e 11 de abril de 2026, aposta numa estrat\u00e9gia de proximidade para sensibilizar a popula\u00e7\u00e3o para a import\u00e2ncia do exerc\u00edcio f\u00edsico e da preven\u00e7\u00e3o da doen\u00e7a.<\/p>\n<p data-path-to-node=\"4\">Segundo Gra\u00e7a Costa, vereadora com o pelouro da A\u00e7\u00e3o Social e da Sa\u00fade, o evento pretende &#8220;incentivar a ades\u00e3o a rastreios preventivos e refor\u00e7ar a literacia em sa\u00fade, contribuindo para uma comunidade mais informada, ativa e consciente&#8221;. Para viabilizar um programa abrangente, a autarquia estabeleceu parcerias com diversas entidades.<\/p>\n<p data-path-to-node=\"5\">O arranque oficial acontece a 6 de abril com a reuni\u00e3o do Conselho Municipal de Sa\u00fade. Nesse mesmo dia, o Largo de Nossa Senhora do Ros\u00e1rio transforma-se num centro de sa\u00fade ao ar livre, acolhendo diversos rastreios gratuitos entre as 13h00 e as 18h00. A componente desportiva ganha f\u00f4lego ao longo da semana com caminhadas organizadas pelos Centros de Marcha e Corrida da Lagoa e de \u00c1gua de Pau (7 e 9 de abril), al\u00e9m de um <i data-path-to-node=\"5\" data-index-in-node=\"425\">Open Day<\/i> com aulas de Step, nata\u00e7\u00e3o e hidrogin\u00e1stica no dia 8 de abril.<\/p>\n<p data-path-to-node=\"6\">O encerramento da semana, a 11 de abril, reserva um dia inteiro dedicado ao desporto em formato <i data-path-to-node=\"6\" data-index-in-node=\"96\">open day<\/i>. Entre as 09h00 e as 18h00, os interessados poder\u00e3o experimentar modalidades como padel, atividades n\u00e1uticas e sess\u00f5es de <i data-path-to-node=\"6\" data-index-in-node=\"268\">pickleball<\/i>.<\/p>","protected":false},"excerpt":{"rendered":"<p>De 6 a 11 de abril, o concelho recebe um programa diversificado que inclui rastreios gratuitos, torneios desportivos e sess\u00f5es de esclarecimento.<\/p>","protected":false},"author":2,"featured_media":162745,"comment_status":"open","ping_status":"closed","sticky":false,"template":"","format":"standard","meta":[],"categories":[21],"tags":[34,66,106,1478,1980,2603,3128,3718,4347,4461,4600],"acf":[],"yoast_head":"<!-- This site is optimized with the Yoast SEO plugin v20.10 - https:\/\/yoast.com\/wordpress\/plugins\/seo\/ -->\n<title>Lagoa promove Semana da Sa\u00fade com foco na atividade f\u00edsica e preven\u00e7\u00e3o - Di\u00e1rio da Lagoa<\/title>\n<meta name=\"description\" content=\"De 6 a 11 de abril, o concelho recebe um programa diversificado que inclui rastreios gratuitos, torneios desportivos e sess\u00f5es de esclarecimento.\" \/>\n<meta name=\"robots\" content=\"index, follow, max-snippet:-1, max-image-preview:large, max-video-preview:-1\" \/>\n<link rel=\"canonical\" href=\"https:\/\/diariodalagoa.pt\/es\/lagoa-promove-semana-da-saude-com-foco-na-atividade-fisica-e-prevencao\/\" \/>\n<meta property=\"og:locale\" content=\"es_ES\" \/>\n<meta property=\"og:type\" content=\"article\" \/>\n<meta property=\"og:title\" content=\"Lagoa promove Semana da Sa\u00fade com foco na atividade f\u00edsica e preven\u00e7\u00e3o - Di\u00e1rio da Lagoa\" \/>\n<meta property=\"og:description\" content=\"De 6 a 11 de abril, o concelho recebe um programa diversificado que inclui rastreios gratuitos, torneios desportivos e sess\u00f5es de esclarecimento.\" \/>\n<meta property=\"og:url\" content=\"https:\/\/diariodalagoa.pt\/es\/lagoa-promove-semana-da-saude-com-foco-na-atividade-fisica-e-prevencao\/\" \/>\n<meta property=\"og:site_name\" content=\"Di\u00e1rio da Lagoa\" \/>\n<meta property=\"article:published_time\" content=\"2026-03-30T16:47:10+00:00\" \/>\n<meta property=\"article:modified_time\" content=\"2026-03-30T16:47:12+00:00\" \/>\n<meta property=\"og:image\" content=\"https:\/\/diariodalagoa.pt\/wp-content\/uploads\/2026\/03\/semana-da-saude-lagoa-cml.jpg\" \/>\n\t<meta property=\"og:image:width\" content=\"960\" \/>\n\t<meta property=\"og:image:height\" content=\"617\" \/>\n\t<meta property=\"og:image:type\" content=\"image\/jpeg\" \/>\n<meta name=\"author\" content=\"Di\u00e1rio da Lagoa\" \/>\n<meta name=\"twitter:card\" content=\"summary_large_image\" \/>\n<meta name=\"twitter:label1\" content=\"Escrito por\" \/>\n\t<meta name=\"twitter:data1\" content=\"Di\u00e1rio da Lagoa\" \/>\n\t<meta name=\"twitter:label2\" content=\"Tiempo de lectura\" \/>\n\t<meta name=\"twitter:data2\" content=\"2 minutos\" \/>\n<script type=\"application\/ld+json\" class=\"yoast-schema-graph\">{\"@context\":\"https:\/\/schema.org\",\"@graph\":[{\"@type\":\"WebPage\",\"@id\":\"https:\/\/diariodalagoa.pt\/lagoa-promove-semana-da-saude-com-foco-na-atividade-fisica-e-prevencao\/\",\"url\":\"https:\/\/diariodalagoa.pt\/lagoa-promove-semana-da-saude-com-foco-na-atividade-fisica-e-prevencao\/\",\"name\":\"Lagoa promove Semana da Sa\u00fade com foco na atividade f\u00edsica e preven\u00e7\u00e3o - Di\u00e1rio da Lagoa\",\"isPartOf\":{\"@id\":\"https:\/\/diariodalagoa.pt\/#website\"},\"datePublished\":\"2026-03-30T16:47:10+00:00\",\"dateModified\":\"2026-03-30T16:47:12+00:00\",\"author\":{\"@id\":\"https:\/\/diariodalagoa.pt\/#\/schema\/person\/1615a002370e8857b6f972834bc43ece\"},\"description\":\"De 6 a 11 de abril, o concelho recebe um programa diversificado que inclui rastreios gratuitos, torneios desportivos e sess\u00f5es de esclarecimento.\",\"breadcrumb\":{\"@id\":\"https:\/\/diariodalagoa.pt\/lagoa-promove-semana-da-saude-com-foco-na-atividade-fisica-e-prevencao\/#breadcrumb\"},\"inLanguage\":\"es\",\"potentialAction\":[{\"@type\":\"ReadAction\",\"target\":[\"https:\/\/diariodalagoa.pt\/lagoa-promove-semana-da-saude-com-foco-na-atividade-fisica-e-prevencao\/\"]}]},{\"@type\":\"BreadcrumbList\",\"@id\":\"https:\/\/diariodalagoa.pt\/lagoa-promove-semana-da-saude-com-foco-na-atividade-fisica-e-prevencao\/#breadcrumb\",\"itemListElement\":[{\"@type\":\"ListItem\",\"position\":1,\"name\":\"In\u00edcio\",\"item\":\"https:\/\/diariodalagoa.pt\/\"},{\"@type\":\"ListItem\",\"position\":2,\"name\":\"Lagoa promove Semana da Sa\u00fade com foco na atividade f\u00edsica e preven\u00e7\u00e3o\"}]},{\"@type\":\"WebSite\",\"@id\":\"https:\/\/diariodalagoa.pt\/#website\",\"url\":\"https:\/\/diariodalagoa.pt\/\",\"name\":\"Di\u00e1rio da Lagoa\",\"description\":\"Di\u00e1rio da Lagoa. As not\u00edcias que contam. A partir da Lagoa, nos A\u00e7ores, para o mundo.\",\"potentialAction\":[{\"@type\":\"SearchAction\",\"target\":{\"@type\":\"EntryPoint\",\"urlTemplate\":\"https:\/\/diariodalagoa.pt\/?s={search_term_string}\"},\"query-input\":\"required name=search_term_string\"}],\"inLanguage\":\"es\"},{\"@type\":\"Person\",\"@id\":\"https:\/\/diariodalagoa.pt\/#\/schema\/person\/1615a002370e8857b6f972834bc43ece\",\"name\":\"Di\u00e1rio da Lagoa\",\"image\":{\"@type\":\"ImageObject\",\"inLanguage\":\"es\",\"@id\":\"https:\/\/diariodalagoa.pt\/#\/schema\/person\/image\/\",\"url\":\"https:\/\/secure.gravatar.com\/avatar\/2cb5cef90a26f8fbd4d9d930608102c5?s=96&d=mm&r=g\",\"contentUrl\":\"https:\/\/secure.gravatar.com\/avatar\/2cb5cef90a26f8fbd4d9d930608102c5?s=96&d=mm&r=g\",\"caption\":\"Di\u00e1rio da Lagoa\"},\"url\":\"https:\/\/diariodalagoa.pt\/es\/author\/diariodalagoa\/\"}]}<\/script>\n<!-- \/ Yoast SEO plugin. -->","yoast_head_json":{"title":"Lagoa promove Semana da Sa\u00fade com foco na atividade f\u00edsica e preven\u00e7\u00e3o - Di\u00e1rio da Lagoa","description":"De 6 a 11 de abril, o concelho recebe um programa diversificado que inclui rastreios gratuitos, torneios desportivos e sess\u00f5es de esclarecimento.","robots":{"index":"index","follow":"follow","max-snippet":"max-snippet:-1","max-image-preview":"max-image-preview:large","max-video-preview":"max-video-preview:-1"},"canonical":"https:\/\/diariodalagoa.pt\/es\/lagoa-promove-semana-da-saude-com-foco-na-atividade-fisica-e-prevencao\/","og_locale":"es_ES","og_type":"article","og_title":"Lagoa promove Semana da Sa\u00fade com foco na atividade f\u00edsica e preven\u00e7\u00e3o - Di\u00e1rio da Lagoa","og_description":"De 6 a 11 de abril, o concelho recebe um programa diversificado que inclui rastreios gratuitos, torneios desportivos e sess\u00f5es de esclarecimento.","og_url":"https:\/\/diariodalagoa.pt\/es\/lagoa-promove-semana-da-saude-com-foco-na-atividade-fisica-e-prevencao\/","og_site_name":"Di\u00e1rio da Lagoa","article_published_time":"2026-03-30T16:47:10+00:00","article_modified_time":"2026-03-30T16:47:12+00:00","og_image":[{"width":960,"height":617,"url":"https:\/\/diariodalagoa.pt\/wp-content\/uploads\/2026\/03\/semana-da-saude-lagoa-cml.jpg","type":"image\/jpeg"}],"author":"Di\u00e1rio da Lagoa","twitter_card":"summary_large_image","twitter_misc":{"Escrito por":"Di\u00e1rio da Lagoa","Tiempo de lectura":"2 minutos"},"schema":{"@context":"https:\/\/schema.org","@graph":[{"@type":"WebPage","@id":"https:\/\/diariodalagoa.pt\/lagoa-promove-semana-da-saude-com-foco-na-atividade-fisica-e-prevencao\/","url":"https:\/\/diariodalagoa.pt\/lagoa-promove-semana-da-saude-com-foco-na-atividade-fisica-e-prevencao\/","name":"Lagoa promove Semana da Sa\u00fade com foco na atividade f\u00edsica e preven\u00e7\u00e3o - Di\u00e1rio da Lagoa","isPartOf":{"@id":"https:\/\/diariodalagoa.pt\/#website"},"datePublished":"2026-03-30T16:47:10+00:00","dateModified":"2026-03-30T16:47:12+00:00","author":{"@id":"https:\/\/diariodalagoa.pt\/#\/schema\/person\/1615a002370e8857b6f972834bc43ece"},"description":"De 6 a 11 de abril, o concelho recebe um programa diversificado que inclui rastreios gratuitos, torneios desportivos e sess\u00f5es de esclarecimento.","breadcrumb":{"@id":"https:\/\/diariodalagoa.pt\/lagoa-promove-semana-da-saude-com-foco-na-atividade-fisica-e-prevencao\/#breadcrumb"},"inLanguage":"es","potentialAction":[{"@type":"ReadAction","target":["https:\/\/diariodalagoa.pt\/lagoa-promove-semana-da-saude-com-foco-na-atividade-fisica-e-prevencao\/"]}]},{"@type":"BreadcrumbList","@id":"https:\/\/diariodalagoa.pt\/lagoa-promove-semana-da-saude-com-foco-na-atividade-fisica-e-prevencao\/#breadcrumb","itemListElement":[{"@type":"ListItem","position":1,"name":"In\u00edcio","item":"https:\/\/diariodalagoa.pt\/"},{"@type":"ListItem","position":2,"name":"Lagoa promove Semana da Sa\u00fade com foco na atividade f\u00edsica e preven\u00e7\u00e3o"}]},{"@type":"WebSite","@id":"https:\/\/diariodalagoa.pt\/#website","url":"https:\/\/diariodalagoa.pt\/","name":"Di\u00e1rio da Lagoa","description":"Di\u00e1rio da Lagoa. As not\u00edcias que contam. A partir da Lagoa, nos A\u00e7ores, para o mundo.","potentialAction":[{"@type":"SearchAction","target":{"@type":"EntryPoint","urlTemplate":"https:\/\/diariodalagoa.pt\/?s={search_term_string}"},"query-input":"required name=search_term_string"}],"inLanguage":"es"},{"@type":"Person","@id":"https:\/\/diariodalagoa.pt\/#\/schema\/person\/1615a002370e8857b6f972834bc43ece","name":"Di\u00e1rio da Lagoa","image":{"@type":"ImageObject","inLanguage":"es","@id":"https:\/\/diariodalagoa.pt\/#\/schema\/person\/image\/","url":"https:\/\/secure.gravatar.com\/avatar\/2cb5cef90a26f8fbd4d9d930608102c5?s=96&d=mm&r=g","contentUrl":"https:\/\/secure.gravatar.com\/avatar\/2cb5cef90a26f8fbd4d9d930608102c5?s=96&d=mm&r=g","caption":"Di\u00e1rio da Lagoa"},"url":"https:\/\/diariodalagoa.pt\/es\/author\/diariodalagoa\/"}]}},"_links":{"self":[{"href":"https:\/\/diariodalagoa.pt\/es\/wp-json\/wp\/v2\/posts\/162741"}],"collection":[{"href":"https:\/\/diariodalagoa.pt\/es\/wp-json\/wp\/v2\/posts"}],"about":[{"href":"https:\/\/diariodalagoa.pt\/es\/wp-json\/wp\/v2\/types\/post"}],"author":[{"embeddable":true,"href":"https:\/\/diariodalagoa.pt\/es\/wp-json\/wp\/v2\/users\/2"}],"replies":[{"embeddable":true,"href":"https:\/\/diariodalagoa.pt\/es\/wp-json\/wp\/v2\/comments?post=162741"}],"version-history":[{"count":5,"href":"https:\/\/diariodalagoa.pt\/es\/wp-json\/wp\/v2\/posts\/162741\/revisions"}],"predecessor-version":[{"id":162747,"href":"https:\/\/diariodalagoa.pt\/es\/wp-json\/wp\/v2\/posts\/162741\/revisions\/162747"}],"wp:featuredmedia":[{"embeddable":true,"href":"https:\/\/diariodalagoa.pt\/es\/wp-json\/wp\/v2\/media\/162745"}],"wp:attachment":[{"href":"https:\/\/diariodalagoa.pt\/es\/wp-json\/wp\/v2\/media?parent=162741"}],"wp:term":[{"taxonomy":"category","embeddable":true,"href":"https:\/\/diariodalagoa.pt\/es\/wp-json\/wp\/v2\/categories?post=162741"},{"taxonomy":"post_tag","embeddable":true,"href":"https:\/\/diariodalagoa.pt\/es\/wp-json\/wp\/v2\/tags?post=162741"}],"curies":[{"name":"wp","href":"https:\/\/api.w.org\/{rel}","templated":true}]}}