{"id":160124,"date":"2025-11-27T16:10:46","date_gmt":"2025-11-27T16:10:46","guid":{"rendered":"https:\/\/diariodalagoa.pt\/?p=160124"},"modified":"2025-11-27T23:54:38","modified_gmt":"2025-11-27T23:54:38","slug":"feira-steam-games-so-aprendemos-quando-a-mente-o-coracao-e-as-maos-estao-juntos","status":"publish","type":"post","link":"https:\/\/diariodalagoa.pt\/es\/feira-steam-games-so-aprendemos-quando-a-mente-o-coracao-e-as-maos-estao-juntos\/","title":{"rendered":"Feira Steam &#038; Games: \u201cs\u00f3 aprendemos quando a mente, o cora\u00e7\u00e3o e as m\u00e3os est\u00e3o juntos&#8221;"},"content":{"rendered":"<h3 class=\"wp-block-heading\">Durante dois dias, os alunos mostram os seus trabalhos em mais de 100 expositores ao longo da Secund\u00e1ria da Lagoa<\/h3>\n\n\n\n<figure class=\"wp-block-image size-full\"><img decoding=\"async\" width=\"960\" height=\"684\" src=\"https:\/\/diariodalagoa.pt\/wp-content\/uploads\/2025\/11\/coordenadores-feira-steam-games-esl-c-clife-botelho.jpg\" alt=\"\" class=\"wp-image-160127\" srcset=\"https:\/\/diariodalagoa.pt\/wp-content\/uploads\/2025\/11\/coordenadores-feira-steam-games-esl-c-clife-botelho.jpg 960w, https:\/\/diariodalagoa.pt\/wp-content\/uploads\/2025\/11\/coordenadores-feira-steam-games-esl-c-clife-botelho-300x214.jpg 300w, https:\/\/diariodalagoa.pt\/wp-content\/uploads\/2025\/11\/coordenadores-feira-steam-games-esl-c-clife-botelho-768x547.jpg 768w, https:\/\/diariodalagoa.pt\/wp-content\/uploads\/2025\/11\/coordenadores-feira-steam-games-esl-c-clife-botelho-18x12.jpg 18w\" sizes=\"(max-width: 960px) 100vw, 960px\" \/><figcaption class=\"wp-element-caption\"><sup>Professores Marlene Furtado, Paula Silva e Alexandre Oliveira s\u00e3o os coordenadores da Feira deste ano <mark style=\"background-color:rgba(0, 0, 0, 0)\" class=\"has-inline-color has-cyan-bluish-gray-color\">\u00a9 CLIFE BOTELHO<\/mark><\/sup><\/figcaption><\/figure>\n\n\n<p>A Feira Steam &amp; Games voltou a animar os corredores da Escola Secund\u00e1ria de Lagoa (ESL), na ilha de S\u00e3o Miguel, desta vez com mais de 100 expositores.<\/p>\n<p>\u201cDeu muito trabalho. A sorte \u00e9 que muitos dos que est\u00e3o envolvidos j\u00e1 est\u00e3o no segundo ano de participa\u00e7\u00e3o. Qualquer aluno que j\u00e1 participou tem mais experi\u00eancia e incentiva os aprendizes do curso, servindo um bocadinho de influ\u00eancia para os que est\u00e3o pela primeira vez\u201d explica Paula Silva, professora de F\u00edsica e Qu\u00edmica e uma das coordenadoras do projeto.<\/p>\n<p>Na edi\u00e7\u00e3o deste ano est\u00e3o representadas \u201c12 turmas, desde o oitavo ao d\u00e9cimo segundo ano\u201d, nota a coordenadora.<\/p>\n<p>\u201cQuisemos fazer uma feira que fosse marcante em termos de realiza\u00e7\u00e3o. Este ano parece estar a dobrar, e conseguimos, a v\u00e1rios n\u00edveis, fazer uma feira ainda mais envolvente, mais cativante\u201d explica Alexandre Oliveira, presidente do Conselho Executivo da ESL e tamb\u00e9m coordenador do projeto.<\/p>\n\n\n<figure class=\"wp-block-image size-full\"><img decoding=\"async\" width=\"960\" height=\"608\" src=\"https:\/\/diariodalagoa.pt\/wp-content\/uploads\/2025\/11\/feira-steam-games-2025-c-clife-botelho.jpg\" alt=\"\" class=\"wp-image-160128\" srcset=\"https:\/\/diariodalagoa.pt\/wp-content\/uploads\/2025\/11\/feira-steam-games-2025-c-clife-botelho.jpg 960w, https:\/\/diariodalagoa.pt\/wp-content\/uploads\/2025\/11\/feira-steam-games-2025-c-clife-botelho-300x190.jpg 300w, https:\/\/diariodalagoa.pt\/wp-content\/uploads\/2025\/11\/feira-steam-games-2025-c-clife-botelho-768x486.jpg 768w, https:\/\/diariodalagoa.pt\/wp-content\/uploads\/2025\/11\/feira-steam-games-2025-c-clife-botelho-18x12.jpg 18w\" sizes=\"(max-width: 960px) 100vw, 960px\" \/><figcaption class=\"wp-element-caption\"><sup><mark style=\"background-color:rgba(0, 0, 0, 0)\" class=\"has-inline-color has-cyan-bluish-gray-color\">\u00a9 CLIFE BOTELHO<\/mark><\/sup><\/figcaption><\/figure>\n\n\n<p>\u201cOs nossos alunos que est\u00e3o envolvidos neste projeto, eles sabem como isto \u00e9 importante, como isto \u00e9 interessante em termos de estrat\u00e9gia de ensino, de aprendizagem. \u00c9 um desafio, obriga-os a pensar. \u00c9 um desafio muito interessante\u201d diz Alexandre Oliveira.<\/p>\n<p>Na feira est\u00e3o expostos trabalhos de dezenas de alunos da ESL, desenvolvidos durante as aulas, e conta com a ajuda de toda a comunidade educativa.<\/p>\n<p>\u201c\u00c9 muito interdisciplinar. Eles t\u00eam que aprender v\u00e1rias disciplinas ao mesmo tempo\u201d, diz Paula Silva.<\/p>\n\n\n<figure class=\"wp-block-image size-full\"><img decoding=\"async\" width=\"960\" height=\"640\" src=\"https:\/\/diariodalagoa.pt\/wp-content\/uploads\/2025\/11\/feira-steam-games-na-esl-2025-c-clife-botelho.jpg\" alt=\"\" class=\"wp-image-160129\" srcset=\"https:\/\/diariodalagoa.pt\/wp-content\/uploads\/2025\/11\/feira-steam-games-na-esl-2025-c-clife-botelho.jpg 960w, https:\/\/diariodalagoa.pt\/wp-content\/uploads\/2025\/11\/feira-steam-games-na-esl-2025-c-clife-botelho-300x200.jpg 300w, https:\/\/diariodalagoa.pt\/wp-content\/uploads\/2025\/11\/feira-steam-games-na-esl-2025-c-clife-botelho-768x512.jpg 768w, https:\/\/diariodalagoa.pt\/wp-content\/uploads\/2025\/11\/feira-steam-games-na-esl-2025-c-clife-botelho-18x12.jpg 18w\" sizes=\"(max-width: 960px) 100vw, 960px\" \/><figcaption class=\"wp-element-caption\"><sup><mark style=\"background-color:rgba(0, 0, 0, 0)\" class=\"has-inline-color has-cyan-bluish-gray-color\">\u00a9 CLIFE BOTELHO<\/mark><\/sup><\/figcaption><\/figure>\n\n\n<p data-path-to-node=\"22\">O envolvimento da fam\u00edlia tamb\u00e9m \u00e9 importante: \u201celes devem procurar quem os possa ajudar. Tivemos um mi\u00fado que agradeceu ao pai por ajudar a arranjar o projeto. Acredito na nossa frase: &#8220;s\u00f3 aprendemos quando a mente, o cora\u00e7\u00e3o e as m\u00e3os est\u00e3o juntos&#8221;, considera a professora.<\/p>\n<p>Paula Silva reconhece que \u201c\u00e9 super cansativo, desesperante \u00e0s vezes, mas d\u00e1 alegria de ensinar. Sei que dei combust\u00edvel suficiente aos meus alunos para os pr\u00f3ximos dois meses, pois criaram mem\u00f3rias afetivas comigo, com a disciplina e com a escola\u201d.<\/p>\n<p>A Feira Steam &amp; Games decorre esta quinta-feira, 27 de novembro, e sexta-feira, 28 de novembro, estando neste segundo dia aberta a visitas de toda a comunidade.<\/p>","protected":false},"excerpt":{"rendered":"<p>Durante dois dias, os alunos mostram os seus trabalhos em mais de 100 expositores ao longo da Secund\u00e1ria da Lagoa. <\/p>","protected":false},"author":2,"featured_media":160128,"comment_status":"open","ping_status":"closed","sticky":false,"template":"","format":"standard","meta":[],"categories":[73],"tags":[733,2069,31,34,79],"acf":[],"yoast_head":"<!-- This site is optimized with the Yoast SEO plugin v20.10 - https:\/\/yoast.com\/wordpress\/plugins\/seo\/ -->\n<title>Feira Steam &amp; Games: \u201cs\u00f3 aprendemos quando a mente, o cora\u00e7\u00e3o e as m\u00e3os est\u00e3o juntos&quot; - Di\u00e1rio da Lagoa<\/title>\n<meta name=\"description\" content=\"Durante dois dias, os alunos mostram os seus trabalhos em mais de 100 expositores ao longo da Secund\u00e1ria da Lagoa.\" \/>\n<meta name=\"robots\" content=\"index, follow, max-snippet:-1, max-image-preview:large, max-video-preview:-1\" \/>\n<link rel=\"canonical\" href=\"https:\/\/diariodalagoa.pt\/es\/feira-steam-games-so-aprendemos-quando-a-mente-o-coracao-e-as-maos-estao-juntos\/\" \/>\n<meta property=\"og:locale\" content=\"es_ES\" \/>\n<meta property=\"og:type\" content=\"article\" \/>\n<meta property=\"og:title\" content=\"Feira Steam &amp; Games: \u201cs\u00f3 aprendemos quando a mente, o cora\u00e7\u00e3o e as m\u00e3os est\u00e3o juntos&quot; - Di\u00e1rio da Lagoa\" \/>\n<meta property=\"og:description\" content=\"Durante dois dias, os alunos mostram os seus trabalhos em mais de 100 expositores ao longo da Secund\u00e1ria da Lagoa.\" \/>\n<meta property=\"og:url\" content=\"https:\/\/diariodalagoa.pt\/es\/feira-steam-games-so-aprendemos-quando-a-mente-o-coracao-e-as-maos-estao-juntos\/\" \/>\n<meta property=\"og:site_name\" content=\"Di\u00e1rio da Lagoa\" \/>\n<meta property=\"article:published_time\" content=\"2025-11-27T16:10:46+00:00\" \/>\n<meta property=\"article:modified_time\" content=\"2025-11-27T23:54:38+00:00\" \/>\n<meta property=\"og:image\" content=\"https:\/\/diariodalagoa.pt\/wp-content\/uploads\/2025\/11\/feira-steam-games-2025-c-clife-botelho.jpg\" \/>\n\t<meta property=\"og:image:width\" content=\"960\" \/>\n\t<meta property=\"og:image:height\" content=\"608\" \/>\n\t<meta property=\"og:image:type\" content=\"image\/jpeg\" \/>\n<meta name=\"author\" content=\"Di\u00e1rio da Lagoa\" \/>\n<meta name=\"twitter:card\" content=\"summary_large_image\" \/>\n<meta name=\"twitter:label1\" content=\"Escrito por\" \/>\n\t<meta name=\"twitter:data1\" content=\"Di\u00e1rio da Lagoa\" \/>\n\t<meta name=\"twitter:label2\" content=\"Tiempo de lectura\" \/>\n\t<meta name=\"twitter:data2\" content=\"3 minutos\" \/>\n<script type=\"application\/ld+json\" class=\"yoast-schema-graph\">{\"@context\":\"https:\/\/schema.org\",\"@graph\":[{\"@type\":\"WebPage\",\"@id\":\"https:\/\/diariodalagoa.pt\/feira-steam-games-so-aprendemos-quando-a-mente-o-coracao-e-as-maos-estao-juntos\/\",\"url\":\"https:\/\/diariodalagoa.pt\/feira-steam-games-so-aprendemos-quando-a-mente-o-coracao-e-as-maos-estao-juntos\/\",\"name\":\"Feira Steam & Games: \u201cs\u00f3 aprendemos quando a mente, o cora\u00e7\u00e3o e as m\u00e3os est\u00e3o juntos\\\" - Di\u00e1rio da Lagoa\",\"isPartOf\":{\"@id\":\"https:\/\/diariodalagoa.pt\/#website\"},\"datePublished\":\"2025-11-27T16:10:46+00:00\",\"dateModified\":\"2025-11-27T23:54:38+00:00\",\"author\":{\"@id\":\"https:\/\/diariodalagoa.pt\/#\/schema\/person\/1615a002370e8857b6f972834bc43ece\"},\"description\":\"Durante dois dias, os alunos mostram os seus trabalhos em mais de 100 expositores ao longo da Secund\u00e1ria da Lagoa.\",\"breadcrumb\":{\"@id\":\"https:\/\/diariodalagoa.pt\/feira-steam-games-so-aprendemos-quando-a-mente-o-coracao-e-as-maos-estao-juntos\/#breadcrumb\"},\"inLanguage\":\"es\",\"potentialAction\":[{\"@type\":\"ReadAction\",\"target\":[\"https:\/\/diariodalagoa.pt\/feira-steam-games-so-aprendemos-quando-a-mente-o-coracao-e-as-maos-estao-juntos\/\"]}]},{\"@type\":\"BreadcrumbList\",\"@id\":\"https:\/\/diariodalagoa.pt\/feira-steam-games-so-aprendemos-quando-a-mente-o-coracao-e-as-maos-estao-juntos\/#breadcrumb\",\"itemListElement\":[{\"@type\":\"ListItem\",\"position\":1,\"name\":\"In\u00edcio\",\"item\":\"https:\/\/diariodalagoa.pt\/\"},{\"@type\":\"ListItem\",\"position\":2,\"name\":\"Feira Steam &#038; Games: \u201cs\u00f3 aprendemos quando a mente, o cora\u00e7\u00e3o e as m\u00e3os est\u00e3o juntos&#8221;\"}]},{\"@type\":\"WebSite\",\"@id\":\"https:\/\/diariodalagoa.pt\/#website\",\"url\":\"https:\/\/diariodalagoa.pt\/\",\"name\":\"Di\u00e1rio da Lagoa\",\"description\":\"Di\u00e1rio da Lagoa. As not\u00edcias que contam. A partir da Lagoa, nos A\u00e7ores, para o mundo.\",\"potentialAction\":[{\"@type\":\"SearchAction\",\"target\":{\"@type\":\"EntryPoint\",\"urlTemplate\":\"https:\/\/diariodalagoa.pt\/?s={search_term_string}\"},\"query-input\":\"required name=search_term_string\"}],\"inLanguage\":\"es\"},{\"@type\":\"Person\",\"@id\":\"https:\/\/diariodalagoa.pt\/#\/schema\/person\/1615a002370e8857b6f972834bc43ece\",\"name\":\"Di\u00e1rio da Lagoa\",\"image\":{\"@type\":\"ImageObject\",\"inLanguage\":\"es\",\"@id\":\"https:\/\/diariodalagoa.pt\/#\/schema\/person\/image\/\",\"url\":\"https:\/\/secure.gravatar.com\/avatar\/2cb5cef90a26f8fbd4d9d930608102c5?s=96&d=mm&r=g\",\"contentUrl\":\"https:\/\/secure.gravatar.com\/avatar\/2cb5cef90a26f8fbd4d9d930608102c5?s=96&d=mm&r=g\",\"caption\":\"Di\u00e1rio da Lagoa\"},\"url\":\"https:\/\/diariodalagoa.pt\/es\/author\/diariodalagoa\/\"}]}<\/script>\n<!-- \/ Yoast SEO plugin. -->","yoast_head_json":{"title":"Feira Steam & Games: \u201cs\u00f3 aprendemos quando a mente, o cora\u00e7\u00e3o e as m\u00e3os est\u00e3o juntos\" - Di\u00e1rio da Lagoa","description":"Durante dois dias, os alunos mostram os seus trabalhos em mais de 100 expositores ao longo da Secund\u00e1ria da Lagoa.","robots":{"index":"index","follow":"follow","max-snippet":"max-snippet:-1","max-image-preview":"max-image-preview:large","max-video-preview":"max-video-preview:-1"},"canonical":"https:\/\/diariodalagoa.pt\/es\/feira-steam-games-so-aprendemos-quando-a-mente-o-coracao-e-as-maos-estao-juntos\/","og_locale":"es_ES","og_type":"article","og_title":"Feira Steam & Games: \u201cs\u00f3 aprendemos quando a mente, o cora\u00e7\u00e3o e as m\u00e3os est\u00e3o juntos\" - Di\u00e1rio da Lagoa","og_description":"Durante dois dias, os alunos mostram os seus trabalhos em mais de 100 expositores ao longo da Secund\u00e1ria da Lagoa.","og_url":"https:\/\/diariodalagoa.pt\/es\/feira-steam-games-so-aprendemos-quando-a-mente-o-coracao-e-as-maos-estao-juntos\/","og_site_name":"Di\u00e1rio da Lagoa","article_published_time":"2025-11-27T16:10:46+00:00","article_modified_time":"2025-11-27T23:54:38+00:00","og_image":[{"width":960,"height":608,"url":"https:\/\/diariodalagoa.pt\/wp-content\/uploads\/2025\/11\/feira-steam-games-2025-c-clife-botelho.jpg","type":"image\/jpeg"}],"author":"Di\u00e1rio da Lagoa","twitter_card":"summary_large_image","twitter_misc":{"Escrito por":"Di\u00e1rio da Lagoa","Tiempo de lectura":"3 minutos"},"schema":{"@context":"https:\/\/schema.org","@graph":[{"@type":"WebPage","@id":"https:\/\/diariodalagoa.pt\/feira-steam-games-so-aprendemos-quando-a-mente-o-coracao-e-as-maos-estao-juntos\/","url":"https:\/\/diariodalagoa.pt\/feira-steam-games-so-aprendemos-quando-a-mente-o-coracao-e-as-maos-estao-juntos\/","name":"Feira Steam & Games: \u201cs\u00f3 aprendemos quando a mente, o cora\u00e7\u00e3o e as m\u00e3os est\u00e3o juntos\" - Di\u00e1rio da Lagoa","isPartOf":{"@id":"https:\/\/diariodalagoa.pt\/#website"},"datePublished":"2025-11-27T16:10:46+00:00","dateModified":"2025-11-27T23:54:38+00:00","author":{"@id":"https:\/\/diariodalagoa.pt\/#\/schema\/person\/1615a002370e8857b6f972834bc43ece"},"description":"Durante dois dias, os alunos mostram os seus trabalhos em mais de 100 expositores ao longo da Secund\u00e1ria da Lagoa.","breadcrumb":{"@id":"https:\/\/diariodalagoa.pt\/feira-steam-games-so-aprendemos-quando-a-mente-o-coracao-e-as-maos-estao-juntos\/#breadcrumb"},"inLanguage":"es","potentialAction":[{"@type":"ReadAction","target":["https:\/\/diariodalagoa.pt\/feira-steam-games-so-aprendemos-quando-a-mente-o-coracao-e-as-maos-estao-juntos\/"]}]},{"@type":"BreadcrumbList","@id":"https:\/\/diariodalagoa.pt\/feira-steam-games-so-aprendemos-quando-a-mente-o-coracao-e-as-maos-estao-juntos\/#breadcrumb","itemListElement":[{"@type":"ListItem","position":1,"name":"In\u00edcio","item":"https:\/\/diariodalagoa.pt\/"},{"@type":"ListItem","position":2,"name":"Feira Steam &#038; Games: \u201cs\u00f3 aprendemos quando a mente, o cora\u00e7\u00e3o e as m\u00e3os est\u00e3o juntos&#8221;"}]},{"@type":"WebSite","@id":"https:\/\/diariodalagoa.pt\/#website","url":"https:\/\/diariodalagoa.pt\/","name":"Di\u00e1rio da Lagoa","description":"Di\u00e1rio da Lagoa. As not\u00edcias que contam. A partir da Lagoa, nos A\u00e7ores, para o mundo.","potentialAction":[{"@type":"SearchAction","target":{"@type":"EntryPoint","urlTemplate":"https:\/\/diariodalagoa.pt\/?s={search_term_string}"},"query-input":"required name=search_term_string"}],"inLanguage":"es"},{"@type":"Person","@id":"https:\/\/diariodalagoa.pt\/#\/schema\/person\/1615a002370e8857b6f972834bc43ece","name":"Di\u00e1rio da Lagoa","image":{"@type":"ImageObject","inLanguage":"es","@id":"https:\/\/diariodalagoa.pt\/#\/schema\/person\/image\/","url":"https:\/\/secure.gravatar.com\/avatar\/2cb5cef90a26f8fbd4d9d930608102c5?s=96&d=mm&r=g","contentUrl":"https:\/\/secure.gravatar.com\/avatar\/2cb5cef90a26f8fbd4d9d930608102c5?s=96&d=mm&r=g","caption":"Di\u00e1rio da Lagoa"},"url":"https:\/\/diariodalagoa.pt\/es\/author\/diariodalagoa\/"}]}},"_links":{"self":[{"href":"https:\/\/diariodalagoa.pt\/es\/wp-json\/wp\/v2\/posts\/160124"}],"collection":[{"href":"https:\/\/diariodalagoa.pt\/es\/wp-json\/wp\/v2\/posts"}],"about":[{"href":"https:\/\/diariodalagoa.pt\/es\/wp-json\/wp\/v2\/types\/post"}],"author":[{"embeddable":true,"href":"https:\/\/diariodalagoa.pt\/es\/wp-json\/wp\/v2\/users\/2"}],"replies":[{"embeddable":true,"href":"https:\/\/diariodalagoa.pt\/es\/wp-json\/wp\/v2\/comments?post=160124"}],"version-history":[{"count":7,"href":"https:\/\/diariodalagoa.pt\/es\/wp-json\/wp\/v2\/posts\/160124\/revisions"}],"predecessor-version":[{"id":160136,"href":"https:\/\/diariodalagoa.pt\/es\/wp-json\/wp\/v2\/posts\/160124\/revisions\/160136"}],"wp:featuredmedia":[{"embeddable":true,"href":"https:\/\/diariodalagoa.pt\/es\/wp-json\/wp\/v2\/media\/160128"}],"wp:attachment":[{"href":"https:\/\/diariodalagoa.pt\/es\/wp-json\/wp\/v2\/media?parent=160124"}],"wp:term":[{"taxonomy":"category","embeddable":true,"href":"https:\/\/diariodalagoa.pt\/es\/wp-json\/wp\/v2\/categories?post=160124"},{"taxonomy":"post_tag","embeddable":true,"href":"https:\/\/diariodalagoa.pt\/es\/wp-json\/wp\/v2\/tags?post=160124"}],"curies":[{"name":"wp","href":"https:\/\/api.w.org\/{rel}","templated":true}]}}