{"id":160065,"date":"2025-11-26T12:36:43","date_gmt":"2025-11-26T12:36:43","guid":{"rendered":"https:\/\/diariodalagoa.pt\/?p=160065"},"modified":"2025-11-29T22:48:21","modified_gmt":"2025-11-29T22:48:21","slug":"associacao-agricola-de-sao-miguel-acolhe-xi-concurso-micaelense-holstein-frisia-de-outono","status":"publish","type":"post","link":"https:\/\/diariodalagoa.pt\/es\/associacao-agricola-de-sao-miguel-acolhe-xi-concurso-micaelense-holstein-frisia-de-outono\/","title":{"rendered":"Associa\u00e7\u00e3o Agr\u00edcola de S\u00e3o Miguel acolhe XI Concurso Micaelense Holstein Fr\u00edsia de Outono"},"content":{"rendered":"<figure class=\"wp-block-image size-full\"><img decoding=\"async\" width=\"960\" height=\"433\" src=\"https:\/\/diariodalagoa.pt\/wp-content\/uploads\/2019\/04\/parque-exposicoes-sao-miguel-santana-ass-agricola-concurso-vacas-holstein-frisia-nov18.jpg\" alt=\"\" class=\"wp-image-117685\" srcset=\"https:\/\/diariodalagoa.pt\/wp-content\/uploads\/2019\/04\/parque-exposicoes-sao-miguel-santana-ass-agricola-concurso-vacas-holstein-frisia-nov18.jpg 960w, https:\/\/diariodalagoa.pt\/wp-content\/uploads\/2019\/04\/parque-exposicoes-sao-miguel-santana-ass-agricola-concurso-vacas-holstein-frisia-nov18-300x135.jpg 300w, https:\/\/diariodalagoa.pt\/wp-content\/uploads\/2019\/04\/parque-exposicoes-sao-miguel-santana-ass-agricola-concurso-vacas-holstein-frisia-nov18-768x346.jpg 768w, https:\/\/diariodalagoa.pt\/wp-content\/uploads\/2019\/04\/parque-exposicoes-sao-miguel-santana-ass-agricola-concurso-vacas-holstein-frisia-nov18-18x8.jpg 18w\" sizes=\"(max-width: 960px) 100vw, 960px\" \/><figcaption class=\"wp-element-caption\"><mark style=\"background-color:rgba(0, 0, 0, 0)\" class=\"has-inline-color has-cyan-bluish-gray-color\"><sup>\u00a9 DIREITOS RESERVADOS<\/sup><\/mark> <\/figcaption><\/figure>\n\n\n<p>A Associa\u00e7\u00e3o Agr\u00edcola de S\u00e3o Miguel (AASM) anuncia a realiza\u00e7\u00e3o do XI Concurso Micaelense Holstein Fr\u00edsia de Outono, que decorrer\u00e1 entre os dias 28 e 30 de novembro de 2025, no Parque de Exposi\u00e7\u00f5es de S\u00e3o Miguel, no recinto da feira, em Santana, na Ribeira Grande.<\/p>\n<p>O evento volta a reunir criadores, produtores e entusiastas da ra\u00e7a Holstein Fr\u00edsia, &#8220;numa mostra de excel\u00eancia gen\u00e9tica do setor leiteiro a\u00e7oriano&#8221; indica a AASM.<\/p>\n<p>A edi\u00e7\u00e3o deste ano contar\u00e1 igualmente com a presen\u00e7a de um juiz de reconhecida experi\u00eancia internacional, refor\u00e7ando o prest\u00edgio do certame.<\/p>\n<p>O programa do XI Concurso Micaelense Holstein Fr\u00edsia de Outono tem in\u00edcio a 28 de novembro, com a inaugura\u00e7\u00e3o oficial \u00e0s 16h00, seguida da elei\u00e7\u00e3o do melhor apresentador jovem e adulto \u00e0s 17h00, e do concurso de vitelas e novilhas \u00e0s 18h00.<\/p>\n<p>O momento mais aguardado do evento ter\u00e1 lugar no s\u00e1bado, 29 de novembro, a partir das 19h00, com o concurso das vacas em lacta\u00e7\u00e3o.<\/p>\n<p>Ao longo da noite, ser\u00e3o avaliados os diferentes animais, sendo no final eleita a vaca Grande Campe\u00e3, distin\u00e7\u00e3o que marca o ponto alto do XI Concurso Micaelense Holstein Fr\u00edsia de Outono.<\/p>\n<p>No domingo, 30 de novembro, decorrer\u00e1 a partir das 11h00 a cerim\u00f3nia de entrega dos pr\u00e9mios do Concurso Bovino, momento que encerra formalmente esta edi\u00e7\u00e3o. O evento tem entrada livre.\u00a0<\/p>","protected":false},"excerpt":{"rendered":"<p>O evento volta a reunir criadores, produtores e entusiastas da ra\u00e7a Holstein Fr\u00edsia, &#8220;numa mostra de excel\u00eancia gen\u00e9tica do setor leiteiro a\u00e7oriano&#8221; indica a Associa\u00e7\u00e3o Agr\u00edcola. <\/p>","protected":false},"author":2,"featured_media":117685,"comment_status":"open","ping_status":"closed","sticky":false,"template":"","format":"standard","meta":[],"categories":[21],"tags":[37,103,1893,2576,3680,3681],"acf":[],"yoast_head":"<!-- This site is optimized with the Yoast SEO plugin v20.10 - https:\/\/yoast.com\/wordpress\/plugins\/seo\/ -->\n<title>Associa\u00e7\u00e3o Agr\u00edcola de S\u00e3o Miguel acolhe XI Concurso Micaelense Holstein Fr\u00edsia de Outono - Di\u00e1rio da Lagoa<\/title>\n<meta name=\"description\" content=\"Evento volta a reunir criadores, produtores e entusiastas da ra\u00e7a Holstein Fr\u00edsia, &quot;numa mostra de excel\u00eancia gen\u00e9tica do setor leiteiro a\u00e7oriano&quot; indica a Associa\u00e7\u00e3o Agr\u00edcola.\" \/>\n<meta name=\"robots\" content=\"index, follow, max-snippet:-1, max-image-preview:large, max-video-preview:-1\" \/>\n<link rel=\"canonical\" href=\"https:\/\/diariodalagoa.pt\/es\/associacao-agricola-de-sao-miguel-acolhe-xi-concurso-micaelense-holstein-frisia-de-outono\/\" \/>\n<meta property=\"og:locale\" content=\"es_ES\" \/>\n<meta property=\"og:type\" content=\"article\" \/>\n<meta property=\"og:title\" content=\"Associa\u00e7\u00e3o Agr\u00edcola de S\u00e3o Miguel acolhe XI Concurso Micaelense Holstein Fr\u00edsia de Outono - Di\u00e1rio da Lagoa\" \/>\n<meta property=\"og:description\" content=\"Evento volta a reunir criadores, produtores e entusiastas da ra\u00e7a Holstein Fr\u00edsia, &quot;numa mostra de excel\u00eancia gen\u00e9tica do setor leiteiro a\u00e7oriano&quot; indica a Associa\u00e7\u00e3o Agr\u00edcola.\" \/>\n<meta property=\"og:url\" content=\"https:\/\/diariodalagoa.pt\/es\/associacao-agricola-de-sao-miguel-acolhe-xi-concurso-micaelense-holstein-frisia-de-outono\/\" \/>\n<meta property=\"og:site_name\" content=\"Di\u00e1rio da Lagoa\" \/>\n<meta property=\"article:published_time\" content=\"2025-11-26T12:36:43+00:00\" \/>\n<meta property=\"article:modified_time\" content=\"2025-11-29T22:48:21+00:00\" \/>\n<meta property=\"og:image\" content=\"https:\/\/diariodalagoa.pt\/wp-content\/uploads\/2019\/04\/parque-exposicoes-sao-miguel-santana-ass-agricola-concurso-vacas-holstein-frisia-nov18.jpg\" \/>\n\t<meta property=\"og:image:width\" content=\"960\" \/>\n\t<meta property=\"og:image:height\" content=\"433\" \/>\n\t<meta property=\"og:image:type\" content=\"image\/jpeg\" \/>\n<meta name=\"author\" content=\"Di\u00e1rio da Lagoa\" \/>\n<meta name=\"twitter:card\" content=\"summary_large_image\" \/>\n<meta name=\"twitter:label1\" content=\"Escrito por\" \/>\n\t<meta name=\"twitter:data1\" content=\"Di\u00e1rio da Lagoa\" \/>\n\t<meta name=\"twitter:label2\" content=\"Tiempo de lectura\" \/>\n\t<meta name=\"twitter:data2\" content=\"2 minutos\" \/>\n<script type=\"application\/ld+json\" class=\"yoast-schema-graph\">{\"@context\":\"https:\/\/schema.org\",\"@graph\":[{\"@type\":\"WebPage\",\"@id\":\"https:\/\/diariodalagoa.pt\/associacao-agricola-de-sao-miguel-acolhe-xi-concurso-micaelense-holstein-frisia-de-outono\/\",\"url\":\"https:\/\/diariodalagoa.pt\/associacao-agricola-de-sao-miguel-acolhe-xi-concurso-micaelense-holstein-frisia-de-outono\/\",\"name\":\"Associa\u00e7\u00e3o Agr\u00edcola de S\u00e3o Miguel acolhe XI Concurso Micaelense Holstein Fr\u00edsia de Outono - Di\u00e1rio da Lagoa\",\"isPartOf\":{\"@id\":\"https:\/\/diariodalagoa.pt\/#website\"},\"datePublished\":\"2025-11-26T12:36:43+00:00\",\"dateModified\":\"2025-11-29T22:48:21+00:00\",\"author\":{\"@id\":\"https:\/\/diariodalagoa.pt\/#\/schema\/person\/1615a002370e8857b6f972834bc43ece\"},\"description\":\"Evento volta a reunir criadores, produtores e entusiastas da ra\u00e7a Holstein Fr\u00edsia, \\\"numa mostra de excel\u00eancia gen\u00e9tica do setor leiteiro a\u00e7oriano\\\" indica a Associa\u00e7\u00e3o Agr\u00edcola.\",\"breadcrumb\":{\"@id\":\"https:\/\/diariodalagoa.pt\/associacao-agricola-de-sao-miguel-acolhe-xi-concurso-micaelense-holstein-frisia-de-outono\/#breadcrumb\"},\"inLanguage\":\"es\",\"potentialAction\":[{\"@type\":\"ReadAction\",\"target\":[\"https:\/\/diariodalagoa.pt\/associacao-agricola-de-sao-miguel-acolhe-xi-concurso-micaelense-holstein-frisia-de-outono\/\"]}]},{\"@type\":\"BreadcrumbList\",\"@id\":\"https:\/\/diariodalagoa.pt\/associacao-agricola-de-sao-miguel-acolhe-xi-concurso-micaelense-holstein-frisia-de-outono\/#breadcrumb\",\"itemListElement\":[{\"@type\":\"ListItem\",\"position\":1,\"name\":\"In\u00edcio\",\"item\":\"https:\/\/diariodalagoa.pt\/\"},{\"@type\":\"ListItem\",\"position\":2,\"name\":\"Associa\u00e7\u00e3o Agr\u00edcola de S\u00e3o Miguel acolhe XI Concurso Micaelense Holstein Fr\u00edsia de Outono\"}]},{\"@type\":\"WebSite\",\"@id\":\"https:\/\/diariodalagoa.pt\/#website\",\"url\":\"https:\/\/diariodalagoa.pt\/\",\"name\":\"Di\u00e1rio da Lagoa\",\"description\":\"Di\u00e1rio da Lagoa. As not\u00edcias que contam. A partir da Lagoa, nos A\u00e7ores, para o mundo.\",\"potentialAction\":[{\"@type\":\"SearchAction\",\"target\":{\"@type\":\"EntryPoint\",\"urlTemplate\":\"https:\/\/diariodalagoa.pt\/?s={search_term_string}\"},\"query-input\":\"required name=search_term_string\"}],\"inLanguage\":\"es\"},{\"@type\":\"Person\",\"@id\":\"https:\/\/diariodalagoa.pt\/#\/schema\/person\/1615a002370e8857b6f972834bc43ece\",\"name\":\"Di\u00e1rio da Lagoa\",\"image\":{\"@type\":\"ImageObject\",\"inLanguage\":\"es\",\"@id\":\"https:\/\/diariodalagoa.pt\/#\/schema\/person\/image\/\",\"url\":\"https:\/\/secure.gravatar.com\/avatar\/2cb5cef90a26f8fbd4d9d930608102c5?s=96&d=mm&r=g\",\"contentUrl\":\"https:\/\/secure.gravatar.com\/avatar\/2cb5cef90a26f8fbd4d9d930608102c5?s=96&d=mm&r=g\",\"caption\":\"Di\u00e1rio da Lagoa\"},\"url\":\"https:\/\/diariodalagoa.pt\/es\/author\/diariodalagoa\/\"}]}<\/script>\n<!-- \/ Yoast SEO plugin. -->","yoast_head_json":{"title":"Associa\u00e7\u00e3o Agr\u00edcola de S\u00e3o Miguel acolhe XI Concurso Micaelense Holstein Fr\u00edsia de Outono - Di\u00e1rio da Lagoa","description":"Evento volta a reunir criadores, produtores e entusiastas da ra\u00e7a Holstein Fr\u00edsia, \"numa mostra de excel\u00eancia gen\u00e9tica do setor leiteiro a\u00e7oriano\" indica a Associa\u00e7\u00e3o Agr\u00edcola.","robots":{"index":"index","follow":"follow","max-snippet":"max-snippet:-1","max-image-preview":"max-image-preview:large","max-video-preview":"max-video-preview:-1"},"canonical":"https:\/\/diariodalagoa.pt\/es\/associacao-agricola-de-sao-miguel-acolhe-xi-concurso-micaelense-holstein-frisia-de-outono\/","og_locale":"es_ES","og_type":"article","og_title":"Associa\u00e7\u00e3o Agr\u00edcola de S\u00e3o Miguel acolhe XI Concurso Micaelense Holstein Fr\u00edsia de Outono - Di\u00e1rio da Lagoa","og_description":"Evento volta a reunir criadores, produtores e entusiastas da ra\u00e7a Holstein Fr\u00edsia, \"numa mostra de excel\u00eancia gen\u00e9tica do setor leiteiro a\u00e7oriano\" indica a Associa\u00e7\u00e3o Agr\u00edcola.","og_url":"https:\/\/diariodalagoa.pt\/es\/associacao-agricola-de-sao-miguel-acolhe-xi-concurso-micaelense-holstein-frisia-de-outono\/","og_site_name":"Di\u00e1rio da Lagoa","article_published_time":"2025-11-26T12:36:43+00:00","article_modified_time":"2025-11-29T22:48:21+00:00","og_image":[{"width":960,"height":433,"url":"https:\/\/diariodalagoa.pt\/wp-content\/uploads\/2019\/04\/parque-exposicoes-sao-miguel-santana-ass-agricola-concurso-vacas-holstein-frisia-nov18.jpg","type":"image\/jpeg"}],"author":"Di\u00e1rio da Lagoa","twitter_card":"summary_large_image","twitter_misc":{"Escrito por":"Di\u00e1rio da Lagoa","Tiempo de lectura":"2 minutos"},"schema":{"@context":"https:\/\/schema.org","@graph":[{"@type":"WebPage","@id":"https:\/\/diariodalagoa.pt\/associacao-agricola-de-sao-miguel-acolhe-xi-concurso-micaelense-holstein-frisia-de-outono\/","url":"https:\/\/diariodalagoa.pt\/associacao-agricola-de-sao-miguel-acolhe-xi-concurso-micaelense-holstein-frisia-de-outono\/","name":"Associa\u00e7\u00e3o Agr\u00edcola de S\u00e3o Miguel acolhe XI Concurso Micaelense Holstein Fr\u00edsia de Outono - Di\u00e1rio da Lagoa","isPartOf":{"@id":"https:\/\/diariodalagoa.pt\/#website"},"datePublished":"2025-11-26T12:36:43+00:00","dateModified":"2025-11-29T22:48:21+00:00","author":{"@id":"https:\/\/diariodalagoa.pt\/#\/schema\/person\/1615a002370e8857b6f972834bc43ece"},"description":"Evento volta a reunir criadores, produtores e entusiastas da ra\u00e7a Holstein Fr\u00edsia, \"numa mostra de excel\u00eancia gen\u00e9tica do setor leiteiro a\u00e7oriano\" indica a Associa\u00e7\u00e3o Agr\u00edcola.","breadcrumb":{"@id":"https:\/\/diariodalagoa.pt\/associacao-agricola-de-sao-miguel-acolhe-xi-concurso-micaelense-holstein-frisia-de-outono\/#breadcrumb"},"inLanguage":"es","potentialAction":[{"@type":"ReadAction","target":["https:\/\/diariodalagoa.pt\/associacao-agricola-de-sao-miguel-acolhe-xi-concurso-micaelense-holstein-frisia-de-outono\/"]}]},{"@type":"BreadcrumbList","@id":"https:\/\/diariodalagoa.pt\/associacao-agricola-de-sao-miguel-acolhe-xi-concurso-micaelense-holstein-frisia-de-outono\/#breadcrumb","itemListElement":[{"@type":"ListItem","position":1,"name":"In\u00edcio","item":"https:\/\/diariodalagoa.pt\/"},{"@type":"ListItem","position":2,"name":"Associa\u00e7\u00e3o Agr\u00edcola de S\u00e3o Miguel acolhe XI Concurso Micaelense Holstein Fr\u00edsia de Outono"}]},{"@type":"WebSite","@id":"https:\/\/diariodalagoa.pt\/#website","url":"https:\/\/diariodalagoa.pt\/","name":"Di\u00e1rio da Lagoa","description":"Di\u00e1rio da Lagoa. As not\u00edcias que contam. A partir da Lagoa, nos A\u00e7ores, para o mundo.","potentialAction":[{"@type":"SearchAction","target":{"@type":"EntryPoint","urlTemplate":"https:\/\/diariodalagoa.pt\/?s={search_term_string}"},"query-input":"required name=search_term_string"}],"inLanguage":"es"},{"@type":"Person","@id":"https:\/\/diariodalagoa.pt\/#\/schema\/person\/1615a002370e8857b6f972834bc43ece","name":"Di\u00e1rio da Lagoa","image":{"@type":"ImageObject","inLanguage":"es","@id":"https:\/\/diariodalagoa.pt\/#\/schema\/person\/image\/","url":"https:\/\/secure.gravatar.com\/avatar\/2cb5cef90a26f8fbd4d9d930608102c5?s=96&d=mm&r=g","contentUrl":"https:\/\/secure.gravatar.com\/avatar\/2cb5cef90a26f8fbd4d9d930608102c5?s=96&d=mm&r=g","caption":"Di\u00e1rio da Lagoa"},"url":"https:\/\/diariodalagoa.pt\/es\/author\/diariodalagoa\/"}]}},"_links":{"self":[{"href":"https:\/\/diariodalagoa.pt\/es\/wp-json\/wp\/v2\/posts\/160065"}],"collection":[{"href":"https:\/\/diariodalagoa.pt\/es\/wp-json\/wp\/v2\/posts"}],"about":[{"href":"https:\/\/diariodalagoa.pt\/es\/wp-json\/wp\/v2\/types\/post"}],"author":[{"embeddable":true,"href":"https:\/\/diariodalagoa.pt\/es\/wp-json\/wp\/v2\/users\/2"}],"replies":[{"embeddable":true,"href":"https:\/\/diariodalagoa.pt\/es\/wp-json\/wp\/v2\/comments?post=160065"}],"version-history":[{"count":3,"href":"https:\/\/diariodalagoa.pt\/es\/wp-json\/wp\/v2\/posts\/160065\/revisions"}],"predecessor-version":[{"id":160173,"href":"https:\/\/diariodalagoa.pt\/es\/wp-json\/wp\/v2\/posts\/160065\/revisions\/160173"}],"wp:featuredmedia":[{"embeddable":true,"href":"https:\/\/diariodalagoa.pt\/es\/wp-json\/wp\/v2\/media\/117685"}],"wp:attachment":[{"href":"https:\/\/diariodalagoa.pt\/es\/wp-json\/wp\/v2\/media?parent=160065"}],"wp:term":[{"taxonomy":"category","embeddable":true,"href":"https:\/\/diariodalagoa.pt\/es\/wp-json\/wp\/v2\/categories?post=160065"},{"taxonomy":"post_tag","embeddable":true,"href":"https:\/\/diariodalagoa.pt\/es\/wp-json\/wp\/v2\/tags?post=160065"}],"curies":[{"name":"wp","href":"https:\/\/api.w.org\/{rel}","templated":true}]}}