{"id":158907,"date":"2025-09-30T17:04:13","date_gmt":"2025-09-30T17:04:13","guid":{"rendered":"https:\/\/diariodalagoa.pt\/?p=158907"},"modified":"2025-10-08T10:01:37","modified_gmt":"2025-10-08T10:01:37","slug":"por-uma-lagoa-que-cuida-das-pessoas","status":"publish","type":"post","link":"https:\/\/diariodalagoa.pt\/es\/por-uma-lagoa-que-cuida-das-pessoas\/","title":{"rendered":"Por uma Lagoa que cuida das pessoas"},"content":{"rendered":"<div class=\"wp-block-image is-style-rounded\">\n<figure class=\"aligncenter size-full is-resized\"><img decoding=\"async\" src=\"https:\/\/diariodalagoa.pt\/wp-content\/uploads\/2025\/09\/acacio-vicente-1.jpg\" alt=\"\" class=\"wp-image-158908\" width=\"444\" height=\"444\" srcset=\"https:\/\/diariodalagoa.pt\/wp-content\/uploads\/2025\/09\/acacio-vicente-1.jpg 960w, https:\/\/diariodalagoa.pt\/wp-content\/uploads\/2025\/09\/acacio-vicente-1-300x300.jpg 300w, https:\/\/diariodalagoa.pt\/wp-content\/uploads\/2025\/09\/acacio-vicente-1-150x150.jpg 150w, https:\/\/diariodalagoa.pt\/wp-content\/uploads\/2025\/09\/acacio-vicente-1-768x768.jpg 768w, https:\/\/diariodalagoa.pt\/wp-content\/uploads\/2025\/09\/acacio-vicente-1-12x12.jpg 12w\" sizes=\"(max-width: 444px) 100vw, 444px\" \/><\/figure><\/div>\n\n\n<div style=\"height:25px\" aria-hidden=\"true\" class=\"wp-block-spacer\"><\/div>\n\n\n<p style=\"text-align: center;\"><strong>Ac\u00e1cio Vicente<\/strong><br>Candidato pela CDU a Presidente da C\u00e2mara Municipal de Lagoa<br>Aut\u00e1rquicas 2025<\/p>\n\n\n<div style=\"height:25px\" aria-hidden=\"true\" class=\"wp-block-spacer\"><\/div>\n\n\n<p>A Lagoa \u00e9 uma cidade jovem, cheia de potencial, mas enfrenta desafios que n\u00e3o podem esperar. Entre todos, o acesso \u00e0 habita\u00e7\u00e3o \u00e9 o mais urgente. Muitos trabalhadores, fam\u00edlias e jovens veem o sonho de uma casa pr\u00f3pria tornar-se imposs\u00edvel. Rendas que aumentam sem controle, casas cada vez mais caras e sal\u00e1rios que n\u00e3o acompanham os custos est\u00e3o a empurrar pessoas para situa\u00e7\u00f5es prec\u00e1rias ou a faz\u00ea-las voltar \u00e0 casa dos pais. Isto n\u00e3o \u00e9 apenas uma quest\u00e3o social: \u00e9 um obst\u00e1culo ao desenvolvimento do concelho e \u00e0 fixa\u00e7\u00e3o de profissionais essenciais na sa\u00fade, na educa\u00e7\u00e3o e na seguran\u00e7a.<\/p>\n<p>A solu\u00e7\u00e3o \u00e9 clara: mais habita\u00e7\u00e3o p\u00fablica, cooperativa e social, com rendas acess\u00edveis, reabilita\u00e7\u00e3o de im\u00f3veis e oportunidades para pequenos construtores. \u00c9 fundamental que os jovens possam encontrar uma habita\u00e7\u00e3o digna sem sacrificar o seu futuro, que as fam\u00edlias tenham condi\u00e7\u00f5es para crescer e que profissionais qualificados se sintam motivados a permanecer e investir no concelho. S\u00f3 assim conseguiremos garantir que a juventude e os trabalhadores possam viver e crescer na Lagoa, contribuindo para a vitalidade e inova\u00e7\u00e3o da cidade.<\/p>\n<p>Mas n\u00e3o basta falar de casas. Uma cidade moderna precisa de infraestruturas e servi\u00e7os de qualidade. \u00c9 urgente investir em saneamento b\u00e1sico e ETARs completas em todo o concelho, protegendo o nosso oceano e garantindo a seguran\u00e7a ambiental que todos merecemos. Centros de sa\u00fade bem equipados, creches suficientes e lares p\u00fablicos acess\u00edveis s\u00e3o essenciais para garantir uma vida digna e saud\u00e1vel. As escolas devem ser inclusivas, gratuitas, de qualidade e preparadas para o desenvolvimento integral das crian\u00e7as e dos jovens, assegurando que todos tenham oportunidades iguais de aprendizagem e crescimento.<\/p>\n<p>A mobilidade tamb\u00e9m \u00e9 determinante. Transportes p\u00fablicos eficientes e baratos conectando todas as freguesias, com liga\u00e7\u00f5es diretas a aeroportos, hospitais, universidades e escolas profissionais, n\u00e3o s\u00e3o um luxo: s\u00e3o uma necessidade para integrar o concelho, facilitar o acesso a servi\u00e7os e reduzir desigualdades. Uma Lagoa que se move de forma inteligente e sustent\u00e1vel \u00e9 uma Lagoa que cresce economicamente e socialmente.<\/p>\n<p>A Lagoa precisa ainda de uma interven\u00e7\u00e3o social forte, capaz de apoiar quem enfrenta depend\u00eancias e comportamentos de risco, com pol\u00edticas coordenadas entre sa\u00fade, educa\u00e7\u00e3o e solidariedade social. O investimento em cultura, desporto e lazer fortalece a identidade local, promove bem-estar e cria oportunidades para jovens e fam\u00edlias. Projetos estrat\u00e9gicos, como a cria\u00e7\u00e3o do Mercado Municipal, a requalifica\u00e7\u00e3o da frente mar\u00edtima e a expans\u00e3o do Clube Naval, s\u00e3o exemplos de como desenvolvimento econ\u00f3mico e qualidade de vida podem caminhar juntos.<\/p>\n<p>N\u00e3o podemos ignorar a import\u00e2ncia de criar emprego est\u00e1vel e com direitos, apoiar o com\u00e9rcio local, o turismo e as pequenas empresas, garantindo que o crescimento do concelho beneficie todos os cidad\u00e3os e n\u00e3o apenas interesses especulativos. A Lagoa tem potencial para ser um polo de inova\u00e7\u00e3o e empreendedorismo, mas isso exige coragem pol\u00edtica e decis\u00e3o firme.<\/p>\n<p>O que est\u00e1 em jogo n\u00e3o \u00e9 apenas pol\u00edtica: \u00e9 o futuro da cidade e das pessoas que aqui vivem. A escolha \u00e9 entre continuar como estamos \u2013 com rendas altas, servi\u00e7os insuficientes e oportunidades limitadas \u2013 ou apostar numa mudan\u00e7a que valorize a vida da popula\u00e7\u00e3o. A Lagoa pode ser um lugar moderno, inclusivo e sustent\u00e1vel, mas isso exige a\u00e7\u00e3o decidida e compromisso com o bem-estar das pessoas, colocando sempre a popula\u00e7\u00e3o no centro das decis\u00f5es.<\/p>\n<p>\u00c9 hora de transformar compromissos em a\u00e7\u00f5es concretas, de garantir habita\u00e7\u00e3o digna, servi\u00e7os p\u00fablicos de qualidade, oportunidades reais para jovens e fam\u00edlias, e pol\u00edticas que protejam o nosso patrim\u00f3nio natural e cultural. A mudan\u00e7a come\u00e7a agora, nas decis\u00f5es que tomamos e no voto que damos.<\/p>\n<p>Por isso, se quer uma Lagoa viva, solid\u00e1ria e pr\u00f3spera, vote CDU e permita que a nossa a\u00e7\u00e3o e compromisso fa\u00e7am a diferen\u00e7a na vida de todos os lagoenses.<\/p>\n<p>\u2014<br><em>O Di\u00e1rio da Lagoa convidou os candidatos \u00e0 presid\u00eancia da C\u00e2mara Municipal de Lagoa a expressarem as suas ideias aos leitores. Ac\u00e1cio Vicente \u00e9 o candidato pela CDU.<\/em><\/p>","protected":false},"excerpt":{"rendered":"<p>O Di\u00e1rio da Lagoa convidou os candidatos \u00e0 presid\u00eancia da C\u00e2mara Municipal de Lagoa a expressarem as suas ideias aos leitores. Ac\u00e1cio Vicente \u00e9 o candidato pela CDU.<\/p>","protected":false},"author":2,"featured_media":158908,"comment_status":"open","ping_status":"closed","sticky":false,"template":"","format":"standard","meta":[],"categories":[11],"tags":[34,2871,3128,3353,3431,3432],"acf":[],"yoast_head":"<!-- This site is optimized with the Yoast SEO plugin v20.10 - https:\/\/yoast.com\/wordpress\/plugins\/seo\/ -->\n<title>Por uma Lagoa que cuida das pessoas - Di\u00e1rio da Lagoa<\/title>\n<meta name=\"description\" content=\"O Di\u00e1rio da Lagoa convidou os candidatos \u00e0 presid\u00eancia da C\u00e2mara Municipal de Lagoa a expressarem as suas ideias aos leitores. Ac\u00e1cio Vicente \u00e9 o candidato pela CDU.\" \/>\n<meta name=\"robots\" content=\"index, follow, max-snippet:-1, max-image-preview:large, max-video-preview:-1\" \/>\n<link rel=\"canonical\" href=\"https:\/\/diariodalagoa.pt\/es\/por-uma-lagoa-que-cuida-das-pessoas\/\" \/>\n<meta property=\"og:locale\" content=\"es_ES\" \/>\n<meta property=\"og:type\" content=\"article\" \/>\n<meta property=\"og:title\" content=\"Por uma Lagoa que cuida das pessoas - Di\u00e1rio da Lagoa\" \/>\n<meta property=\"og:description\" content=\"O Di\u00e1rio da Lagoa convidou os candidatos \u00e0 presid\u00eancia da C\u00e2mara Municipal de Lagoa a expressarem as suas ideias aos leitores. Ac\u00e1cio Vicente \u00e9 o candidato pela CDU.\" \/>\n<meta property=\"og:url\" content=\"https:\/\/diariodalagoa.pt\/es\/por-uma-lagoa-que-cuida-das-pessoas\/\" \/>\n<meta property=\"og:site_name\" content=\"Di\u00e1rio da Lagoa\" \/>\n<meta property=\"article:published_time\" content=\"2025-09-30T17:04:13+00:00\" \/>\n<meta property=\"article:modified_time\" content=\"2025-10-08T10:01:37+00:00\" \/>\n<meta property=\"og:image\" content=\"https:\/\/diariodalagoa.pt\/wp-content\/uploads\/2025\/09\/acacio-vicente-1.jpg\" \/>\n\t<meta property=\"og:image:width\" content=\"960\" \/>\n\t<meta property=\"og:image:height\" content=\"960\" \/>\n\t<meta property=\"og:image:type\" content=\"image\/jpeg\" \/>\n<meta name=\"author\" content=\"Di\u00e1rio da Lagoa\" \/>\n<meta name=\"twitter:card\" content=\"summary_large_image\" \/>\n<meta name=\"twitter:label1\" content=\"Escrito por\" \/>\n\t<meta name=\"twitter:data1\" content=\"Di\u00e1rio da Lagoa\" \/>\n\t<meta name=\"twitter:label2\" content=\"Tiempo de lectura\" \/>\n\t<meta name=\"twitter:data2\" content=\"4 minutos\" \/>\n<script type=\"application\/ld+json\" class=\"yoast-schema-graph\">{\"@context\":\"https:\/\/schema.org\",\"@graph\":[{\"@type\":\"WebPage\",\"@id\":\"https:\/\/diariodalagoa.pt\/por-uma-lagoa-que-cuida-das-pessoas\/\",\"url\":\"https:\/\/diariodalagoa.pt\/por-uma-lagoa-que-cuida-das-pessoas\/\",\"name\":\"Por uma Lagoa que cuida das pessoas - Di\u00e1rio da Lagoa\",\"isPartOf\":{\"@id\":\"https:\/\/diariodalagoa.pt\/#website\"},\"datePublished\":\"2025-09-30T17:04:13+00:00\",\"dateModified\":\"2025-10-08T10:01:37+00:00\",\"author\":{\"@id\":\"https:\/\/diariodalagoa.pt\/#\/schema\/person\/1615a002370e8857b6f972834bc43ece\"},\"description\":\"O Di\u00e1rio da Lagoa convidou os candidatos \u00e0 presid\u00eancia da C\u00e2mara Municipal de Lagoa a expressarem as suas ideias aos leitores. Ac\u00e1cio Vicente \u00e9 o candidato pela CDU.\",\"breadcrumb\":{\"@id\":\"https:\/\/diariodalagoa.pt\/por-uma-lagoa-que-cuida-das-pessoas\/#breadcrumb\"},\"inLanguage\":\"es\",\"potentialAction\":[{\"@type\":\"ReadAction\",\"target\":[\"https:\/\/diariodalagoa.pt\/por-uma-lagoa-que-cuida-das-pessoas\/\"]}]},{\"@type\":\"BreadcrumbList\",\"@id\":\"https:\/\/diariodalagoa.pt\/por-uma-lagoa-que-cuida-das-pessoas\/#breadcrumb\",\"itemListElement\":[{\"@type\":\"ListItem\",\"position\":1,\"name\":\"In\u00edcio\",\"item\":\"https:\/\/diariodalagoa.pt\/\"},{\"@type\":\"ListItem\",\"position\":2,\"name\":\"Por uma Lagoa que cuida das pessoas\"}]},{\"@type\":\"WebSite\",\"@id\":\"https:\/\/diariodalagoa.pt\/#website\",\"url\":\"https:\/\/diariodalagoa.pt\/\",\"name\":\"Di\u00e1rio da Lagoa\",\"description\":\"Di\u00e1rio da Lagoa. As not\u00edcias que contam. A partir da Lagoa, nos A\u00e7ores, para o mundo.\",\"potentialAction\":[{\"@type\":\"SearchAction\",\"target\":{\"@type\":\"EntryPoint\",\"urlTemplate\":\"https:\/\/diariodalagoa.pt\/?s={search_term_string}\"},\"query-input\":\"required name=search_term_string\"}],\"inLanguage\":\"es\"},{\"@type\":\"Person\",\"@id\":\"https:\/\/diariodalagoa.pt\/#\/schema\/person\/1615a002370e8857b6f972834bc43ece\",\"name\":\"Di\u00e1rio da Lagoa\",\"image\":{\"@type\":\"ImageObject\",\"inLanguage\":\"es\",\"@id\":\"https:\/\/diariodalagoa.pt\/#\/schema\/person\/image\/\",\"url\":\"https:\/\/secure.gravatar.com\/avatar\/2cb5cef90a26f8fbd4d9d930608102c5?s=96&d=mm&r=g\",\"contentUrl\":\"https:\/\/secure.gravatar.com\/avatar\/2cb5cef90a26f8fbd4d9d930608102c5?s=96&d=mm&r=g\",\"caption\":\"Di\u00e1rio da Lagoa\"},\"url\":\"https:\/\/diariodalagoa.pt\/es\/author\/diariodalagoa\/\"}]}<\/script>\n<!-- \/ Yoast SEO plugin. -->","yoast_head_json":{"title":"Por uma Lagoa que cuida das pessoas - Di\u00e1rio da Lagoa","description":"O Di\u00e1rio da Lagoa convidou os candidatos \u00e0 presid\u00eancia da C\u00e2mara Municipal de Lagoa a expressarem as suas ideias aos leitores. Ac\u00e1cio Vicente \u00e9 o candidato pela CDU.","robots":{"index":"index","follow":"follow","max-snippet":"max-snippet:-1","max-image-preview":"max-image-preview:large","max-video-preview":"max-video-preview:-1"},"canonical":"https:\/\/diariodalagoa.pt\/es\/por-uma-lagoa-que-cuida-das-pessoas\/","og_locale":"es_ES","og_type":"article","og_title":"Por uma Lagoa que cuida das pessoas - Di\u00e1rio da Lagoa","og_description":"O Di\u00e1rio da Lagoa convidou os candidatos \u00e0 presid\u00eancia da C\u00e2mara Municipal de Lagoa a expressarem as suas ideias aos leitores. Ac\u00e1cio Vicente \u00e9 o candidato pela CDU.","og_url":"https:\/\/diariodalagoa.pt\/es\/por-uma-lagoa-que-cuida-das-pessoas\/","og_site_name":"Di\u00e1rio da Lagoa","article_published_time":"2025-09-30T17:04:13+00:00","article_modified_time":"2025-10-08T10:01:37+00:00","og_image":[{"width":960,"height":960,"url":"https:\/\/diariodalagoa.pt\/wp-content\/uploads\/2025\/09\/acacio-vicente-1.jpg","type":"image\/jpeg"}],"author":"Di\u00e1rio da Lagoa","twitter_card":"summary_large_image","twitter_misc":{"Escrito por":"Di\u00e1rio da Lagoa","Tiempo de lectura":"4 minutos"},"schema":{"@context":"https:\/\/schema.org","@graph":[{"@type":"WebPage","@id":"https:\/\/diariodalagoa.pt\/por-uma-lagoa-que-cuida-das-pessoas\/","url":"https:\/\/diariodalagoa.pt\/por-uma-lagoa-que-cuida-das-pessoas\/","name":"Por uma Lagoa que cuida das pessoas - Di\u00e1rio da Lagoa","isPartOf":{"@id":"https:\/\/diariodalagoa.pt\/#website"},"datePublished":"2025-09-30T17:04:13+00:00","dateModified":"2025-10-08T10:01:37+00:00","author":{"@id":"https:\/\/diariodalagoa.pt\/#\/schema\/person\/1615a002370e8857b6f972834bc43ece"},"description":"O Di\u00e1rio da Lagoa convidou os candidatos \u00e0 presid\u00eancia da C\u00e2mara Municipal de Lagoa a expressarem as suas ideias aos leitores. Ac\u00e1cio Vicente \u00e9 o candidato pela CDU.","breadcrumb":{"@id":"https:\/\/diariodalagoa.pt\/por-uma-lagoa-que-cuida-das-pessoas\/#breadcrumb"},"inLanguage":"es","potentialAction":[{"@type":"ReadAction","target":["https:\/\/diariodalagoa.pt\/por-uma-lagoa-que-cuida-das-pessoas\/"]}]},{"@type":"BreadcrumbList","@id":"https:\/\/diariodalagoa.pt\/por-uma-lagoa-que-cuida-das-pessoas\/#breadcrumb","itemListElement":[{"@type":"ListItem","position":1,"name":"In\u00edcio","item":"https:\/\/diariodalagoa.pt\/"},{"@type":"ListItem","position":2,"name":"Por uma Lagoa que cuida das pessoas"}]},{"@type":"WebSite","@id":"https:\/\/diariodalagoa.pt\/#website","url":"https:\/\/diariodalagoa.pt\/","name":"Di\u00e1rio da Lagoa","description":"Di\u00e1rio da Lagoa. As not\u00edcias que contam. A partir da Lagoa, nos A\u00e7ores, para o mundo.","potentialAction":[{"@type":"SearchAction","target":{"@type":"EntryPoint","urlTemplate":"https:\/\/diariodalagoa.pt\/?s={search_term_string}"},"query-input":"required name=search_term_string"}],"inLanguage":"es"},{"@type":"Person","@id":"https:\/\/diariodalagoa.pt\/#\/schema\/person\/1615a002370e8857b6f972834bc43ece","name":"Di\u00e1rio da Lagoa","image":{"@type":"ImageObject","inLanguage":"es","@id":"https:\/\/diariodalagoa.pt\/#\/schema\/person\/image\/","url":"https:\/\/secure.gravatar.com\/avatar\/2cb5cef90a26f8fbd4d9d930608102c5?s=96&d=mm&r=g","contentUrl":"https:\/\/secure.gravatar.com\/avatar\/2cb5cef90a26f8fbd4d9d930608102c5?s=96&d=mm&r=g","caption":"Di\u00e1rio da Lagoa"},"url":"https:\/\/diariodalagoa.pt\/es\/author\/diariodalagoa\/"}]}},"_links":{"self":[{"href":"https:\/\/diariodalagoa.pt\/es\/wp-json\/wp\/v2\/posts\/158907"}],"collection":[{"href":"https:\/\/diariodalagoa.pt\/es\/wp-json\/wp\/v2\/posts"}],"about":[{"href":"https:\/\/diariodalagoa.pt\/es\/wp-json\/wp\/v2\/types\/post"}],"author":[{"embeddable":true,"href":"https:\/\/diariodalagoa.pt\/es\/wp-json\/wp\/v2\/users\/2"}],"replies":[{"embeddable":true,"href":"https:\/\/diariodalagoa.pt\/es\/wp-json\/wp\/v2\/comments?post=158907"}],"version-history":[{"count":5,"href":"https:\/\/diariodalagoa.pt\/es\/wp-json\/wp\/v2\/posts\/158907\/revisions"}],"predecessor-version":[{"id":159105,"href":"https:\/\/diariodalagoa.pt\/es\/wp-json\/wp\/v2\/posts\/158907\/revisions\/159105"}],"wp:featuredmedia":[{"embeddable":true,"href":"https:\/\/diariodalagoa.pt\/es\/wp-json\/wp\/v2\/media\/158908"}],"wp:attachment":[{"href":"https:\/\/diariodalagoa.pt\/es\/wp-json\/wp\/v2\/media?parent=158907"}],"wp:term":[{"taxonomy":"category","embeddable":true,"href":"https:\/\/diariodalagoa.pt\/es\/wp-json\/wp\/v2\/categories?post=158907"},{"taxonomy":"post_tag","embeddable":true,"href":"https:\/\/diariodalagoa.pt\/es\/wp-json\/wp\/v2\/tags?post=158907"}],"curies":[{"name":"wp","href":"https:\/\/api.w.org\/{rel}","templated":true}]}}