{"id":158472,"date":"2025-09-04T12:07:14","date_gmt":"2025-09-04T12:07:14","guid":{"rendered":"https:\/\/diariodalagoa.pt\/?p=158472"},"modified":"2025-09-04T14:26:37","modified_gmt":"2025-09-04T14:26:37","slug":"jorge-rita-alerta-para-os-entraves-que-persistem-na-economia-acoriana","status":"publish","type":"post","link":"https:\/\/diariodalagoa.pt\/es\/jorge-rita-alerta-para-os-entraves-que-persistem-na-economia-acoriana\/","title":{"rendered":"Jorge Rita alerta para os entraves que persistem na economia a\u00e7oriana"},"content":{"rendered":"<h3 class=\"wp-block-heading\">Presidente da Federa\u00e7\u00e3o Agr\u00edcola dos A\u00e7ores defende uma atualiza\u00e7\u00e3o do programa POSEI com base na infla\u00e7\u00e3o e um regime de ajudas para os transportes mar\u00edtimos. A mecaniza\u00e7\u00e3o e a forma\u00e7\u00e3o s\u00e3o apontadas como solu\u00e7\u00f5es para a falta de m\u00e3o de obra<\/h3>\n\n\n\n<figure class=\"wp-block-image size-full\"><img decoding=\"async\" width=\"960\" height=\"654\" src=\"https:\/\/diariodalagoa.pt\/wp-content\/uploads\/2025\/09\/jorge-rita-verao-2025-c-clife-botelho.jpg\" alt=\"\" class=\"wp-image-158473\" srcset=\"https:\/\/diariodalagoa.pt\/wp-content\/uploads\/2025\/09\/jorge-rita-verao-2025-c-clife-botelho.jpg 960w, https:\/\/diariodalagoa.pt\/wp-content\/uploads\/2025\/09\/jorge-rita-verao-2025-c-clife-botelho-300x204.jpg 300w, https:\/\/diariodalagoa.pt\/wp-content\/uploads\/2025\/09\/jorge-rita-verao-2025-c-clife-botelho-768x523.jpg 768w, https:\/\/diariodalagoa.pt\/wp-content\/uploads\/2025\/09\/jorge-rita-verao-2025-c-clife-botelho-18x12.jpg 18w\" sizes=\"(max-width: 960px) 100vw, 960px\" \/><figcaption class=\"wp-element-caption\"><sup>Jorge Rita deixa mensagem de incentivo aos jovens agricultores <mark style=\"background-color:rgba(0, 0, 0, 0)\" class=\"has-inline-color has-cyan-bluish-gray-color\">\u00a9 CLIFE BOTELHO<\/mark><\/sup><\/figcaption><\/figure>\n\n\n<p><b>DL: Tem marcado posi\u00e7\u00e3o com v\u00e1rias a\u00e7\u00f5es ao longo do ano. Trata-se do que prometeu?<br \/><\/b>Sim. A Associa\u00e7\u00e3o Agr\u00edcola de S\u00e3o Miguel (AASM) e a Federa\u00e7\u00e3o Agr\u00edcola dos A\u00e7ores, como organiza\u00e7\u00f5es de reivindica\u00e7\u00e3o, t\u00eam reivindica\u00e7\u00f5es muito fortes neste momento. E, tamb\u00e9m, estamos em cima dos acontecimentos europeus, que se relacionam com os quadros comunit\u00e1rios de apoio. Seja o que est\u00e1 a terminar ou o que ainda n\u00e3o come\u00e7ou, estamos sempre a trabalhar no que vir\u00e1 a seguir. Tudo isso requer muito trabalho, intensidade, e pressionar aqueles que t\u00eam depois a capacidade de negociar na Uni\u00e3o Europeia (U.E.).<\/p>\n<p><b>DL: Participou no F\u00f3rum das Regi\u00f5es Ultraperif\u00e9ricas em Bruxelas. Como correu?<br \/><\/b>Participo muitas vezes na \u00e1rea da Comiss\u00e3o da Agricultura. Temos sempre que marcar a posi\u00e7\u00e3o dos A\u00e7ores de forma firme. Somos uma regi\u00e3o ultraperif\u00e9rica, e o que transmitimos \u00e9 que os A\u00e7ores d\u00e3o mais a Portugal e muito mais \u00e0 Europa.<br \/>A soma da popula\u00e7\u00e3o das regi\u00f5es ultraperif\u00e9ricas \u00e9 de quase seis milh\u00f5es de habitantes. Essas regi\u00f5es t\u00eam mais habitantes do que alguns pa\u00edses da Europa.<br \/>Quando se trata das negocia\u00e7\u00f5es a n\u00edvel do programa POSEI, todos n\u00f3s estamos alinhados, porque queremos uma atualiza\u00e7\u00e3o. O pr\u00f3prio Comiss\u00e1rio reconhece que a nossa reivindica\u00e7\u00e3o \u00e9 justa. Todos os programas de apoio para todos os pa\u00edses levam em considera\u00e7\u00e3o a infla\u00e7\u00e3o, mas o POSEI nunca foi contemplado. Houve um decr\u00e9scimo que nos custou mais de 30 milh\u00f5es de euros ao longo do tempo, valor que poder\u00edamos ter recebido se houvesse uma atualiza\u00e7\u00e3o por meio da infla\u00e7\u00e3o. O que pretendemos \u00e9 que, no m\u00ednimo, a infla\u00e7\u00e3o tamb\u00e9m seja tida em conta no POSEI. Al\u00e9m disso, queremos um claro refor\u00e7o n\u00e3o s\u00f3 para o POSEI, mas tamb\u00e9m para as ajudas diretas a agricultores e pescadores. O que desejamos na Regi\u00e3o Aut\u00f3noma dos A\u00e7ores \u00e9 ser mais competitivos em rela\u00e7\u00e3o aos transportes mar\u00edtimos. Sem um aux\u00edlio do Estado ou da UE, a nossa economia fica completamente estrangulada nos A\u00e7ores.<\/p>\n<p><b>DL: De que forma o problema dos transportes mar\u00edtimos continua a afetar a regi\u00e3o?<br \/><\/b>\u00c9 o maior problema que n\u00f3s temos. O que explica o insucesso da nossa economia est\u00e1 muito relacionado com os transportes mar\u00edtimos. N\u00f3s, que importamos e exportamos, sabemos o quanto custa e que isso reduz a nossa competitividade. O que devia ser criado \u00e9 um regime estatal de ajudas compensat\u00f3rias, semelhante ao que j\u00e1 existe para os transportes a\u00e9reos. Qualquer regi\u00e3o ou pa\u00eds, principalmente n\u00f3s que estamos rodeados pelo mar, depende dos transportes mar\u00edtimos para praticamente tudo. J\u00e1 que existe uma discrimina\u00e7\u00e3o positiva atrav\u00e9s das ajudas compensat\u00f3rias para os transportes a\u00e9reos, que funcionam plenamente, seria importante que tamb\u00e9m fossem contemplados com esse tipo de apoios os transportes mar\u00edtimos. A\u00ed sim, a nossa economia tornar-se-ia competitiva. E, obviamente, isso tamb\u00e9m se refletiria em tudo o que produzimos.<\/p>\n<p><b>DL: A mecaniza\u00e7\u00e3o seria uma solu\u00e7\u00e3o para a falta de m\u00e3o de obra?<\/b><b><br \/><\/b>\u00c9 o caminho, porque n\u00e3o s\u00f3 na \u00e1rea do leite, mas na das hort\u00edcolas tamb\u00e9m pode ajudar. Esse \u00e9 um caminho que toda a gente j\u00e1 percebeu que vai ter que acontecer, j\u00e1 que a falta de m\u00e3o de obra \u00e9 brutal, e n\u00e3o s\u00f3 no nosso setor, \u00e9 transversal. E isso faz com que o crescimento em algumas \u00e1reas n\u00e3o esteja a acentuar-se.<\/p>\n<p><b>DL: E que balan\u00e7o faz da transi\u00e7\u00e3o para a produ\u00e7\u00e3o de carne?<br \/><\/b>As pessoas que agora est\u00e3o na carne est\u00e3o muito seguras e confiantes. O mercado est\u00e1 favor\u00e1vel, podemos considerar que foi uma aposta ganha e o alerta que n\u00f3s lan\u00e7amos sempre aos industriais do leite \u00e9 para que estejam atentos. Se a carne continuar neste patamar de crescimento, poucos v\u00e3o querer continuar a produzir leite. Este ano nota-se bem o entusiasmo, porque os produtores t\u00eam um perfil diferente de ilha para ilha mas come\u00e7a a haver alguma especializa\u00e7\u00e3o na produ\u00e7\u00e3o da carne. Este tipo de transfer\u00eancia vai ser muito r\u00e1pida, mais r\u00e1pida do que se pensa. \u00c9 o caminho da valoriza\u00e7\u00e3o da carne e \u00e9 mais uma op\u00e7\u00e3o. Isso \u00e9 excelente.<\/p>\n<p><b>DL: Fala-se tamb\u00e9m na import\u00e2ncia da forma\u00e7\u00e3o.<br \/><\/b>Estamos a fazer parcerias com as escolas de forma\u00e7\u00e3o e agora temos um acordo com a Universidade dos A\u00e7ores, que vai abrir um curso. Precisamos que se inscrevam.<br \/>Eu sei que h\u00e1 inscri\u00e7\u00f5es vindas de fora da regi\u00e3o. O que n\u00f3s pretend\u00edamos tamb\u00e9m \u00e9 que os nossos aproveitassem esta oportunidade. Estamos a sensibilizar os nossos associados para a import\u00e2ncia que o curso pode ter na agroind\u00fastria, nas fabrica\u00e7\u00f5es e mecaniza\u00e7\u00f5es. Esta era uma reivindica\u00e7\u00e3o de muitos anos. Estamos com a agroind\u00fastria e toda a ind\u00fastria a abra\u00e7ar esse projeto, porque todos n\u00f3s precisamos de m\u00e3o de obra. Quem for formado nestas \u00e1reas, come\u00e7a j\u00e1 a trabalhar.<br \/><b><br \/>DL: A AASM celebra 50 anos a 5 de setembro. Que incentivo deixa aos jovens para apostarem na agricultura?<br \/><\/b>O que eu posso dizer \u00e9 que a agricultura est\u00e1 no nosso ADN, todas as fam\u00edlias a\u00e7orianas t\u00eam algu\u00e9m ligado ao setor. Aos nossos jovens, o que precisamos \u00e9 de transmitir confian\u00e7a e seguran\u00e7a. Temos de acabar com o discurso de que esta vida de agricultor n\u00e3o presta, mas para isso \u00e9 preciso que todos comecem, em conjunto, a ter um discurso positivo e a valorizar os nossos produtos. Se os jovens perceberem que podem ter uma vida confort\u00e1vel e com dignidade, eles avan\u00e7am.<br \/>A moderniza\u00e7\u00e3o das explora\u00e7\u00f5es, a mecaniza\u00e7\u00e3o, a digitaliza\u00e7\u00e3o, todo o trabalho que \u00e9 feito em prol dos jovens, d\u00e1-lhes ferramentas que eu n\u00e3o tive no meu tempo, e que os capacita para fazer algo diferente em rela\u00e7\u00e3o ao que fizeram os pais. No entanto, a melhor ferramenta \u00e9 fazer com que os jovens percebam que este setor de atividade \u00e9 importante, que se sintam especiais e tenham orgulho.<\/p>","protected":false},"excerpt":{"rendered":"<p>Presidente da Federa\u00e7\u00e3o Agr\u00edcola defende uma atualiza\u00e7\u00e3o do programa POSEI com base na infla\u00e7\u00e3o e um regime de ajudas para os transportes mar\u00edtimos. A mecaniza\u00e7\u00e3o e a forma\u00e7\u00e3o s\u00e3o apontadas como solu\u00e7\u00f5es para a falta de m\u00e3o de obra.<\/p>","protected":false},"author":2,"featured_media":158473,"comment_status":"open","ping_status":"closed","sticky":false,"template":"","format":"standard","meta":[],"categories":[12],"tags":[98,127,600,3217],"acf":[],"yoast_head":"<!-- This site is optimized with the Yoast SEO plugin v20.10 - https:\/\/yoast.com\/wordpress\/plugins\/seo\/ -->\n<title>Jorge Rita alerta para os entraves que persistem na economia a\u00e7oriana - Di\u00e1rio da Lagoa<\/title>\n<meta name=\"description\" content=\"Presidente da Federa\u00e7\u00e3o Agr\u00edcola defende uma atualiza\u00e7\u00e3o do programa POSEI com base na infla\u00e7\u00e3o e um regime de ajudas para os transportes mar\u00edtimos. A mecaniza\u00e7\u00e3o e a forma\u00e7\u00e3o s\u00e3o apontadas como solu\u00e7\u00f5es para a falta de m\u00e3o de obra.\" \/>\n<meta name=\"robots\" content=\"index, follow, max-snippet:-1, max-image-preview:large, max-video-preview:-1\" \/>\n<link rel=\"canonical\" href=\"https:\/\/diariodalagoa.pt\/es\/jorge-rita-alerta-para-os-entraves-que-persistem-na-economia-acoriana\/\" \/>\n<meta property=\"og:locale\" content=\"es_ES\" \/>\n<meta property=\"og:type\" content=\"article\" \/>\n<meta property=\"og:title\" content=\"Jorge Rita alerta para os entraves que persistem na economia a\u00e7oriana - Di\u00e1rio da Lagoa\" \/>\n<meta property=\"og:description\" content=\"Presidente da Federa\u00e7\u00e3o Agr\u00edcola defende uma atualiza\u00e7\u00e3o do programa POSEI com base na infla\u00e7\u00e3o e um regime de ajudas para os transportes mar\u00edtimos. A mecaniza\u00e7\u00e3o e a forma\u00e7\u00e3o s\u00e3o apontadas como solu\u00e7\u00f5es para a falta de m\u00e3o de obra.\" \/>\n<meta property=\"og:url\" content=\"https:\/\/diariodalagoa.pt\/es\/jorge-rita-alerta-para-os-entraves-que-persistem-na-economia-acoriana\/\" \/>\n<meta property=\"og:site_name\" content=\"Di\u00e1rio da Lagoa\" \/>\n<meta property=\"article:published_time\" content=\"2025-09-04T12:07:14+00:00\" \/>\n<meta property=\"article:modified_time\" content=\"2025-09-04T14:26:37+00:00\" \/>\n<meta property=\"og:image\" content=\"https:\/\/diariodalagoa.pt\/wp-content\/uploads\/2025\/09\/jorge-rita-verao-2025-c-clife-botelho.jpg\" \/>\n\t<meta property=\"og:image:width\" content=\"960\" \/>\n\t<meta property=\"og:image:height\" content=\"654\" \/>\n\t<meta property=\"og:image:type\" content=\"image\/jpeg\" \/>\n<meta name=\"author\" content=\"Di\u00e1rio da Lagoa\" \/>\n<meta name=\"twitter:card\" content=\"summary_large_image\" \/>\n<meta name=\"twitter:label1\" content=\"Escrito por\" \/>\n\t<meta name=\"twitter:data1\" content=\"Di\u00e1rio da Lagoa\" \/>\n\t<meta name=\"twitter:label2\" content=\"Tiempo de lectura\" \/>\n\t<meta name=\"twitter:data2\" content=\"6 minutos\" \/>\n<script type=\"application\/ld+json\" class=\"yoast-schema-graph\">{\"@context\":\"https:\/\/schema.org\",\"@graph\":[{\"@type\":\"WebPage\",\"@id\":\"https:\/\/diariodalagoa.pt\/jorge-rita-alerta-para-os-entraves-que-persistem-na-economia-acoriana\/\",\"url\":\"https:\/\/diariodalagoa.pt\/jorge-rita-alerta-para-os-entraves-que-persistem-na-economia-acoriana\/\",\"name\":\"Jorge Rita alerta para os entraves que persistem na economia a\u00e7oriana - Di\u00e1rio da Lagoa\",\"isPartOf\":{\"@id\":\"https:\/\/diariodalagoa.pt\/#website\"},\"datePublished\":\"2025-09-04T12:07:14+00:00\",\"dateModified\":\"2025-09-04T14:26:37+00:00\",\"author\":{\"@id\":\"https:\/\/diariodalagoa.pt\/#\/schema\/person\/1615a002370e8857b6f972834bc43ece\"},\"description\":\"Presidente da Federa\u00e7\u00e3o Agr\u00edcola defende uma atualiza\u00e7\u00e3o do programa POSEI com base na infla\u00e7\u00e3o e um regime de ajudas para os transportes mar\u00edtimos. A mecaniza\u00e7\u00e3o e a forma\u00e7\u00e3o s\u00e3o apontadas como solu\u00e7\u00f5es para a falta de m\u00e3o de obra.\",\"breadcrumb\":{\"@id\":\"https:\/\/diariodalagoa.pt\/jorge-rita-alerta-para-os-entraves-que-persistem-na-economia-acoriana\/#breadcrumb\"},\"inLanguage\":\"es\",\"potentialAction\":[{\"@type\":\"ReadAction\",\"target\":[\"https:\/\/diariodalagoa.pt\/jorge-rita-alerta-para-os-entraves-que-persistem-na-economia-acoriana\/\"]}]},{\"@type\":\"BreadcrumbList\",\"@id\":\"https:\/\/diariodalagoa.pt\/jorge-rita-alerta-para-os-entraves-que-persistem-na-economia-acoriana\/#breadcrumb\",\"itemListElement\":[{\"@type\":\"ListItem\",\"position\":1,\"name\":\"In\u00edcio\",\"item\":\"https:\/\/diariodalagoa.pt\/\"},{\"@type\":\"ListItem\",\"position\":2,\"name\":\"Jorge Rita alerta para os entraves que persistem na economia a\u00e7oriana\"}]},{\"@type\":\"WebSite\",\"@id\":\"https:\/\/diariodalagoa.pt\/#website\",\"url\":\"https:\/\/diariodalagoa.pt\/\",\"name\":\"Di\u00e1rio da Lagoa\",\"description\":\"Di\u00e1rio da Lagoa. As not\u00edcias que contam. A partir da Lagoa, nos A\u00e7ores, para o mundo.\",\"potentialAction\":[{\"@type\":\"SearchAction\",\"target\":{\"@type\":\"EntryPoint\",\"urlTemplate\":\"https:\/\/diariodalagoa.pt\/?s={search_term_string}\"},\"query-input\":\"required name=search_term_string\"}],\"inLanguage\":\"es\"},{\"@type\":\"Person\",\"@id\":\"https:\/\/diariodalagoa.pt\/#\/schema\/person\/1615a002370e8857b6f972834bc43ece\",\"name\":\"Di\u00e1rio da Lagoa\",\"image\":{\"@type\":\"ImageObject\",\"inLanguage\":\"es\",\"@id\":\"https:\/\/diariodalagoa.pt\/#\/schema\/person\/image\/\",\"url\":\"https:\/\/secure.gravatar.com\/avatar\/2cb5cef90a26f8fbd4d9d930608102c5?s=96&d=mm&r=g\",\"contentUrl\":\"https:\/\/secure.gravatar.com\/avatar\/2cb5cef90a26f8fbd4d9d930608102c5?s=96&d=mm&r=g\",\"caption\":\"Di\u00e1rio da Lagoa\"},\"url\":\"https:\/\/diariodalagoa.pt\/es\/author\/diariodalagoa\/\"}]}<\/script>\n<!-- \/ Yoast SEO plugin. -->","yoast_head_json":{"title":"Jorge Rita alerta para os entraves que persistem na economia a\u00e7oriana - Di\u00e1rio da Lagoa","description":"Presidente da Federa\u00e7\u00e3o Agr\u00edcola defende uma atualiza\u00e7\u00e3o do programa POSEI com base na infla\u00e7\u00e3o e um regime de ajudas para os transportes mar\u00edtimos. A mecaniza\u00e7\u00e3o e a forma\u00e7\u00e3o s\u00e3o apontadas como solu\u00e7\u00f5es para a falta de m\u00e3o de obra.","robots":{"index":"index","follow":"follow","max-snippet":"max-snippet:-1","max-image-preview":"max-image-preview:large","max-video-preview":"max-video-preview:-1"},"canonical":"https:\/\/diariodalagoa.pt\/es\/jorge-rita-alerta-para-os-entraves-que-persistem-na-economia-acoriana\/","og_locale":"es_ES","og_type":"article","og_title":"Jorge Rita alerta para os entraves que persistem na economia a\u00e7oriana - Di\u00e1rio da Lagoa","og_description":"Presidente da Federa\u00e7\u00e3o Agr\u00edcola defende uma atualiza\u00e7\u00e3o do programa POSEI com base na infla\u00e7\u00e3o e um regime de ajudas para os transportes mar\u00edtimos. A mecaniza\u00e7\u00e3o e a forma\u00e7\u00e3o s\u00e3o apontadas como solu\u00e7\u00f5es para a falta de m\u00e3o de obra.","og_url":"https:\/\/diariodalagoa.pt\/es\/jorge-rita-alerta-para-os-entraves-que-persistem-na-economia-acoriana\/","og_site_name":"Di\u00e1rio da Lagoa","article_published_time":"2025-09-04T12:07:14+00:00","article_modified_time":"2025-09-04T14:26:37+00:00","og_image":[{"width":960,"height":654,"url":"https:\/\/diariodalagoa.pt\/wp-content\/uploads\/2025\/09\/jorge-rita-verao-2025-c-clife-botelho.jpg","type":"image\/jpeg"}],"author":"Di\u00e1rio da Lagoa","twitter_card":"summary_large_image","twitter_misc":{"Escrito por":"Di\u00e1rio da Lagoa","Tiempo de lectura":"6 minutos"},"schema":{"@context":"https:\/\/schema.org","@graph":[{"@type":"WebPage","@id":"https:\/\/diariodalagoa.pt\/jorge-rita-alerta-para-os-entraves-que-persistem-na-economia-acoriana\/","url":"https:\/\/diariodalagoa.pt\/jorge-rita-alerta-para-os-entraves-que-persistem-na-economia-acoriana\/","name":"Jorge Rita alerta para os entraves que persistem na economia a\u00e7oriana - Di\u00e1rio da Lagoa","isPartOf":{"@id":"https:\/\/diariodalagoa.pt\/#website"},"datePublished":"2025-09-04T12:07:14+00:00","dateModified":"2025-09-04T14:26:37+00:00","author":{"@id":"https:\/\/diariodalagoa.pt\/#\/schema\/person\/1615a002370e8857b6f972834bc43ece"},"description":"Presidente da Federa\u00e7\u00e3o Agr\u00edcola defende uma atualiza\u00e7\u00e3o do programa POSEI com base na infla\u00e7\u00e3o e um regime de ajudas para os transportes mar\u00edtimos. A mecaniza\u00e7\u00e3o e a forma\u00e7\u00e3o s\u00e3o apontadas como solu\u00e7\u00f5es para a falta de m\u00e3o de obra.","breadcrumb":{"@id":"https:\/\/diariodalagoa.pt\/jorge-rita-alerta-para-os-entraves-que-persistem-na-economia-acoriana\/#breadcrumb"},"inLanguage":"es","potentialAction":[{"@type":"ReadAction","target":["https:\/\/diariodalagoa.pt\/jorge-rita-alerta-para-os-entraves-que-persistem-na-economia-acoriana\/"]}]},{"@type":"BreadcrumbList","@id":"https:\/\/diariodalagoa.pt\/jorge-rita-alerta-para-os-entraves-que-persistem-na-economia-acoriana\/#breadcrumb","itemListElement":[{"@type":"ListItem","position":1,"name":"In\u00edcio","item":"https:\/\/diariodalagoa.pt\/"},{"@type":"ListItem","position":2,"name":"Jorge Rita alerta para os entraves que persistem na economia a\u00e7oriana"}]},{"@type":"WebSite","@id":"https:\/\/diariodalagoa.pt\/#website","url":"https:\/\/diariodalagoa.pt\/","name":"Di\u00e1rio da Lagoa","description":"Di\u00e1rio da Lagoa. As not\u00edcias que contam. A partir da Lagoa, nos A\u00e7ores, para o mundo.","potentialAction":[{"@type":"SearchAction","target":{"@type":"EntryPoint","urlTemplate":"https:\/\/diariodalagoa.pt\/?s={search_term_string}"},"query-input":"required name=search_term_string"}],"inLanguage":"es"},{"@type":"Person","@id":"https:\/\/diariodalagoa.pt\/#\/schema\/person\/1615a002370e8857b6f972834bc43ece","name":"Di\u00e1rio da Lagoa","image":{"@type":"ImageObject","inLanguage":"es","@id":"https:\/\/diariodalagoa.pt\/#\/schema\/person\/image\/","url":"https:\/\/secure.gravatar.com\/avatar\/2cb5cef90a26f8fbd4d9d930608102c5?s=96&d=mm&r=g","contentUrl":"https:\/\/secure.gravatar.com\/avatar\/2cb5cef90a26f8fbd4d9d930608102c5?s=96&d=mm&r=g","caption":"Di\u00e1rio da Lagoa"},"url":"https:\/\/diariodalagoa.pt\/es\/author\/diariodalagoa\/"}]}},"_links":{"self":[{"href":"https:\/\/diariodalagoa.pt\/es\/wp-json\/wp\/v2\/posts\/158472"}],"collection":[{"href":"https:\/\/diariodalagoa.pt\/es\/wp-json\/wp\/v2\/posts"}],"about":[{"href":"https:\/\/diariodalagoa.pt\/es\/wp-json\/wp\/v2\/types\/post"}],"author":[{"embeddable":true,"href":"https:\/\/diariodalagoa.pt\/es\/wp-json\/wp\/v2\/users\/2"}],"replies":[{"embeddable":true,"href":"https:\/\/diariodalagoa.pt\/es\/wp-json\/wp\/v2\/comments?post=158472"}],"version-history":[{"count":8,"href":"https:\/\/diariodalagoa.pt\/es\/wp-json\/wp\/v2\/posts\/158472\/revisions"}],"predecessor-version":[{"id":158491,"href":"https:\/\/diariodalagoa.pt\/es\/wp-json\/wp\/v2\/posts\/158472\/revisions\/158491"}],"wp:featuredmedia":[{"embeddable":true,"href":"https:\/\/diariodalagoa.pt\/es\/wp-json\/wp\/v2\/media\/158473"}],"wp:attachment":[{"href":"https:\/\/diariodalagoa.pt\/es\/wp-json\/wp\/v2\/media?parent=158472"}],"wp:term":[{"taxonomy":"category","embeddable":true,"href":"https:\/\/diariodalagoa.pt\/es\/wp-json\/wp\/v2\/categories?post=158472"},{"taxonomy":"post_tag","embeddable":true,"href":"https:\/\/diariodalagoa.pt\/es\/wp-json\/wp\/v2\/tags?post=158472"}],"curies":[{"name":"wp","href":"https:\/\/api.w.org\/{rel}","templated":true}]}}