{"id":158416,"date":"2025-08-30T09:35:00","date_gmt":"2025-08-30T09:35:00","guid":{"rendered":"https:\/\/diariodalagoa.pt\/?p=158416"},"modified":"2025-08-30T11:35:02","modified_gmt":"2025-08-30T11:35:02","slug":"paf-portugal-arde-furiosamente","status":"publish","type":"post","link":"https:\/\/diariodalagoa.pt\/es\/paf-portugal-arde-furiosamente\/","title":{"rendered":"PAF &#8211; Portugal arde furiosamente"},"content":{"rendered":"<div class=\"wp-block-image is-style-rounded\">\n<figure class=\"aligncenter size-full is-resized\"><img decoding=\"async\" src=\"https:\/\/diariodalagoa.pt\/wp-content\/uploads\/2024\/10\/alexandra-manes-2-2024.png\" alt=\"\" class=\"wp-image-142374\" width=\"444\" height=\"441\" srcset=\"https:\/\/diariodalagoa.pt\/wp-content\/uploads\/2024\/10\/alexandra-manes-2-2024.png 474w, https:\/\/diariodalagoa.pt\/wp-content\/uploads\/2024\/10\/alexandra-manes-2-2024-300x298.png 300w, https:\/\/diariodalagoa.pt\/wp-content\/uploads\/2024\/10\/alexandra-manes-2-2024-150x150.png 150w, https:\/\/diariodalagoa.pt\/wp-content\/uploads\/2024\/10\/alexandra-manes-2-2024-12x12.png 12w\" sizes=\"(max-width: 444px) 100vw, 444px\" \/><\/figure><\/div>\n\n\n<div style=\"height:25px\" aria-hidden=\"true\" class=\"wp-block-spacer\"><\/div>\n\n\n<p style=\"text-align: center;\"><strong>Alexandra Manes<\/strong><\/p>\n\n\n<div style=\"height:25px\" aria-hidden=\"true\" class=\"wp-block-spacer\"><\/div>\n\n\n<p><span lang=\"pt-PT\">Mais um ano de incertezas e muitas tristezas para quem habita no nosso territ\u00f3rio continental. As labaredas que pareciam adormecidas em junho e julho, elevaram-se com viol\u00eancia e certeza destrutiva, a partir do come\u00e7o de agosto. Junta-se a vaga de calor \u00e0 vontade de consumir tudo o que resta de verde no cora\u00e7\u00e3o do nosso pa\u00eds. E as popula\u00e7\u00f5es sofrem, desesperadas por sobreviver e manter uma parte do parco patrim\u00f3nio que levaram uma vida inteira a construir, apenas para o ver desaparecer debaixo de uma nuvem de cinzas.<\/span><\/p>\n<p><span lang=\"pt-PT\">Para o ano, h\u00e1 zonas em Portugal onde n\u00e3o haver\u00e1 fogo para combater. J\u00e1 tudo ardeu. Assim tem sido ao longo de anos e anos de inger\u00eancias, assobios para o lado e, pior do que tudo o resto, apoios financeiros e administrativos junto de empresas de refloresta\u00e7\u00e3o, madeireiras e outras ind\u00fastrias que beneficiam de forma direta desta realidade, que para muito boa gente \u00e9 apocal\u00edptica. <\/span><\/p>\n<p><span lang=\"pt-PT\">Os inc\u00eandios florestais n\u00e3o s\u00e3o uma novidade de 2025, nem sequer do s\u00e9culo XXI. Ao longo de centenas de anos, Portugal tem enfrentado complica\u00e7\u00f5es com vagas de calor, profundamente agravadas pelas atuais altera\u00e7\u00f5es clim\u00e1ticas, que empurram o pa\u00eds para o ponto de n\u00e3o retorno. Paralelamente, h\u00e1 que reconhecer a presen\u00e7a de incendi\u00e1rios e agentes provocadores, a mando de interesses econ\u00f3micos, ou apenas incentivados por patologias psicol\u00f3gicas que s\u00f3 podem ser devidamente reconhecidas por profissionais, e n\u00e3o por comentadores de partidos populistas, por muito que alguns possam at\u00e9 perceber de psicopatias na primeira pessoa. <\/span><\/p>\n<p><span lang=\"pt-PT\">A realidade dos fogos de Ver\u00e3o tem vindo a crescer em intensidade, pese embora flutue anualmente no n\u00famero de acidentes verdadeiramente graves. N\u00e3o obstante, h\u00e1 muito tempo que n\u00e3o se passa um ano sem problemas com chamas e reportagens dedicadas a desalojados, com choros e gritos. <\/span><\/p>\n<p><span lang=\"pt-PT\">Do lado da oposi\u00e7\u00e3o, habituamo-nos a ver discursos inflamados, contra as pol\u00edticas de gest\u00e3o e administra\u00e7\u00e3o interna, reclamando para si o direito de tomar o poder e resolver a quest\u00e3o. Quando a situa\u00e7\u00e3o se inverte, verificamos que raramente se tomam medidas, e que quando tal \u00e9 aplicado, a situa\u00e7\u00e3o tende a piorar. Assim, h\u00e1 um jogo de cadeiras, outrora entre dois partidos, agora com a presen\u00e7a de uma terceira for\u00e7a, ainda mais t\u00f3xica, onde os inc\u00eandios s\u00e3o mais importantes quando se pode falar mal do Governo, do que quando se pode fazer alguma coisa para os prevenir e combater.<\/span><\/p>\n<p><span lang=\"pt-PT\">Regressamos a 2025 e ao caos instalado em Portugal, uma vez mais, pelas chamas que assolam v\u00e1rias zonas do territ\u00f3rio continental. Nas televis\u00f5es, multiplicam-se os gritos de revolta de autarcas, bombeiros e gentes em geral, que arrega\u00e7am as mangas para tentar salvar vidas inteiras de trabalho e poupan\u00e7a, perdidas numa fa\u00edsca trazida pelo vento de agosto. Nas sedes dos partidos da oposi\u00e7\u00e3o, as conversas habituais, reclamando o direito de salvar a p\u00e1tria entumecida pelo calor. E no governo, uma incompet\u00eancia anormal, o que \u00e9 dizer muito comparando-se com anos anteriores, diga-se de passagem. <\/span><\/p>\n<p><span lang=\"pt-PT\">Montenegro seguiu o exemplo do seu colega de partido, e amigo, madeirense. Foi de f\u00e9rias, e s\u00f3 as interrompeu depois da primeira morte, como quem diz que s\u00f3 vale a pena levantar da toalha quando a coisa aperta. Ainda houve tempo para beijos, abra\u00e7os e dan\u00e7as de Ver\u00e3o, no Pontal, com o partido. Afinal de contas, para que serve um primeiro-ministro se n\u00e3o der o exemplo e for \u00e0 banhoca com a fam\u00edlia? E n\u00e3o deve o partido ficar \u00e0 frente do cidad\u00e3o comum? Para cuidar do pa\u00eds est\u00e1 l\u00e1 a ministra, n\u00e3o \u00e9? A senhora ministra, que veio ent\u00e3o falar em p\u00fablico, para nos dar uma m\u00e3o cheia de nada. Assim que a primeira pergunta surgiu, levantou-se, agarrada ao colar de p\u00e9rolas sa\u00eddo diretamente da corte de Lu\u00eds XIV, e fugiu porta fora, anunciando que se iam embora. Ficou por dizer que iam, antes que a coisa azedasse e as guilhotinas viessem para cima da mesa, claro est\u00e1. <\/span><\/p>\n<p><span lang=\"pt-PT\">O primeiro-ministro tamb\u00e9m quis dar dois dedos de conversa aos coitadinhos, e centrou o discurso em acusa\u00e7\u00f5es aos criminosos, que diz que vai combater de punhos cerrados, mesmo que n\u00e3o existam dados concretos, nem provas que estes inc\u00eandios, e a gravidade dos mesmos, sejam consequ\u00eancias de fogo posto. Haver\u00e1 quem o fa\u00e7a, imaginamos. Mas que seja o problema principal, tenho s\u00e9rias d\u00favidas. S\u00f3 que \u00e9 mais f\u00e1cil criar inimigos imagin\u00e1rios do que assumir que n\u00e3o se sabe o que se est\u00e1 a fazer. O seu amigo Ventura que o diga, caro Lu\u00eds. <\/span><\/p>\n<p><span lang=\"pt-PT\">Na verdade, a incompet\u00eancia destes filhos da coliga\u00e7\u00e3o PAF n\u00e3o \u00e9 coisa nova, nem exclusiva do tempo dos fogos. Todavia, estes cen\u00e1rios que se multiplicam, e provavelmente continuar\u00e3o a multiplicar-se at\u00e9 ao final de setembro, s\u00e3o cat\u00e1strofes que poderiam ter sido acauteladas. O que n\u00e3o falta s\u00e3o especialistas que j\u00e1 escreveram sobre o assunto, h\u00e1 d\u00e9cadas, apelando \u00e0 educa\u00e7\u00e3o ambiental, \u00e0 cria\u00e7\u00e3o de planos de preven\u00e7\u00e3o concretos (para l\u00e1 de meros chav\u00f5es) e \u00e0 melhoria das estrat\u00e9gias de combate, partindo da administra\u00e7\u00e3o interna, fornecendo ferramentas \u00e0 gest\u00e3o aut\u00e1rquica e capacitando os verdadeiros profissionais. <\/span><\/p>\n<p><span lang=\"pt-PT\">Numa casa de governantes onde at\u00e9 chegou a estar presente o partido de Gon\u00e7alo Ribeiro Telles &#8211; antes de ser saneado pela inconveni\u00eancia tr\u00e1gico-c\u00f3mica do seu l\u00edder nacional -, verifica-se que a mensagem de meritocracia s\u00f3 se aplica para enganar empreendedores e para a Europa ver. A experi\u00eancia dos especialistas fica muito aqu\u00e9m das p\u00e9rolas da ministra, do discurso populista sem subst\u00e2ncia do primeiro-ministro regressado da toalha, ou da solidariedade de cordel do presidente da Rep\u00fablica em final de carreira. Portugal continua a arder, e quem quer saber n\u00e3o quer que isso acabe. Afinal de contas, os fogos d\u00e3o mais dinheiro que chatices, aos grandes empres\u00e1rios. E d\u00e3o mais votos que problemas, aos pol\u00edticos. <\/span><\/p>\n<p><span lang=\"pt-PT\">Montenegro deu a m\u00e3o, o pa\u00eds e o nosso futuro a um partido que se diz ser financiado por um dos cabe\u00e7as do cartel que lucra com os fogos. Mas, para Montenegro \u00e9 melhor assim, possa ser que o seu colega lhe d\u00ea um espa\u00e7o no gabinete do staff.<\/span><\/p>\n<p><span lang=\"pt-PT\">Um abra\u00e7o a toda as pessoas que lutam. Solidariedade para com todas as v\u00edtimas deste cen\u00e1rio dantesco. \u00c0s e aos bombeiros que s\u00e3o quem est\u00e1 na linha da frente, arriscando a vida. Mereciam mais do que esta gentinha.<\/span><\/p>","protected":false},"excerpt":{"rendered":"<p>\u00abPara o ano, h\u00e1 zonas em Portugal onde n\u00e3o haver\u00e1 fogo para combater. J\u00e1 tudo ardeu. Assim tem sido ao longo de anos e anos de inger\u00eancias, assobios para o lado (&#8230;)\u00bb<\/p>","protected":false},"author":2,"featured_media":142369,"comment_status":"open","ping_status":"closed","sticky":false,"template":"","format":"standard","meta":[],"categories":[11],"tags":[],"acf":[],"yoast_head":"<!-- This site is optimized with the Yoast SEO plugin v20.10 - https:\/\/yoast.com\/wordpress\/plugins\/seo\/ -->\n<title>PAF - Portugal arde furiosamente - Di\u00e1rio da Lagoa<\/title>\n<meta name=\"description\" content=\"\u00abPara o ano, h\u00e1 zonas em Portugal onde n\u00e3o haver\u00e1 fogo para combater. J\u00e1 tudo ardeu. Assim tem sido ao longo de anos e anos de inger\u00eancias, assobios para o lado (...)\u00bb\" \/>\n<meta name=\"robots\" content=\"index, follow, max-snippet:-1, max-image-preview:large, max-video-preview:-1\" \/>\n<link rel=\"canonical\" href=\"https:\/\/diariodalagoa.pt\/es\/paf-portugal-arde-furiosamente\/\" \/>\n<meta property=\"og:locale\" content=\"es_ES\" \/>\n<meta property=\"og:type\" content=\"article\" \/>\n<meta property=\"og:title\" content=\"PAF - Portugal arde furiosamente - Di\u00e1rio da Lagoa\" \/>\n<meta property=\"og:description\" content=\"\u00abPara o ano, h\u00e1 zonas em Portugal onde n\u00e3o haver\u00e1 fogo para combater. J\u00e1 tudo ardeu. Assim tem sido ao longo de anos e anos de inger\u00eancias, assobios para o lado (...)\u00bb\" \/>\n<meta property=\"og:url\" content=\"https:\/\/diariodalagoa.pt\/es\/paf-portugal-arde-furiosamente\/\" \/>\n<meta property=\"og:site_name\" content=\"Di\u00e1rio da Lagoa\" \/>\n<meta property=\"article:published_time\" content=\"2025-08-30T09:35:00+00:00\" \/>\n<meta property=\"article:modified_time\" content=\"2025-08-30T11:35:02+00:00\" \/>\n<meta property=\"og:image\" content=\"https:\/\/diariodalagoa.pt\/wp-content\/uploads\/2024\/10\/alexandra-manes-2024.jpg\" \/>\n\t<meta property=\"og:image:width\" content=\"960\" \/>\n\t<meta property=\"og:image:height\" content=\"722\" \/>\n\t<meta property=\"og:image:type\" content=\"image\/jpeg\" \/>\n<meta name=\"author\" content=\"Di\u00e1rio da Lagoa\" \/>\n<meta name=\"twitter:card\" content=\"summary_large_image\" \/>\n<meta name=\"twitter:label1\" content=\"Escrito por\" \/>\n\t<meta name=\"twitter:data1\" content=\"Di\u00e1rio da Lagoa\" \/>\n\t<meta name=\"twitter:label2\" content=\"Tiempo de lectura\" \/>\n\t<meta name=\"twitter:data2\" content=\"6 minutos\" \/>\n<script type=\"application\/ld+json\" class=\"yoast-schema-graph\">{\"@context\":\"https:\/\/schema.org\",\"@graph\":[{\"@type\":\"WebPage\",\"@id\":\"https:\/\/diariodalagoa.pt\/paf-portugal-arde-furiosamente\/\",\"url\":\"https:\/\/diariodalagoa.pt\/paf-portugal-arde-furiosamente\/\",\"name\":\"PAF - Portugal arde furiosamente - Di\u00e1rio da Lagoa\",\"isPartOf\":{\"@id\":\"https:\/\/diariodalagoa.pt\/#website\"},\"datePublished\":\"2025-08-30T09:35:00+00:00\",\"dateModified\":\"2025-08-30T11:35:02+00:00\",\"author\":{\"@id\":\"https:\/\/diariodalagoa.pt\/#\/schema\/person\/1615a002370e8857b6f972834bc43ece\"},\"description\":\"\u00abPara o ano, h\u00e1 zonas em Portugal onde n\u00e3o haver\u00e1 fogo para combater. J\u00e1 tudo ardeu. Assim tem sido ao longo de anos e anos de inger\u00eancias, assobios para o lado (...)\u00bb\",\"breadcrumb\":{\"@id\":\"https:\/\/diariodalagoa.pt\/paf-portugal-arde-furiosamente\/#breadcrumb\"},\"inLanguage\":\"es\",\"potentialAction\":[{\"@type\":\"ReadAction\",\"target\":[\"https:\/\/diariodalagoa.pt\/paf-portugal-arde-furiosamente\/\"]}]},{\"@type\":\"BreadcrumbList\",\"@id\":\"https:\/\/diariodalagoa.pt\/paf-portugal-arde-furiosamente\/#breadcrumb\",\"itemListElement\":[{\"@type\":\"ListItem\",\"position\":1,\"name\":\"In\u00edcio\",\"item\":\"https:\/\/diariodalagoa.pt\/\"},{\"@type\":\"ListItem\",\"position\":2,\"name\":\"PAF &#8211; Portugal arde furiosamente\"}]},{\"@type\":\"WebSite\",\"@id\":\"https:\/\/diariodalagoa.pt\/#website\",\"url\":\"https:\/\/diariodalagoa.pt\/\",\"name\":\"Di\u00e1rio da Lagoa\",\"description\":\"Di\u00e1rio da Lagoa. As not\u00edcias que contam. A partir da Lagoa, nos A\u00e7ores, para o mundo.\",\"potentialAction\":[{\"@type\":\"SearchAction\",\"target\":{\"@type\":\"EntryPoint\",\"urlTemplate\":\"https:\/\/diariodalagoa.pt\/?s={search_term_string}\"},\"query-input\":\"required name=search_term_string\"}],\"inLanguage\":\"es\"},{\"@type\":\"Person\",\"@id\":\"https:\/\/diariodalagoa.pt\/#\/schema\/person\/1615a002370e8857b6f972834bc43ece\",\"name\":\"Di\u00e1rio da Lagoa\",\"image\":{\"@type\":\"ImageObject\",\"inLanguage\":\"es\",\"@id\":\"https:\/\/diariodalagoa.pt\/#\/schema\/person\/image\/\",\"url\":\"https:\/\/secure.gravatar.com\/avatar\/2cb5cef90a26f8fbd4d9d930608102c5?s=96&d=mm&r=g\",\"contentUrl\":\"https:\/\/secure.gravatar.com\/avatar\/2cb5cef90a26f8fbd4d9d930608102c5?s=96&d=mm&r=g\",\"caption\":\"Di\u00e1rio da Lagoa\"},\"url\":\"https:\/\/diariodalagoa.pt\/es\/author\/diariodalagoa\/\"}]}<\/script>\n<!-- \/ Yoast SEO plugin. -->","yoast_head_json":{"title":"PAF - Portugal arde furiosamente - Di\u00e1rio da Lagoa","description":"\u00abPara o ano, h\u00e1 zonas em Portugal onde n\u00e3o haver\u00e1 fogo para combater. J\u00e1 tudo ardeu. Assim tem sido ao longo de anos e anos de inger\u00eancias, assobios para o lado (...)\u00bb","robots":{"index":"index","follow":"follow","max-snippet":"max-snippet:-1","max-image-preview":"max-image-preview:large","max-video-preview":"max-video-preview:-1"},"canonical":"https:\/\/diariodalagoa.pt\/es\/paf-portugal-arde-furiosamente\/","og_locale":"es_ES","og_type":"article","og_title":"PAF - Portugal arde furiosamente - Di\u00e1rio da Lagoa","og_description":"\u00abPara o ano, h\u00e1 zonas em Portugal onde n\u00e3o haver\u00e1 fogo para combater. J\u00e1 tudo ardeu. Assim tem sido ao longo de anos e anos de inger\u00eancias, assobios para o lado (...)\u00bb","og_url":"https:\/\/diariodalagoa.pt\/es\/paf-portugal-arde-furiosamente\/","og_site_name":"Di\u00e1rio da Lagoa","article_published_time":"2025-08-30T09:35:00+00:00","article_modified_time":"2025-08-30T11:35:02+00:00","og_image":[{"width":960,"height":722,"url":"https:\/\/diariodalagoa.pt\/wp-content\/uploads\/2024\/10\/alexandra-manes-2024.jpg","type":"image\/jpeg"}],"author":"Di\u00e1rio da Lagoa","twitter_card":"summary_large_image","twitter_misc":{"Escrito por":"Di\u00e1rio da Lagoa","Tiempo de lectura":"6 minutos"},"schema":{"@context":"https:\/\/schema.org","@graph":[{"@type":"WebPage","@id":"https:\/\/diariodalagoa.pt\/paf-portugal-arde-furiosamente\/","url":"https:\/\/diariodalagoa.pt\/paf-portugal-arde-furiosamente\/","name":"PAF - Portugal arde furiosamente - Di\u00e1rio da Lagoa","isPartOf":{"@id":"https:\/\/diariodalagoa.pt\/#website"},"datePublished":"2025-08-30T09:35:00+00:00","dateModified":"2025-08-30T11:35:02+00:00","author":{"@id":"https:\/\/diariodalagoa.pt\/#\/schema\/person\/1615a002370e8857b6f972834bc43ece"},"description":"\u00abPara o ano, h\u00e1 zonas em Portugal onde n\u00e3o haver\u00e1 fogo para combater. J\u00e1 tudo ardeu. Assim tem sido ao longo de anos e anos de inger\u00eancias, assobios para o lado (...)\u00bb","breadcrumb":{"@id":"https:\/\/diariodalagoa.pt\/paf-portugal-arde-furiosamente\/#breadcrumb"},"inLanguage":"es","potentialAction":[{"@type":"ReadAction","target":["https:\/\/diariodalagoa.pt\/paf-portugal-arde-furiosamente\/"]}]},{"@type":"BreadcrumbList","@id":"https:\/\/diariodalagoa.pt\/paf-portugal-arde-furiosamente\/#breadcrumb","itemListElement":[{"@type":"ListItem","position":1,"name":"In\u00edcio","item":"https:\/\/diariodalagoa.pt\/"},{"@type":"ListItem","position":2,"name":"PAF &#8211; Portugal arde furiosamente"}]},{"@type":"WebSite","@id":"https:\/\/diariodalagoa.pt\/#website","url":"https:\/\/diariodalagoa.pt\/","name":"Di\u00e1rio da Lagoa","description":"Di\u00e1rio da Lagoa. As not\u00edcias que contam. A partir da Lagoa, nos A\u00e7ores, para o mundo.","potentialAction":[{"@type":"SearchAction","target":{"@type":"EntryPoint","urlTemplate":"https:\/\/diariodalagoa.pt\/?s={search_term_string}"},"query-input":"required name=search_term_string"}],"inLanguage":"es"},{"@type":"Person","@id":"https:\/\/diariodalagoa.pt\/#\/schema\/person\/1615a002370e8857b6f972834bc43ece","name":"Di\u00e1rio da Lagoa","image":{"@type":"ImageObject","inLanguage":"es","@id":"https:\/\/diariodalagoa.pt\/#\/schema\/person\/image\/","url":"https:\/\/secure.gravatar.com\/avatar\/2cb5cef90a26f8fbd4d9d930608102c5?s=96&d=mm&r=g","contentUrl":"https:\/\/secure.gravatar.com\/avatar\/2cb5cef90a26f8fbd4d9d930608102c5?s=96&d=mm&r=g","caption":"Di\u00e1rio da Lagoa"},"url":"https:\/\/diariodalagoa.pt\/es\/author\/diariodalagoa\/"}]}},"_links":{"self":[{"href":"https:\/\/diariodalagoa.pt\/es\/wp-json\/wp\/v2\/posts\/158416"}],"collection":[{"href":"https:\/\/diariodalagoa.pt\/es\/wp-json\/wp\/v2\/posts"}],"about":[{"href":"https:\/\/diariodalagoa.pt\/es\/wp-json\/wp\/v2\/types\/post"}],"author":[{"embeddable":true,"href":"https:\/\/diariodalagoa.pt\/es\/wp-json\/wp\/v2\/users\/2"}],"replies":[{"embeddable":true,"href":"https:\/\/diariodalagoa.pt\/es\/wp-json\/wp\/v2\/comments?post=158416"}],"version-history":[{"count":3,"href":"https:\/\/diariodalagoa.pt\/es\/wp-json\/wp\/v2\/posts\/158416\/revisions"}],"predecessor-version":[{"id":158419,"href":"https:\/\/diariodalagoa.pt\/es\/wp-json\/wp\/v2\/posts\/158416\/revisions\/158419"}],"wp:featuredmedia":[{"embeddable":true,"href":"https:\/\/diariodalagoa.pt\/es\/wp-json\/wp\/v2\/media\/142369"}],"wp:attachment":[{"href":"https:\/\/diariodalagoa.pt\/es\/wp-json\/wp\/v2\/media?parent=158416"}],"wp:term":[{"taxonomy":"category","embeddable":true,"href":"https:\/\/diariodalagoa.pt\/es\/wp-json\/wp\/v2\/categories?post=158416"},{"taxonomy":"post_tag","embeddable":true,"href":"https:\/\/diariodalagoa.pt\/es\/wp-json\/wp\/v2\/tags?post=158416"}],"curies":[{"name":"wp","href":"https:\/\/api.w.org\/{rel}","templated":true}]}}