{"id":158243,"date":"2025-08-11T16:31:44","date_gmt":"2025-08-11T16:31:44","guid":{"rendered":"https:\/\/diariodalagoa.pt\/?p=158243"},"modified":"2025-08-11T16:31:46","modified_gmt":"2025-08-11T16:31:46","slug":"a-fome-que-come-tudo","status":"publish","type":"post","link":"https:\/\/diariodalagoa.pt\/es\/a-fome-que-come-tudo\/","title":{"rendered":"A fome que come tudo"},"content":{"rendered":"<div class=\"wp-block-image is-style-rounded\">\n<figure class=\"aligncenter size-full is-resized\"><img decoding=\"async\" src=\"https:\/\/diariodalagoa.pt\/wp-content\/uploads\/2024\/10\/alexandra-manes-2-2024.png\" alt=\"\" class=\"wp-image-142374\" width=\"384\" height=\"382\" srcset=\"https:\/\/diariodalagoa.pt\/wp-content\/uploads\/2024\/10\/alexandra-manes-2-2024.png 474w, https:\/\/diariodalagoa.pt\/wp-content\/uploads\/2024\/10\/alexandra-manes-2-2024-300x298.png 300w, https:\/\/diariodalagoa.pt\/wp-content\/uploads\/2024\/10\/alexandra-manes-2-2024-150x150.png 150w, https:\/\/diariodalagoa.pt\/wp-content\/uploads\/2024\/10\/alexandra-manes-2-2024-12x12.png 12w\" sizes=\"(max-width: 384px) 100vw, 384px\" \/><\/figure><\/div>\n\n\n<div style=\"height:25px\" aria-hidden=\"true\" class=\"wp-block-spacer\"><\/div>\n\n\n<p style=\"text-align: center;\"><strong>Alexandra Manes<\/strong><\/p>\n\n\n<div style=\"height:25px\" aria-hidden=\"true\" class=\"wp-block-spacer\"><\/div>\n\n\n<p style=\"text-align: left;\">Inicio com um aparte que pode parecer n\u00e3o estar relacionado com o tema central desta cr\u00f3nica, mas at\u00e9 est\u00e1. Marcelo veio aos A\u00e7ores e, uma vez mais, ningu\u00e9m quis saber da ilha das Flores. Queixaram-se dos lados de S. Jorge e da Graciosa, com raz\u00e3o certamente. E ficou a promessa de ele vir ao grupo Ocidental. Talvez seja a promessa para n\u00e3o esquecer a promessa que ele j\u00e1 tinha prometido v\u00e1rias vezes, desde 2019, e nunca cumpriu. \u00c9 promessa para a\u00e7or ver.<\/p>\n<p style=\"text-align: left;\" align=\"JUSTIFY\">Palavras levam-nas o vento. \u00c9 assim que muita gente entende a pol\u00edtica, nos dias que correm. E isso deve-se, desde logo, \u00e0 fraqueza da nossa classe de supostos profissionais nesta \u00e1rea. A come\u00e7ar pelo pr\u00f3prio Marcelo, que esperou d\u00e9cadas para que o n\u00edvel fosse t\u00e3o baixo que lhe permitisse voltar das masmorras para onde tinha sido atirado, quando falhou nas suas pretens\u00f5es de ser primeiro-ministro de forma estrondosa. Foi preciso o n\u00edvel alcan\u00e7ar as tenebrosas figuras de Passos Coelho e Cavaco Silva, na sua vers\u00e3o metaforicamente mumificada, para o pa\u00eds decidir que talvez Marcelo n\u00e3o fosse assim t\u00e3o mal. Mas foi. Foi pior. Foi um s\u00edmbolo dos tempos em que vivemos.<\/p>\n<p style=\"text-align: left;\" align=\"JUSTIFY\">Toda esta introdu\u00e7\u00e3o para vos falar de Gaza. J\u00e1 sei que muitas pessoas, assim que leram a primeira frase deste par\u00e1grafo, decidiram mudar de texto. \u00c9 mais f\u00e1cil assim, n\u00e3o \u00e9? O principal poder deste admir\u00e1vel mundo novo \u00e9 fazer com que consigamos fugir a qualquer responsabilidade sem aumentar substancialmente o peso na nossa consci\u00eancia. Afinal de contas, basta mudar de p\u00e1gina, abrir uns v\u00eddeos curtos nas redes sociais e passar tr\u00eas horas a ver jovens sem camisa a cozinharem pratos rebuscados que nunca na vida vamos comer, quanto mais confecionar.<\/p>\n<p style=\"text-align: left;\" align=\"JUSTIFY\">Entretanto, Gaza continua. A fome, que se faz sentir de forma intermitente h\u00e1 d\u00e9cadas e d\u00e9cadas, regressou com \u00e1vida vontade de devorar aquele povo. Por todo o lado, multiplicam-se as frases e os textos de rep\u00fadio, timidamente intercalados pelas vozes das pessoas que, sem qualquer pingo de vergonha, continuam a negar o evento genocida em curso. Nada restar\u00e1 de Humanidade ali.<\/p>\n<p style=\"text-align: left;\" align=\"JUSTIFY\">Todas as pessoas s\u00e3o bem-vindas no campo da cr\u00edtica e den\u00fancia do processo de destrui\u00e7\u00e3o maci\u00e7a que decorre na faixa de Gaza. Mesmo que eu saiba, como as minhas quem me l\u00ea que nem todas as pessoas que agora escrevem sobre o assunto quiseram assumir a realidade dos factos h\u00e1 dois anos. Tudo bem. H\u00e1 sempre tempo para mais uma voz que se levante contra as ditaduras e os monstrengos. Todavia, importa recordar que n\u00e3o nos pode bastar dizer que h\u00e1 fome em Gaza. \u00c9 preciso explicar porque \u00e9 que ela existe.<\/p>\n<p style=\"text-align: left;\" align=\"JUSTIFY\">A sistem\u00e1tica destrui\u00e7\u00e3o do povo palestiniano pelas m\u00e3os ensanguentadas de regimes a mando do Ocidente n\u00e3o \u00e9 mais do que um tubo de ensaio para os grandes poderes b\u00e9licos do capital. Assim o \u00e9 h\u00e1 d\u00e9cadas. Empresas de gigantes militares brotam dos Estados Unidos, e de alguns pa\u00edses aliados, e v\u00e3o at\u00e9 Gaza alimentar o aparelho do conflito, fornecendo armas relativamente rudimentares a um lado, e distribuindo tecnologia de ponta ao outro. \u00c9 preciso testar equipamento. E ganhar dinheiro com isso. Que se lixem as vidas humanas.<\/p>\n<p style=\"text-align: left;\" align=\"JUSTIFY\">Assim, o problema de Gaza \u00e9, na sua forma mais prim\u00e1ria, o mesmo problema de sempre. Os mais ricos querem continuar a ser os mais poderosos e para isso n\u00e3o se preocupam com o conflito moral de se devorar povos inteiros.<\/p>\n<p style=\"text-align: left;\" align=\"JUSTIFY\">Claro que h\u00e1 muitas nuances. Israel, enquanto povo, n\u00e3o \u00e9 s\u00f3 feito de monstros. O seu atual governo \u00e9, claramente, alimentado pela ideologia fascista que carregou Trump at\u00e9 ao trono e, muito em breve, vai fazer o mesmo a Ventura, se ningu\u00e9m se mexer a tempo e horas. Do lado de l\u00e1, o infame Hamas ter\u00e1 um peso substancial na forma como a Palestina continua a existir, e na maneira como s\u00e3o tratadas as pessoas debaixo de um regime teol\u00f3gico repressivo, que carrega dogmas profundos. Ainda assim, n\u00e3o me esque\u00e7o das muitas informa\u00e7\u00f5es que foram chegando, ao longo dos v\u00e1rios mandatos de Netanyahu, onde ficou atestada a influ\u00eancia de Israel sobre o funcionamento do Hamas. A fome, juntando-se \u00e0 vontade de comer, para alimentar as empresas e matar as crian\u00e7as.<\/p>\n<p style=\"text-align: left;\" align=\"JUSTIFY\">Eis ent\u00e3o que alcan\u00e7amos o ponto crucial deste texto. A grande maioria das pessoas, de direita, esquerda, centro, ignorantes ou informadas, come\u00e7a a admitir que h\u00e1 fome e genoc\u00eddio. Uma parte consider\u00e1vel, at\u00e9 apela a que a coisa pare. Mas depois esbarramos na inverdade do mundo de Trump, p\u00f3s-factos e a favor de sentimentos e certezas unipessoais.<\/p>\n<p style=\"text-align: left;\" align=\"JUSTIFY\">No dia 3 de agosto, um grupo de pessoas rumou \u00e0 Base das Lajes para protestar o peso crescente do regime fascista dos Estados Unidos no genoc\u00eddio de Gaza. As informa\u00e7\u00f5es atuais apontam para uma \u201cfunda\u00e7\u00e3o\u201d privada, gerida pelos norte-americanos, e principal respons\u00e1vel pela m\u00e1 distribui\u00e7\u00e3o de bens pelos mais necessitados. Essa mesma empresa, mascarada de ajuda, est\u00e1 protegida por uma mil\u00edcia de paramilitares que, ao que parece, se diverte a jogar ao tiro ao alvo com crian\u00e7as.<\/p>\n<p style=\"text-align: left;\" align=\"JUSTIFY\">As nossas gentes, aqui mesmo na ilha Terceira, foram protestar essas verdades, mobilizadas por um movimento social e espont\u00e2neo \u201cAzores for Gaza\u201d. Levaram consigo cartazes apelando \u00e0 moral e ao humanismo. E levaram com um chorrilho de coment\u00e1rios ignorantes, plenos de \u00f3dio e distor\u00e7\u00e3o da realidade, inflamados pela propaganda dos tais v\u00eddeos de dez segundos que correm pelas redes. As nossas gentes que ali foram para mostrar cartazes apelando ao fim da morte de crian\u00e7as, e receberam chapadas duras, sobre mi\u00fados que merecem morrer porque s\u00e3o terroristas, e imagens com mulheres bem nutridas, sa\u00eddas diretamente da intelig\u00eancia cada vez menos artificial.<\/p>\n<p style=\"text-align: left;\" align=\"JUSTIFY\">Foi assim que aqui viemos parar. Tal como Marcelo esperou por um mundo med\u00edocre para conseguir ser presidente, mesmo sentado em mentiras, meias-verdades e selfies, tamb\u00e9m Netanyahu aguardou o seu momento para consagrar o genoc\u00eddio. Com o mundo preso \u00e0s distor\u00e7\u00f5es dos ecr\u00e3s, com o presidente mais incompetente da hist\u00f3ria dos Estados Unidos e com o capitalismo a entrar na sua fase final, e mais perigosa, Gaza continua a ser aquilo que sempre foi. Um laborat\u00f3rio de testes. S\u00f3 que agora, o teste que est\u00e3o a realizar \u00e9 para saber como \u00e9 que nos v\u00e3o comer a todos. Uma esp\u00e9cie de solu\u00e7\u00e3o final, promovida por quem deveria ter mem\u00f3ria. E no fim, como diria o Zeca, n\u00e3o fica nada. Nem sequer a nossa Humanidade, perdida atr\u00e1s da luz do telem\u00f3vel.<\/p>","protected":false},"excerpt":{"rendered":"<p>\u00abE no fim, como diria o Zeca, n\u00e3o fica nada. Nem sequer a nossa Humanidade, perdida atr\u00e1s da luz do telem\u00f3vel.\u00bb<\/p>","protected":false},"author":2,"featured_media":142369,"comment_status":"open","ping_status":"closed","sticky":false,"template":"","format":"standard","meta":[],"categories":[11],"tags":[113,115,2819,3321,3322],"acf":[],"yoast_head":"<!-- This site is optimized with the Yoast SEO plugin v20.10 - https:\/\/yoast.com\/wordpress\/plugins\/seo\/ -->\n<title>A fome que come tudo - Di\u00e1rio da Lagoa<\/title>\n<meta name=\"description\" content=\"\u00abE no fim, como diria o Zeca, n\u00e3o fica nada. Nem sequer a nossa Humanidade, perdida atr\u00e1s da luz do telem\u00f3vel.\u00bb\" \/>\n<meta name=\"robots\" content=\"index, follow, max-snippet:-1, max-image-preview:large, max-video-preview:-1\" \/>\n<link rel=\"canonical\" href=\"https:\/\/diariodalagoa.pt\/es\/a-fome-que-come-tudo\/\" \/>\n<meta property=\"og:locale\" content=\"es_ES\" \/>\n<meta property=\"og:type\" content=\"article\" \/>\n<meta property=\"og:title\" content=\"A fome que come tudo - Di\u00e1rio da Lagoa\" \/>\n<meta property=\"og:description\" content=\"\u00abE no fim, como diria o Zeca, n\u00e3o fica nada. Nem sequer a nossa Humanidade, perdida atr\u00e1s da luz do telem\u00f3vel.\u00bb\" \/>\n<meta property=\"og:url\" content=\"https:\/\/diariodalagoa.pt\/es\/a-fome-que-come-tudo\/\" \/>\n<meta property=\"og:site_name\" content=\"Di\u00e1rio da Lagoa\" \/>\n<meta property=\"article:published_time\" content=\"2025-08-11T16:31:44+00:00\" \/>\n<meta property=\"article:modified_time\" content=\"2025-08-11T16:31:46+00:00\" \/>\n<meta property=\"og:image\" content=\"https:\/\/diariodalagoa.pt\/wp-content\/uploads\/2024\/10\/alexandra-manes-2024.jpg\" \/>\n\t<meta property=\"og:image:width\" content=\"960\" \/>\n\t<meta property=\"og:image:height\" content=\"722\" \/>\n\t<meta property=\"og:image:type\" content=\"image\/jpeg\" \/>\n<meta name=\"author\" content=\"Di\u00e1rio da Lagoa\" \/>\n<meta name=\"twitter:card\" content=\"summary_large_image\" \/>\n<meta name=\"twitter:label1\" content=\"Escrito por\" \/>\n\t<meta name=\"twitter:data1\" content=\"Di\u00e1rio da Lagoa\" \/>\n\t<meta name=\"twitter:label2\" content=\"Tiempo de lectura\" \/>\n\t<meta name=\"twitter:data2\" content=\"7 minutos\" \/>\n<script type=\"application\/ld+json\" class=\"yoast-schema-graph\">{\"@context\":\"https:\/\/schema.org\",\"@graph\":[{\"@type\":\"WebPage\",\"@id\":\"https:\/\/diariodalagoa.pt\/a-fome-que-come-tudo\/\",\"url\":\"https:\/\/diariodalagoa.pt\/a-fome-que-come-tudo\/\",\"name\":\"A fome que come tudo - Di\u00e1rio da Lagoa\",\"isPartOf\":{\"@id\":\"https:\/\/diariodalagoa.pt\/#website\"},\"datePublished\":\"2025-08-11T16:31:44+00:00\",\"dateModified\":\"2025-08-11T16:31:46+00:00\",\"author\":{\"@id\":\"https:\/\/diariodalagoa.pt\/#\/schema\/person\/1615a002370e8857b6f972834bc43ece\"},\"description\":\"\u00abE no fim, como diria o Zeca, n\u00e3o fica nada. Nem sequer a nossa Humanidade, perdida atr\u00e1s da luz do telem\u00f3vel.\u00bb\",\"breadcrumb\":{\"@id\":\"https:\/\/diariodalagoa.pt\/a-fome-que-come-tudo\/#breadcrumb\"},\"inLanguage\":\"es\",\"potentialAction\":[{\"@type\":\"ReadAction\",\"target\":[\"https:\/\/diariodalagoa.pt\/a-fome-que-come-tudo\/\"]}]},{\"@type\":\"BreadcrumbList\",\"@id\":\"https:\/\/diariodalagoa.pt\/a-fome-que-come-tudo\/#breadcrumb\",\"itemListElement\":[{\"@type\":\"ListItem\",\"position\":1,\"name\":\"In\u00edcio\",\"item\":\"https:\/\/diariodalagoa.pt\/\"},{\"@type\":\"ListItem\",\"position\":2,\"name\":\"A fome que come tudo\"}]},{\"@type\":\"WebSite\",\"@id\":\"https:\/\/diariodalagoa.pt\/#website\",\"url\":\"https:\/\/diariodalagoa.pt\/\",\"name\":\"Di\u00e1rio da Lagoa\",\"description\":\"Di\u00e1rio da Lagoa. As not\u00edcias que contam. A partir da Lagoa, nos A\u00e7ores, para o mundo.\",\"potentialAction\":[{\"@type\":\"SearchAction\",\"target\":{\"@type\":\"EntryPoint\",\"urlTemplate\":\"https:\/\/diariodalagoa.pt\/?s={search_term_string}\"},\"query-input\":\"required name=search_term_string\"}],\"inLanguage\":\"es\"},{\"@type\":\"Person\",\"@id\":\"https:\/\/diariodalagoa.pt\/#\/schema\/person\/1615a002370e8857b6f972834bc43ece\",\"name\":\"Di\u00e1rio da Lagoa\",\"image\":{\"@type\":\"ImageObject\",\"inLanguage\":\"es\",\"@id\":\"https:\/\/diariodalagoa.pt\/#\/schema\/person\/image\/\",\"url\":\"https:\/\/secure.gravatar.com\/avatar\/2cb5cef90a26f8fbd4d9d930608102c5?s=96&d=mm&r=g\",\"contentUrl\":\"https:\/\/secure.gravatar.com\/avatar\/2cb5cef90a26f8fbd4d9d930608102c5?s=96&d=mm&r=g\",\"caption\":\"Di\u00e1rio da Lagoa\"},\"url\":\"https:\/\/diariodalagoa.pt\/es\/author\/diariodalagoa\/\"}]}<\/script>\n<!-- \/ Yoast SEO plugin. -->","yoast_head_json":{"title":"A fome que come tudo - Di\u00e1rio da Lagoa","description":"\u00abE no fim, como diria o Zeca, n\u00e3o fica nada. Nem sequer a nossa Humanidade, perdida atr\u00e1s da luz do telem\u00f3vel.\u00bb","robots":{"index":"index","follow":"follow","max-snippet":"max-snippet:-1","max-image-preview":"max-image-preview:large","max-video-preview":"max-video-preview:-1"},"canonical":"https:\/\/diariodalagoa.pt\/es\/a-fome-que-come-tudo\/","og_locale":"es_ES","og_type":"article","og_title":"A fome que come tudo - Di\u00e1rio da Lagoa","og_description":"\u00abE no fim, como diria o Zeca, n\u00e3o fica nada. Nem sequer a nossa Humanidade, perdida atr\u00e1s da luz do telem\u00f3vel.\u00bb","og_url":"https:\/\/diariodalagoa.pt\/es\/a-fome-que-come-tudo\/","og_site_name":"Di\u00e1rio da Lagoa","article_published_time":"2025-08-11T16:31:44+00:00","article_modified_time":"2025-08-11T16:31:46+00:00","og_image":[{"width":960,"height":722,"url":"https:\/\/diariodalagoa.pt\/wp-content\/uploads\/2024\/10\/alexandra-manes-2024.jpg","type":"image\/jpeg"}],"author":"Di\u00e1rio da Lagoa","twitter_card":"summary_large_image","twitter_misc":{"Escrito por":"Di\u00e1rio da Lagoa","Tiempo de lectura":"7 minutos"},"schema":{"@context":"https:\/\/schema.org","@graph":[{"@type":"WebPage","@id":"https:\/\/diariodalagoa.pt\/a-fome-que-come-tudo\/","url":"https:\/\/diariodalagoa.pt\/a-fome-que-come-tudo\/","name":"A fome que come tudo - Di\u00e1rio da Lagoa","isPartOf":{"@id":"https:\/\/diariodalagoa.pt\/#website"},"datePublished":"2025-08-11T16:31:44+00:00","dateModified":"2025-08-11T16:31:46+00:00","author":{"@id":"https:\/\/diariodalagoa.pt\/#\/schema\/person\/1615a002370e8857b6f972834bc43ece"},"description":"\u00abE no fim, como diria o Zeca, n\u00e3o fica nada. Nem sequer a nossa Humanidade, perdida atr\u00e1s da luz do telem\u00f3vel.\u00bb","breadcrumb":{"@id":"https:\/\/diariodalagoa.pt\/a-fome-que-come-tudo\/#breadcrumb"},"inLanguage":"es","potentialAction":[{"@type":"ReadAction","target":["https:\/\/diariodalagoa.pt\/a-fome-que-come-tudo\/"]}]},{"@type":"BreadcrumbList","@id":"https:\/\/diariodalagoa.pt\/a-fome-que-come-tudo\/#breadcrumb","itemListElement":[{"@type":"ListItem","position":1,"name":"In\u00edcio","item":"https:\/\/diariodalagoa.pt\/"},{"@type":"ListItem","position":2,"name":"A fome que come tudo"}]},{"@type":"WebSite","@id":"https:\/\/diariodalagoa.pt\/#website","url":"https:\/\/diariodalagoa.pt\/","name":"Di\u00e1rio da Lagoa","description":"Di\u00e1rio da Lagoa. As not\u00edcias que contam. A partir da Lagoa, nos A\u00e7ores, para o mundo.","potentialAction":[{"@type":"SearchAction","target":{"@type":"EntryPoint","urlTemplate":"https:\/\/diariodalagoa.pt\/?s={search_term_string}"},"query-input":"required name=search_term_string"}],"inLanguage":"es"},{"@type":"Person","@id":"https:\/\/diariodalagoa.pt\/#\/schema\/person\/1615a002370e8857b6f972834bc43ece","name":"Di\u00e1rio da Lagoa","image":{"@type":"ImageObject","inLanguage":"es","@id":"https:\/\/diariodalagoa.pt\/#\/schema\/person\/image\/","url":"https:\/\/secure.gravatar.com\/avatar\/2cb5cef90a26f8fbd4d9d930608102c5?s=96&d=mm&r=g","contentUrl":"https:\/\/secure.gravatar.com\/avatar\/2cb5cef90a26f8fbd4d9d930608102c5?s=96&d=mm&r=g","caption":"Di\u00e1rio da Lagoa"},"url":"https:\/\/diariodalagoa.pt\/es\/author\/diariodalagoa\/"}]}},"_links":{"self":[{"href":"https:\/\/diariodalagoa.pt\/es\/wp-json\/wp\/v2\/posts\/158243"}],"collection":[{"href":"https:\/\/diariodalagoa.pt\/es\/wp-json\/wp\/v2\/posts"}],"about":[{"href":"https:\/\/diariodalagoa.pt\/es\/wp-json\/wp\/v2\/types\/post"}],"author":[{"embeddable":true,"href":"https:\/\/diariodalagoa.pt\/es\/wp-json\/wp\/v2\/users\/2"}],"replies":[{"embeddable":true,"href":"https:\/\/diariodalagoa.pt\/es\/wp-json\/wp\/v2\/comments?post=158243"}],"version-history":[{"count":2,"href":"https:\/\/diariodalagoa.pt\/es\/wp-json\/wp\/v2\/posts\/158243\/revisions"}],"predecessor-version":[{"id":158245,"href":"https:\/\/diariodalagoa.pt\/es\/wp-json\/wp\/v2\/posts\/158243\/revisions\/158245"}],"wp:featuredmedia":[{"embeddable":true,"href":"https:\/\/diariodalagoa.pt\/es\/wp-json\/wp\/v2\/media\/142369"}],"wp:attachment":[{"href":"https:\/\/diariodalagoa.pt\/es\/wp-json\/wp\/v2\/media?parent=158243"}],"wp:term":[{"taxonomy":"category","embeddable":true,"href":"https:\/\/diariodalagoa.pt\/es\/wp-json\/wp\/v2\/categories?post=158243"},{"taxonomy":"post_tag","embeddable":true,"href":"https:\/\/diariodalagoa.pt\/es\/wp-json\/wp\/v2\/tags?post=158243"}],"curies":[{"name":"wp","href":"https:\/\/api.w.org\/{rel}","templated":true}]}}