{"id":158239,"date":"2025-08-11T16:16:36","date_gmt":"2025-08-11T16:16:36","guid":{"rendered":"https:\/\/diariodalagoa.pt\/?p=158239"},"modified":"2025-08-11T16:16:38","modified_gmt":"2025-08-11T16:16:38","slug":"frederico-sousa-diz-que-quer-uma-lagoa-com-futuro","status":"publish","type":"post","link":"https:\/\/diariodalagoa.pt\/es\/frederico-sousa-diz-que-quer-uma-lagoa-com-futuro\/","title":{"rendered":"Frederico Sousa diz que quer uma Lagoa com futuro"},"content":{"rendered":"<h3 class=\"wp-block-heading\">PS Lagoa apresentou hoje, pelas m\u00e3os da mandat\u00e1ria Cristina Calisto, no Tribunal de Ponta Delgada, as suas listas para as pr\u00f3ximas elei\u00e7\u00f5es aut\u00e1rquicas<\/h3>\n\n\n\n<figure class=\"wp-block-image size-full\"><img decoding=\"async\" width=\"960\" height=\"565\" src=\"https:\/\/diariodalagoa.pt\/wp-content\/uploads\/2025\/08\/ps-lagoa-autarquicas-2025.jpg\" alt=\"\" class=\"wp-image-158240\" srcset=\"https:\/\/diariodalagoa.pt\/wp-content\/uploads\/2025\/08\/ps-lagoa-autarquicas-2025.jpg 960w, https:\/\/diariodalagoa.pt\/wp-content\/uploads\/2025\/08\/ps-lagoa-autarquicas-2025-300x177.jpg 300w, https:\/\/diariodalagoa.pt\/wp-content\/uploads\/2025\/08\/ps-lagoa-autarquicas-2025-768x452.jpg 768w, https:\/\/diariodalagoa.pt\/wp-content\/uploads\/2025\/08\/ps-lagoa-autarquicas-2025-18x12.jpg 18w\" sizes=\"(max-width: 960px) 100vw, 960px\" \/><figcaption class=\"wp-element-caption\"><sup><mark style=\"background-color:rgba(0, 0, 0, 0)\" class=\"has-inline-color has-cyan-bluish-gray-color\">\u00a9 PS LAGOA<\/mark><\/sup><\/figcaption><\/figure>\n\n\n\n<p>O Partido Socialista (PS) da Lagoa, na ilha de S\u00e3o Miguel, apresentou esta segunda-feira, 11 de agosto, pelas m\u00e3os da mandat\u00e1ria Cristina Calisto, no Tribunal de Ponta Delgada, as suas listas para as pr\u00f3ximas elei\u00e7\u00f5es aut\u00e1rquicas que ir\u00e3o decorrer no dia 12 de outubro.<\/p>\n\n\n\n<p>O PS Lagoa apresentou listas \u00e0 C\u00e2mara e Assembleia Municipal e \u00e0s cinco assembleias de freguesia, envolvendo a participa\u00e7\u00e3o de cerca de 200 candidatos.<\/p>\n\n\n\n<p>De acordo com nota de imprensa enviada \u00e0s reda\u00e7\u00f5es pelos socialistas, a candidatura do PS, sob o <em>slogan<\/em> \u00abLagoa com Futuro\u00bb, apresenta como cabe\u00e7a de lista, Frederico Sousa, atual presidente da C\u00e2mara Municipal de Lagoa, sendo Ricardo Martins Mota, o candidato \u00e0 Assembleia Municipal.<\/p>\n\n\n\n<p>Paula Pacheco Ferraz \u00e9 candidata \u00e0 Junta de Freguesia da Ribeira Ch\u00e3; M\u00e1rio Miguel \u00e0 Junta de Freguesia do Cabouco; S\u00e9rgio Costa \u00e0 Junta de Freguesia de Santa Cruz; Lucr\u00e9cia Rego \u00e0 Junta de Freguesia de Nossa Senhora do Ros\u00e1rio e Vanessa Silva \u00e0 Junta de Freguesia da Vila de \u00c1gua de Pau.<\/p>\n\n\n\n<p>No que diz respeito \u00e0 C\u00e2mara Municipal de Lagoa, dos 14 candidatos apresentados, o partido destaca que &#8220;43% s\u00e3o independentes e 57% s\u00e3o do sexo feminino&#8221;.<\/p>\n\n\n\n<p>J\u00e1 para a Assembleia Municipal de Lagoa, &#8220;cerca de 80% s\u00e3o independentes e 54% s\u00e3o do sexo feminino&#8221;.<\/p>\n\n\n\n<p>Quanto \u00e0s listas para as Juntas de Freguesia, o PS diz ainda que \u201ctodas cumprem com a paridade, incluindo 40%, ou mais, de mulheres\u201d.<\/p>\n\n\n\n<p>Segundo o comunicado, o candidato \u00e0 presid\u00eancia da C\u00e2mara Municipal de Lagoa, Frederico Sousa, salienta que &#8220;as listas apresentadas s\u00e3o sin\u00f3nimo de disponibilidade, experi\u00eancia e bons resultados alcan\u00e7ados em prol dos Lagoenses e do desenvolvimento da Lagoa e materializam um projeto pol\u00edtico de continuidade&#8221;.<\/p>\n\n\n\n<p>As principais apostas elencadas pelos socialistas lagoenses s\u00e3o: habita\u00e7\u00e3o; emprego; juventude; capta\u00e7\u00e3o de investimento, mobilidade urbana e interven\u00e7\u00e3o social, assente num trabalho s\u00e9rio, transparente e dedicado \u00e0s causas p\u00fablicas.<\/p>\n\n\n\n<p>O PS Lagoa aponta por fim para \u201co pressuposto de garantir o bem-estar e a qualidade de vida dos Lagoenses e o cont\u00ednuo desenvolvimento econ\u00f3mico e social, de forma integrada, em todo o concelho\u201d, enquanto conclui que o prop\u00f3sito da candidatura socialista \u201c\u00e9 trabalhar para se continuar a ter uma Lagoa com Futuro, contando com o apoio expressivo dos Lagoenses.\u201d<\/p>","protected":false},"excerpt":{"rendered":"<p>PS Lagoa apresentou hoje, pelas m\u00e3os da mandat\u00e1ria Cristina Calisto, no Tribunal de Ponta Delgada, as suas listas para as pr\u00f3ximas elei\u00e7\u00f5es aut\u00e1rquicas.<\/p>","protected":false},"author":2,"featured_media":158240,"comment_status":"open","ping_status":"closed","sticky":false,"template":"","format":"standard","meta":[],"categories":[21],"tags":[34,1365,1629,2262],"acf":[],"yoast_head":"<!-- This site is optimized with the Yoast SEO plugin v20.10 - https:\/\/yoast.com\/wordpress\/plugins\/seo\/ -->\n<title>Frederico Sousa diz que quer uma Lagoa com futuro - Di\u00e1rio da Lagoa<\/title>\n<meta name=\"robots\" content=\"index, follow, max-snippet:-1, max-image-preview:large, max-video-preview:-1\" \/>\n<link rel=\"canonical\" href=\"https:\/\/diariodalagoa.pt\/es\/frederico-sousa-diz-que-quer-uma-lagoa-com-futuro\/\" \/>\n<meta property=\"og:locale\" content=\"es_ES\" \/>\n<meta property=\"og:type\" content=\"article\" \/>\n<meta property=\"og:title\" content=\"Frederico Sousa diz que quer uma Lagoa com futuro - Di\u00e1rio da Lagoa\" \/>\n<meta property=\"og:description\" content=\"PS Lagoa apresentou hoje, pelas m\u00e3os da mandat\u00e1ria Cristina Calisto, no Tribunal de Ponta Delgada, as suas listas para as pr\u00f3ximas elei\u00e7\u00f5es aut\u00e1rquicas.\" \/>\n<meta property=\"og:url\" content=\"https:\/\/diariodalagoa.pt\/es\/frederico-sousa-diz-que-quer-uma-lagoa-com-futuro\/\" \/>\n<meta property=\"og:site_name\" content=\"Di\u00e1rio da Lagoa\" \/>\n<meta property=\"article:published_time\" content=\"2025-08-11T16:16:36+00:00\" \/>\n<meta property=\"article:modified_time\" content=\"2025-08-11T16:16:38+00:00\" \/>\n<meta property=\"og:image\" content=\"https:\/\/diariodalagoa.pt\/wp-content\/uploads\/2025\/08\/ps-lagoa-autarquicas-2025.jpg\" \/>\n\t<meta property=\"og:image:width\" content=\"960\" \/>\n\t<meta property=\"og:image:height\" content=\"565\" \/>\n\t<meta property=\"og:image:type\" content=\"image\/jpeg\" \/>\n<meta name=\"author\" content=\"Di\u00e1rio da Lagoa\" \/>\n<meta name=\"twitter:card\" content=\"summary_large_image\" \/>\n<meta name=\"twitter:label1\" content=\"Escrito por\" \/>\n\t<meta name=\"twitter:data1\" content=\"Di\u00e1rio da Lagoa\" \/>\n\t<meta name=\"twitter:label2\" content=\"Tiempo de lectura\" \/>\n\t<meta name=\"twitter:data2\" content=\"3 minutos\" \/>\n<script type=\"application\/ld+json\" class=\"yoast-schema-graph\">{\"@context\":\"https:\/\/schema.org\",\"@graph\":[{\"@type\":\"WebPage\",\"@id\":\"https:\/\/diariodalagoa.pt\/frederico-sousa-diz-que-quer-uma-lagoa-com-futuro\/\",\"url\":\"https:\/\/diariodalagoa.pt\/frederico-sousa-diz-que-quer-uma-lagoa-com-futuro\/\",\"name\":\"Frederico Sousa diz que quer uma Lagoa com futuro - Di\u00e1rio da Lagoa\",\"isPartOf\":{\"@id\":\"https:\/\/diariodalagoa.pt\/#website\"},\"datePublished\":\"2025-08-11T16:16:36+00:00\",\"dateModified\":\"2025-08-11T16:16:38+00:00\",\"author\":{\"@id\":\"https:\/\/diariodalagoa.pt\/#\/schema\/person\/1615a002370e8857b6f972834bc43ece\"},\"breadcrumb\":{\"@id\":\"https:\/\/diariodalagoa.pt\/frederico-sousa-diz-que-quer-uma-lagoa-com-futuro\/#breadcrumb\"},\"inLanguage\":\"es\",\"potentialAction\":[{\"@type\":\"ReadAction\",\"target\":[\"https:\/\/diariodalagoa.pt\/frederico-sousa-diz-que-quer-uma-lagoa-com-futuro\/\"]}]},{\"@type\":\"BreadcrumbList\",\"@id\":\"https:\/\/diariodalagoa.pt\/frederico-sousa-diz-que-quer-uma-lagoa-com-futuro\/#breadcrumb\",\"itemListElement\":[{\"@type\":\"ListItem\",\"position\":1,\"name\":\"In\u00edcio\",\"item\":\"https:\/\/diariodalagoa.pt\/\"},{\"@type\":\"ListItem\",\"position\":2,\"name\":\"Frederico Sousa diz que quer uma Lagoa com futuro\"}]},{\"@type\":\"WebSite\",\"@id\":\"https:\/\/diariodalagoa.pt\/#website\",\"url\":\"https:\/\/diariodalagoa.pt\/\",\"name\":\"Di\u00e1rio da Lagoa\",\"description\":\"Di\u00e1rio da Lagoa. As not\u00edcias que contam. A partir da Lagoa, nos A\u00e7ores, para o mundo.\",\"potentialAction\":[{\"@type\":\"SearchAction\",\"target\":{\"@type\":\"EntryPoint\",\"urlTemplate\":\"https:\/\/diariodalagoa.pt\/?s={search_term_string}\"},\"query-input\":\"required name=search_term_string\"}],\"inLanguage\":\"es\"},{\"@type\":\"Person\",\"@id\":\"https:\/\/diariodalagoa.pt\/#\/schema\/person\/1615a002370e8857b6f972834bc43ece\",\"name\":\"Di\u00e1rio da Lagoa\",\"image\":{\"@type\":\"ImageObject\",\"inLanguage\":\"es\",\"@id\":\"https:\/\/diariodalagoa.pt\/#\/schema\/person\/image\/\",\"url\":\"https:\/\/secure.gravatar.com\/avatar\/2cb5cef90a26f8fbd4d9d930608102c5?s=96&d=mm&r=g\",\"contentUrl\":\"https:\/\/secure.gravatar.com\/avatar\/2cb5cef90a26f8fbd4d9d930608102c5?s=96&d=mm&r=g\",\"caption\":\"Di\u00e1rio da Lagoa\"},\"url\":\"https:\/\/diariodalagoa.pt\/es\/author\/diariodalagoa\/\"}]}<\/script>\n<!-- \/ Yoast SEO plugin. -->","yoast_head_json":{"title":"Frederico Sousa diz que quer uma Lagoa com futuro - Di\u00e1rio da Lagoa","robots":{"index":"index","follow":"follow","max-snippet":"max-snippet:-1","max-image-preview":"max-image-preview:large","max-video-preview":"max-video-preview:-1"},"canonical":"https:\/\/diariodalagoa.pt\/es\/frederico-sousa-diz-que-quer-uma-lagoa-com-futuro\/","og_locale":"es_ES","og_type":"article","og_title":"Frederico Sousa diz que quer uma Lagoa com futuro - Di\u00e1rio da Lagoa","og_description":"PS Lagoa apresentou hoje, pelas m\u00e3os da mandat\u00e1ria Cristina Calisto, no Tribunal de Ponta Delgada, as suas listas para as pr\u00f3ximas elei\u00e7\u00f5es aut\u00e1rquicas.","og_url":"https:\/\/diariodalagoa.pt\/es\/frederico-sousa-diz-que-quer-uma-lagoa-com-futuro\/","og_site_name":"Di\u00e1rio da Lagoa","article_published_time":"2025-08-11T16:16:36+00:00","article_modified_time":"2025-08-11T16:16:38+00:00","og_image":[{"width":960,"height":565,"url":"https:\/\/diariodalagoa.pt\/wp-content\/uploads\/2025\/08\/ps-lagoa-autarquicas-2025.jpg","type":"image\/jpeg"}],"author":"Di\u00e1rio da Lagoa","twitter_card":"summary_large_image","twitter_misc":{"Escrito por":"Di\u00e1rio da Lagoa","Tiempo de lectura":"3 minutos"},"schema":{"@context":"https:\/\/schema.org","@graph":[{"@type":"WebPage","@id":"https:\/\/diariodalagoa.pt\/frederico-sousa-diz-que-quer-uma-lagoa-com-futuro\/","url":"https:\/\/diariodalagoa.pt\/frederico-sousa-diz-que-quer-uma-lagoa-com-futuro\/","name":"Frederico Sousa diz que quer uma Lagoa com futuro - Di\u00e1rio da Lagoa","isPartOf":{"@id":"https:\/\/diariodalagoa.pt\/#website"},"datePublished":"2025-08-11T16:16:36+00:00","dateModified":"2025-08-11T16:16:38+00:00","author":{"@id":"https:\/\/diariodalagoa.pt\/#\/schema\/person\/1615a002370e8857b6f972834bc43ece"},"breadcrumb":{"@id":"https:\/\/diariodalagoa.pt\/frederico-sousa-diz-que-quer-uma-lagoa-com-futuro\/#breadcrumb"},"inLanguage":"es","potentialAction":[{"@type":"ReadAction","target":["https:\/\/diariodalagoa.pt\/frederico-sousa-diz-que-quer-uma-lagoa-com-futuro\/"]}]},{"@type":"BreadcrumbList","@id":"https:\/\/diariodalagoa.pt\/frederico-sousa-diz-que-quer-uma-lagoa-com-futuro\/#breadcrumb","itemListElement":[{"@type":"ListItem","position":1,"name":"In\u00edcio","item":"https:\/\/diariodalagoa.pt\/"},{"@type":"ListItem","position":2,"name":"Frederico Sousa diz que quer uma Lagoa com futuro"}]},{"@type":"WebSite","@id":"https:\/\/diariodalagoa.pt\/#website","url":"https:\/\/diariodalagoa.pt\/","name":"Di\u00e1rio da Lagoa","description":"Di\u00e1rio da Lagoa. As not\u00edcias que contam. A partir da Lagoa, nos A\u00e7ores, para o mundo.","potentialAction":[{"@type":"SearchAction","target":{"@type":"EntryPoint","urlTemplate":"https:\/\/diariodalagoa.pt\/?s={search_term_string}"},"query-input":"required name=search_term_string"}],"inLanguage":"es"},{"@type":"Person","@id":"https:\/\/diariodalagoa.pt\/#\/schema\/person\/1615a002370e8857b6f972834bc43ece","name":"Di\u00e1rio da Lagoa","image":{"@type":"ImageObject","inLanguage":"es","@id":"https:\/\/diariodalagoa.pt\/#\/schema\/person\/image\/","url":"https:\/\/secure.gravatar.com\/avatar\/2cb5cef90a26f8fbd4d9d930608102c5?s=96&d=mm&r=g","contentUrl":"https:\/\/secure.gravatar.com\/avatar\/2cb5cef90a26f8fbd4d9d930608102c5?s=96&d=mm&r=g","caption":"Di\u00e1rio da Lagoa"},"url":"https:\/\/diariodalagoa.pt\/es\/author\/diariodalagoa\/"}]}},"_links":{"self":[{"href":"https:\/\/diariodalagoa.pt\/es\/wp-json\/wp\/v2\/posts\/158239"}],"collection":[{"href":"https:\/\/diariodalagoa.pt\/es\/wp-json\/wp\/v2\/posts"}],"about":[{"href":"https:\/\/diariodalagoa.pt\/es\/wp-json\/wp\/v2\/types\/post"}],"author":[{"embeddable":true,"href":"https:\/\/diariodalagoa.pt\/es\/wp-json\/wp\/v2\/users\/2"}],"replies":[{"embeddable":true,"href":"https:\/\/diariodalagoa.pt\/es\/wp-json\/wp\/v2\/comments?post=158239"}],"version-history":[{"count":2,"href":"https:\/\/diariodalagoa.pt\/es\/wp-json\/wp\/v2\/posts\/158239\/revisions"}],"predecessor-version":[{"id":158242,"href":"https:\/\/diariodalagoa.pt\/es\/wp-json\/wp\/v2\/posts\/158239\/revisions\/158242"}],"wp:featuredmedia":[{"embeddable":true,"href":"https:\/\/diariodalagoa.pt\/es\/wp-json\/wp\/v2\/media\/158240"}],"wp:attachment":[{"href":"https:\/\/diariodalagoa.pt\/es\/wp-json\/wp\/v2\/media?parent=158239"}],"wp:term":[{"taxonomy":"category","embeddable":true,"href":"https:\/\/diariodalagoa.pt\/es\/wp-json\/wp\/v2\/categories?post=158239"},{"taxonomy":"post_tag","embeddable":true,"href":"https:\/\/diariodalagoa.pt\/es\/wp-json\/wp\/v2\/tags?post=158239"}],"curies":[{"name":"wp","href":"https:\/\/api.w.org\/{rel}","templated":true}]}}