{"id":158136,"date":"2025-08-06T14:20:38","date_gmt":"2025-08-06T14:20:38","guid":{"rendered":"https:\/\/diariodalagoa.pt\/?p=158136"},"modified":"2025-09-27T20:02:06","modified_gmt":"2025-09-27T20:02:06","slug":"junta-de-freguesia-da-ribeira-cha-promove-varias-iniciativas-de-destaque","status":"publish","type":"post","link":"https:\/\/diariodalagoa.pt\/es\/junta-de-freguesia-da-ribeira-cha-promove-varias-iniciativas-de-destaque\/","title":{"rendered":"Junta de Freguesia da Ribeira Ch\u00e3 promove v\u00e1rias iniciativas de destaque"},"content":{"rendered":"<figure class=\"wp-block-image size-full\"><img decoding=\"async\" width=\"960\" height=\"500\" src=\"https:\/\/diariodalagoa.pt\/wp-content\/uploads\/2017\/09\/21618547-10214525824918566-1832070433-o.jpg\" alt=\"\" class=\"wp-image-123831\" srcset=\"https:\/\/diariodalagoa.pt\/wp-content\/uploads\/2017\/09\/21618547-10214525824918566-1832070433-o.jpg 960w, https:\/\/diariodalagoa.pt\/wp-content\/uploads\/2017\/09\/21618547-10214525824918566-1832070433-o-300x156.jpg 300w, https:\/\/diariodalagoa.pt\/wp-content\/uploads\/2017\/09\/21618547-10214525824918566-1832070433-o-768x400.jpg 768w, https:\/\/diariodalagoa.pt\/wp-content\/uploads\/2017\/09\/21618547-10214525824918566-1832070433-o-18x9.jpg 18w\" sizes=\"(max-width: 960px) 100vw, 960px\" \/><figcaption class=\"wp-element-caption\"><sup><mark style=\"background-color:rgba(0, 0, 0, 0)\" class=\"has-inline-color has-cyan-bluish-gray-color\">\u00a9 DIREITOS RESERVADOS<\/mark><\/sup><\/figcaption><\/figure>\n\n\n<p>No passado dia 29 de junho, decorreu na Ribeira Ch\u00e3, o workshop Porta Travessas, que se realizou no \u00e2mbito do programa comemorativo do anivers\u00e1rio de eleva\u00e7\u00e3o da freguesia.<\/p>\n<p>J\u00e1 em julho, o destaque come\u00e7a pela a\u00e7\u00e3o de limpeza na orla costeira cujos volunt\u00e1rios recolheram 8 kg de res\u00edduos. Ainda em julho, no mesmo programa comemorativo da freguesia, realizou-se a ida de av\u00f3s e netos, no passado dia 19 de julho, \u00e0 Quinta do Agricultor para celebrar o Dia dos Av\u00f3s.<\/p>\n<p>Neste m\u00eas de agosto, h\u00e1 \u00abFim de Semana da Juventude\u00bb, uma iniciativa que se realiza a 16 e 17 deste m\u00eas, j\u00e1 com inscri\u00e7\u00f5es esgotadas. No s\u00e1bado (16) \u00e9 dia de uma visita ao Azores Treetop Park, nas Furnas, enquanto que no domingo (17), a divers\u00e3o passa pelo passeio de barco, com sa\u00edda da Marina de Vila Franca do Campo, para ver baleias e golfinhos.<\/p>\n<p>A 29 de agosto, a partir das 20h30, h\u00e1 o regresso da Grande Noite de Fados ao Centro Comunit\u00e1rio Padre Jo\u00e3o Caetano Flores.<\/p>","protected":false},"excerpt":{"rendered":"<p>A 29 de agosto, a partir das 20h30, h\u00e1 o regresso da Grande Noite de Fados ao Centro Comunit\u00e1rio Padre Jo\u00e3o Caetano Flores.<\/p>","protected":false},"author":2,"featured_media":123831,"comment_status":"open","ping_status":"closed","sticky":false,"template":"","format":"standard","meta":[],"categories":[21],"tags":[203,336,3306,3308,34],"acf":[],"yoast_head":"<!-- This site is optimized with the Yoast SEO plugin v20.10 - https:\/\/yoast.com\/wordpress\/plugins\/seo\/ -->\n<title>Junta de Freguesia da Ribeira Ch\u00e3 promove v\u00e1rias iniciativas de destaque - Di\u00e1rio da Lagoa<\/title>\n<meta name=\"description\" content=\"A 29 de agosto, a partir das 20h30, h\u00e1 o regresso da Grande Noite de Fados ao Centro Comunit\u00e1rio Padre Jo\u00e3o Caetano Flores.\" \/>\n<meta name=\"robots\" content=\"index, follow, max-snippet:-1, max-image-preview:large, max-video-preview:-1\" \/>\n<link rel=\"canonical\" href=\"https:\/\/diariodalagoa.pt\/es\/junta-de-freguesia-da-ribeira-cha-promove-varias-iniciativas-de-destaque\/\" \/>\n<meta property=\"og:locale\" content=\"es_ES\" \/>\n<meta property=\"og:type\" content=\"article\" \/>\n<meta property=\"og:title\" content=\"Junta de Freguesia da Ribeira Ch\u00e3 promove v\u00e1rias iniciativas de destaque - Di\u00e1rio da Lagoa\" \/>\n<meta property=\"og:description\" content=\"A 29 de agosto, a partir das 20h30, h\u00e1 o regresso da Grande Noite de Fados ao Centro Comunit\u00e1rio Padre Jo\u00e3o Caetano Flores.\" \/>\n<meta property=\"og:url\" content=\"https:\/\/diariodalagoa.pt\/es\/junta-de-freguesia-da-ribeira-cha-promove-varias-iniciativas-de-destaque\/\" \/>\n<meta property=\"og:site_name\" content=\"Di\u00e1rio da Lagoa\" \/>\n<meta property=\"article:published_time\" content=\"2025-08-06T14:20:38+00:00\" \/>\n<meta property=\"article:modified_time\" content=\"2025-09-27T20:02:06+00:00\" \/>\n<meta property=\"og:image\" content=\"https:\/\/diariodalagoa.pt\/wp-content\/uploads\/2017\/09\/21618547-10214525824918566-1832070433-o.jpg\" \/>\n\t<meta property=\"og:image:width\" content=\"960\" \/>\n\t<meta property=\"og:image:height\" content=\"500\" \/>\n\t<meta property=\"og:image:type\" content=\"image\/jpeg\" \/>\n<meta name=\"author\" content=\"Di\u00e1rio da Lagoa\" \/>\n<meta name=\"twitter:card\" content=\"summary_large_image\" \/>\n<meta name=\"twitter:label1\" content=\"Escrito por\" \/>\n\t<meta name=\"twitter:data1\" content=\"Di\u00e1rio da Lagoa\" \/>\n\t<meta name=\"twitter:label2\" content=\"Tiempo de lectura\" \/>\n\t<meta name=\"twitter:data2\" content=\"2 minutos\" \/>\n<script type=\"application\/ld+json\" class=\"yoast-schema-graph\">{\"@context\":\"https:\/\/schema.org\",\"@graph\":[{\"@type\":\"WebPage\",\"@id\":\"https:\/\/diariodalagoa.pt\/junta-de-freguesia-da-ribeira-cha-promove-varias-iniciativas-de-destaque\/\",\"url\":\"https:\/\/diariodalagoa.pt\/junta-de-freguesia-da-ribeira-cha-promove-varias-iniciativas-de-destaque\/\",\"name\":\"Junta de Freguesia da Ribeira Ch\u00e3 promove v\u00e1rias iniciativas de destaque - Di\u00e1rio da Lagoa\",\"isPartOf\":{\"@id\":\"https:\/\/diariodalagoa.pt\/#website\"},\"datePublished\":\"2025-08-06T14:20:38+00:00\",\"dateModified\":\"2025-09-27T20:02:06+00:00\",\"author\":{\"@id\":\"https:\/\/diariodalagoa.pt\/#\/schema\/person\/1615a002370e8857b6f972834bc43ece\"},\"description\":\"A 29 de agosto, a partir das 20h30, h\u00e1 o regresso da Grande Noite de Fados ao Centro Comunit\u00e1rio Padre Jo\u00e3o Caetano Flores.\",\"breadcrumb\":{\"@id\":\"https:\/\/diariodalagoa.pt\/junta-de-freguesia-da-ribeira-cha-promove-varias-iniciativas-de-destaque\/#breadcrumb\"},\"inLanguage\":\"es\",\"potentialAction\":[{\"@type\":\"ReadAction\",\"target\":[\"https:\/\/diariodalagoa.pt\/junta-de-freguesia-da-ribeira-cha-promove-varias-iniciativas-de-destaque\/\"]}]},{\"@type\":\"BreadcrumbList\",\"@id\":\"https:\/\/diariodalagoa.pt\/junta-de-freguesia-da-ribeira-cha-promove-varias-iniciativas-de-destaque\/#breadcrumb\",\"itemListElement\":[{\"@type\":\"ListItem\",\"position\":1,\"name\":\"In\u00edcio\",\"item\":\"https:\/\/diariodalagoa.pt\/\"},{\"@type\":\"ListItem\",\"position\":2,\"name\":\"Junta de Freguesia da Ribeira Ch\u00e3 promove v\u00e1rias iniciativas de destaque\"}]},{\"@type\":\"WebSite\",\"@id\":\"https:\/\/diariodalagoa.pt\/#website\",\"url\":\"https:\/\/diariodalagoa.pt\/\",\"name\":\"Di\u00e1rio da Lagoa\",\"description\":\"Di\u00e1rio da Lagoa. As not\u00edcias que contam. A partir da Lagoa, nos A\u00e7ores, para o mundo.\",\"potentialAction\":[{\"@type\":\"SearchAction\",\"target\":{\"@type\":\"EntryPoint\",\"urlTemplate\":\"https:\/\/diariodalagoa.pt\/?s={search_term_string}\"},\"query-input\":\"required name=search_term_string\"}],\"inLanguage\":\"es\"},{\"@type\":\"Person\",\"@id\":\"https:\/\/diariodalagoa.pt\/#\/schema\/person\/1615a002370e8857b6f972834bc43ece\",\"name\":\"Di\u00e1rio da Lagoa\",\"image\":{\"@type\":\"ImageObject\",\"inLanguage\":\"es\",\"@id\":\"https:\/\/diariodalagoa.pt\/#\/schema\/person\/image\/\",\"url\":\"https:\/\/secure.gravatar.com\/avatar\/2cb5cef90a26f8fbd4d9d930608102c5?s=96&d=mm&r=g\",\"contentUrl\":\"https:\/\/secure.gravatar.com\/avatar\/2cb5cef90a26f8fbd4d9d930608102c5?s=96&d=mm&r=g\",\"caption\":\"Di\u00e1rio da Lagoa\"},\"url\":\"https:\/\/diariodalagoa.pt\/es\/author\/diariodalagoa\/\"}]}<\/script>\n<!-- \/ Yoast SEO plugin. -->","yoast_head_json":{"title":"Junta de Freguesia da Ribeira Ch\u00e3 promove v\u00e1rias iniciativas de destaque - Di\u00e1rio da Lagoa","description":"A 29 de agosto, a partir das 20h30, h\u00e1 o regresso da Grande Noite de Fados ao Centro Comunit\u00e1rio Padre Jo\u00e3o Caetano Flores.","robots":{"index":"index","follow":"follow","max-snippet":"max-snippet:-1","max-image-preview":"max-image-preview:large","max-video-preview":"max-video-preview:-1"},"canonical":"https:\/\/diariodalagoa.pt\/es\/junta-de-freguesia-da-ribeira-cha-promove-varias-iniciativas-de-destaque\/","og_locale":"es_ES","og_type":"article","og_title":"Junta de Freguesia da Ribeira Ch\u00e3 promove v\u00e1rias iniciativas de destaque - Di\u00e1rio da Lagoa","og_description":"A 29 de agosto, a partir das 20h30, h\u00e1 o regresso da Grande Noite de Fados ao Centro Comunit\u00e1rio Padre Jo\u00e3o Caetano Flores.","og_url":"https:\/\/diariodalagoa.pt\/es\/junta-de-freguesia-da-ribeira-cha-promove-varias-iniciativas-de-destaque\/","og_site_name":"Di\u00e1rio da Lagoa","article_published_time":"2025-08-06T14:20:38+00:00","article_modified_time":"2025-09-27T20:02:06+00:00","og_image":[{"width":960,"height":500,"url":"https:\/\/diariodalagoa.pt\/wp-content\/uploads\/2017\/09\/21618547-10214525824918566-1832070433-o.jpg","type":"image\/jpeg"}],"author":"Di\u00e1rio da Lagoa","twitter_card":"summary_large_image","twitter_misc":{"Escrito por":"Di\u00e1rio da Lagoa","Tiempo de lectura":"2 minutos"},"schema":{"@context":"https:\/\/schema.org","@graph":[{"@type":"WebPage","@id":"https:\/\/diariodalagoa.pt\/junta-de-freguesia-da-ribeira-cha-promove-varias-iniciativas-de-destaque\/","url":"https:\/\/diariodalagoa.pt\/junta-de-freguesia-da-ribeira-cha-promove-varias-iniciativas-de-destaque\/","name":"Junta de Freguesia da Ribeira Ch\u00e3 promove v\u00e1rias iniciativas de destaque - Di\u00e1rio da Lagoa","isPartOf":{"@id":"https:\/\/diariodalagoa.pt\/#website"},"datePublished":"2025-08-06T14:20:38+00:00","dateModified":"2025-09-27T20:02:06+00:00","author":{"@id":"https:\/\/diariodalagoa.pt\/#\/schema\/person\/1615a002370e8857b6f972834bc43ece"},"description":"A 29 de agosto, a partir das 20h30, h\u00e1 o regresso da Grande Noite de Fados ao Centro Comunit\u00e1rio Padre Jo\u00e3o Caetano Flores.","breadcrumb":{"@id":"https:\/\/diariodalagoa.pt\/junta-de-freguesia-da-ribeira-cha-promove-varias-iniciativas-de-destaque\/#breadcrumb"},"inLanguage":"es","potentialAction":[{"@type":"ReadAction","target":["https:\/\/diariodalagoa.pt\/junta-de-freguesia-da-ribeira-cha-promove-varias-iniciativas-de-destaque\/"]}]},{"@type":"BreadcrumbList","@id":"https:\/\/diariodalagoa.pt\/junta-de-freguesia-da-ribeira-cha-promove-varias-iniciativas-de-destaque\/#breadcrumb","itemListElement":[{"@type":"ListItem","position":1,"name":"In\u00edcio","item":"https:\/\/diariodalagoa.pt\/"},{"@type":"ListItem","position":2,"name":"Junta de Freguesia da Ribeira Ch\u00e3 promove v\u00e1rias iniciativas de destaque"}]},{"@type":"WebSite","@id":"https:\/\/diariodalagoa.pt\/#website","url":"https:\/\/diariodalagoa.pt\/","name":"Di\u00e1rio da Lagoa","description":"Di\u00e1rio da Lagoa. As not\u00edcias que contam. A partir da Lagoa, nos A\u00e7ores, para o mundo.","potentialAction":[{"@type":"SearchAction","target":{"@type":"EntryPoint","urlTemplate":"https:\/\/diariodalagoa.pt\/?s={search_term_string}"},"query-input":"required name=search_term_string"}],"inLanguage":"es"},{"@type":"Person","@id":"https:\/\/diariodalagoa.pt\/#\/schema\/person\/1615a002370e8857b6f972834bc43ece","name":"Di\u00e1rio da Lagoa","image":{"@type":"ImageObject","inLanguage":"es","@id":"https:\/\/diariodalagoa.pt\/#\/schema\/person\/image\/","url":"https:\/\/secure.gravatar.com\/avatar\/2cb5cef90a26f8fbd4d9d930608102c5?s=96&d=mm&r=g","contentUrl":"https:\/\/secure.gravatar.com\/avatar\/2cb5cef90a26f8fbd4d9d930608102c5?s=96&d=mm&r=g","caption":"Di\u00e1rio da Lagoa"},"url":"https:\/\/diariodalagoa.pt\/es\/author\/diariodalagoa\/"}]}},"_links":{"self":[{"href":"https:\/\/diariodalagoa.pt\/es\/wp-json\/wp\/v2\/posts\/158136"}],"collection":[{"href":"https:\/\/diariodalagoa.pt\/es\/wp-json\/wp\/v2\/posts"}],"about":[{"href":"https:\/\/diariodalagoa.pt\/es\/wp-json\/wp\/v2\/types\/post"}],"author":[{"embeddable":true,"href":"https:\/\/diariodalagoa.pt\/es\/wp-json\/wp\/v2\/users\/2"}],"replies":[{"embeddable":true,"href":"https:\/\/diariodalagoa.pt\/es\/wp-json\/wp\/v2\/comments?post=158136"}],"version-history":[{"count":3,"href":"https:\/\/diariodalagoa.pt\/es\/wp-json\/wp\/v2\/posts\/158136\/revisions"}],"predecessor-version":[{"id":158139,"href":"https:\/\/diariodalagoa.pt\/es\/wp-json\/wp\/v2\/posts\/158136\/revisions\/158139"}],"wp:featuredmedia":[{"embeddable":true,"href":"https:\/\/diariodalagoa.pt\/es\/wp-json\/wp\/v2\/media\/123831"}],"wp:attachment":[{"href":"https:\/\/diariodalagoa.pt\/es\/wp-json\/wp\/v2\/media?parent=158136"}],"wp:term":[{"taxonomy":"category","embeddable":true,"href":"https:\/\/diariodalagoa.pt\/es\/wp-json\/wp\/v2\/categories?post=158136"},{"taxonomy":"post_tag","embeddable":true,"href":"https:\/\/diariodalagoa.pt\/es\/wp-json\/wp\/v2\/tags?post=158136"}],"curies":[{"name":"wp","href":"https:\/\/api.w.org\/{rel}","templated":true}]}}