{"id":158089,"date":"2025-08-03T16:32:36","date_gmt":"2025-08-03T16:32:36","guid":{"rendered":"https:\/\/diariodalagoa.pt\/?p=158089"},"modified":"2025-08-04T00:24:54","modified_gmt":"2025-08-04T00:24:54","slug":"roberto-medeiros-ha-muita-coisa-que-eu-continuo-a-querer-fazer-antes-que-a-memoria-se-apague","status":"publish","type":"post","link":"https:\/\/diariodalagoa.pt\/es\/roberto-medeiros-ha-muita-coisa-que-eu-continuo-a-querer-fazer-antes-que-a-memoria-se-apague\/","title":{"rendered":"Roberto Medeiros: \u201ch\u00e1 muita coisa que eu continuo a querer fazer antes que a mem\u00f3ria se apague\u201d"},"content":{"rendered":"<h3 class=\"wp-block-heading\">Roberto Medeiros prepara-se para trabalhar num novo livro. Esteve \u00e0 conversa com o Di\u00e1rio da Lagoa sobre a sua mais recente publica\u00e7\u00e3o e trabalho que desenvolve na di\u00e1spora<\/h3>\n\n\n\n<figure class=\"wp-block-image size-full\"><img decoding=\"async\" width=\"960\" height=\"640\" src=\"https:\/\/diariodalagoa.pt\/wp-content\/uploads\/2025\/08\/roberto-medeiros-2025-c-clife-botelho.jpg\" alt=\"\" class=\"wp-image-158090\" srcset=\"https:\/\/diariodalagoa.pt\/wp-content\/uploads\/2025\/08\/roberto-medeiros-2025-c-clife-botelho.jpg 960w, https:\/\/diariodalagoa.pt\/wp-content\/uploads\/2025\/08\/roberto-medeiros-2025-c-clife-botelho-300x200.jpg 300w, https:\/\/diariodalagoa.pt\/wp-content\/uploads\/2025\/08\/roberto-medeiros-2025-c-clife-botelho-768x512.jpg 768w, https:\/\/diariodalagoa.pt\/wp-content\/uploads\/2025\/08\/roberto-medeiros-2025-c-clife-botelho-18x12.jpg 18w\" sizes=\"(max-width: 960px) 100vw, 960px\" \/><figcaption class=\"wp-element-caption\"><sup>Roberto Medeiros sublinha a import\u00e2ncia da aposta na cultura e na educa\u00e7\u00e3o <mark style=\"background-color:rgba(0, 0, 0, 0)\" class=\"has-inline-color has-cyan-bluish-gray-color\">\u00a9 CLIFE BOTELHO<\/mark><\/sup><\/figcaption><\/figure>\n\n\n<p><b>DL: Como est\u00e1 a ser a rece\u00e7\u00e3o ao livro &#8220;Antes Que a Mem\u00f3ria Se Apague II \u2013 Cr\u00f3nicas de \u00c1gua de Pau\u201d?<br \/><\/b>Muito boa. Corresponde \u00e0s minhas expetativas, pois os pauenses t\u00eam demonstrado que continuam interessados em conhecer a sua hist\u00f3ria. E, tamb\u00e9m, as pessoas que vivem fora de \u00c1gua de Pau e na di\u00e1spora a\u00e7oriana.<\/p>\n<p><b>DL: O livro foi tamb\u00e9m lan\u00e7ado nos Estados Unidos da Am\u00e9rica.<br \/><\/b>Sim, fiz tr\u00eas lan\u00e7amentos. E nos tr\u00eas tive sempre muita gente. Primeiro, no restaurante Cotali Mar, em New Bedford, o segundo, na Portug\u00e1lia Marketplace e o terceiro, na biblioteca Casa da Saudade, em New Bedford, ou seja, duas vezes em New Bedford, duas vezes em Fall River. E tive sempre um p\u00fablico entusiasmado e que queria saber mais alguma coisa. Perguntaram-me quando \u00e9 que aquele livro seria publicado em ingl\u00eas, e eu expliquei que, por enquanto, n\u00e3o \u00e9 publicado na L\u00edngua Inglesa, porque as cr\u00f3nicas foram obtidas atrav\u00e9s de entrevistas orais, a pessoas de certa idade, inclusive algumas centen\u00e1rias.\u00a0<\/p>\n<p><b>DL: Isso revela que h\u00e1 interesse da parte das gera\u00e7\u00f5es mais novas?<br \/><\/b>Sim. Ent\u00e3o eu expliquei que \u00e9 tudo publicado em portugu\u00eas, para que essas pessoas que me passaram essas cr\u00f3nicas possam ler ainda o livro na L\u00edngua Portuguesa j\u00e1 que foram portugueses, a\u00e7orianos e pauenses, que me contaram essas hist\u00f3rias, pessoas que est\u00e3o radicadas na Am\u00e9rica, no Brasil, na Austr\u00e1lia, na Calif\u00f3rnia\u2026<\/p>\n<p><b>DL: Onde pode ser encontrado o livro?<br \/><\/b>Deixei o livro \u00e0 venda na Portug\u00e1lia Marketplace em Fall River, tamb\u00e9m no sal\u00e3o de cabeleireiro do David Loureiro. Aqui na ilha de S\u00e3o Miguel, as pessoas podem contactar-me pelo Facebook para adquirir o livro mas tamb\u00e9m na DS Seguros, em \u00c1gua de Pau, na rua da Trindade n\u00ba 4 e, igualmente, no posto de abastecimento de combust\u00edveis local.\u00a0<\/p>\n<p><b>DL: Continua a ser uma esp\u00e9cie de embaixador da Cultura A\u00e7oriana nos Estados Unidos da Am\u00e9rica (EUA)?<br \/><\/b>Continuo. Recentemente uma delega\u00e7\u00e3o de estudantes da escola de Rabo de Peixe viajou comigo e estivemos dez dias nos EUA.<\/p>\n<p><b>DL: E gostaram?<br \/><\/b>Sim, gostaram e prepararam uns n\u00fameros de teatro e m\u00fasica que foram associados igualmente ao lan\u00e7amento e aos lugares onde participamos. Portanto, correu tudo muito bem e, por causa disso, fui \u00e0 televis\u00e3o, aos canais da di\u00e1spora a\u00e7oriana e depois tamb\u00e9m tive uma reuni\u00e3o com o presidente das grandes festas do Esp\u00edrito Santo que me pediu colabora\u00e7\u00e3o.<\/p>\n<p><b>DL: Que projetos tem para o futuro?<br \/><\/b>V\u00e3o viajar comigo, agora em agosto, artes\u00e3os para apresentar os seus trabalhos nos Estados Unidos. S\u00e3o de \u00c1gua de Pau, Ponta Delgada, da Praia da Vit\u00f3ria e do Porto. <br \/>As pessoas procuram-me porque eu n\u00e3o digo, eu fa\u00e7o. \u00c9 muito diferente, eu fa\u00e7o porque tenho amigos, tenho gente na Am\u00e9rica com quem assinei v\u00e1rios protocolos de colabora\u00e7\u00e3o e que depois de sair da c\u00e2mara pediram: \u201cn\u00e3o nos deixe, diga s\u00f3 o que precisa\u201d. E quando chego l\u00e1 tenho viatura e tudo o que \u00e9 preciso. Por isso continuo a trabalhar com as comunidades e com as nossas escolas de S\u00e3o Miguel e com os artes\u00e3os dos A\u00e7ores. Ent\u00e3o tenho que fazer sempre aquilo que posso porque eu gosto de fazer isso.\u00a0<\/p>\n<p><b>DL: Tem j\u00e1 dois livros publicados. J\u00e1 come\u00e7am a pedir o terceiro?<br \/><\/b>Sim, em abril de 2026 vou lan\u00e7ar o meu pr\u00f3ximo, o terceiro livro, \u201cAntes que mem\u00f3ria se apague\u201d,\u00a0 que vai ser sobre met\u00e1foras, express\u00f5es t\u00edpicas e alcunhas de \u00c1gua de Pau. Porque antigamente as pessoas em \u00c1gua de Pau chamavam-se todas Jo\u00e3o, Jos\u00e9, Manuel, Artur, ou seja, os nomes eram sempre iguais, ent\u00e3o para os distinguir t\u00ednhamos que p\u00f4r uma alcunha. E isso n\u00e3o tem nada de mal.<\/p>\n<p><b>DL: E depois a seguir vem o quarto livro?<br \/><\/b>Daqui a dois anos, em 2027 s\u00f3 sobre a hist\u00f3ria da \u00c1gua de Pau. Desde o povoamento at\u00e9 \u00e0 atualidade, a parte hist\u00f3rica.<br \/>Na semana passada, na Am\u00e9rica, falei com o meu patrocinador para apoiar um livro sobre as comunidades. \u00c9 um amigo que tenho na Am\u00e9rica, um empres\u00e1rio que me garantiu que j\u00e1 tenho algum apoio. E tenho porque as pessoas veem o trabalho realizado.<br \/>Inclusive, nesta \u00faltima viagem tive um caso engra\u00e7ado que tamb\u00e9m est\u00e1 relacionado com o Di\u00e1rio da Lagoa.<br \/>N\u00f3s fizemos escala em Lisboa, vindos de Boston, e enquanto esper\u00e1vamos pelo voo para Ponta Delgada, encontramos dois casais, que s\u00e3o daqui de S\u00e3o Miguel, pessoas j\u00e1 de idade. E come\u00e7amos a falar sobre o livro. E um deles disse: \u201ch\u00e1 tamb\u00e9m um jornalista que escreve para o Di\u00e1rio da Lagoa sobre as hist\u00f3rias de \u00c1gua de Pau\u201d.<br \/>E eu perguntei: \u201cComo se chama esse jornalista?\u201d Ao que ele respondeu: \u201cRoberto Medeiros\u201d. Desatei a rir, claro, pois respondi: \u201csou eu\u201d [risos]. <br \/>Ele depois ainda me disse: \u201ceu pensava que fosse um jornal da c\u00e2mara\u201d. Eu disse-lhe: \u201cn\u00e3o, o Di\u00e1rio da Lagoa \u00e9 um jornal independente, n\u00e3o \u00e9 da c\u00e2mara\u201d.<\/p>\n<p><b>DL: Portanto, o balan\u00e7o \u00e9 muito positivo?<br \/><\/b>Foi muito positivo. Eu tenho sido um ve\u00edculo de liga\u00e7\u00e3o na aposta na cultura e na educa\u00e7\u00e3o. E tenho tido a sorte de ter bons amigos, porque quando eles tamb\u00e9m viajam at\u00e9 aos A\u00e7ores, recebemos muito bem, e para qualquer lado que eu vou, valorizo sempre o trabalho da autarquia e dos autarcas lagoenses porque sem o apoio da C\u00e2mara Municipal tamb\u00e9m, eu n\u00e3o teria sa\u00eddo daqui. Na altura e no in\u00edcio, tal como depois de 2010, quando eu sa\u00ed da C\u00e2mara, continuei a fazer exatamente o que fazia antes. Por exemplo, as exposi\u00e7\u00f5es de pres\u00e9pios. E agora, quando chegar em agosto aos EUA, vou comprar as passagens para voltar l\u00e1 em novembro, para fazer outra vez o pres\u00e9pio da Lagoa, no Portug\u00e1lia Marketplace e na biblioteca da Casa da Saudade. Tenho um pres\u00e9pio com 500 pe\u00e7as e outro com 850 pe\u00e7as. Isso tudo para promover sempre a cultura lagoense, os pres\u00e9pios e os bonequeiros da Lagoa. Portanto, h\u00e1 muita coisa que eu continuo a querer fazer antes que a mem\u00f3ria se apague.<\/p>","protected":false},"excerpt":{"rendered":"<p>Roberto Medeiros prepara-se para trabalhar num novo livro. Esteve \u00e0 conversa com o Di\u00e1rio da Lagoa sobre a sua mais recente publica\u00e7\u00e3o e sobre o trabalho que desenvolve na di\u00e1spora.<\/p>","protected":false},"author":2,"featured_media":158090,"comment_status":"open","ping_status":"closed","sticky":false,"template":"","format":"standard","meta":[],"categories":[12],"tags":[30,162,203,465,3289,3290],"acf":[],"yoast_head":"<!-- This site is optimized with the Yoast SEO plugin v20.10 - https:\/\/yoast.com\/wordpress\/plugins\/seo\/ -->\n<title>Roberto Medeiros: \u201ch\u00e1 muita coisa que eu continuo a querer fazer antes que a mem\u00f3ria se apague\u201d - Di\u00e1rio da Lagoa<\/title>\n<meta name=\"description\" content=\"Roberto Medeiros prepara-se para trabalhar num novo livro. Esteve \u00e0 conversa com o Di\u00e1rio da Lagoa sobre a sua mais recente publica\u00e7\u00e3o e sobre o trabalho que desenvolve na di\u00e1spora.\" \/>\n<meta name=\"robots\" content=\"index, follow, max-snippet:-1, max-image-preview:large, max-video-preview:-1\" \/>\n<link rel=\"canonical\" href=\"https:\/\/diariodalagoa.pt\/es\/roberto-medeiros-ha-muita-coisa-que-eu-continuo-a-querer-fazer-antes-que-a-memoria-se-apague\/\" \/>\n<meta property=\"og:locale\" content=\"es_ES\" \/>\n<meta property=\"og:type\" content=\"article\" \/>\n<meta property=\"og:title\" content=\"Roberto Medeiros: \u201ch\u00e1 muita coisa que eu continuo a querer fazer antes que a mem\u00f3ria se apague\u201d - Di\u00e1rio da Lagoa\" \/>\n<meta property=\"og:description\" content=\"Roberto Medeiros prepara-se para trabalhar num novo livro. Esteve \u00e0 conversa com o Di\u00e1rio da Lagoa sobre a sua mais recente publica\u00e7\u00e3o e sobre o trabalho que desenvolve na di\u00e1spora.\" \/>\n<meta property=\"og:url\" content=\"https:\/\/diariodalagoa.pt\/es\/roberto-medeiros-ha-muita-coisa-que-eu-continuo-a-querer-fazer-antes-que-a-memoria-se-apague\/\" \/>\n<meta property=\"og:site_name\" content=\"Di\u00e1rio da Lagoa\" \/>\n<meta property=\"article:published_time\" content=\"2025-08-03T16:32:36+00:00\" \/>\n<meta property=\"article:modified_time\" content=\"2025-08-04T00:24:54+00:00\" \/>\n<meta property=\"og:image\" content=\"https:\/\/diariodalagoa.pt\/wp-content\/uploads\/2025\/08\/roberto-medeiros-2025-c-clife-botelho.jpg\" \/>\n\t<meta property=\"og:image:width\" content=\"960\" \/>\n\t<meta property=\"og:image:height\" content=\"640\" \/>\n\t<meta property=\"og:image:type\" content=\"image\/jpeg\" \/>\n<meta name=\"author\" content=\"Di\u00e1rio da Lagoa\" \/>\n<meta name=\"twitter:card\" content=\"summary_large_image\" \/>\n<meta name=\"twitter:label1\" content=\"Escrito por\" \/>\n\t<meta name=\"twitter:data1\" content=\"Di\u00e1rio da Lagoa\" \/>\n\t<meta name=\"twitter:label2\" content=\"Tiempo de lectura\" \/>\n\t<meta name=\"twitter:data2\" content=\"6 minutos\" \/>\n<script type=\"application\/ld+json\" class=\"yoast-schema-graph\">{\"@context\":\"https:\/\/schema.org\",\"@graph\":[{\"@type\":\"WebPage\",\"@id\":\"https:\/\/diariodalagoa.pt\/roberto-medeiros-ha-muita-coisa-que-eu-continuo-a-querer-fazer-antes-que-a-memoria-se-apague\/\",\"url\":\"https:\/\/diariodalagoa.pt\/roberto-medeiros-ha-muita-coisa-que-eu-continuo-a-querer-fazer-antes-que-a-memoria-se-apague\/\",\"name\":\"Roberto Medeiros: \u201ch\u00e1 muita coisa que eu continuo a querer fazer antes que a mem\u00f3ria se apague\u201d - Di\u00e1rio da Lagoa\",\"isPartOf\":{\"@id\":\"https:\/\/diariodalagoa.pt\/#website\"},\"datePublished\":\"2025-08-03T16:32:36+00:00\",\"dateModified\":\"2025-08-04T00:24:54+00:00\",\"author\":{\"@id\":\"https:\/\/diariodalagoa.pt\/#\/schema\/person\/1615a002370e8857b6f972834bc43ece\"},\"description\":\"Roberto Medeiros prepara-se para trabalhar num novo livro. Esteve \u00e0 conversa com o Di\u00e1rio da Lagoa sobre a sua mais recente publica\u00e7\u00e3o e sobre o trabalho que desenvolve na di\u00e1spora.\",\"breadcrumb\":{\"@id\":\"https:\/\/diariodalagoa.pt\/roberto-medeiros-ha-muita-coisa-que-eu-continuo-a-querer-fazer-antes-que-a-memoria-se-apague\/#breadcrumb\"},\"inLanguage\":\"es\",\"potentialAction\":[{\"@type\":\"ReadAction\",\"target\":[\"https:\/\/diariodalagoa.pt\/roberto-medeiros-ha-muita-coisa-que-eu-continuo-a-querer-fazer-antes-que-a-memoria-se-apague\/\"]}]},{\"@type\":\"BreadcrumbList\",\"@id\":\"https:\/\/diariodalagoa.pt\/roberto-medeiros-ha-muita-coisa-que-eu-continuo-a-querer-fazer-antes-que-a-memoria-se-apague\/#breadcrumb\",\"itemListElement\":[{\"@type\":\"ListItem\",\"position\":1,\"name\":\"In\u00edcio\",\"item\":\"https:\/\/diariodalagoa.pt\/\"},{\"@type\":\"ListItem\",\"position\":2,\"name\":\"Roberto Medeiros: \u201ch\u00e1 muita coisa que eu continuo a querer fazer antes que a mem\u00f3ria se apague\u201d\"}]},{\"@type\":\"WebSite\",\"@id\":\"https:\/\/diariodalagoa.pt\/#website\",\"url\":\"https:\/\/diariodalagoa.pt\/\",\"name\":\"Di\u00e1rio da Lagoa\",\"description\":\"Di\u00e1rio da Lagoa. As not\u00edcias que contam. A partir da Lagoa, nos A\u00e7ores, para o mundo.\",\"potentialAction\":[{\"@type\":\"SearchAction\",\"target\":{\"@type\":\"EntryPoint\",\"urlTemplate\":\"https:\/\/diariodalagoa.pt\/?s={search_term_string}\"},\"query-input\":\"required name=search_term_string\"}],\"inLanguage\":\"es\"},{\"@type\":\"Person\",\"@id\":\"https:\/\/diariodalagoa.pt\/#\/schema\/person\/1615a002370e8857b6f972834bc43ece\",\"name\":\"Di\u00e1rio da Lagoa\",\"image\":{\"@type\":\"ImageObject\",\"inLanguage\":\"es\",\"@id\":\"https:\/\/diariodalagoa.pt\/#\/schema\/person\/image\/\",\"url\":\"https:\/\/secure.gravatar.com\/avatar\/2cb5cef90a26f8fbd4d9d930608102c5?s=96&d=mm&r=g\",\"contentUrl\":\"https:\/\/secure.gravatar.com\/avatar\/2cb5cef90a26f8fbd4d9d930608102c5?s=96&d=mm&r=g\",\"caption\":\"Di\u00e1rio da Lagoa\"},\"url\":\"https:\/\/diariodalagoa.pt\/es\/author\/diariodalagoa\/\"}]}<\/script>\n<!-- \/ Yoast SEO plugin. -->","yoast_head_json":{"title":"Roberto Medeiros: \u201ch\u00e1 muita coisa que eu continuo a querer fazer antes que a mem\u00f3ria se apague\u201d - Di\u00e1rio da Lagoa","description":"Roberto Medeiros prepara-se para trabalhar num novo livro. Esteve \u00e0 conversa com o Di\u00e1rio da Lagoa sobre a sua mais recente publica\u00e7\u00e3o e sobre o trabalho que desenvolve na di\u00e1spora.","robots":{"index":"index","follow":"follow","max-snippet":"max-snippet:-1","max-image-preview":"max-image-preview:large","max-video-preview":"max-video-preview:-1"},"canonical":"https:\/\/diariodalagoa.pt\/es\/roberto-medeiros-ha-muita-coisa-que-eu-continuo-a-querer-fazer-antes-que-a-memoria-se-apague\/","og_locale":"es_ES","og_type":"article","og_title":"Roberto Medeiros: \u201ch\u00e1 muita coisa que eu continuo a querer fazer antes que a mem\u00f3ria se apague\u201d - Di\u00e1rio da Lagoa","og_description":"Roberto Medeiros prepara-se para trabalhar num novo livro. Esteve \u00e0 conversa com o Di\u00e1rio da Lagoa sobre a sua mais recente publica\u00e7\u00e3o e sobre o trabalho que desenvolve na di\u00e1spora.","og_url":"https:\/\/diariodalagoa.pt\/es\/roberto-medeiros-ha-muita-coisa-que-eu-continuo-a-querer-fazer-antes-que-a-memoria-se-apague\/","og_site_name":"Di\u00e1rio da Lagoa","article_published_time":"2025-08-03T16:32:36+00:00","article_modified_time":"2025-08-04T00:24:54+00:00","og_image":[{"width":960,"height":640,"url":"https:\/\/diariodalagoa.pt\/wp-content\/uploads\/2025\/08\/roberto-medeiros-2025-c-clife-botelho.jpg","type":"image\/jpeg"}],"author":"Di\u00e1rio da Lagoa","twitter_card":"summary_large_image","twitter_misc":{"Escrito por":"Di\u00e1rio da Lagoa","Tiempo de lectura":"6 minutos"},"schema":{"@context":"https:\/\/schema.org","@graph":[{"@type":"WebPage","@id":"https:\/\/diariodalagoa.pt\/roberto-medeiros-ha-muita-coisa-que-eu-continuo-a-querer-fazer-antes-que-a-memoria-se-apague\/","url":"https:\/\/diariodalagoa.pt\/roberto-medeiros-ha-muita-coisa-que-eu-continuo-a-querer-fazer-antes-que-a-memoria-se-apague\/","name":"Roberto Medeiros: \u201ch\u00e1 muita coisa que eu continuo a querer fazer antes que a mem\u00f3ria se apague\u201d - Di\u00e1rio da Lagoa","isPartOf":{"@id":"https:\/\/diariodalagoa.pt\/#website"},"datePublished":"2025-08-03T16:32:36+00:00","dateModified":"2025-08-04T00:24:54+00:00","author":{"@id":"https:\/\/diariodalagoa.pt\/#\/schema\/person\/1615a002370e8857b6f972834bc43ece"},"description":"Roberto Medeiros prepara-se para trabalhar num novo livro. Esteve \u00e0 conversa com o Di\u00e1rio da Lagoa sobre a sua mais recente publica\u00e7\u00e3o e sobre o trabalho que desenvolve na di\u00e1spora.","breadcrumb":{"@id":"https:\/\/diariodalagoa.pt\/roberto-medeiros-ha-muita-coisa-que-eu-continuo-a-querer-fazer-antes-que-a-memoria-se-apague\/#breadcrumb"},"inLanguage":"es","potentialAction":[{"@type":"ReadAction","target":["https:\/\/diariodalagoa.pt\/roberto-medeiros-ha-muita-coisa-que-eu-continuo-a-querer-fazer-antes-que-a-memoria-se-apague\/"]}]},{"@type":"BreadcrumbList","@id":"https:\/\/diariodalagoa.pt\/roberto-medeiros-ha-muita-coisa-que-eu-continuo-a-querer-fazer-antes-que-a-memoria-se-apague\/#breadcrumb","itemListElement":[{"@type":"ListItem","position":1,"name":"In\u00edcio","item":"https:\/\/diariodalagoa.pt\/"},{"@type":"ListItem","position":2,"name":"Roberto Medeiros: \u201ch\u00e1 muita coisa que eu continuo a querer fazer antes que a mem\u00f3ria se apague\u201d"}]},{"@type":"WebSite","@id":"https:\/\/diariodalagoa.pt\/#website","url":"https:\/\/diariodalagoa.pt\/","name":"Di\u00e1rio da Lagoa","description":"Di\u00e1rio da Lagoa. As not\u00edcias que contam. A partir da Lagoa, nos A\u00e7ores, para o mundo.","potentialAction":[{"@type":"SearchAction","target":{"@type":"EntryPoint","urlTemplate":"https:\/\/diariodalagoa.pt\/?s={search_term_string}"},"query-input":"required name=search_term_string"}],"inLanguage":"es"},{"@type":"Person","@id":"https:\/\/diariodalagoa.pt\/#\/schema\/person\/1615a002370e8857b6f972834bc43ece","name":"Di\u00e1rio da Lagoa","image":{"@type":"ImageObject","inLanguage":"es","@id":"https:\/\/diariodalagoa.pt\/#\/schema\/person\/image\/","url":"https:\/\/secure.gravatar.com\/avatar\/2cb5cef90a26f8fbd4d9d930608102c5?s=96&d=mm&r=g","contentUrl":"https:\/\/secure.gravatar.com\/avatar\/2cb5cef90a26f8fbd4d9d930608102c5?s=96&d=mm&r=g","caption":"Di\u00e1rio da Lagoa"},"url":"https:\/\/diariodalagoa.pt\/es\/author\/diariodalagoa\/"}]}},"_links":{"self":[{"href":"https:\/\/diariodalagoa.pt\/es\/wp-json\/wp\/v2\/posts\/158089"}],"collection":[{"href":"https:\/\/diariodalagoa.pt\/es\/wp-json\/wp\/v2\/posts"}],"about":[{"href":"https:\/\/diariodalagoa.pt\/es\/wp-json\/wp\/v2\/types\/post"}],"author":[{"embeddable":true,"href":"https:\/\/diariodalagoa.pt\/es\/wp-json\/wp\/v2\/users\/2"}],"replies":[{"embeddable":true,"href":"https:\/\/diariodalagoa.pt\/es\/wp-json\/wp\/v2\/comments?post=158089"}],"version-history":[{"count":4,"href":"https:\/\/diariodalagoa.pt\/es\/wp-json\/wp\/v2\/posts\/158089\/revisions"}],"predecessor-version":[{"id":158095,"href":"https:\/\/diariodalagoa.pt\/es\/wp-json\/wp\/v2\/posts\/158089\/revisions\/158095"}],"wp:featuredmedia":[{"embeddable":true,"href":"https:\/\/diariodalagoa.pt\/es\/wp-json\/wp\/v2\/media\/158090"}],"wp:attachment":[{"href":"https:\/\/diariodalagoa.pt\/es\/wp-json\/wp\/v2\/media?parent=158089"}],"wp:term":[{"taxonomy":"category","embeddable":true,"href":"https:\/\/diariodalagoa.pt\/es\/wp-json\/wp\/v2\/categories?post=158089"},{"taxonomy":"post_tag","embeddable":true,"href":"https:\/\/diariodalagoa.pt\/es\/wp-json\/wp\/v2\/tags?post=158089"}],"curies":[{"name":"wp","href":"https:\/\/api.w.org\/{rel}","templated":true}]}}