{"id":157985,"date":"2025-07-26T20:47:24","date_gmt":"2025-07-26T20:47:24","guid":{"rendered":"https:\/\/diariodalagoa.pt\/?p=157985"},"modified":"2025-07-26T20:47:27","modified_gmt":"2025-07-26T20:47:27","slug":"coliseu-micaelense-recebeu-festa-branca-com-700-idosos","status":"publish","type":"post","link":"https:\/\/diariodalagoa.pt\/es\/coliseu-micaelense-recebeu-festa-branca-com-700-idosos\/","title":{"rendered":"Coliseu Micaelense recebeu Festa Branca com 700 idosos"},"content":{"rendered":"<figure class=\"wp-block-image size-full\"><img decoding=\"async\" width=\"960\" height=\"640\" src=\"https:\/\/diariodalagoa.pt\/wp-content\/uploads\/2025\/07\/festa-branca-geral-2025-cmpdl.jpg\" alt=\"\" class=\"wp-image-157986\" srcset=\"https:\/\/diariodalagoa.pt\/wp-content\/uploads\/2025\/07\/festa-branca-geral-2025-cmpdl.jpg 960w, https:\/\/diariodalagoa.pt\/wp-content\/uploads\/2025\/07\/festa-branca-geral-2025-cmpdl-300x200.jpg 300w, https:\/\/diariodalagoa.pt\/wp-content\/uploads\/2025\/07\/festa-branca-geral-2025-cmpdl-768x512.jpg 768w, https:\/\/diariodalagoa.pt\/wp-content\/uploads\/2025\/07\/festa-branca-geral-2025-cmpdl-18x12.jpg 18w\" sizes=\"(max-width: 960px) 100vw, 960px\" \/><figcaption class=\"wp-element-caption\"><sup><mark style=\"background-color:rgba(0, 0, 0, 0)\" class=\"has-inline-color has-cyan-bluish-gray-color\">\u00a9 CM PONTA DELGADA<\/mark><\/sup><\/figcaption><\/figure>\n\n\n<p>O Coliseu Micaelense, na cidade de Ponta Delgada, ilha de S\u00e3o Miguel, foi palco da Festa Branca S\u00e9nior que decorreu ena passada quarta-feira, 23 de julho, e que juntou perto de 700 idosos do maior concelho a\u00e7oriano.<\/p>\n<p>Segundo nota de imprensa enviada \u00e0s reda\u00e7\u00f5es pela autarquia, \u00e0 semelhan\u00e7a dos anos anteriores, a Festa Branca S\u00e9nior fez-se com idosos que frequentam os centros de conv\u00edvio, centros de dia e espa\u00e7os intergeracionais de Ponta Delgada. Fizeram tamb\u00e9m parte utentes de lares, Casas do Povo, Centros Sociais e Paroquiais e de institui\u00e7\u00f5es de sa\u00fade do concelho.<\/p>\n<p>A iniciativa foi promovida pela C\u00e2mara Municipal de Ponta Delgada, atrav\u00e9s do Departamento de Desenvolvimento Social, Educa\u00e7\u00e3o, Juventude e Desporto em coopera\u00e7\u00e3o estreita com as Juntas de Freguesia do munic\u00edpio e com a administra\u00e7\u00e3o do Coliseu Micaelense.<\/p>\n<p>O presidente da autarquia de Ponta Delgada, Pedro Nascimento Cabral, marcou presen\u00e7a, acompanhado da vereadora Cristina Canto Tavares, e agradeceu o contributo dado pelas Juntas de Freguesia e demais entidades participantes \u00e0 concretiza\u00e7\u00e3o do evento.<\/p>\n<p>Enalteceu, de igual modo, a dedica\u00e7\u00e3o dos v\u00e1rios funcion\u00e1rios do Departamento de Desenvolvimento Social, Educa\u00e7\u00e3o, Juventude e Desporto que fizeram parte da iniciativa.<\/p>\n<p>Subscrevendo todas as palavras de reconhecimento deixadas pelo presidente da C\u00e2mara Municipal aos intervenientes, a vereadora Cristina Canto Tavares refor\u00e7ou que a autarquia ir\u00e1 seguramente realizar mais edi\u00e7\u00f5es da Festa Branca S\u00e9nior, ou n\u00e3o se tratasse de uma \u201caposta ganha\u201d dentro do amplo calend\u00e1rio de atividades municipais com vista \u00e0 promo\u00e7\u00e3o de uma senioriza\u00e7\u00e3o ativa e feliz no concelho.<\/p>\n<p>\u201cQuero, por isso, deixar esta garantia e uma palavra de muito carinho e amizade por todas as pessoas que aqui est\u00e3o, que demonstram precisamente como \u00e9 poss\u00edvel ser feliz em qualquer fase da vida\u201d, frisou a vereadora, que, do elenco camar\u00e1rio, tem \u00e0 responsabilidade o pelouro da A\u00e7\u00e3o Social.<\/p>","protected":false},"excerpt":{"rendered":"<p>Vereadora Cristina Canto Tavares assegura que a autarquia de Ponta Delgada &#8220;ir\u00e1 seguramente realizar mais edi\u00e7\u00f5es da Festa&#8221;.<\/p>","protected":false},"author":2,"featured_media":157986,"comment_status":"open","ping_status":"closed","sticky":false,"template":"","format":"standard","meta":[],"categories":[21],"tags":[1244,1582,3265],"acf":[],"yoast_head":"<!-- This site is optimized with the Yoast SEO plugin v20.10 - https:\/\/yoast.com\/wordpress\/plugins\/seo\/ -->\n<title>Coliseu Micaelense recebeu Festa Branca com 700 idosos - Di\u00e1rio da Lagoa<\/title>\n<meta name=\"description\" content=\"Vereadora Cristina Canto Tavares assegura que a autarquia de Ponta Delgada &quot;ir\u00e1 seguramente realizar mais edi\u00e7\u00f5es da Festa&quot;.\" \/>\n<meta name=\"robots\" content=\"index, follow, max-snippet:-1, max-image-preview:large, max-video-preview:-1\" \/>\n<link rel=\"canonical\" href=\"https:\/\/diariodalagoa.pt\/es\/coliseu-micaelense-recebeu-festa-branca-com-700-idosos\/\" \/>\n<meta property=\"og:locale\" content=\"es_ES\" \/>\n<meta property=\"og:type\" content=\"article\" \/>\n<meta property=\"og:title\" content=\"Coliseu Micaelense recebeu Festa Branca com 700 idosos - Di\u00e1rio da Lagoa\" \/>\n<meta property=\"og:description\" content=\"Vereadora Cristina Canto Tavares assegura que a autarquia de Ponta Delgada &quot;ir\u00e1 seguramente realizar mais edi\u00e7\u00f5es da Festa&quot;.\" \/>\n<meta property=\"og:url\" content=\"https:\/\/diariodalagoa.pt\/es\/coliseu-micaelense-recebeu-festa-branca-com-700-idosos\/\" \/>\n<meta property=\"og:site_name\" content=\"Di\u00e1rio da Lagoa\" \/>\n<meta property=\"article:published_time\" content=\"2025-07-26T20:47:24+00:00\" \/>\n<meta property=\"article:modified_time\" content=\"2025-07-26T20:47:27+00:00\" \/>\n<meta property=\"og:image\" content=\"https:\/\/diariodalagoa.pt\/wp-content\/uploads\/2025\/07\/festa-branca-geral-2025-cmpdl.jpg\" \/>\n\t<meta property=\"og:image:width\" content=\"960\" \/>\n\t<meta property=\"og:image:height\" content=\"640\" \/>\n\t<meta property=\"og:image:type\" content=\"image\/jpeg\" \/>\n<meta name=\"author\" content=\"Di\u00e1rio da Lagoa\" \/>\n<meta name=\"twitter:card\" content=\"summary_large_image\" \/>\n<meta name=\"twitter:label1\" content=\"Escrito por\" \/>\n\t<meta name=\"twitter:data1\" content=\"Di\u00e1rio da Lagoa\" \/>\n\t<meta name=\"twitter:label2\" content=\"Tiempo de lectura\" \/>\n\t<meta name=\"twitter:data2\" content=\"2 minutos\" \/>\n<script type=\"application\/ld+json\" class=\"yoast-schema-graph\">{\"@context\":\"https:\/\/schema.org\",\"@graph\":[{\"@type\":\"WebPage\",\"@id\":\"https:\/\/diariodalagoa.pt\/coliseu-micaelense-recebeu-festa-branca-com-700-idosos\/\",\"url\":\"https:\/\/diariodalagoa.pt\/coliseu-micaelense-recebeu-festa-branca-com-700-idosos\/\",\"name\":\"Coliseu Micaelense recebeu Festa Branca com 700 idosos - Di\u00e1rio da Lagoa\",\"isPartOf\":{\"@id\":\"https:\/\/diariodalagoa.pt\/#website\"},\"datePublished\":\"2025-07-26T20:47:24+00:00\",\"dateModified\":\"2025-07-26T20:47:27+00:00\",\"author\":{\"@id\":\"https:\/\/diariodalagoa.pt\/#\/schema\/person\/1615a002370e8857b6f972834bc43ece\"},\"description\":\"Vereadora Cristina Canto Tavares assegura que a autarquia de Ponta Delgada \\\"ir\u00e1 seguramente realizar mais edi\u00e7\u00f5es da Festa\\\".\",\"breadcrumb\":{\"@id\":\"https:\/\/diariodalagoa.pt\/coliseu-micaelense-recebeu-festa-branca-com-700-idosos\/#breadcrumb\"},\"inLanguage\":\"es\",\"potentialAction\":[{\"@type\":\"ReadAction\",\"target\":[\"https:\/\/diariodalagoa.pt\/coliseu-micaelense-recebeu-festa-branca-com-700-idosos\/\"]}]},{\"@type\":\"BreadcrumbList\",\"@id\":\"https:\/\/diariodalagoa.pt\/coliseu-micaelense-recebeu-festa-branca-com-700-idosos\/#breadcrumb\",\"itemListElement\":[{\"@type\":\"ListItem\",\"position\":1,\"name\":\"In\u00edcio\",\"item\":\"https:\/\/diariodalagoa.pt\/\"},{\"@type\":\"ListItem\",\"position\":2,\"name\":\"Coliseu Micaelense recebeu Festa Branca com 700 idosos\"}]},{\"@type\":\"WebSite\",\"@id\":\"https:\/\/diariodalagoa.pt\/#website\",\"url\":\"https:\/\/diariodalagoa.pt\/\",\"name\":\"Di\u00e1rio da Lagoa\",\"description\":\"Di\u00e1rio da Lagoa. As not\u00edcias que contam. A partir da Lagoa, nos A\u00e7ores, para o mundo.\",\"potentialAction\":[{\"@type\":\"SearchAction\",\"target\":{\"@type\":\"EntryPoint\",\"urlTemplate\":\"https:\/\/diariodalagoa.pt\/?s={search_term_string}\"},\"query-input\":\"required name=search_term_string\"}],\"inLanguage\":\"es\"},{\"@type\":\"Person\",\"@id\":\"https:\/\/diariodalagoa.pt\/#\/schema\/person\/1615a002370e8857b6f972834bc43ece\",\"name\":\"Di\u00e1rio da Lagoa\",\"image\":{\"@type\":\"ImageObject\",\"inLanguage\":\"es\",\"@id\":\"https:\/\/diariodalagoa.pt\/#\/schema\/person\/image\/\",\"url\":\"https:\/\/secure.gravatar.com\/avatar\/2cb5cef90a26f8fbd4d9d930608102c5?s=96&d=mm&r=g\",\"contentUrl\":\"https:\/\/secure.gravatar.com\/avatar\/2cb5cef90a26f8fbd4d9d930608102c5?s=96&d=mm&r=g\",\"caption\":\"Di\u00e1rio da Lagoa\"},\"url\":\"https:\/\/diariodalagoa.pt\/es\/author\/diariodalagoa\/\"}]}<\/script>\n<!-- \/ Yoast SEO plugin. -->","yoast_head_json":{"title":"Coliseu Micaelense recebeu Festa Branca com 700 idosos - Di\u00e1rio da Lagoa","description":"Vereadora Cristina Canto Tavares assegura que a autarquia de Ponta Delgada \"ir\u00e1 seguramente realizar mais edi\u00e7\u00f5es da Festa\".","robots":{"index":"index","follow":"follow","max-snippet":"max-snippet:-1","max-image-preview":"max-image-preview:large","max-video-preview":"max-video-preview:-1"},"canonical":"https:\/\/diariodalagoa.pt\/es\/coliseu-micaelense-recebeu-festa-branca-com-700-idosos\/","og_locale":"es_ES","og_type":"article","og_title":"Coliseu Micaelense recebeu Festa Branca com 700 idosos - Di\u00e1rio da Lagoa","og_description":"Vereadora Cristina Canto Tavares assegura que a autarquia de Ponta Delgada \"ir\u00e1 seguramente realizar mais edi\u00e7\u00f5es da Festa\".","og_url":"https:\/\/diariodalagoa.pt\/es\/coliseu-micaelense-recebeu-festa-branca-com-700-idosos\/","og_site_name":"Di\u00e1rio da Lagoa","article_published_time":"2025-07-26T20:47:24+00:00","article_modified_time":"2025-07-26T20:47:27+00:00","og_image":[{"width":960,"height":640,"url":"https:\/\/diariodalagoa.pt\/wp-content\/uploads\/2025\/07\/festa-branca-geral-2025-cmpdl.jpg","type":"image\/jpeg"}],"author":"Di\u00e1rio da Lagoa","twitter_card":"summary_large_image","twitter_misc":{"Escrito por":"Di\u00e1rio da Lagoa","Tiempo de lectura":"2 minutos"},"schema":{"@context":"https:\/\/schema.org","@graph":[{"@type":"WebPage","@id":"https:\/\/diariodalagoa.pt\/coliseu-micaelense-recebeu-festa-branca-com-700-idosos\/","url":"https:\/\/diariodalagoa.pt\/coliseu-micaelense-recebeu-festa-branca-com-700-idosos\/","name":"Coliseu Micaelense recebeu Festa Branca com 700 idosos - Di\u00e1rio da Lagoa","isPartOf":{"@id":"https:\/\/diariodalagoa.pt\/#website"},"datePublished":"2025-07-26T20:47:24+00:00","dateModified":"2025-07-26T20:47:27+00:00","author":{"@id":"https:\/\/diariodalagoa.pt\/#\/schema\/person\/1615a002370e8857b6f972834bc43ece"},"description":"Vereadora Cristina Canto Tavares assegura que a autarquia de Ponta Delgada \"ir\u00e1 seguramente realizar mais edi\u00e7\u00f5es da Festa\".","breadcrumb":{"@id":"https:\/\/diariodalagoa.pt\/coliseu-micaelense-recebeu-festa-branca-com-700-idosos\/#breadcrumb"},"inLanguage":"es","potentialAction":[{"@type":"ReadAction","target":["https:\/\/diariodalagoa.pt\/coliseu-micaelense-recebeu-festa-branca-com-700-idosos\/"]}]},{"@type":"BreadcrumbList","@id":"https:\/\/diariodalagoa.pt\/coliseu-micaelense-recebeu-festa-branca-com-700-idosos\/#breadcrumb","itemListElement":[{"@type":"ListItem","position":1,"name":"In\u00edcio","item":"https:\/\/diariodalagoa.pt\/"},{"@type":"ListItem","position":2,"name":"Coliseu Micaelense recebeu Festa Branca com 700 idosos"}]},{"@type":"WebSite","@id":"https:\/\/diariodalagoa.pt\/#website","url":"https:\/\/diariodalagoa.pt\/","name":"Di\u00e1rio da Lagoa","description":"Di\u00e1rio da Lagoa. As not\u00edcias que contam. A partir da Lagoa, nos A\u00e7ores, para o mundo.","potentialAction":[{"@type":"SearchAction","target":{"@type":"EntryPoint","urlTemplate":"https:\/\/diariodalagoa.pt\/?s={search_term_string}"},"query-input":"required name=search_term_string"}],"inLanguage":"es"},{"@type":"Person","@id":"https:\/\/diariodalagoa.pt\/#\/schema\/person\/1615a002370e8857b6f972834bc43ece","name":"Di\u00e1rio da Lagoa","image":{"@type":"ImageObject","inLanguage":"es","@id":"https:\/\/diariodalagoa.pt\/#\/schema\/person\/image\/","url":"https:\/\/secure.gravatar.com\/avatar\/2cb5cef90a26f8fbd4d9d930608102c5?s=96&d=mm&r=g","contentUrl":"https:\/\/secure.gravatar.com\/avatar\/2cb5cef90a26f8fbd4d9d930608102c5?s=96&d=mm&r=g","caption":"Di\u00e1rio da Lagoa"},"url":"https:\/\/diariodalagoa.pt\/es\/author\/diariodalagoa\/"}]}},"_links":{"self":[{"href":"https:\/\/diariodalagoa.pt\/es\/wp-json\/wp\/v2\/posts\/157985"}],"collection":[{"href":"https:\/\/diariodalagoa.pt\/es\/wp-json\/wp\/v2\/posts"}],"about":[{"href":"https:\/\/diariodalagoa.pt\/es\/wp-json\/wp\/v2\/types\/post"}],"author":[{"embeddable":true,"href":"https:\/\/diariodalagoa.pt\/es\/wp-json\/wp\/v2\/users\/2"}],"replies":[{"embeddable":true,"href":"https:\/\/diariodalagoa.pt\/es\/wp-json\/wp\/v2\/comments?post=157985"}],"version-history":[{"count":2,"href":"https:\/\/diariodalagoa.pt\/es\/wp-json\/wp\/v2\/posts\/157985\/revisions"}],"predecessor-version":[{"id":157988,"href":"https:\/\/diariodalagoa.pt\/es\/wp-json\/wp\/v2\/posts\/157985\/revisions\/157988"}],"wp:featuredmedia":[{"embeddable":true,"href":"https:\/\/diariodalagoa.pt\/es\/wp-json\/wp\/v2\/media\/157986"}],"wp:attachment":[{"href":"https:\/\/diariodalagoa.pt\/es\/wp-json\/wp\/v2\/media?parent=157985"}],"wp:term":[{"taxonomy":"category","embeddable":true,"href":"https:\/\/diariodalagoa.pt\/es\/wp-json\/wp\/v2\/categories?post=157985"},{"taxonomy":"post_tag","embeddable":true,"href":"https:\/\/diariodalagoa.pt\/es\/wp-json\/wp\/v2\/tags?post=157985"}],"curies":[{"name":"wp","href":"https:\/\/api.w.org\/{rel}","templated":true}]}}