{"id":157934,"date":"2025-07-23T21:15:05","date_gmt":"2025-07-23T21:15:05","guid":{"rendered":"https:\/\/diariodalagoa.pt\/?p=157934"},"modified":"2025-07-29T11:35:10","modified_gmt":"2025-07-29T11:35:10","slug":"as-camaras-serao-o-coveiro-da-imprensa-regional","status":"publish","type":"post","link":"https:\/\/diariodalagoa.pt\/es\/as-camaras-serao-o-coveiro-da-imprensa-regional\/","title":{"rendered":"As c\u00e2maras ser\u00e3o o coveiro da imprensa regional"},"content":{"rendered":"<div class=\"wp-block-image is-style-rounded\">\n<figure class=\"aligncenter size-full is-resized\"><img decoding=\"async\" src=\"https:\/\/diariodalagoa.pt\/wp-content\/uploads\/2025\/07\/jose-vieira.png\" alt=\"\" class=\"wp-image-157936\" width=\"442\" height=\"442\" srcset=\"https:\/\/diariodalagoa.pt\/wp-content\/uploads\/2025\/07\/jose-vieira.png 500w, https:\/\/diariodalagoa.pt\/wp-content\/uploads\/2025\/07\/jose-vieira-300x300.png 300w, https:\/\/diariodalagoa.pt\/wp-content\/uploads\/2025\/07\/jose-vieira-150x150.png 150w, https:\/\/diariodalagoa.pt\/wp-content\/uploads\/2025\/07\/jose-vieira-12x12.png 12w\" sizes=\"(max-width: 442px) 100vw, 442px\" \/><\/figure><\/div>\n\n\n<div style=\"height:25px\" aria-hidden=\"true\" class=\"wp-block-spacer\"><\/div>\n\n\n\n<p class=\"has-text-align-center\"><strong>Jos\u00e9 Vieira<br><\/strong>Jornalista e presidente da Mesa da Assembleia Geral da APMEDIO<\/p>\n\n\n\n<div style=\"height:25px\" aria-hidden=\"true\" class=\"wp-block-spacer\"><\/div>\n\n\n<p>Tenho falado nos \u00faltimos meses das entidades que nos tutelam, do pouco que nos t\u00eam ajudado e das necessidades deste setor no seu todo. Tamb\u00e9m tenho falado, insistentemente, nas medidas que est\u00e3o em cima da mesa, como o regulamento da imprensa regional, ou mesmo os apoios previstos, que passam a ter uma componente mais camar\u00e1ria, \u201cobrigando\u201d as c\u00e2maras a contribu\u00edrem para o or\u00e7amento da imprensa regional. Embora n\u00e3o concorde com o acordo alcan\u00e7ado na anterior legislatura, e que penso que se ir\u00e1 manter nesta, \u00e9 sempre um come\u00e7o. Mas a este ponto, voltarei, com mais pormenores, e escamotearei, com alguma profundidade, o que realmente nos querem dar e como pode ser um presente envenenado. Mais \u00e0 frente deste artigo abrirei o apetite para um posterior artigo mais aprofundado.<\/p>\n<p>Neste artigo, e o que interessa, \u00e9 falar das c\u00e2maras e enquadrar o seu papel e a sua rela\u00e7\u00e3o com a comunica\u00e7\u00e3o. L\u00e1 nos anos long\u00ednquos da d\u00e9cada de 90, do s\u00e9culo passado, as c\u00e2maras eram apenas c\u00e2maras. Tinham as suas fun\u00e7\u00f5es bem definidas, e deixavam \u00e0 imprensa local a devida tarefa da divulga\u00e7\u00e3o e comunica\u00e7\u00e3o. Era atrav\u00e9s da imprensa local que os cidad\u00e3os sabiam as novidades, fruto de v\u00ednculos muito profundos, entre os jornais e as pessoas. Nasc\u00edamos e cresc\u00edamos com o jornal ou a r\u00e1dio local, bem enraizado na nossa forma de viver. Era a n\u00f3s que as entidades oficiais recorriam para oficializar publicamente as suas decis\u00f5es, mostrar as suas obras e comunicar com o seu eleitorado, havendo uma equidade na forma de divulga\u00e7\u00e3o, para dar espa\u00e7o ao poder, \u00e0 oposi\u00e7\u00e3o e aos cidad\u00e3os. Havia desvios? Compadrio? T\u00edtulos encostados ao poder ou \u00e0 oposi\u00e7\u00e3o? Sim, havia, mas creio que a maioria fazia um trabalho digno de registo.<\/p>\n<p>No final da d\u00e9cada de 90 e na viragem do s\u00e9culo, as novas tecnologias come\u00e7aram a evoluir e novas formas de comunica\u00e7\u00e3o foram aparecendo. Os portais das c\u00e2maras come\u00e7aram a ser mais user-friendly, e algu\u00e9m se lembrou que poderiam incluir nos portais uma \u00e1rea de not\u00edcias. N\u00e3o sei quem foi, mas tenho vontade de bater nesse desgra\u00e7ado. Foi o come\u00e7o do descarrilamento da imprensa regional. Em poucos anos, as 308 c\u00e2maras em Portugal come\u00e7aram a adaptar os seus portais para terem uma \u00e1rea noticiosa. N\u00e3o se compreende como \u00e9 que a entidade para a regula\u00e7\u00e3o (ERC) n\u00e3o travou isto. De repente, t\u00ednhamos mais 308 jornais (um por cada concelho) a fazer concorr\u00eancia \u00e0 imprensa regional. A estes 308 novos jornais encapotados e parciais (pois s\u00e3o aut\u00eanticas ferramentas de propaganda do poder instalado), juntaram-se mais umas centenas de Juntas de Freguesia, as maiores, diga-se, que tamb\u00e9m queriam desta forma ter portais de comunica\u00e7\u00e3o. E a ERC continua calada e deixa a coisa andar. Depois, como que n\u00e3o satisfeitos, muitas das c\u00e2maras e juntas come\u00e7am a imprimir boletins de comunica\u00e7\u00e3o, a que d\u00e3o nomes variados (boletim, agenda, sum\u00e1rio da atividade, etc.). Na verdade, s\u00e3o publica\u00e7\u00f5es que distribuem gratuitamente, com a propaganda do poder instalado. E a ERC continua calada como sempre. Nada faz para defender a imprensa regional. Como a ERC nada fez para travar esta monstruosidade, as c\u00e2maras foram mais longe. E mais longe. E mais longe.<\/p>\n<p>Agora, j\u00e1 t\u00eam TVs Regionais e aut\u00eanticos gabinetes de comunica\u00e7\u00e3o (vulgo reda\u00e7\u00e3o), onde investem anualmente centenas de milhares de euros. Mas ainda t\u00eam mais. Muitas c\u00e2maras t\u00eam tamb\u00e9m jornais em formato tabloide, que distribuem pelos seus mun\u00edcipes, contendo tamb\u00e9m muitos deles spots publicit\u00e1rios de \u201cempresas amigas do sistema\u201d. Em suma, desvirtuou-se todo o papel da imprensa regional, n\u00e3o se vedando a possibilidade de serem \u201cjornalistas\u201d de propaganda, encapotados. Se est\u00e3o dentro da lei? N\u00c3O. N\u00e3o creio que uma c\u00e2mara municipal possa contratar jornalistas e deter \u00f3rg\u00e3os de comunica\u00e7\u00e3o social, a fazerem concorr\u00eancia direta \u00e0 imprensa local. O que est\u00e1 mal? A falta de coragem do regulador em enfrentar esta situa\u00e7\u00e3o. N\u00e3o h\u00e1, nem pode haver na lei, nenhuma exce\u00e7\u00e3o, para que uma entidade p\u00fablica se substitua \u00e0 imprensa devidamente registada e auditada pelo regulador. Isso \u00e9 impens\u00e1vel. \u00c9 um aut\u00eantico atentado \u00e0 liberdade de express\u00e3o, porque estes \u00f3rg\u00e3os encapotados na pr\u00e1tica s\u00e3o meros instrumentos propagandistas.<\/p>\n<p>Ent\u00e3o e porque n\u00e3o se atua? Porque n\u00e3o se denuncia? Porque n\u00e3o se instaura um processo coletivo contra as c\u00e2maras? Porque n\u00e3o se pressiona a ERC e o governo? Porque o jornalismo e os jornalistas regionais t\u00eam andado a dormir, foram amaciados com 30 dinheiros, para fecharem os olhos a esta situa\u00e7\u00e3o. H\u00e1 que tomar posi\u00e7\u00f5es. H\u00e1 que restaurar o equil\u00edbrio. As duas associa\u00e7\u00f5es do setor j\u00e1 se deveriam ter mexido h\u00e1 muito, para combater esta monstruosidade. Mas pensam que querem saber disto? Claro que n\u00e3o. E sabemos bem a raz\u00e3o. Com esta estrat\u00e9gia local por parte das c\u00e2maras e juntas, inicia-se, no in\u00edcio do s\u00e9culo um esvaziamento da imprensa regional. Acelera-se a sua morte, pois n\u00e3o se compensa o jornalismo e os jornalistas regionais com medidas protetoras, para n\u00e3o falar em medidas compensadoras. \u00c9 exatamente a mesma situa\u00e7\u00e3o em que eu, sem forma\u00e7\u00e3o em medicina, quisesse abrir um consult\u00f3rio m\u00e9dico para atender doentes, ou sem forma\u00e7\u00e3o na \u00e1rea educacional, quisesse dar aulas, e podia continuar aqui mais duas ou tr\u00eas p\u00e1ginas a dar exemplos. Para ajudar ainda mais ao enterro da imprensa, neste momento, uma das propostas em cima da mesa do ministro Leit\u00e3o Amaro, aprovado na anterior legislatura, com a coniv\u00eancia da ANIR e da API (duas das maiores associa\u00e7\u00f5es de imprensa em Portugal), \u00e9 a de criar uma esp\u00e9cie de subs\u00eddio para a imprensa regional (apenas alguma, note-se), em que as c\u00e2maras, e mediante determinados crit\u00e9rios, subsidiem diretamente alguns \u00f3rg\u00e3os de comunica\u00e7\u00e3o regionais, escolhendo-se apenas os que interessam. Ali\u00e1s, essa listagem essa \u201ccozinhada\u201d por estas duas associa\u00e7\u00f5es e o governo, em que ficam de fora por exemplo, a imprensa digital, que representa j\u00e1 63% do setor regional. Ou seja, a mama continua para os mesmos (os regionais que est\u00e3o juntinhos ao poder), e todos os outros, que s\u00e3o 80% do setor, v\u00e3o morrer \u00e0 beira da praia. Mais uma vez as c\u00e2maras v\u00e3o ter um papel fundamental na destrui\u00e7\u00e3o da imprensa regional.<\/p>\n<p>E quem se est\u00e1 a mexer para tentar inverter esta situa\u00e7\u00e3o? Praticamente ningu\u00e9m. Continuamos a dan\u00e7ar o tango, em que nos deixamos conduzir por outros. Somos a parte passiva da dan\u00e7a e vamos dan\u00e7ar em dire\u00e7\u00e3o ao matadouro. Ent\u00e3o, o devemos fazer para lutar? Fazer o que fazemos melhor. Escrever, escrever e escrever ainda mais. Fa\u00e7amos da caneta a nossa espada agu\u00e7ada. Divulguemos o que est\u00e1 mal, apoiemos causas que visem restaurar a nossa honra, escrevamos sem receios de retalia\u00e7\u00e3o. S\u00f3 assim, as coisas come\u00e7ar\u00e3o a mudar. S\u00f3 assim iniciaremos alguma coisa que possa ter consist\u00eancia e permita que se crie uma consci\u00eancia coletiva forte o suficiente para mudar mentalidades, e for\u00e7ar o governo e o regulador a criarem condi\u00e7\u00f5es dignas de apoio ao jornalismo regional.<\/p>\n<p>Colegas de profiss\u00e3o, propriet\u00e1rios de jornais e comuns leitores, todos juntos devemos encarar este desafio como uma miss\u00e3o de restaurar o equil\u00edbrio h\u00e1 muito perdido, altura em que t\u00ednhamos uma imprensa livre, em que t\u00ednhamos informa\u00e7\u00e3o de qualidade e isenta de press\u00f5es. Hoje, infelizmente, temos artigos \u201cmartelados\u201d, artigos \u201cencomendados\u201d e artigos que nos lavam a mente e nos direcionam para os objetivos eleitorais ou mercantilistas, de quem mexe os cordelinhos por detr\u00e1s da cortina.<\/p>\n<p>Esta promiscuidade entre o poder e a imprensa regional corrupta tem de ser tornada publica, tem de sair para a rua e erradicada de uma vez por todas, em nome de milhares de profissionais que honram a sua profiss\u00e3o e que sofrem pelas condi\u00e7\u00f5es de trabalho que t\u00eam, para benef\u00edcio de meia d\u00fazia de corruptos que se impregnaram no sistema.<\/p>\n<p>Ando aqui h\u00e1 quase 30 anos a fazer artigos jornal\u00edsticos, j\u00e1 corri meio mundo e nunca dependi de nenhuma c\u00e2mara para pagar as minhas contas. N\u00e3o vai ser agora que vou mudar, isso vos garanto. E garanto-vos mais uma coisa. Pode a vaca tossir, ou o porco andar de bicicleta, mas este profissional da imprensa regional vai mover montanhas e s\u00f3 vai descansar quando estivermos no rumo de onde nunca dev\u00edamos ter sa\u00eddo h\u00e1 trinta anos. Quem quiser que diga presente. Quem quiser que d\u00ea um passo \u00e0 frente. Garanto-vos que n\u00e3o v\u00e3o ser bonitos os confrontos, mas no fim haveremos de prevalecer, em nome da verdade, da justi\u00e7a e do nosso setor amplamente debilitado.<\/p>","protected":false},"excerpt":{"rendered":"<p>\u00abN\u00e3o h\u00e1, nem pode haver na lei, nenhuma exce\u00e7\u00e3o, para que uma entidade p\u00fablica se substitua \u00e0 imprensa devidamente registada e auditada pelo regulador.\u00bb<\/p>","protected":false},"author":2,"featured_media":157936,"comment_status":"open","ping_status":"closed","sticky":false,"template":"","format":"standard","meta":[],"categories":[11],"tags":[114,365,852,1787,2042,2690,3248,3249],"acf":[],"yoast_head":"<!-- This site is optimized with the Yoast SEO plugin v20.10 - https:\/\/yoast.com\/wordpress\/plugins\/seo\/ -->\n<title>As c\u00e2maras ser\u00e3o o coveiro da imprensa regional - Di\u00e1rio da Lagoa<\/title>\n<meta name=\"description\" content=\"\u00abN\u00e3o h\u00e1, nem pode haver na lei, nenhuma exce\u00e7\u00e3o, para que uma entidade p\u00fablica se substitua \u00e0 imprensa devidamente registada e auditada pelo regulador.\u00bb\" \/>\n<meta name=\"robots\" content=\"index, follow, max-snippet:-1, max-image-preview:large, max-video-preview:-1\" \/>\n<link rel=\"canonical\" href=\"https:\/\/diariodalagoa.pt\/es\/as-camaras-serao-o-coveiro-da-imprensa-regional\/\" \/>\n<meta property=\"og:locale\" content=\"es_ES\" \/>\n<meta property=\"og:type\" content=\"article\" \/>\n<meta property=\"og:title\" content=\"As c\u00e2maras ser\u00e3o o coveiro da imprensa regional - Di\u00e1rio da Lagoa\" \/>\n<meta property=\"og:description\" content=\"\u00abN\u00e3o h\u00e1, nem pode haver na lei, nenhuma exce\u00e7\u00e3o, para que uma entidade p\u00fablica se substitua \u00e0 imprensa devidamente registada e auditada pelo regulador.\u00bb\" \/>\n<meta property=\"og:url\" content=\"https:\/\/diariodalagoa.pt\/es\/as-camaras-serao-o-coveiro-da-imprensa-regional\/\" \/>\n<meta property=\"og:site_name\" content=\"Di\u00e1rio da Lagoa\" \/>\n<meta property=\"article:published_time\" content=\"2025-07-23T21:15:05+00:00\" \/>\n<meta property=\"article:modified_time\" content=\"2025-07-29T11:35:10+00:00\" \/>\n<meta property=\"og:image\" content=\"https:\/\/diariodalagoa.pt\/wp-content\/uploads\/2025\/07\/jose-vieira.png\" \/>\n\t<meta property=\"og:image:width\" content=\"500\" \/>\n\t<meta property=\"og:image:height\" content=\"500\" \/>\n\t<meta property=\"og:image:type\" content=\"image\/png\" \/>\n<meta name=\"author\" content=\"Di\u00e1rio da Lagoa\" \/>\n<meta name=\"twitter:card\" content=\"summary_large_image\" \/>\n<meta name=\"twitter:label1\" content=\"Escrito por\" \/>\n\t<meta name=\"twitter:data1\" content=\"Di\u00e1rio da Lagoa\" \/>\n\t<meta name=\"twitter:label2\" content=\"Tiempo de lectura\" \/>\n\t<meta name=\"twitter:data2\" content=\"8 minutos\" \/>\n<script type=\"application\/ld+json\" class=\"yoast-schema-graph\">{\"@context\":\"https:\/\/schema.org\",\"@graph\":[{\"@type\":\"WebPage\",\"@id\":\"https:\/\/diariodalagoa.pt\/as-camaras-serao-o-coveiro-da-imprensa-regional\/\",\"url\":\"https:\/\/diariodalagoa.pt\/as-camaras-serao-o-coveiro-da-imprensa-regional\/\",\"name\":\"As c\u00e2maras ser\u00e3o o coveiro da imprensa regional - Di\u00e1rio da Lagoa\",\"isPartOf\":{\"@id\":\"https:\/\/diariodalagoa.pt\/#website\"},\"datePublished\":\"2025-07-23T21:15:05+00:00\",\"dateModified\":\"2025-07-29T11:35:10+00:00\",\"author\":{\"@id\":\"https:\/\/diariodalagoa.pt\/#\/schema\/person\/1615a002370e8857b6f972834bc43ece\"},\"description\":\"\u00abN\u00e3o h\u00e1, nem pode haver na lei, nenhuma exce\u00e7\u00e3o, para que uma entidade p\u00fablica se substitua \u00e0 imprensa devidamente registada e auditada pelo regulador.\u00bb\",\"breadcrumb\":{\"@id\":\"https:\/\/diariodalagoa.pt\/as-camaras-serao-o-coveiro-da-imprensa-regional\/#breadcrumb\"},\"inLanguage\":\"es\",\"potentialAction\":[{\"@type\":\"ReadAction\",\"target\":[\"https:\/\/diariodalagoa.pt\/as-camaras-serao-o-coveiro-da-imprensa-regional\/\"]}]},{\"@type\":\"BreadcrumbList\",\"@id\":\"https:\/\/diariodalagoa.pt\/as-camaras-serao-o-coveiro-da-imprensa-regional\/#breadcrumb\",\"itemListElement\":[{\"@type\":\"ListItem\",\"position\":1,\"name\":\"In\u00edcio\",\"item\":\"https:\/\/diariodalagoa.pt\/\"},{\"@type\":\"ListItem\",\"position\":2,\"name\":\"As c\u00e2maras ser\u00e3o o coveiro da imprensa regional\"}]},{\"@type\":\"WebSite\",\"@id\":\"https:\/\/diariodalagoa.pt\/#website\",\"url\":\"https:\/\/diariodalagoa.pt\/\",\"name\":\"Di\u00e1rio da Lagoa\",\"description\":\"Di\u00e1rio da Lagoa. As not\u00edcias que contam. A partir da Lagoa, nos A\u00e7ores, para o mundo.\",\"potentialAction\":[{\"@type\":\"SearchAction\",\"target\":{\"@type\":\"EntryPoint\",\"urlTemplate\":\"https:\/\/diariodalagoa.pt\/?s={search_term_string}\"},\"query-input\":\"required name=search_term_string\"}],\"inLanguage\":\"es\"},{\"@type\":\"Person\",\"@id\":\"https:\/\/diariodalagoa.pt\/#\/schema\/person\/1615a002370e8857b6f972834bc43ece\",\"name\":\"Di\u00e1rio da Lagoa\",\"image\":{\"@type\":\"ImageObject\",\"inLanguage\":\"es\",\"@id\":\"https:\/\/diariodalagoa.pt\/#\/schema\/person\/image\/\",\"url\":\"https:\/\/secure.gravatar.com\/avatar\/2cb5cef90a26f8fbd4d9d930608102c5?s=96&d=mm&r=g\",\"contentUrl\":\"https:\/\/secure.gravatar.com\/avatar\/2cb5cef90a26f8fbd4d9d930608102c5?s=96&d=mm&r=g\",\"caption\":\"Di\u00e1rio da Lagoa\"},\"url\":\"https:\/\/diariodalagoa.pt\/es\/author\/diariodalagoa\/\"}]}<\/script>\n<!-- \/ Yoast SEO plugin. -->","yoast_head_json":{"title":"As c\u00e2maras ser\u00e3o o coveiro da imprensa regional - Di\u00e1rio da Lagoa","description":"\u00abN\u00e3o h\u00e1, nem pode haver na lei, nenhuma exce\u00e7\u00e3o, para que uma entidade p\u00fablica se substitua \u00e0 imprensa devidamente registada e auditada pelo regulador.\u00bb","robots":{"index":"index","follow":"follow","max-snippet":"max-snippet:-1","max-image-preview":"max-image-preview:large","max-video-preview":"max-video-preview:-1"},"canonical":"https:\/\/diariodalagoa.pt\/es\/as-camaras-serao-o-coveiro-da-imprensa-regional\/","og_locale":"es_ES","og_type":"article","og_title":"As c\u00e2maras ser\u00e3o o coveiro da imprensa regional - Di\u00e1rio da Lagoa","og_description":"\u00abN\u00e3o h\u00e1, nem pode haver na lei, nenhuma exce\u00e7\u00e3o, para que uma entidade p\u00fablica se substitua \u00e0 imprensa devidamente registada e auditada pelo regulador.\u00bb","og_url":"https:\/\/diariodalagoa.pt\/es\/as-camaras-serao-o-coveiro-da-imprensa-regional\/","og_site_name":"Di\u00e1rio da Lagoa","article_published_time":"2025-07-23T21:15:05+00:00","article_modified_time":"2025-07-29T11:35:10+00:00","og_image":[{"width":500,"height":500,"url":"https:\/\/diariodalagoa.pt\/wp-content\/uploads\/2025\/07\/jose-vieira.png","type":"image\/png"}],"author":"Di\u00e1rio da Lagoa","twitter_card":"summary_large_image","twitter_misc":{"Escrito por":"Di\u00e1rio da Lagoa","Tiempo de lectura":"8 minutos"},"schema":{"@context":"https:\/\/schema.org","@graph":[{"@type":"WebPage","@id":"https:\/\/diariodalagoa.pt\/as-camaras-serao-o-coveiro-da-imprensa-regional\/","url":"https:\/\/diariodalagoa.pt\/as-camaras-serao-o-coveiro-da-imprensa-regional\/","name":"As c\u00e2maras ser\u00e3o o coveiro da imprensa regional - Di\u00e1rio da Lagoa","isPartOf":{"@id":"https:\/\/diariodalagoa.pt\/#website"},"datePublished":"2025-07-23T21:15:05+00:00","dateModified":"2025-07-29T11:35:10+00:00","author":{"@id":"https:\/\/diariodalagoa.pt\/#\/schema\/person\/1615a002370e8857b6f972834bc43ece"},"description":"\u00abN\u00e3o h\u00e1, nem pode haver na lei, nenhuma exce\u00e7\u00e3o, para que uma entidade p\u00fablica se substitua \u00e0 imprensa devidamente registada e auditada pelo regulador.\u00bb","breadcrumb":{"@id":"https:\/\/diariodalagoa.pt\/as-camaras-serao-o-coveiro-da-imprensa-regional\/#breadcrumb"},"inLanguage":"es","potentialAction":[{"@type":"ReadAction","target":["https:\/\/diariodalagoa.pt\/as-camaras-serao-o-coveiro-da-imprensa-regional\/"]}]},{"@type":"BreadcrumbList","@id":"https:\/\/diariodalagoa.pt\/as-camaras-serao-o-coveiro-da-imprensa-regional\/#breadcrumb","itemListElement":[{"@type":"ListItem","position":1,"name":"In\u00edcio","item":"https:\/\/diariodalagoa.pt\/"},{"@type":"ListItem","position":2,"name":"As c\u00e2maras ser\u00e3o o coveiro da imprensa regional"}]},{"@type":"WebSite","@id":"https:\/\/diariodalagoa.pt\/#website","url":"https:\/\/diariodalagoa.pt\/","name":"Di\u00e1rio da Lagoa","description":"Di\u00e1rio da Lagoa. As not\u00edcias que contam. A partir da Lagoa, nos A\u00e7ores, para o mundo.","potentialAction":[{"@type":"SearchAction","target":{"@type":"EntryPoint","urlTemplate":"https:\/\/diariodalagoa.pt\/?s={search_term_string}"},"query-input":"required name=search_term_string"}],"inLanguage":"es"},{"@type":"Person","@id":"https:\/\/diariodalagoa.pt\/#\/schema\/person\/1615a002370e8857b6f972834bc43ece","name":"Di\u00e1rio da Lagoa","image":{"@type":"ImageObject","inLanguage":"es","@id":"https:\/\/diariodalagoa.pt\/#\/schema\/person\/image\/","url":"https:\/\/secure.gravatar.com\/avatar\/2cb5cef90a26f8fbd4d9d930608102c5?s=96&d=mm&r=g","contentUrl":"https:\/\/secure.gravatar.com\/avatar\/2cb5cef90a26f8fbd4d9d930608102c5?s=96&d=mm&r=g","caption":"Di\u00e1rio da Lagoa"},"url":"https:\/\/diariodalagoa.pt\/es\/author\/diariodalagoa\/"}]}},"_links":{"self":[{"href":"https:\/\/diariodalagoa.pt\/es\/wp-json\/wp\/v2\/posts\/157934"}],"collection":[{"href":"https:\/\/diariodalagoa.pt\/es\/wp-json\/wp\/v2\/posts"}],"about":[{"href":"https:\/\/diariodalagoa.pt\/es\/wp-json\/wp\/v2\/types\/post"}],"author":[{"embeddable":true,"href":"https:\/\/diariodalagoa.pt\/es\/wp-json\/wp\/v2\/users\/2"}],"replies":[{"embeddable":true,"href":"https:\/\/diariodalagoa.pt\/es\/wp-json\/wp\/v2\/comments?post=157934"}],"version-history":[{"count":9,"href":"https:\/\/diariodalagoa.pt\/es\/wp-json\/wp\/v2\/posts\/157934\/revisions"}],"predecessor-version":[{"id":157950,"href":"https:\/\/diariodalagoa.pt\/es\/wp-json\/wp\/v2\/posts\/157934\/revisions\/157950"}],"wp:featuredmedia":[{"embeddable":true,"href":"https:\/\/diariodalagoa.pt\/es\/wp-json\/wp\/v2\/media\/157936"}],"wp:attachment":[{"href":"https:\/\/diariodalagoa.pt\/es\/wp-json\/wp\/v2\/media?parent=157934"}],"wp:term":[{"taxonomy":"category","embeddable":true,"href":"https:\/\/diariodalagoa.pt\/es\/wp-json\/wp\/v2\/categories?post=157934"},{"taxonomy":"post_tag","embeddable":true,"href":"https:\/\/diariodalagoa.pt\/es\/wp-json\/wp\/v2\/tags?post=157934"}],"curies":[{"name":"wp","href":"https:\/\/api.w.org\/{rel}","templated":true}]}}