{"id":157515,"date":"2025-07-08T11:10:31","date_gmt":"2025-07-08T11:10:31","guid":{"rendered":"https:\/\/diariodalagoa.pt\/?p=157515"},"modified":"2025-07-08T11:12:59","modified_gmt":"2025-07-08T11:12:59","slug":"mae-e-filha-democracia-e-autonomia","status":"publish","type":"post","link":"https:\/\/diariodalagoa.pt\/es\/mae-e-filha-democracia-e-autonomia\/","title":{"rendered":"M\u00e3e e filha: democracia e autonomia"},"content":{"rendered":"<div class=\"wp-block-image is-style-rounded\">\n<figure class=\"aligncenter size-full is-resized\"><img decoding=\"async\" src=\"https:\/\/diariodalagoa.pt\/wp-content\/uploads\/2023\/07\/maria-chaves-martins-retrato.jpg\" alt=\"\" class=\"wp-image-126709\" width=\"381\" height=\"381\" srcset=\"https:\/\/diariodalagoa.pt\/wp-content\/uploads\/2023\/07\/maria-chaves-martins-retrato.jpg 960w, https:\/\/diariodalagoa.pt\/wp-content\/uploads\/2023\/07\/maria-chaves-martins-retrato-300x300.jpg 300w, https:\/\/diariodalagoa.pt\/wp-content\/uploads\/2023\/07\/maria-chaves-martins-retrato-150x150.jpg 150w, https:\/\/diariodalagoa.pt\/wp-content\/uploads\/2023\/07\/maria-chaves-martins-retrato-768x768.jpg 768w, https:\/\/diariodalagoa.pt\/wp-content\/uploads\/2023\/07\/maria-chaves-martins-retrato-12x12.jpg 12w\" sizes=\"(max-width: 381px) 100vw, 381px\" \/><\/figure><\/div>\n\n\n<div style=\"height:25px\" aria-hidden=\"true\" class=\"wp-block-spacer\"><\/div>\n\n\n<p style=\"text-align: center;\"><strong>Maria Chaves Martins<\/strong><\/p>\n\n\n<div style=\"height:25px\" aria-hidden=\"true\" class=\"wp-block-spacer\"><\/div>\n\n\n<p style=\"text-align: left;\">Volvido cerca de meio s\u00e9culo do 25 de Abril, da aprova\u00e7\u00e3o da Constitui\u00e7\u00e3o e do Estatuto dos A\u00e7ores, que ergueram a democracia e a autonomia, ambas enfrentam desafios produto desta \u00e9poca de metamorfose social.<\/p>\n<p>Vivemos uma conjuntura de r\u00e1pida muta\u00e7\u00e3o fruto de uma s\u00e9rie de choques: impactes econ\u00f3micos abruptos; altera\u00e7\u00f5es clim\u00e1ticas; epidemias e pandemias; a\u00e7\u00f5es b\u00e9licas&#8230; E a democracia evidencia as suas fragilidades quando confrontada com essa sucess\u00e3o de eventos agudos.\u00a0\u00a0<\/p>\n<p>Quando se vive num c\u00edrculo vicioso de problem\u00e1ticas que se adensam, \u00e9 gerado um sentimento de desconfian\u00e7a em rela\u00e7\u00e3o ao modelo pol\u00edtico institu\u00eddo: a pol\u00edtica n\u00e3o responde \u00e0s urg\u00eancias sociais e estamos em decesso.<\/p>\n<p style=\"text-align: left;\">\u00c9 esse o momento de agir e renovar a democracia, para refor\u00e7ar a autonomia.\u00a0\u00a0<\/p>\n<p style=\"text-align: left;\">A efetiva\u00e7\u00e3o dos direitos fundamentais &#8211; liberdade, a igualdade e a justi\u00e7a &#8211; est\u00e1 associada \u00e0 democracia conquistada pelo povo.\u00a0<\/p>\n<p>Por outro lado, a autonomia \u00e9 produto da sociedade democr\u00e1tica respons\u00e1vel e alicer\u00e7ada na efetiva participa\u00e7\u00e3o de \u201ctodos, todos, todos\u201d, atrav\u00e9s do di\u00e1logo livre e inclusivo nas decis\u00f5es.\u00a0\u00a0<\/p>\n<p>A democracia \u00e9 fulcral \u00e0 autonomia: oferece o espa\u00e7o e as ferramentas para que os cidad\u00e3os, no exerc\u00edcio da autonomia, tomem decis\u00f5es livres e esclarecidas sobre a sua pr\u00f3pria vida e organiza\u00e7\u00e3o.\u00a0\u00a0<\/p>\n<p>A participa\u00e7\u00e3o ativa na tomada de decis\u00f5es robustece a democracia e a autonomia, sob pena de perder-se o poder de decidir.\u00a0\u00a0\u00a0<\/p>\n<p>\u00c9 atrav\u00e9s da autonomia que a sociedade realiza o projeto de valoriza\u00e7\u00e3o social alicer\u00e7ado na igualdade e liberdade, e \u00e9 atrav\u00e9s da democracia que a sociedade legitima o poder pol\u00edtico-institucional, exigindo que os governantes sejam respons\u00e1veis, evitando abusos de poder e decis\u00f5es arbitr\u00e1rias.<\/p>\n<p>Contudo, h\u00e1 momentos em que a autonomia \u00e9 silenciada e a democracia eclipsada.\u00a0<\/p>\n<p>A escolha da sociedade sobre o projeto que deve ser institu\u00eddo decorre da perce\u00e7\u00e3o de presente e futuro que se quer alterar.\u00a0Por isso, a crise da autonomia e da democracia \u00e9, no fundo, a crise da capacidade de criar e recriar a sociedade que concebemos.\u00a0<\/p>\n<p>Em democracia, a autonomia passa pela igualdade, liberdade e justi\u00e7a social, e isto deve imunizar-nos contra v\u00edrus de laborat\u00f3rios autorit\u00e1rios que infetam a democracia.<\/p>\n<p>A democracia n\u00e3o deve ser vista como um sistema, mas compreendida como cria\u00e7\u00e3o humana, em que o povo pode fazer toda e qualquer coisa, precisando saber que n\u00e3o deve fazer toda e qualquer coisa, sob pena de ferir de morte a democracia e lesar a autonomia.<\/p>\n<p>A subvers\u00e3o da democracia pode ocorrer atrav\u00e9s do processo eleitoral, de atos legislativos que enfraquecem as institui\u00e7\u00f5es e revis\u00f5es constitucionais em momentos de crise.\u00a0\u00a0<\/p>\n<p>A corros\u00e3o democr\u00e1tica \u00e9 quase impercet\u00edvel \u00e0 maioria, dificultando o alarme social, sobretudo porque os mecanismos desta s\u00e3o, subtilmente, utilizados para a desmantelar.\u00a0<\/p>\n<p>A democracia e a autonomia s\u00e3o obras inacabadas que exigem vigil\u00e2ncia.<\/p>\n<p>Defender a democracia \u00e9 fortalecer a autonomia; valorizar a autonomia \u00e9 proteger a democracia. \u00a0<\/p>","protected":false},"excerpt":{"rendered":"<p>\u00abEm democracia, a autonomia passa pela igualdade, liberdade e justi\u00e7a social, e isto deve imunizar-nos contra v\u00edrus de laborat\u00f3rios autorit\u00e1rios que infetam a democracia.\u00bb<\/p>","protected":false},"author":2,"featured_media":109869,"comment_status":"open","ping_status":"closed","sticky":false,"template":"","format":"standard","meta":[],"categories":[11],"tags":[114,133,1222,3147],"acf":[],"yoast_head":"<!-- This site is optimized with the Yoast SEO plugin v20.10 - https:\/\/yoast.com\/wordpress\/plugins\/seo\/ -->\n<title>M\u00e3e e filha: democracia e autonomia - Di\u00e1rio da Lagoa<\/title>\n<meta name=\"description\" content=\"\u00abEm democracia, a autonomia passa pela igualdade, liberdade e justi\u00e7a social, e isto deve imunizar-nos contra v\u00edrus de laborat\u00f3rios autorit\u00e1rios que infetam a democracia.\u00bb\" \/>\n<meta name=\"robots\" content=\"index, follow, max-snippet:-1, max-image-preview:large, max-video-preview:-1\" \/>\n<link rel=\"canonical\" href=\"https:\/\/diariodalagoa.pt\/es\/mae-e-filha-democracia-e-autonomia\/\" \/>\n<meta property=\"og:locale\" content=\"es_ES\" \/>\n<meta property=\"og:type\" content=\"article\" \/>\n<meta property=\"og:title\" content=\"M\u00e3e e filha: democracia e autonomia - Di\u00e1rio da Lagoa\" \/>\n<meta property=\"og:description\" content=\"\u00abEm democracia, a autonomia passa pela igualdade, liberdade e justi\u00e7a social, e isto deve imunizar-nos contra v\u00edrus de laborat\u00f3rios autorit\u00e1rios que infetam a democracia.\u00bb\" \/>\n<meta property=\"og:url\" content=\"https:\/\/diariodalagoa.pt\/es\/mae-e-filha-democracia-e-autonomia\/\" \/>\n<meta property=\"og:site_name\" content=\"Di\u00e1rio da Lagoa\" \/>\n<meta property=\"article:published_time\" content=\"2025-07-08T11:10:31+00:00\" \/>\n<meta property=\"article:modified_time\" content=\"2025-07-08T11:12:59+00:00\" \/>\n<meta property=\"og:image\" content=\"https:\/\/diariodalagoa.pt\/wp-content\/uploads\/2022\/07\/maria-martins-1-dl.jpg\" \/>\n\t<meta property=\"og:image:width\" content=\"960\" \/>\n\t<meta property=\"og:image:height\" content=\"720\" \/>\n\t<meta property=\"og:image:type\" content=\"image\/jpeg\" \/>\n<meta name=\"author\" content=\"Di\u00e1rio da Lagoa\" \/>\n<meta name=\"twitter:card\" content=\"summary_large_image\" \/>\n<meta name=\"twitter:label1\" content=\"Escrito por\" \/>\n\t<meta name=\"twitter:data1\" content=\"Di\u00e1rio da Lagoa\" \/>\n\t<meta name=\"twitter:label2\" content=\"Tiempo de lectura\" \/>\n\t<meta name=\"twitter:data2\" content=\"3 minutos\" \/>\n<script type=\"application\/ld+json\" class=\"yoast-schema-graph\">{\"@context\":\"https:\/\/schema.org\",\"@graph\":[{\"@type\":\"WebPage\",\"@id\":\"https:\/\/diariodalagoa.pt\/mae-e-filha-democracia-e-autonomia\/\",\"url\":\"https:\/\/diariodalagoa.pt\/mae-e-filha-democracia-e-autonomia\/\",\"name\":\"M\u00e3e e filha: democracia e autonomia - Di\u00e1rio da Lagoa\",\"isPartOf\":{\"@id\":\"https:\/\/diariodalagoa.pt\/#website\"},\"datePublished\":\"2025-07-08T11:10:31+00:00\",\"dateModified\":\"2025-07-08T11:12:59+00:00\",\"author\":{\"@id\":\"https:\/\/diariodalagoa.pt\/#\/schema\/person\/1615a002370e8857b6f972834bc43ece\"},\"description\":\"\u00abEm democracia, a autonomia passa pela igualdade, liberdade e justi\u00e7a social, e isto deve imunizar-nos contra v\u00edrus de laborat\u00f3rios autorit\u00e1rios que infetam a democracia.\u00bb\",\"breadcrumb\":{\"@id\":\"https:\/\/diariodalagoa.pt\/mae-e-filha-democracia-e-autonomia\/#breadcrumb\"},\"inLanguage\":\"es\",\"potentialAction\":[{\"@type\":\"ReadAction\",\"target\":[\"https:\/\/diariodalagoa.pt\/mae-e-filha-democracia-e-autonomia\/\"]}]},{\"@type\":\"BreadcrumbList\",\"@id\":\"https:\/\/diariodalagoa.pt\/mae-e-filha-democracia-e-autonomia\/#breadcrumb\",\"itemListElement\":[{\"@type\":\"ListItem\",\"position\":1,\"name\":\"In\u00edcio\",\"item\":\"https:\/\/diariodalagoa.pt\/\"},{\"@type\":\"ListItem\",\"position\":2,\"name\":\"M\u00e3e e filha: democracia e autonomia\"}]},{\"@type\":\"WebSite\",\"@id\":\"https:\/\/diariodalagoa.pt\/#website\",\"url\":\"https:\/\/diariodalagoa.pt\/\",\"name\":\"Di\u00e1rio da Lagoa\",\"description\":\"Di\u00e1rio da Lagoa. As not\u00edcias que contam. A partir da Lagoa, nos A\u00e7ores, para o mundo.\",\"potentialAction\":[{\"@type\":\"SearchAction\",\"target\":{\"@type\":\"EntryPoint\",\"urlTemplate\":\"https:\/\/diariodalagoa.pt\/?s={search_term_string}\"},\"query-input\":\"required name=search_term_string\"}],\"inLanguage\":\"es\"},{\"@type\":\"Person\",\"@id\":\"https:\/\/diariodalagoa.pt\/#\/schema\/person\/1615a002370e8857b6f972834bc43ece\",\"name\":\"Di\u00e1rio da Lagoa\",\"image\":{\"@type\":\"ImageObject\",\"inLanguage\":\"es\",\"@id\":\"https:\/\/diariodalagoa.pt\/#\/schema\/person\/image\/\",\"url\":\"https:\/\/secure.gravatar.com\/avatar\/2cb5cef90a26f8fbd4d9d930608102c5?s=96&d=mm&r=g\",\"contentUrl\":\"https:\/\/secure.gravatar.com\/avatar\/2cb5cef90a26f8fbd4d9d930608102c5?s=96&d=mm&r=g\",\"caption\":\"Di\u00e1rio da Lagoa\"},\"url\":\"https:\/\/diariodalagoa.pt\/es\/author\/diariodalagoa\/\"}]}<\/script>\n<!-- \/ Yoast SEO plugin. -->","yoast_head_json":{"title":"M\u00e3e e filha: democracia e autonomia - Di\u00e1rio da Lagoa","description":"\u00abEm democracia, a autonomia passa pela igualdade, liberdade e justi\u00e7a social, e isto deve imunizar-nos contra v\u00edrus de laborat\u00f3rios autorit\u00e1rios que infetam a democracia.\u00bb","robots":{"index":"index","follow":"follow","max-snippet":"max-snippet:-1","max-image-preview":"max-image-preview:large","max-video-preview":"max-video-preview:-1"},"canonical":"https:\/\/diariodalagoa.pt\/es\/mae-e-filha-democracia-e-autonomia\/","og_locale":"es_ES","og_type":"article","og_title":"M\u00e3e e filha: democracia e autonomia - Di\u00e1rio da Lagoa","og_description":"\u00abEm democracia, a autonomia passa pela igualdade, liberdade e justi\u00e7a social, e isto deve imunizar-nos contra v\u00edrus de laborat\u00f3rios autorit\u00e1rios que infetam a democracia.\u00bb","og_url":"https:\/\/diariodalagoa.pt\/es\/mae-e-filha-democracia-e-autonomia\/","og_site_name":"Di\u00e1rio da Lagoa","article_published_time":"2025-07-08T11:10:31+00:00","article_modified_time":"2025-07-08T11:12:59+00:00","og_image":[{"width":960,"height":720,"url":"https:\/\/diariodalagoa.pt\/wp-content\/uploads\/2022\/07\/maria-martins-1-dl.jpg","type":"image\/jpeg"}],"author":"Di\u00e1rio da Lagoa","twitter_card":"summary_large_image","twitter_misc":{"Escrito por":"Di\u00e1rio da Lagoa","Tiempo de lectura":"3 minutos"},"schema":{"@context":"https:\/\/schema.org","@graph":[{"@type":"WebPage","@id":"https:\/\/diariodalagoa.pt\/mae-e-filha-democracia-e-autonomia\/","url":"https:\/\/diariodalagoa.pt\/mae-e-filha-democracia-e-autonomia\/","name":"M\u00e3e e filha: democracia e autonomia - Di\u00e1rio da Lagoa","isPartOf":{"@id":"https:\/\/diariodalagoa.pt\/#website"},"datePublished":"2025-07-08T11:10:31+00:00","dateModified":"2025-07-08T11:12:59+00:00","author":{"@id":"https:\/\/diariodalagoa.pt\/#\/schema\/person\/1615a002370e8857b6f972834bc43ece"},"description":"\u00abEm democracia, a autonomia passa pela igualdade, liberdade e justi\u00e7a social, e isto deve imunizar-nos contra v\u00edrus de laborat\u00f3rios autorit\u00e1rios que infetam a democracia.\u00bb","breadcrumb":{"@id":"https:\/\/diariodalagoa.pt\/mae-e-filha-democracia-e-autonomia\/#breadcrumb"},"inLanguage":"es","potentialAction":[{"@type":"ReadAction","target":["https:\/\/diariodalagoa.pt\/mae-e-filha-democracia-e-autonomia\/"]}]},{"@type":"BreadcrumbList","@id":"https:\/\/diariodalagoa.pt\/mae-e-filha-democracia-e-autonomia\/#breadcrumb","itemListElement":[{"@type":"ListItem","position":1,"name":"In\u00edcio","item":"https:\/\/diariodalagoa.pt\/"},{"@type":"ListItem","position":2,"name":"M\u00e3e e filha: democracia e autonomia"}]},{"@type":"WebSite","@id":"https:\/\/diariodalagoa.pt\/#website","url":"https:\/\/diariodalagoa.pt\/","name":"Di\u00e1rio da Lagoa","description":"Di\u00e1rio da Lagoa. As not\u00edcias que contam. A partir da Lagoa, nos A\u00e7ores, para o mundo.","potentialAction":[{"@type":"SearchAction","target":{"@type":"EntryPoint","urlTemplate":"https:\/\/diariodalagoa.pt\/?s={search_term_string}"},"query-input":"required name=search_term_string"}],"inLanguage":"es"},{"@type":"Person","@id":"https:\/\/diariodalagoa.pt\/#\/schema\/person\/1615a002370e8857b6f972834bc43ece","name":"Di\u00e1rio da Lagoa","image":{"@type":"ImageObject","inLanguage":"es","@id":"https:\/\/diariodalagoa.pt\/#\/schema\/person\/image\/","url":"https:\/\/secure.gravatar.com\/avatar\/2cb5cef90a26f8fbd4d9d930608102c5?s=96&d=mm&r=g","contentUrl":"https:\/\/secure.gravatar.com\/avatar\/2cb5cef90a26f8fbd4d9d930608102c5?s=96&d=mm&r=g","caption":"Di\u00e1rio da Lagoa"},"url":"https:\/\/diariodalagoa.pt\/es\/author\/diariodalagoa\/"}]}},"_links":{"self":[{"href":"https:\/\/diariodalagoa.pt\/es\/wp-json\/wp\/v2\/posts\/157515"}],"collection":[{"href":"https:\/\/diariodalagoa.pt\/es\/wp-json\/wp\/v2\/posts"}],"about":[{"href":"https:\/\/diariodalagoa.pt\/es\/wp-json\/wp\/v2\/types\/post"}],"author":[{"embeddable":true,"href":"https:\/\/diariodalagoa.pt\/es\/wp-json\/wp\/v2\/users\/2"}],"replies":[{"embeddable":true,"href":"https:\/\/diariodalagoa.pt\/es\/wp-json\/wp\/v2\/comments?post=157515"}],"version-history":[{"count":2,"href":"https:\/\/diariodalagoa.pt\/es\/wp-json\/wp\/v2\/posts\/157515\/revisions"}],"predecessor-version":[{"id":157517,"href":"https:\/\/diariodalagoa.pt\/es\/wp-json\/wp\/v2\/posts\/157515\/revisions\/157517"}],"wp:featuredmedia":[{"embeddable":true,"href":"https:\/\/diariodalagoa.pt\/es\/wp-json\/wp\/v2\/media\/109869"}],"wp:attachment":[{"href":"https:\/\/diariodalagoa.pt\/es\/wp-json\/wp\/v2\/media?parent=157515"}],"wp:term":[{"taxonomy":"category","embeddable":true,"href":"https:\/\/diariodalagoa.pt\/es\/wp-json\/wp\/v2\/categories?post=157515"},{"taxonomy":"post_tag","embeddable":true,"href":"https:\/\/diariodalagoa.pt\/es\/wp-json\/wp\/v2\/tags?post=157515"}],"curies":[{"name":"wp","href":"https:\/\/api.w.org\/{rel}","templated":true}]}}