{"id":157476,"date":"2025-07-05T11:20:00","date_gmt":"2025-07-05T11:20:00","guid":{"rendered":"https:\/\/diariodalagoa.pt\/?p=157476"},"modified":"2025-09-27T21:50:06","modified_gmt":"2025-09-27T21:50:06","slug":"cronica-de-um-licenciado","status":"publish","type":"post","link":"https:\/\/diariodalagoa.pt\/es\/cronica-de-um-licenciado\/","title":{"rendered":"Cr\u00f3nica de um Licenciado"},"content":{"rendered":"<div class=\"wp-block-image is-style-rounded\">\n<figure class=\"aligncenter size-full is-resized\"><img decoding=\"async\" src=\"https:\/\/diariodalagoa.pt\/wp-content\/uploads\/2025\/06\/julio-tavares-oliveira-retrato.jpg\" alt=\"\" class=\"wp-image-152512\" width=\"381\" height=\"381\" srcset=\"https:\/\/diariodalagoa.pt\/wp-content\/uploads\/2025\/06\/julio-tavares-oliveira-retrato.jpg 620w, https:\/\/diariodalagoa.pt\/wp-content\/uploads\/2025\/06\/julio-tavares-oliveira-retrato-300x300.jpg 300w, https:\/\/diariodalagoa.pt\/wp-content\/uploads\/2025\/06\/julio-tavares-oliveira-retrato-150x150.jpg 150w, https:\/\/diariodalagoa.pt\/wp-content\/uploads\/2025\/06\/julio-tavares-oliveira-retrato-12x12.jpg 12w\" sizes=\"(max-width: 381px) 100vw, 381px\" \/><\/figure><\/div>\n\n\n<div style=\"height:25px\" aria-hidden=\"true\" class=\"wp-block-spacer\"><\/div>\n\n\n<p style=\"text-align: center;\"><strong>J\u00falio Tavares Oliveira<\/strong><br \/>Professor de PLNM<br \/>Licenciado em Estudos Portugueses e Ingleses<br \/>P\u00f3s-Graduado em Portugu\u00eas L\u00edngua N\u00e3o Materna<\/p>\n\n\n<div style=\"height:25px\" aria-hidden=\"true\" class=\"wp-block-spacer\"><\/div>\n\n\n<p style=\"text-align: left;\" align=\"JUSTIFY\">A Licenciatura. Esse grau, do esp\u00edrito e da valentia, da virtude e da honra, que nos deveria meter num local de orgulho e lisonja, nos catapultar para o estrelato dos deuses, para o Olimpo do &#8220;grande&#8221; conhecimento acad\u00e9mico. Ou para o primeiro degrau, aceit\u00e1vel, do Olimpo dos deuses, do qual o \u00faltimo talvez seria um conhecimento acima da m\u00e9dia para mediana intelig\u00eancia dos homens &#8220;banais&#8221;.<\/p>\n<p style=\"text-align: left;\" align=\"JUSTIFY\">Faz um ano que me Licenciei, mas nos \u00faltimos anos, passei todos os Bojadores, os Mostrengos e as Boas Esperan\u00e7as. As Tormentas, assim, renomeadas em Boas Esperan\u00e7as que, sem f\u00e9, se renomearam, de novo, em Tormentas e, de novo, em Boas Esperan\u00e7as. Fui, eu mesmo, Vasco da Gama; fui um Infante sem vento que me soprasse as velas apagadas, sem mar que me valesse para o casco fr\u00e1gil da vontade de continuar seguindo na turbul\u00eancia dos dias e dos acontecimentos e da aus\u00eancia.<\/p>\n<p style=\"text-align: left;\" align=\"JUSTIFY\">Li livros, escrevi outros; rascunhei, fiz exames, frequ\u00eancias \u00e0s v\u00e1rias dezenas e dezenas, ansiei saber mais do que soube; menos do que sabia e, tantas vezes, percebi que sabia menos do que pensava saber. Ou, \u00e0s vezes, que saber muito s\u00f3 me fazia mal \u00e0 cabe\u00e7a, tamb\u00e9m. A Licenciatura, em qualquer curso, n\u00e3o \u00e9 um grau, \u00e9 um degrau &#8211; e podemos trope\u00e7ar nele, se n\u00e3o formos bons e humildes o suficiente para n\u00e3o enxergar o degrau no tamanho do seu tamanho.<\/p>\n<p style=\"text-align: left;\" align=\"JUSTIFY\">Sou, hoje, licenciado, certo, mas sem esquecer, hoje tamb\u00e9m, que o que fica das nossas maiores conquistas s\u00e3o as nossas maiores derrotas. As derrotas fazem, fizeram a pessoa que sou hoje. A ansiedade, a nervosura imensa de um dia passado a contar as horas lentas, tantas vezes, fez com que nada, j\u00e1, me assuste de morte.<\/p>\n<p style=\"text-align: left;\" align=\"JUSTIFY\">A licenciatura n\u00e3o \u00e9, assim, um relevo de superioridade, nem um superlativo. A licenciatura \u00e9 um (de)grau que nos capacita, d\u00e1 licen\u00e7a, ao trabalho numa \u00e1rea, mas, e isso garanto, n\u00e3o nos torna melhores pessoas, nem mais humanos do que ningu\u00e9m. N\u00e3o \u00e9 a credencia\u00e7\u00e3o que nos d\u00e1 mais lustro ou brilho; \u00e9 o nosso imenso cora\u00e7\u00e3o. \u00c9 a maneira como agimos, diariamente, perante as adversidades, perante o nosso irm\u00e3o, que faz toda a diferen\u00e7a.<\/p>\n<p style=\"text-align: left;\" align=\"JUSTIFY\">Os &#8220;envernizados&#8221; pelos cr\u00e9ditos do conhecimento, assim se dizem, podem seguir sozinhos. Eu seguirei o mesmo, seja quando for: o J\u00falio, sempre igual a mim mesmo, sem honras, sem pompas, sem festas, nem roqueiras. E eu sugiro, leitores, que fa\u00e7am o mesmo. N\u00e3o se deslumbrem. A vida \u00e9 t\u00e3o pequena, t\u00e3o fr\u00e1gil, t\u00e3o inconsequente, para nos distrairmos com pequenas coisas materiais que, afinal de contas, n\u00e3o nos adiar\u00e3o a morte nem, tampouco, prolongar\u00e3o a nossa vida junto dos nossos amigos.<\/p>\n<p style=\"text-align: left;\" align=\"JUSTIFY\">O conhecimento \u00e9 fundamental, sim. Os graus tamb\u00e9m. A educa\u00e7\u00e3o \u00e9 a base da sociedade. Mas nem tudo, nem todos, s\u00e3o frutos da mesma \u00e1rvore. Da minha parte, s\u00f3 quero que a boa pessoa dentro de mim se revele hoje e sempre. Que a crian\u00e7a que eu fui nunca se desiluda da pessoa que eu sou hoje.<\/p>","protected":false},"excerpt":{"rendered":"<p>&#8220;A licenciatura n\u00e3o \u00e9, assim, um relevo de superioridade, nem um superlativo. A licenciatura \u00e9 um (de)grau que nos capacita, (&#8230;), mas, e isso garanto, n\u00e3o nos torna melhores pessoas, nem mais humanos do que ningu\u00e9m.&#8221;<\/p>","protected":false},"author":2,"featured_media":152513,"comment_status":"open","ping_status":"closed","sticky":false,"template":"","format":"standard","meta":[],"categories":[11],"tags":[79,193,460,2150,3135],"acf":[],"yoast_head":"<!-- This site is optimized with the Yoast SEO plugin v20.10 - https:\/\/yoast.com\/wordpress\/plugins\/seo\/ -->\n<title>Cr\u00f3nica de um Licenciado - Di\u00e1rio da Lagoa<\/title>\n<meta name=\"description\" content=\"&quot;A licenciatura n\u00e3o \u00e9, assim, um relevo de superioridade, nem um superlativo. A licenciatura \u00e9 um (de)grau que nos capacita, d\u00e1 licen\u00e7a, ao trabalho numa \u00e1rea, mas, e isso garanto, n\u00e3o nos torna melhores pessoas, nem mais humanos do que ningu\u00e9m.&quot;\" \/>\n<meta name=\"robots\" content=\"index, follow, max-snippet:-1, max-image-preview:large, max-video-preview:-1\" \/>\n<link rel=\"canonical\" href=\"https:\/\/diariodalagoa.pt\/es\/cronica-de-um-licenciado\/\" \/>\n<meta property=\"og:locale\" content=\"es_ES\" \/>\n<meta property=\"og:type\" content=\"article\" \/>\n<meta property=\"og:title\" content=\"Cr\u00f3nica de um Licenciado - Di\u00e1rio da Lagoa\" \/>\n<meta property=\"og:description\" content=\"&quot;A licenciatura n\u00e3o \u00e9, assim, um relevo de superioridade, nem um superlativo. A licenciatura \u00e9 um (de)grau que nos capacita, d\u00e1 licen\u00e7a, ao trabalho numa \u00e1rea, mas, e isso garanto, n\u00e3o nos torna melhores pessoas, nem mais humanos do que ningu\u00e9m.&quot;\" \/>\n<meta property=\"og:url\" content=\"https:\/\/diariodalagoa.pt\/es\/cronica-de-um-licenciado\/\" \/>\n<meta property=\"og:site_name\" content=\"Di\u00e1rio da Lagoa\" \/>\n<meta property=\"article:published_time\" content=\"2025-07-05T11:20:00+00:00\" \/>\n<meta property=\"article:modified_time\" content=\"2025-09-27T21:50:06+00:00\" \/>\n<meta property=\"og:image\" content=\"https:\/\/diariodalagoa.pt\/wp-content\/uploads\/2025\/06\/julio-tavares-oliveira-slide.jpg\" \/>\n\t<meta property=\"og:image:width\" content=\"960\" \/>\n\t<meta property=\"og:image:height\" content=\"750\" \/>\n\t<meta property=\"og:image:type\" content=\"image\/jpeg\" \/>\n<meta name=\"author\" content=\"Di\u00e1rio da Lagoa\" \/>\n<meta name=\"twitter:card\" content=\"summary_large_image\" \/>\n<meta name=\"twitter:label1\" content=\"Escrito por\" \/>\n\t<meta name=\"twitter:data1\" content=\"Di\u00e1rio da Lagoa\" \/>\n\t<meta name=\"twitter:label2\" content=\"Tiempo de lectura\" \/>\n\t<meta name=\"twitter:data2\" content=\"4 minutos\" \/>\n<script type=\"application\/ld+json\" class=\"yoast-schema-graph\">{\"@context\":\"https:\/\/schema.org\",\"@graph\":[{\"@type\":\"WebPage\",\"@id\":\"https:\/\/diariodalagoa.pt\/cronica-de-um-licenciado\/\",\"url\":\"https:\/\/diariodalagoa.pt\/cronica-de-um-licenciado\/\",\"name\":\"Cr\u00f3nica de um Licenciado - Di\u00e1rio da Lagoa\",\"isPartOf\":{\"@id\":\"https:\/\/diariodalagoa.pt\/#website\"},\"datePublished\":\"2025-07-05T11:20:00+00:00\",\"dateModified\":\"2025-09-27T21:50:06+00:00\",\"author\":{\"@id\":\"https:\/\/diariodalagoa.pt\/#\/schema\/person\/1615a002370e8857b6f972834bc43ece\"},\"description\":\"\\\"A licenciatura n\u00e3o \u00e9, assim, um relevo de superioridade, nem um superlativo. A licenciatura \u00e9 um (de)grau que nos capacita, d\u00e1 licen\u00e7a, ao trabalho numa \u00e1rea, mas, e isso garanto, n\u00e3o nos torna melhores pessoas, nem mais humanos do que ningu\u00e9m.\\\"\",\"breadcrumb\":{\"@id\":\"https:\/\/diariodalagoa.pt\/cronica-de-um-licenciado\/#breadcrumb\"},\"inLanguage\":\"es\",\"potentialAction\":[{\"@type\":\"ReadAction\",\"target\":[\"https:\/\/diariodalagoa.pt\/cronica-de-um-licenciado\/\"]}]},{\"@type\":\"BreadcrumbList\",\"@id\":\"https:\/\/diariodalagoa.pt\/cronica-de-um-licenciado\/#breadcrumb\",\"itemListElement\":[{\"@type\":\"ListItem\",\"position\":1,\"name\":\"In\u00edcio\",\"item\":\"https:\/\/diariodalagoa.pt\/\"},{\"@type\":\"ListItem\",\"position\":2,\"name\":\"Cr\u00f3nica de um Licenciado\"}]},{\"@type\":\"WebSite\",\"@id\":\"https:\/\/diariodalagoa.pt\/#website\",\"url\":\"https:\/\/diariodalagoa.pt\/\",\"name\":\"Di\u00e1rio da Lagoa\",\"description\":\"Di\u00e1rio da Lagoa. As not\u00edcias que contam. A partir da Lagoa, nos A\u00e7ores, para o mundo.\",\"potentialAction\":[{\"@type\":\"SearchAction\",\"target\":{\"@type\":\"EntryPoint\",\"urlTemplate\":\"https:\/\/diariodalagoa.pt\/?s={search_term_string}\"},\"query-input\":\"required name=search_term_string\"}],\"inLanguage\":\"es\"},{\"@type\":\"Person\",\"@id\":\"https:\/\/diariodalagoa.pt\/#\/schema\/person\/1615a002370e8857b6f972834bc43ece\",\"name\":\"Di\u00e1rio da Lagoa\",\"image\":{\"@type\":\"ImageObject\",\"inLanguage\":\"es\",\"@id\":\"https:\/\/diariodalagoa.pt\/#\/schema\/person\/image\/\",\"url\":\"https:\/\/secure.gravatar.com\/avatar\/2cb5cef90a26f8fbd4d9d930608102c5?s=96&d=mm&r=g\",\"contentUrl\":\"https:\/\/secure.gravatar.com\/avatar\/2cb5cef90a26f8fbd4d9d930608102c5?s=96&d=mm&r=g\",\"caption\":\"Di\u00e1rio da Lagoa\"},\"url\":\"https:\/\/diariodalagoa.pt\/es\/author\/diariodalagoa\/\"}]}<\/script>\n<!-- \/ Yoast SEO plugin. -->","yoast_head_json":{"title":"Cr\u00f3nica de um Licenciado - Di\u00e1rio da Lagoa","description":"\"A licenciatura n\u00e3o \u00e9, assim, um relevo de superioridade, nem um superlativo. A licenciatura \u00e9 um (de)grau que nos capacita, d\u00e1 licen\u00e7a, ao trabalho numa \u00e1rea, mas, e isso garanto, n\u00e3o nos torna melhores pessoas, nem mais humanos do que ningu\u00e9m.\"","robots":{"index":"index","follow":"follow","max-snippet":"max-snippet:-1","max-image-preview":"max-image-preview:large","max-video-preview":"max-video-preview:-1"},"canonical":"https:\/\/diariodalagoa.pt\/es\/cronica-de-um-licenciado\/","og_locale":"es_ES","og_type":"article","og_title":"Cr\u00f3nica de um Licenciado - Di\u00e1rio da Lagoa","og_description":"\"A licenciatura n\u00e3o \u00e9, assim, um relevo de superioridade, nem um superlativo. A licenciatura \u00e9 um (de)grau que nos capacita, d\u00e1 licen\u00e7a, ao trabalho numa \u00e1rea, mas, e isso garanto, n\u00e3o nos torna melhores pessoas, nem mais humanos do que ningu\u00e9m.\"","og_url":"https:\/\/diariodalagoa.pt\/es\/cronica-de-um-licenciado\/","og_site_name":"Di\u00e1rio da Lagoa","article_published_time":"2025-07-05T11:20:00+00:00","article_modified_time":"2025-09-27T21:50:06+00:00","og_image":[{"width":960,"height":750,"url":"https:\/\/diariodalagoa.pt\/wp-content\/uploads\/2025\/06\/julio-tavares-oliveira-slide.jpg","type":"image\/jpeg"}],"author":"Di\u00e1rio da Lagoa","twitter_card":"summary_large_image","twitter_misc":{"Escrito por":"Di\u00e1rio da Lagoa","Tiempo de lectura":"4 minutos"},"schema":{"@context":"https:\/\/schema.org","@graph":[{"@type":"WebPage","@id":"https:\/\/diariodalagoa.pt\/cronica-de-um-licenciado\/","url":"https:\/\/diariodalagoa.pt\/cronica-de-um-licenciado\/","name":"Cr\u00f3nica de um Licenciado - Di\u00e1rio da Lagoa","isPartOf":{"@id":"https:\/\/diariodalagoa.pt\/#website"},"datePublished":"2025-07-05T11:20:00+00:00","dateModified":"2025-09-27T21:50:06+00:00","author":{"@id":"https:\/\/diariodalagoa.pt\/#\/schema\/person\/1615a002370e8857b6f972834bc43ece"},"description":"\"A licenciatura n\u00e3o \u00e9, assim, um relevo de superioridade, nem um superlativo. A licenciatura \u00e9 um (de)grau que nos capacita, d\u00e1 licen\u00e7a, ao trabalho numa \u00e1rea, mas, e isso garanto, n\u00e3o nos torna melhores pessoas, nem mais humanos do que ningu\u00e9m.\"","breadcrumb":{"@id":"https:\/\/diariodalagoa.pt\/cronica-de-um-licenciado\/#breadcrumb"},"inLanguage":"es","potentialAction":[{"@type":"ReadAction","target":["https:\/\/diariodalagoa.pt\/cronica-de-um-licenciado\/"]}]},{"@type":"BreadcrumbList","@id":"https:\/\/diariodalagoa.pt\/cronica-de-um-licenciado\/#breadcrumb","itemListElement":[{"@type":"ListItem","position":1,"name":"In\u00edcio","item":"https:\/\/diariodalagoa.pt\/"},{"@type":"ListItem","position":2,"name":"Cr\u00f3nica de um Licenciado"}]},{"@type":"WebSite","@id":"https:\/\/diariodalagoa.pt\/#website","url":"https:\/\/diariodalagoa.pt\/","name":"Di\u00e1rio da Lagoa","description":"Di\u00e1rio da Lagoa. As not\u00edcias que contam. A partir da Lagoa, nos A\u00e7ores, para o mundo.","potentialAction":[{"@type":"SearchAction","target":{"@type":"EntryPoint","urlTemplate":"https:\/\/diariodalagoa.pt\/?s={search_term_string}"},"query-input":"required name=search_term_string"}],"inLanguage":"es"},{"@type":"Person","@id":"https:\/\/diariodalagoa.pt\/#\/schema\/person\/1615a002370e8857b6f972834bc43ece","name":"Di\u00e1rio da Lagoa","image":{"@type":"ImageObject","inLanguage":"es","@id":"https:\/\/diariodalagoa.pt\/#\/schema\/person\/image\/","url":"https:\/\/secure.gravatar.com\/avatar\/2cb5cef90a26f8fbd4d9d930608102c5?s=96&d=mm&r=g","contentUrl":"https:\/\/secure.gravatar.com\/avatar\/2cb5cef90a26f8fbd4d9d930608102c5?s=96&d=mm&r=g","caption":"Di\u00e1rio da Lagoa"},"url":"https:\/\/diariodalagoa.pt\/es\/author\/diariodalagoa\/"}]}},"_links":{"self":[{"href":"https:\/\/diariodalagoa.pt\/es\/wp-json\/wp\/v2\/posts\/157476"}],"collection":[{"href":"https:\/\/diariodalagoa.pt\/es\/wp-json\/wp\/v2\/posts"}],"about":[{"href":"https:\/\/diariodalagoa.pt\/es\/wp-json\/wp\/v2\/types\/post"}],"author":[{"embeddable":true,"href":"https:\/\/diariodalagoa.pt\/es\/wp-json\/wp\/v2\/users\/2"}],"replies":[{"embeddable":true,"href":"https:\/\/diariodalagoa.pt\/es\/wp-json\/wp\/v2\/comments?post=157476"}],"version-history":[{"count":2,"href":"https:\/\/diariodalagoa.pt\/es\/wp-json\/wp\/v2\/posts\/157476\/revisions"}],"predecessor-version":[{"id":157478,"href":"https:\/\/diariodalagoa.pt\/es\/wp-json\/wp\/v2\/posts\/157476\/revisions\/157478"}],"wp:featuredmedia":[{"embeddable":true,"href":"https:\/\/diariodalagoa.pt\/es\/wp-json\/wp\/v2\/media\/152513"}],"wp:attachment":[{"href":"https:\/\/diariodalagoa.pt\/es\/wp-json\/wp\/v2\/media?parent=157476"}],"wp:term":[{"taxonomy":"category","embeddable":true,"href":"https:\/\/diariodalagoa.pt\/es\/wp-json\/wp\/v2\/categories?post=157476"},{"taxonomy":"post_tag","embeddable":true,"href":"https:\/\/diariodalagoa.pt\/es\/wp-json\/wp\/v2\/tags?post=157476"}],"curies":[{"name":"wp","href":"https:\/\/api.w.org\/{rel}","templated":true}]}}