{"id":157462,"date":"2025-07-04T14:49:37","date_gmt":"2025-07-04T14:49:37","guid":{"rendered":"https:\/\/diariodalagoa.pt\/?p=157462"},"modified":"2025-07-04T14:51:46","modified_gmt":"2025-07-04T14:51:46","slug":"ponta-garca-inaugura-primeiro-parque-infantil-e-skatepark","status":"publish","type":"post","link":"https:\/\/diariodalagoa.pt\/es\/ponta-garca-inaugura-primeiro-parque-infantil-e-skatepark\/","title":{"rendered":"Ponta Gar\u00e7a inaugura primeiro Parque Infantil e Skatepark"},"content":{"rendered":"<h3 class=\"wp-block-heading\">Com um investimento superior a 100 mil euros e mais de duas d\u00e9cadas de espera, Ponta Gar\u00e7a inaugurou o seu primeiro parque infantil e skatepark, tornando o momento hist\u00f3rico para a maior freguesia do concelho de Vila Franca do Campo<\/h3>\n\n\n\n<figure class=\"wp-block-image size-full\"><img decoding=\"async\" width=\"960\" height=\"729\" src=\"https:\/\/diariodalagoa.pt\/wp-content\/uploads\/2025\/07\/executivo-parque-infantil-e-skatpark-em-ponta-garca-2025-dl.jpg\" alt=\"\" class=\"wp-image-157463\" srcset=\"https:\/\/diariodalagoa.pt\/wp-content\/uploads\/2025\/07\/executivo-parque-infantil-e-skatpark-em-ponta-garca-2025-dl.jpg 960w, https:\/\/diariodalagoa.pt\/wp-content\/uploads\/2025\/07\/executivo-parque-infantil-e-skatpark-em-ponta-garca-2025-dl-300x228.jpg 300w, https:\/\/diariodalagoa.pt\/wp-content\/uploads\/2025\/07\/executivo-parque-infantil-e-skatpark-em-ponta-garca-2025-dl-768x583.jpg 768w, https:\/\/diariodalagoa.pt\/wp-content\/uploads\/2025\/07\/executivo-parque-infantil-e-skatpark-em-ponta-garca-2025-dl-16x12.jpg 16w\" sizes=\"(max-width: 960px) 100vw, 960px\" \/><figcaption class=\"wp-element-caption\"><sup>Executivo real\u00e7a o simbolismo da data e o esfor\u00e7o conjunto que permitiu concretizar projeto<\/sup> <sup><mark style=\"background-color:rgba(0, 0, 0, 0)\" class=\"has-inline-color has-cyan-bluish-gray-color\">\u00a9 DL<\/mark><\/sup><\/figcaption><\/figure>\n\n\n<p>A cerim\u00f3nia de inaugura\u00e7\u00e3o decorreu no passado dia 1 de junho, Dia da Crian\u00e7a e estiveram presentes cerca de tr\u00eas centenas de pessoas. O presidente da Junta de Freguesia de Ponta Gar\u00e7a, Rui Amaral, sublinhou o simbolismo da data e o esfor\u00e7o conjunto que permitiu concretizar este projeto h\u00e1 muito tempo ansiado e que promete oferecer mais condi\u00e7\u00f5es de lazer a crian\u00e7as, jovens e fam\u00edlias da freguesia.<\/p>\n<p>\u201cO dia de hoje \u00e9 um dia de festa que se quer com todos e para todos. A nossa freguesia hoje est\u00e1 de parab\u00e9ns porque ganhou um equipamento que j\u00e1 merecia h\u00e1 mais de 20 anos\u201d, come\u00e7a por discursar o presidente da junta.\u00a0<\/p>\n<p>O parque e skatepark homenageiam o Professor Fernando Furtado Couto, antigo presidente da junta de freguesia de Ponta Gar\u00e7a, por ser uma pessoa \u201cvanguardista, revolucion\u00e1ria e vision\u00e1ria\u201d e por ter conseguido \u201cv\u00e1rias oportunidades de constru\u00e7\u00e3o, circula\u00e7\u00e3o, tr\u00e2nsito e aumento da freguesia para nascente\u201d, afirma Rui Amaral. <br \/><br \/>Este investimento foi pensando e idealizado pela junta de freguesia mas n\u00e3o seria poss\u00edvel sem os apoios da c\u00e2mara municipal de Vila Franca do Campo e do governo regional. \u201cA freguesia de Ponta Gar\u00e7a \u00e9 uma freguesia que tem fama de bem receber, de ser grata e reconhecer os seus e queremos ser gratos \u00e0 c\u00e2mara porque esse terreno foi cedido pela c\u00e2mara municipal\u201d, continua.<\/p>\n<p>O presidente termina o seu discurso refor\u00e7ando que \u201creivindicar pela nossa freguesia nunca \u00e9 demais\u201d admitindo que \u00e9 \u201cum orgulho\u201d fazer com que os jovens coloquem de lado os dispositivos m\u00f3veis e usufruam do parque. \u201c\u00c9 um equipamento que todos n\u00f3s temos de zelar, fiscalizar e manter, cabe a todos n\u00f3s proteger e denunciar. Isto \u00e9 nosso e assim desfrutamos dele\u201d, conclui.<\/p>\n<p>Tamb\u00e9m presente na cerim\u00f3nia, o ent\u00e3o presidente da C\u00e2mara Municipal de Vila Franca do Campo, Ricardo Rodrigues, sublinhou a import\u00e2ncia da nova infraestrutura para a freguesia. \u201cEra uma necessidade de Ponta Gar\u00e7a. Que este parque sirva para a felicidade das nossas crian\u00e7as e jovens. Parab\u00e9ns \u00e0 Junta e a todos os pontagarcenses que agora podem desfrutar deste espa\u00e7o com os seus filhos\u201d, referiu.<\/p>\n<p>Ap\u00f3s o momento oficial do descerramento da placa e dos discursos, as crian\u00e7as e adolescentes tomaram conta do recinto, com muita anima\u00e7\u00e3o, pula-pulas, um pequeno beberete e uma demonstra\u00e7\u00e3o de skate protagonizada por jovens da freguesia.<\/p>\n\n\n<h3 class=\"wp-block-heading\"><strong>\u201cAs crian\u00e7as falam por si, e o espa\u00e7o tamb\u00e9m\u201d<\/strong><\/h3>\n\n\n\n<figure class=\"wp-block-image size-full\"><img decoding=\"async\" width=\"960\" height=\"640\" src=\"https:\/\/diariodalagoa.pt\/wp-content\/uploads\/2025\/07\/parque-infantil-e-skatpark-em-ponta-garca-2025-dl.jpg\" alt=\"\" class=\"wp-image-157464\" srcset=\"https:\/\/diariodalagoa.pt\/wp-content\/uploads\/2025\/07\/parque-infantil-e-skatpark-em-ponta-garca-2025-dl.jpg 960w, https:\/\/diariodalagoa.pt\/wp-content\/uploads\/2025\/07\/parque-infantil-e-skatpark-em-ponta-garca-2025-dl-300x200.jpg 300w, https:\/\/diariodalagoa.pt\/wp-content\/uploads\/2025\/07\/parque-infantil-e-skatpark-em-ponta-garca-2025-dl-768x512.jpg 768w, https:\/\/diariodalagoa.pt\/wp-content\/uploads\/2025\/07\/parque-infantil-e-skatpark-em-ponta-garca-2025-dl-18x12.jpg 18w\" sizes=\"(max-width: 960px) 100vw, 960px\" \/><figcaption class=\"wp-element-caption\"><sup>Parque e skatepark homenageiam o Professor Fernando Furtado Couto <mark style=\"background-color:rgba(0, 0, 0, 0)\" class=\"has-inline-color has-cyan-bluish-gray-color\">\u00a9 DL<\/mark><\/sup><\/figcaption><\/figure>\n\n\n<p>A comunidade reagiu com entusiasmo \u00e0 nova infraestrutura e o Di\u00e1rio da Lagoa quis saber a opini\u00e3o dos pontagracenses. Paulo Furtado e Ant\u00f3nio Cordeiro, ambos com 14 anos, levavam os seus skates debaixo do bra\u00e7o. \u201cIsto \u00e9 uma alegria! Temos um s\u00edtio para andar sem ser na rua e sem perigos. Fazia falta e agora podemos andar livremente. Vamos estar aqui todos os dias\u201d, garantiram.<\/p>\n<p>Cl\u00e1udia Paiva, natural da freguesia, considerou o novo espa\u00e7o \u201cfant\u00e1stico\u201d e frisou que toda a freguesia devia ter um espa\u00e7o desses para sair-se de casa, aproveitar o ar livre e socializar. T\u00e2nia Pereira que mora h\u00e1 20 anos em Ponta Gar\u00e7a real\u00e7ou a felicidade que \u00e9 vis\u00edvel nos rostos dos mais pequenos: \u201cAs crian\u00e7as falam por si, e o espa\u00e7o tamb\u00e9m\u201d.<\/p>\n<p>J\u00e1 Eduardo Frias e M\u00e1rio Brilhante lamentaram que este tipo de espa\u00e7o tenha demorado tanto tempo a chegar, no entanto, consideram que \u201cj\u00e1 \u00e9 um bom come\u00e7o\u201d. Na opini\u00e3o de D\u00e9bora Almeida, natural de \u00c1gua de Pau, mas residente h\u00e1 duas d\u00e9cadas em Ponta Gar\u00e7a, \u201cas pessoas est\u00e3o felizes com esse parque, \u00e0s vezes tinham de ir para outros s\u00edtios e agora t\u00eam aqui mais perto de casa\u201d.\u00a0<\/p>\n\n\n<h3 class=\"wp-block-heading\"><strong>Dificuldade na rece\u00e7\u00e3o de apoios governamentais<\/strong><\/h3>\n\n\n\n<figure class=\"wp-block-image size-full\"><img decoding=\"async\" width=\"960\" height=\"640\" src=\"https:\/\/diariodalagoa.pt\/wp-content\/uploads\/2025\/07\/skatpark-em-ponta-garca-2025-dl.jpg\" alt=\"\" class=\"wp-image-157465\" srcset=\"https:\/\/diariodalagoa.pt\/wp-content\/uploads\/2025\/07\/skatpark-em-ponta-garca-2025-dl.jpg 960w, https:\/\/diariodalagoa.pt\/wp-content\/uploads\/2025\/07\/skatpark-em-ponta-garca-2025-dl-300x200.jpg 300w, https:\/\/diariodalagoa.pt\/wp-content\/uploads\/2025\/07\/skatpark-em-ponta-garca-2025-dl-768x512.jpg 768w, https:\/\/diariodalagoa.pt\/wp-content\/uploads\/2025\/07\/skatpark-em-ponta-garca-2025-dl-18x12.jpg 18w\" sizes=\"(max-width: 960px) 100vw, 960px\" \/><figcaption class=\"wp-element-caption\"><sup>Presidente da Junta diz que ainda h\u00e1 muito mais a fazer pela maior freguesia do concelho de Vila Franca do Campo <mark style=\"background-color:rgba(0, 0, 0, 0)\" class=\"has-inline-color has-cyan-bluish-gray-color\">\u00a9 DL<\/mark><\/sup><\/figcaption><\/figure>\n\n\n<p>Em entrevista exclusiva, Rui Amaral, abordou o percurso aut\u00e1rquico, os desafios da gest\u00e3o local e o que ainda falta concretizar em Ponta Gar\u00e7a. Exerceu fun\u00e7\u00f5es na junta de freguesia de Ponta Gar\u00e7a por oito anos e assume que n\u00e3o volta a recandidatar. Perguntamos o porqu\u00ea de s\u00f3 agora ter sido inaugurado um parque infantil e skatepark e o presidente afirma que houve uma tentativa h\u00e1 13 anos, no seu outro mandato, \u201cmas tudo leva muito tempo a acontecer. At\u00e9 conciliar as opini\u00f5es, meios e vontades, leva muito tempo e muitas vezes as vontades pol\u00edticas prevalecem\u201d, diz. \u201cN\u00f3s damos a cara para as pessoas contando com os apoios institucionais e eles n\u00e3o chegam e ficamos sozinhos num o\u00e1sis isolado, \u00e9 desmotivante\u201d, continua.<\/p>\n<p>Para os pr\u00f3ximos autarcas, Rui deixa o conselho para terem \u201cmuita for\u00e7a de vontade e persist\u00eancia\u201d, acrescentando que \u201ca motiva\u00e7\u00e3o e o afinco deve ser sempre em prol das pessoas e n\u00e3o da imagem p\u00fablica\u201d.<\/p>\n<p>Promissora \u00e9 a forma como o presidente olha para o futuro de Ponta Gar\u00e7a, referindo que este evento foi \u201cuma gota no oceano\u201d e que ainda h\u00e1 muito mais a fazer pela maior freguesia do concelho de Vila Franca do Campo.<\/p>","protected":false},"excerpt":{"rendered":"<p>Com um investimento superior a 100 mil euros e mais de duas d\u00e9cadas de espera, Ponta Gar\u00e7a inaugurou o seu primeiro parque infantil e skatepark, tornando o momento hist\u00f3rico para a maior freguesia do concelho de Vila Franca do Campo.<\/p>","protected":false},"author":2,"featured_media":157463,"comment_status":"open","ping_status":"closed","sticky":false,"template":"","format":"standard","meta":[],"categories":[21],"tags":[748,3131,3132,136,290,325,328,409],"acf":[],"yoast_head":"<!-- This site is optimized with the Yoast SEO plugin v20.10 - https:\/\/yoast.com\/wordpress\/plugins\/seo\/ -->\n<title>Ponta Gar\u00e7a inaugura primeiro Parque Infantil e Skatepark - Di\u00e1rio da Lagoa<\/title>\n<meta name=\"description\" content=\"Com um investimento superior a 100 mil euros e mais de duas d\u00e9cadas de espera, Ponta Gar\u00e7a inaugurou o seu primeiro parque infantil e skatepark, tornando o momento hist\u00f3rico para a maior freguesia do concelho de Vila Franca do Campo.\" \/>\n<meta name=\"robots\" content=\"index, follow, max-snippet:-1, max-image-preview:large, max-video-preview:-1\" \/>\n<link rel=\"canonical\" href=\"https:\/\/diariodalagoa.pt\/es\/ponta-garca-inaugura-primeiro-parque-infantil-e-skatepark\/\" \/>\n<meta property=\"og:locale\" content=\"es_ES\" \/>\n<meta property=\"og:type\" content=\"article\" \/>\n<meta property=\"og:title\" content=\"Ponta Gar\u00e7a inaugura primeiro Parque Infantil e Skatepark - Di\u00e1rio da Lagoa\" \/>\n<meta property=\"og:description\" content=\"Com um investimento superior a 100 mil euros e mais de duas d\u00e9cadas de espera, Ponta Gar\u00e7a inaugurou o seu primeiro parque infantil e skatepark, tornando o momento hist\u00f3rico para a maior freguesia do concelho de Vila Franca do Campo.\" \/>\n<meta property=\"og:url\" content=\"https:\/\/diariodalagoa.pt\/es\/ponta-garca-inaugura-primeiro-parque-infantil-e-skatepark\/\" \/>\n<meta property=\"og:site_name\" content=\"Di\u00e1rio da Lagoa\" \/>\n<meta property=\"article:published_time\" content=\"2025-07-04T14:49:37+00:00\" \/>\n<meta property=\"article:modified_time\" content=\"2025-07-04T14:51:46+00:00\" \/>\n<meta property=\"og:image\" content=\"https:\/\/diariodalagoa.pt\/wp-content\/uploads\/2025\/07\/executivo-parque-infantil-e-skatpark-em-ponta-garca-2025-dl.jpg\" \/>\n\t<meta property=\"og:image:width\" content=\"960\" \/>\n\t<meta property=\"og:image:height\" content=\"729\" \/>\n\t<meta property=\"og:image:type\" content=\"image\/jpeg\" \/>\n<meta name=\"author\" content=\"Di\u00e1rio da Lagoa\" \/>\n<meta name=\"twitter:card\" content=\"summary_large_image\" \/>\n<meta name=\"twitter:label1\" content=\"Escrito por\" \/>\n\t<meta name=\"twitter:data1\" content=\"Di\u00e1rio da Lagoa\" \/>\n\t<meta name=\"twitter:label2\" content=\"Tiempo de lectura\" \/>\n\t<meta name=\"twitter:data2\" content=\"6 minutos\" \/>\n<script type=\"application\/ld+json\" class=\"yoast-schema-graph\">{\"@context\":\"https:\/\/schema.org\",\"@graph\":[{\"@type\":\"WebPage\",\"@id\":\"https:\/\/diariodalagoa.pt\/ponta-garca-inaugura-primeiro-parque-infantil-e-skatepark\/\",\"url\":\"https:\/\/diariodalagoa.pt\/ponta-garca-inaugura-primeiro-parque-infantil-e-skatepark\/\",\"name\":\"Ponta Gar\u00e7a inaugura primeiro Parque Infantil e Skatepark - Di\u00e1rio da Lagoa\",\"isPartOf\":{\"@id\":\"https:\/\/diariodalagoa.pt\/#website\"},\"datePublished\":\"2025-07-04T14:49:37+00:00\",\"dateModified\":\"2025-07-04T14:51:46+00:00\",\"author\":{\"@id\":\"https:\/\/diariodalagoa.pt\/#\/schema\/person\/1615a002370e8857b6f972834bc43ece\"},\"description\":\"Com um investimento superior a 100 mil euros e mais de duas d\u00e9cadas de espera, Ponta Gar\u00e7a inaugurou o seu primeiro parque infantil e skatepark, tornando o momento hist\u00f3rico para a maior freguesia do concelho de Vila Franca do Campo.\",\"breadcrumb\":{\"@id\":\"https:\/\/diariodalagoa.pt\/ponta-garca-inaugura-primeiro-parque-infantil-e-skatepark\/#breadcrumb\"},\"inLanguage\":\"es\",\"potentialAction\":[{\"@type\":\"ReadAction\",\"target\":[\"https:\/\/diariodalagoa.pt\/ponta-garca-inaugura-primeiro-parque-infantil-e-skatepark\/\"]}]},{\"@type\":\"BreadcrumbList\",\"@id\":\"https:\/\/diariodalagoa.pt\/ponta-garca-inaugura-primeiro-parque-infantil-e-skatepark\/#breadcrumb\",\"itemListElement\":[{\"@type\":\"ListItem\",\"position\":1,\"name\":\"In\u00edcio\",\"item\":\"https:\/\/diariodalagoa.pt\/\"},{\"@type\":\"ListItem\",\"position\":2,\"name\":\"Ponta Gar\u00e7a inaugura primeiro Parque Infantil e Skatepark\"}]},{\"@type\":\"WebSite\",\"@id\":\"https:\/\/diariodalagoa.pt\/#website\",\"url\":\"https:\/\/diariodalagoa.pt\/\",\"name\":\"Di\u00e1rio da Lagoa\",\"description\":\"Di\u00e1rio da Lagoa. As not\u00edcias que contam. A partir da Lagoa, nos A\u00e7ores, para o mundo.\",\"potentialAction\":[{\"@type\":\"SearchAction\",\"target\":{\"@type\":\"EntryPoint\",\"urlTemplate\":\"https:\/\/diariodalagoa.pt\/?s={search_term_string}\"},\"query-input\":\"required name=search_term_string\"}],\"inLanguage\":\"es\"},{\"@type\":\"Person\",\"@id\":\"https:\/\/diariodalagoa.pt\/#\/schema\/person\/1615a002370e8857b6f972834bc43ece\",\"name\":\"Di\u00e1rio da Lagoa\",\"image\":{\"@type\":\"ImageObject\",\"inLanguage\":\"es\",\"@id\":\"https:\/\/diariodalagoa.pt\/#\/schema\/person\/image\/\",\"url\":\"https:\/\/secure.gravatar.com\/avatar\/2cb5cef90a26f8fbd4d9d930608102c5?s=96&d=mm&r=g\",\"contentUrl\":\"https:\/\/secure.gravatar.com\/avatar\/2cb5cef90a26f8fbd4d9d930608102c5?s=96&d=mm&r=g\",\"caption\":\"Di\u00e1rio da Lagoa\"},\"url\":\"https:\/\/diariodalagoa.pt\/es\/author\/diariodalagoa\/\"}]}<\/script>\n<!-- \/ Yoast SEO plugin. -->","yoast_head_json":{"title":"Ponta Gar\u00e7a inaugura primeiro Parque Infantil e Skatepark - Di\u00e1rio da Lagoa","description":"Com um investimento superior a 100 mil euros e mais de duas d\u00e9cadas de espera, Ponta Gar\u00e7a inaugurou o seu primeiro parque infantil e skatepark, tornando o momento hist\u00f3rico para a maior freguesia do concelho de Vila Franca do Campo.","robots":{"index":"index","follow":"follow","max-snippet":"max-snippet:-1","max-image-preview":"max-image-preview:large","max-video-preview":"max-video-preview:-1"},"canonical":"https:\/\/diariodalagoa.pt\/es\/ponta-garca-inaugura-primeiro-parque-infantil-e-skatepark\/","og_locale":"es_ES","og_type":"article","og_title":"Ponta Gar\u00e7a inaugura primeiro Parque Infantil e Skatepark - Di\u00e1rio da Lagoa","og_description":"Com um investimento superior a 100 mil euros e mais de duas d\u00e9cadas de espera, Ponta Gar\u00e7a inaugurou o seu primeiro parque infantil e skatepark, tornando o momento hist\u00f3rico para a maior freguesia do concelho de Vila Franca do Campo.","og_url":"https:\/\/diariodalagoa.pt\/es\/ponta-garca-inaugura-primeiro-parque-infantil-e-skatepark\/","og_site_name":"Di\u00e1rio da Lagoa","article_published_time":"2025-07-04T14:49:37+00:00","article_modified_time":"2025-07-04T14:51:46+00:00","og_image":[{"width":960,"height":729,"url":"https:\/\/diariodalagoa.pt\/wp-content\/uploads\/2025\/07\/executivo-parque-infantil-e-skatpark-em-ponta-garca-2025-dl.jpg","type":"image\/jpeg"}],"author":"Di\u00e1rio da Lagoa","twitter_card":"summary_large_image","twitter_misc":{"Escrito por":"Di\u00e1rio da Lagoa","Tiempo de lectura":"6 minutos"},"schema":{"@context":"https:\/\/schema.org","@graph":[{"@type":"WebPage","@id":"https:\/\/diariodalagoa.pt\/ponta-garca-inaugura-primeiro-parque-infantil-e-skatepark\/","url":"https:\/\/diariodalagoa.pt\/ponta-garca-inaugura-primeiro-parque-infantil-e-skatepark\/","name":"Ponta Gar\u00e7a inaugura primeiro Parque Infantil e Skatepark - Di\u00e1rio da Lagoa","isPartOf":{"@id":"https:\/\/diariodalagoa.pt\/#website"},"datePublished":"2025-07-04T14:49:37+00:00","dateModified":"2025-07-04T14:51:46+00:00","author":{"@id":"https:\/\/diariodalagoa.pt\/#\/schema\/person\/1615a002370e8857b6f972834bc43ece"},"description":"Com um investimento superior a 100 mil euros e mais de duas d\u00e9cadas de espera, Ponta Gar\u00e7a inaugurou o seu primeiro parque infantil e skatepark, tornando o momento hist\u00f3rico para a maior freguesia do concelho de Vila Franca do Campo.","breadcrumb":{"@id":"https:\/\/diariodalagoa.pt\/ponta-garca-inaugura-primeiro-parque-infantil-e-skatepark\/#breadcrumb"},"inLanguage":"es","potentialAction":[{"@type":"ReadAction","target":["https:\/\/diariodalagoa.pt\/ponta-garca-inaugura-primeiro-parque-infantil-e-skatepark\/"]}]},{"@type":"BreadcrumbList","@id":"https:\/\/diariodalagoa.pt\/ponta-garca-inaugura-primeiro-parque-infantil-e-skatepark\/#breadcrumb","itemListElement":[{"@type":"ListItem","position":1,"name":"In\u00edcio","item":"https:\/\/diariodalagoa.pt\/"},{"@type":"ListItem","position":2,"name":"Ponta Gar\u00e7a inaugura primeiro Parque Infantil e Skatepark"}]},{"@type":"WebSite","@id":"https:\/\/diariodalagoa.pt\/#website","url":"https:\/\/diariodalagoa.pt\/","name":"Di\u00e1rio da Lagoa","description":"Di\u00e1rio da Lagoa. As not\u00edcias que contam. A partir da Lagoa, nos A\u00e7ores, para o mundo.","potentialAction":[{"@type":"SearchAction","target":{"@type":"EntryPoint","urlTemplate":"https:\/\/diariodalagoa.pt\/?s={search_term_string}"},"query-input":"required name=search_term_string"}],"inLanguage":"es"},{"@type":"Person","@id":"https:\/\/diariodalagoa.pt\/#\/schema\/person\/1615a002370e8857b6f972834bc43ece","name":"Di\u00e1rio da Lagoa","image":{"@type":"ImageObject","inLanguage":"es","@id":"https:\/\/diariodalagoa.pt\/#\/schema\/person\/image\/","url":"https:\/\/secure.gravatar.com\/avatar\/2cb5cef90a26f8fbd4d9d930608102c5?s=96&d=mm&r=g","contentUrl":"https:\/\/secure.gravatar.com\/avatar\/2cb5cef90a26f8fbd4d9d930608102c5?s=96&d=mm&r=g","caption":"Di\u00e1rio da Lagoa"},"url":"https:\/\/diariodalagoa.pt\/es\/author\/diariodalagoa\/"}]}},"_links":{"self":[{"href":"https:\/\/diariodalagoa.pt\/es\/wp-json\/wp\/v2\/posts\/157462"}],"collection":[{"href":"https:\/\/diariodalagoa.pt\/es\/wp-json\/wp\/v2\/posts"}],"about":[{"href":"https:\/\/diariodalagoa.pt\/es\/wp-json\/wp\/v2\/types\/post"}],"author":[{"embeddable":true,"href":"https:\/\/diariodalagoa.pt\/es\/wp-json\/wp\/v2\/users\/2"}],"replies":[{"embeddable":true,"href":"https:\/\/diariodalagoa.pt\/es\/wp-json\/wp\/v2\/comments?post=157462"}],"version-history":[{"count":2,"href":"https:\/\/diariodalagoa.pt\/es\/wp-json\/wp\/v2\/posts\/157462\/revisions"}],"predecessor-version":[{"id":157467,"href":"https:\/\/diariodalagoa.pt\/es\/wp-json\/wp\/v2\/posts\/157462\/revisions\/157467"}],"wp:featuredmedia":[{"embeddable":true,"href":"https:\/\/diariodalagoa.pt\/es\/wp-json\/wp\/v2\/media\/157463"}],"wp:attachment":[{"href":"https:\/\/diariodalagoa.pt\/es\/wp-json\/wp\/v2\/media?parent=157462"}],"wp:term":[{"taxonomy":"category","embeddable":true,"href":"https:\/\/diariodalagoa.pt\/es\/wp-json\/wp\/v2\/categories?post=157462"},{"taxonomy":"post_tag","embeddable":true,"href":"https:\/\/diariodalagoa.pt\/es\/wp-json\/wp\/v2\/tags?post=157462"}],"curies":[{"name":"wp","href":"https:\/\/api.w.org\/{rel}","templated":true}]}}