{"id":150511,"date":"2025-03-12T15:21:17","date_gmt":"2025-03-12T15:21:17","guid":{"rendered":"https:\/\/diariodalagoa.pt\/?p=150511"},"modified":"2025-06-27T09:51:50","modified_gmt":"2025-06-27T09:51:50","slug":"torneio-de-judo-reuniu-mais-de-uma-centena-de-atletas-nos-remedios-da-lagoa","status":"publish","type":"post","link":"https:\/\/diariodalagoa.pt\/es\/torneio-de-judo-reuniu-mais-de-uma-centena-de-atletas-nos-remedios-da-lagoa\/","title":{"rendered":"Torneio de judo reuniu mais de uma centena de atletas nos Rem\u00e9dios da Lagoa"},"content":{"rendered":"<h3 class=\"wp-block-heading\">Judo Clube Lagoa faz um balan\u00e7o positivo do evento e destaca os momentos de partilha entre participantes e a forte presen\u00e7a do p\u00fablico<\/h3>\n\n\n\n<figure class=\"wp-block-image size-full\"><img decoding=\"async\" width=\"960\" height=\"640\" src=\"https:\/\/diariodalagoa.pt\/wp-content\/uploads\/2025\/03\/torneio-de-judo-cidade-de-lagoa-2025-dl.jpg\" alt=\"\" class=\"wp-image-150515\" srcset=\"https:\/\/diariodalagoa.pt\/wp-content\/uploads\/2025\/03\/torneio-de-judo-cidade-de-lagoa-2025-dl.jpg 960w, https:\/\/diariodalagoa.pt\/wp-content\/uploads\/2025\/03\/torneio-de-judo-cidade-de-lagoa-2025-dl-300x200.jpg 300w, https:\/\/diariodalagoa.pt\/wp-content\/uploads\/2025\/03\/torneio-de-judo-cidade-de-lagoa-2025-dl-768x512.jpg 768w, https:\/\/diariodalagoa.pt\/wp-content\/uploads\/2025\/03\/torneio-de-judo-cidade-de-lagoa-2025-dl-18x12.jpg 18w\" sizes=\"(max-width: 960px) 100vw, 960px\" \/><figcaption class=\"wp-element-caption\"><sup><mark style=\"background-color:rgba(0, 0, 0, 0)\" class=\"has-inline-color has-cyan-bluish-gray-color\">\u00a9 DL<\/mark><\/sup><\/figcaption><\/figure>\n\n\n<p>O Pavilh\u00e3o Professor Jorge Amaral, no lugar dos Rem\u00e9dios, na Lagoa, foi palco, no passado dia 8 de mar\u00e7o, do Torneio de Judo Cidade de Lagoa, reunindo 113 atletas, 12 treinadores e 17 \u00e1rbitros.<\/p>\n<p>Organizada pelo Judolag sob a \u00e9gide da Associa\u00e7\u00e3o de Judo do Arquip\u00e9lago dos A\u00e7ores, a competi\u00e7\u00e3o contou com a participa\u00e7\u00e3o de sete clubes, incluindo o Clube Ana de Santa Maria, que fez a sua estreia neste torneio.<\/p>\n<p>Os escal\u00f5es em prova \u2013 Benjamins, Infantis, Iniciados, Juvenis, Cadetes e Juniores \u2013 demonstraram grande entrega e evolu\u00e7\u00e3o, proporcionando combates din\u00e2micos e emocionantes.<\/p>\n<p>Segundo a dire\u00e7\u00e3o do Judolag, o balan\u00e7o da iniciativa foi \u201cbastante positivo\u201d, com destaque para os momentos de partilha entre participantes e a forte presen\u00e7a do p\u00fablico.<\/p>\n<p>\u201cA estrutura organizada do evento garantiu uma experi\u00eancia fluida e confort\u00e1vel para atletas, treinadores e familiares. O Judolag &#8211; Judo Clube Lagoa, reconhecido pela qualidade dos seus eventos, mais uma vez proporcionou um ambiente de excel\u00eancia, onde os atletas puderam brilhar e os pais acompanhar os seus filhos em seguran\u00e7a e conforto\u201d, apontou a dire\u00e7\u00e3o do clube lagoense em declara\u00e7\u00f5es ao Di\u00e1rio da Lagoa.<\/p>\n<p>O evento destacou-se n\u00e3o s\u00f3 pela qualidade competitiva, mas tamb\u00e9m pela valoriza\u00e7\u00e3o dos atletas, com a tradicional entrega de trof\u00e9us a celebrar o esfor\u00e7o e dedica\u00e7\u00e3o de todos os participantes.<\/p>","protected":false},"excerpt":{"rendered":"<p>Judo Clube Lagoa faz um balan\u00e7o positivo do evento e destaca os momentos de partilha entre participantes e a forte presen\u00e7a do p\u00fablico.<\/p>","protected":false},"author":2,"featured_media":150515,"comment_status":"open","ping_status":"closed","sticky":false,"template":"","format":"standard","meta":[],"categories":[21],"tags":[34,90,179,333,1183,2341,2541],"acf":[],"yoast_head":"<!-- This site is optimized with the Yoast SEO plugin v20.10 - https:\/\/yoast.com\/wordpress\/plugins\/seo\/ -->\n<title>Torneio de judo reuniu mais de uma centena de atletas nos Rem\u00e9dios da Lagoa - Di\u00e1rio da Lagoa<\/title>\n<meta name=\"description\" content=\"Judolag faz um balan\u00e7o positivo do evento e destaca os momentos de partilha entre participantes e a forte presen\u00e7a do p\u00fablico.\" \/>\n<meta name=\"robots\" content=\"index, follow, max-snippet:-1, max-image-preview:large, max-video-preview:-1\" \/>\n<link rel=\"canonical\" href=\"https:\/\/diariodalagoa.pt\/es\/torneio-de-judo-reuniu-mais-de-uma-centena-de-atletas-nos-remedios-da-lagoa\/\" \/>\n<meta property=\"og:locale\" content=\"es_ES\" \/>\n<meta property=\"og:type\" content=\"article\" \/>\n<meta property=\"og:title\" content=\"Torneio de judo reuniu mais de uma centena de atletas nos Rem\u00e9dios da Lagoa - Di\u00e1rio da Lagoa\" \/>\n<meta property=\"og:description\" content=\"Judolag faz um balan\u00e7o positivo do evento e destaca os momentos de partilha entre participantes e a forte presen\u00e7a do p\u00fablico.\" \/>\n<meta property=\"og:url\" content=\"https:\/\/diariodalagoa.pt\/es\/torneio-de-judo-reuniu-mais-de-uma-centena-de-atletas-nos-remedios-da-lagoa\/\" \/>\n<meta property=\"og:site_name\" content=\"Di\u00e1rio da Lagoa\" \/>\n<meta property=\"article:published_time\" content=\"2025-03-12T15:21:17+00:00\" \/>\n<meta property=\"article:modified_time\" content=\"2025-06-27T09:51:50+00:00\" \/>\n<meta property=\"og:image\" content=\"https:\/\/diariodalagoa.pt\/wp-content\/uploads\/2025\/03\/torneio-de-judo-cidade-de-lagoa-2025-dl.jpg\" \/>\n\t<meta property=\"og:image:width\" content=\"960\" \/>\n\t<meta property=\"og:image:height\" content=\"640\" \/>\n\t<meta property=\"og:image:type\" content=\"image\/jpeg\" \/>\n<meta name=\"author\" content=\"Di\u00e1rio da Lagoa\" \/>\n<meta name=\"twitter:card\" content=\"summary_large_image\" \/>\n<meta name=\"twitter:label1\" content=\"Escrito por\" \/>\n\t<meta name=\"twitter:data1\" content=\"Di\u00e1rio da Lagoa\" \/>\n\t<meta name=\"twitter:label2\" content=\"Tiempo de lectura\" \/>\n\t<meta name=\"twitter:data2\" content=\"2 minutos\" \/>\n<script type=\"application\/ld+json\" class=\"yoast-schema-graph\">{\"@context\":\"https:\/\/schema.org\",\"@graph\":[{\"@type\":\"WebPage\",\"@id\":\"https:\/\/diariodalagoa.pt\/torneio-de-judo-reuniu-mais-de-uma-centena-de-atletas-nos-remedios-da-lagoa\/\",\"url\":\"https:\/\/diariodalagoa.pt\/torneio-de-judo-reuniu-mais-de-uma-centena-de-atletas-nos-remedios-da-lagoa\/\",\"name\":\"Torneio de judo reuniu mais de uma centena de atletas nos Rem\u00e9dios da Lagoa - Di\u00e1rio da Lagoa\",\"isPartOf\":{\"@id\":\"https:\/\/diariodalagoa.pt\/#website\"},\"datePublished\":\"2025-03-12T15:21:17+00:00\",\"dateModified\":\"2025-06-27T09:51:50+00:00\",\"author\":{\"@id\":\"https:\/\/diariodalagoa.pt\/#\/schema\/person\/1615a002370e8857b6f972834bc43ece\"},\"description\":\"Judolag faz um balan\u00e7o positivo do evento e destaca os momentos de partilha entre participantes e a forte presen\u00e7a do p\u00fablico.\",\"breadcrumb\":{\"@id\":\"https:\/\/diariodalagoa.pt\/torneio-de-judo-reuniu-mais-de-uma-centena-de-atletas-nos-remedios-da-lagoa\/#breadcrumb\"},\"inLanguage\":\"es\",\"potentialAction\":[{\"@type\":\"ReadAction\",\"target\":[\"https:\/\/diariodalagoa.pt\/torneio-de-judo-reuniu-mais-de-uma-centena-de-atletas-nos-remedios-da-lagoa\/\"]}]},{\"@type\":\"BreadcrumbList\",\"@id\":\"https:\/\/diariodalagoa.pt\/torneio-de-judo-reuniu-mais-de-uma-centena-de-atletas-nos-remedios-da-lagoa\/#breadcrumb\",\"itemListElement\":[{\"@type\":\"ListItem\",\"position\":1,\"name\":\"In\u00edcio\",\"item\":\"https:\/\/diariodalagoa.pt\/\"},{\"@type\":\"ListItem\",\"position\":2,\"name\":\"Torneio de judo reuniu mais de uma centena de atletas nos Rem\u00e9dios da Lagoa\"}]},{\"@type\":\"WebSite\",\"@id\":\"https:\/\/diariodalagoa.pt\/#website\",\"url\":\"https:\/\/diariodalagoa.pt\/\",\"name\":\"Di\u00e1rio da Lagoa\",\"description\":\"Di\u00e1rio da Lagoa. As not\u00edcias que contam. A partir da Lagoa, nos A\u00e7ores, para o mundo.\",\"potentialAction\":[{\"@type\":\"SearchAction\",\"target\":{\"@type\":\"EntryPoint\",\"urlTemplate\":\"https:\/\/diariodalagoa.pt\/?s={search_term_string}\"},\"query-input\":\"required name=search_term_string\"}],\"inLanguage\":\"es\"},{\"@type\":\"Person\",\"@id\":\"https:\/\/diariodalagoa.pt\/#\/schema\/person\/1615a002370e8857b6f972834bc43ece\",\"name\":\"Di\u00e1rio da Lagoa\",\"image\":{\"@type\":\"ImageObject\",\"inLanguage\":\"es\",\"@id\":\"https:\/\/diariodalagoa.pt\/#\/schema\/person\/image\/\",\"url\":\"https:\/\/secure.gravatar.com\/avatar\/2cb5cef90a26f8fbd4d9d930608102c5?s=96&d=mm&r=g\",\"contentUrl\":\"https:\/\/secure.gravatar.com\/avatar\/2cb5cef90a26f8fbd4d9d930608102c5?s=96&d=mm&r=g\",\"caption\":\"Di\u00e1rio da Lagoa\"},\"url\":\"https:\/\/diariodalagoa.pt\/es\/author\/diariodalagoa\/\"}]}<\/script>\n<!-- \/ Yoast SEO plugin. -->","yoast_head_json":{"title":"Torneio de judo reuniu mais de uma centena de atletas nos Rem\u00e9dios da Lagoa - Di\u00e1rio da Lagoa","description":"Judolag faz um balan\u00e7o positivo do evento e destaca os momentos de partilha entre participantes e a forte presen\u00e7a do p\u00fablico.","robots":{"index":"index","follow":"follow","max-snippet":"max-snippet:-1","max-image-preview":"max-image-preview:large","max-video-preview":"max-video-preview:-1"},"canonical":"https:\/\/diariodalagoa.pt\/es\/torneio-de-judo-reuniu-mais-de-uma-centena-de-atletas-nos-remedios-da-lagoa\/","og_locale":"es_ES","og_type":"article","og_title":"Torneio de judo reuniu mais de uma centena de atletas nos Rem\u00e9dios da Lagoa - Di\u00e1rio da Lagoa","og_description":"Judolag faz um balan\u00e7o positivo do evento e destaca os momentos de partilha entre participantes e a forte presen\u00e7a do p\u00fablico.","og_url":"https:\/\/diariodalagoa.pt\/es\/torneio-de-judo-reuniu-mais-de-uma-centena-de-atletas-nos-remedios-da-lagoa\/","og_site_name":"Di\u00e1rio da Lagoa","article_published_time":"2025-03-12T15:21:17+00:00","article_modified_time":"2025-06-27T09:51:50+00:00","og_image":[{"width":960,"height":640,"url":"https:\/\/diariodalagoa.pt\/wp-content\/uploads\/2025\/03\/torneio-de-judo-cidade-de-lagoa-2025-dl.jpg","type":"image\/jpeg"}],"author":"Di\u00e1rio da Lagoa","twitter_card":"summary_large_image","twitter_misc":{"Escrito por":"Di\u00e1rio da Lagoa","Tiempo de lectura":"2 minutos"},"schema":{"@context":"https:\/\/schema.org","@graph":[{"@type":"WebPage","@id":"https:\/\/diariodalagoa.pt\/torneio-de-judo-reuniu-mais-de-uma-centena-de-atletas-nos-remedios-da-lagoa\/","url":"https:\/\/diariodalagoa.pt\/torneio-de-judo-reuniu-mais-de-uma-centena-de-atletas-nos-remedios-da-lagoa\/","name":"Torneio de judo reuniu mais de uma centena de atletas nos Rem\u00e9dios da Lagoa - Di\u00e1rio da Lagoa","isPartOf":{"@id":"https:\/\/diariodalagoa.pt\/#website"},"datePublished":"2025-03-12T15:21:17+00:00","dateModified":"2025-06-27T09:51:50+00:00","author":{"@id":"https:\/\/diariodalagoa.pt\/#\/schema\/person\/1615a002370e8857b6f972834bc43ece"},"description":"Judolag faz um balan\u00e7o positivo do evento e destaca os momentos de partilha entre participantes e a forte presen\u00e7a do p\u00fablico.","breadcrumb":{"@id":"https:\/\/diariodalagoa.pt\/torneio-de-judo-reuniu-mais-de-uma-centena-de-atletas-nos-remedios-da-lagoa\/#breadcrumb"},"inLanguage":"es","potentialAction":[{"@type":"ReadAction","target":["https:\/\/diariodalagoa.pt\/torneio-de-judo-reuniu-mais-de-uma-centena-de-atletas-nos-remedios-da-lagoa\/"]}]},{"@type":"BreadcrumbList","@id":"https:\/\/diariodalagoa.pt\/torneio-de-judo-reuniu-mais-de-uma-centena-de-atletas-nos-remedios-da-lagoa\/#breadcrumb","itemListElement":[{"@type":"ListItem","position":1,"name":"In\u00edcio","item":"https:\/\/diariodalagoa.pt\/"},{"@type":"ListItem","position":2,"name":"Torneio de judo reuniu mais de uma centena de atletas nos Rem\u00e9dios da Lagoa"}]},{"@type":"WebSite","@id":"https:\/\/diariodalagoa.pt\/#website","url":"https:\/\/diariodalagoa.pt\/","name":"Di\u00e1rio da Lagoa","description":"Di\u00e1rio da Lagoa. As not\u00edcias que contam. A partir da Lagoa, nos A\u00e7ores, para o mundo.","potentialAction":[{"@type":"SearchAction","target":{"@type":"EntryPoint","urlTemplate":"https:\/\/diariodalagoa.pt\/?s={search_term_string}"},"query-input":"required name=search_term_string"}],"inLanguage":"es"},{"@type":"Person","@id":"https:\/\/diariodalagoa.pt\/#\/schema\/person\/1615a002370e8857b6f972834bc43ece","name":"Di\u00e1rio da Lagoa","image":{"@type":"ImageObject","inLanguage":"es","@id":"https:\/\/diariodalagoa.pt\/#\/schema\/person\/image\/","url":"https:\/\/secure.gravatar.com\/avatar\/2cb5cef90a26f8fbd4d9d930608102c5?s=96&d=mm&r=g","contentUrl":"https:\/\/secure.gravatar.com\/avatar\/2cb5cef90a26f8fbd4d9d930608102c5?s=96&d=mm&r=g","caption":"Di\u00e1rio da Lagoa"},"url":"https:\/\/diariodalagoa.pt\/es\/author\/diariodalagoa\/"}]}},"_links":{"self":[{"href":"https:\/\/diariodalagoa.pt\/es\/wp-json\/wp\/v2\/posts\/150511"}],"collection":[{"href":"https:\/\/diariodalagoa.pt\/es\/wp-json\/wp\/v2\/posts"}],"about":[{"href":"https:\/\/diariodalagoa.pt\/es\/wp-json\/wp\/v2\/types\/post"}],"author":[{"embeddable":true,"href":"https:\/\/diariodalagoa.pt\/es\/wp-json\/wp\/v2\/users\/2"}],"replies":[{"embeddable":true,"href":"https:\/\/diariodalagoa.pt\/es\/wp-json\/wp\/v2\/comments?post=150511"}],"version-history":[{"count":8,"href":"https:\/\/diariodalagoa.pt\/es\/wp-json\/wp\/v2\/posts\/150511\/revisions"}],"predecessor-version":[{"id":150555,"href":"https:\/\/diariodalagoa.pt\/es\/wp-json\/wp\/v2\/posts\/150511\/revisions\/150555"}],"wp:featuredmedia":[{"embeddable":true,"href":"https:\/\/diariodalagoa.pt\/es\/wp-json\/wp\/v2\/media\/150515"}],"wp:attachment":[{"href":"https:\/\/diariodalagoa.pt\/es\/wp-json\/wp\/v2\/media?parent=150511"}],"wp:term":[{"taxonomy":"category","embeddable":true,"href":"https:\/\/diariodalagoa.pt\/es\/wp-json\/wp\/v2\/categories?post=150511"},{"taxonomy":"post_tag","embeddable":true,"href":"https:\/\/diariodalagoa.pt\/es\/wp-json\/wp\/v2\/tags?post=150511"}],"curies":[{"name":"wp","href":"https:\/\/api.w.org\/{rel}","templated":true}]}}