{"id":150132,"date":"2025-02-22T18:52:47","date_gmt":"2025-02-22T18:52:47","guid":{"rendered":"https:\/\/diariodalagoa.pt\/?p=150132"},"modified":"2025-09-27T21:55:16","modified_gmt":"2025-09-27T21:55:16","slug":"e-urgente","status":"publish","type":"post","link":"https:\/\/diariodalagoa.pt\/es\/e-urgente\/","title":{"rendered":"\u00c9 urgente"},"content":{"rendered":"<div class=\"wp-block-image is-style-rounded\">\n<figure class=\"aligncenter size-full is-resized\"><img decoding=\"async\" src=\"https:\/\/diariodalagoa.pt\/wp-content\/uploads\/2024\/11\/beatriz-moreira-silva-1.jpg\" alt=\"\" class=\"wp-image-157657\" width=\"445\" height=\"445\" srcset=\"https:\/\/diariodalagoa.pt\/wp-content\/uploads\/2024\/11\/beatriz-moreira-silva-1.jpg 960w, https:\/\/diariodalagoa.pt\/wp-content\/uploads\/2024\/11\/beatriz-moreira-silva-1-300x300.jpg 300w, https:\/\/diariodalagoa.pt\/wp-content\/uploads\/2024\/11\/beatriz-moreira-silva-1-150x150.jpg 150w, https:\/\/diariodalagoa.pt\/wp-content\/uploads\/2024\/11\/beatriz-moreira-silva-1-768x768.jpg 768w, https:\/\/diariodalagoa.pt\/wp-content\/uploads\/2024\/11\/beatriz-moreira-silva-1-12x12.jpg 12w\" sizes=\"(max-width: 445px) 100vw, 445px\" \/><\/figure><\/div>\n\n\n<div style=\"height:25px\" aria-hidden=\"true\" class=\"wp-block-spacer\"><\/div>\n\n\n<p style=\"text-align: center;\"><strong>Beatriz Moreira da Silva<\/strong><\/p>\n\n\n<div style=\"height:25px\" aria-hidden=\"true\" class=\"wp-block-spacer\"><\/div>\n\n\n<p style=\"text-align: center;\">A nossa conversa interna, que se produz de dentro para fora. A que nos deixa no<br \/>zumbido, relembrando-nos constantemente de que n\u00e3o nos podemos perder de vista.<br \/>Ningu\u00e9m quer se perder de vista!<\/p>\n<p style=\"text-align: center;\">O corpo pede calma, sil\u00eancio, contempla\u00e7\u00e3o, enquanto a alma grita por urg\u00eancias,<br \/>objetivos, prop\u00f3sitos. E se nos quisermos perder? E se quisermos ultrapassar as<br \/>margens do suposto? Ningu\u00e9m se ofende pelo apego! Ningu\u00e9m se reencontra sem se<br \/>perder nos seus medos! Ningu\u00e9m!<\/p>\n<p style=\"text-align: center;\">E que necessidade temporal \u00e9 essa de n\u00e3o se falar? \u00c9 uma descren\u00e7a e despreocupa\u00e7\u00e3o<br \/>aparentemente compartilhada sob um molde.<\/p>\n<p style=\"text-align: center;\">O desassossego s\u00f3 termina quando chegar o abra\u00e7o da oportunidade. N\u00e3o \u00e9 a<br \/>oportunidade! \u00c9 o lance que daremos sobre ela, na primeira pessoa do singular.<br \/>Ecoar\u00e3o certezas irrefut\u00e1veis que antagonizam o ensurdecedor e a calma.<\/p>\n<p style=\"text-align: center;\">A autenticidade ser\u00e1 sempre recompensada com a leveza que, por si s\u00f3, desentrela\u00e7a<br \/>tempestades, furac\u00f5es ou tornados, e creio que se puxarmos o fio do n\u00f3, ofegante de<br \/>explica\u00e7\u00e3o, de suspiro pendente do desenrolar do que nos entope a alma, faz-se magia.<\/p>\n<p style=\"text-align: center;\">\u00c9 urgente ser intenso em tudo o que se toca, em tudo o que se faz. \u00c9 urgente renovar<br \/>a esperan\u00e7a de que o que \u00e9 para ser teu, assim o ser\u00e1!<\/p>","protected":false},"excerpt":{"rendered":"<p>&#8220;\u00c9 urgente ser intenso em tudo o que se toca, em tudo o que se faz. \u00c9 urgente renovara esperan\u00e7a de que o que \u00e9 para ser teu, assim o ser\u00e1!&#8221;<\/p>","protected":false},"author":2,"featured_media":157661,"comment_status":"open","ping_status":"closed","sticky":false,"template":"","format":"standard","meta":[],"categories":[11],"tags":[756,2356,2435,2436],"acf":[],"yoast_head":"<!-- This site is optimized with the Yoast SEO plugin v20.10 - https:\/\/yoast.com\/wordpress\/plugins\/seo\/ -->\n<title>\u00c9 urgente - Di\u00e1rio da Lagoa<\/title>\n<meta name=\"description\" content=\"&quot;\u00c9 urgente ser intenso em tudo o que se toca, em tudo o que se faz. \u00c9 urgente renovara esperan\u00e7a de que o que \u00e9 para ser teu, assim o ser\u00e1!&quot;\" \/>\n<meta name=\"robots\" content=\"index, follow, max-snippet:-1, max-image-preview:large, max-video-preview:-1\" \/>\n<link rel=\"canonical\" href=\"https:\/\/diariodalagoa.pt\/es\/e-urgente\/\" \/>\n<meta property=\"og:locale\" content=\"es_ES\" \/>\n<meta property=\"og:type\" content=\"article\" \/>\n<meta property=\"og:title\" content=\"\u00c9 urgente - Di\u00e1rio da Lagoa\" \/>\n<meta property=\"og:description\" content=\"&quot;\u00c9 urgente ser intenso em tudo o que se toca, em tudo o que se faz. \u00c9 urgente renovara esperan\u00e7a de que o que \u00e9 para ser teu, assim o ser\u00e1!&quot;\" \/>\n<meta property=\"og:url\" content=\"https:\/\/diariodalagoa.pt\/es\/e-urgente\/\" \/>\n<meta property=\"og:site_name\" content=\"Di\u00e1rio da Lagoa\" \/>\n<meta property=\"article:published_time\" content=\"2025-02-22T18:52:47+00:00\" \/>\n<meta property=\"article:modified_time\" content=\"2025-09-27T21:55:16+00:00\" \/>\n<meta property=\"og:image\" content=\"https:\/\/diariodalagoa.pt\/wp-content\/uploads\/2025\/05\/beatriz-moreira-da-silva-2.jpg\" \/>\n\t<meta property=\"og:image:width\" content=\"960\" \/>\n\t<meta property=\"og:image:height\" content=\"640\" \/>\n\t<meta property=\"og:image:type\" content=\"image\/jpeg\" \/>\n<meta name=\"author\" content=\"Di\u00e1rio da Lagoa\" \/>\n<meta name=\"twitter:card\" content=\"summary_large_image\" \/>\n<meta name=\"twitter:label1\" content=\"Escrito por\" \/>\n\t<meta name=\"twitter:data1\" content=\"Di\u00e1rio da Lagoa\" \/>\n\t<meta name=\"twitter:label2\" content=\"Tiempo de lectura\" \/>\n\t<meta name=\"twitter:data2\" content=\"2 minutos\" \/>\n<script type=\"application\/ld+json\" class=\"yoast-schema-graph\">{\"@context\":\"https:\/\/schema.org\",\"@graph\":[{\"@type\":\"WebPage\",\"@id\":\"https:\/\/diariodalagoa.pt\/e-urgente\/\",\"url\":\"https:\/\/diariodalagoa.pt\/e-urgente\/\",\"name\":\"\u00c9 urgente - Di\u00e1rio da Lagoa\",\"isPartOf\":{\"@id\":\"https:\/\/diariodalagoa.pt\/#website\"},\"datePublished\":\"2025-02-22T18:52:47+00:00\",\"dateModified\":\"2025-09-27T21:55:16+00:00\",\"author\":{\"@id\":\"https:\/\/diariodalagoa.pt\/#\/schema\/person\/1615a002370e8857b6f972834bc43ece\"},\"description\":\"\\\"\u00c9 urgente ser intenso em tudo o que se toca, em tudo o que se faz. \u00c9 urgente renovara esperan\u00e7a de que o que \u00e9 para ser teu, assim o ser\u00e1!\\\"\",\"breadcrumb\":{\"@id\":\"https:\/\/diariodalagoa.pt\/e-urgente\/#breadcrumb\"},\"inLanguage\":\"es\",\"potentialAction\":[{\"@type\":\"ReadAction\",\"target\":[\"https:\/\/diariodalagoa.pt\/e-urgente\/\"]}]},{\"@type\":\"BreadcrumbList\",\"@id\":\"https:\/\/diariodalagoa.pt\/e-urgente\/#breadcrumb\",\"itemListElement\":[{\"@type\":\"ListItem\",\"position\":1,\"name\":\"In\u00edcio\",\"item\":\"https:\/\/diariodalagoa.pt\/\"},{\"@type\":\"ListItem\",\"position\":2,\"name\":\"\u00c9 urgente\"}]},{\"@type\":\"WebSite\",\"@id\":\"https:\/\/diariodalagoa.pt\/#website\",\"url\":\"https:\/\/diariodalagoa.pt\/\",\"name\":\"Di\u00e1rio da Lagoa\",\"description\":\"Di\u00e1rio da Lagoa. As not\u00edcias que contam. A partir da Lagoa, nos A\u00e7ores, para o mundo.\",\"potentialAction\":[{\"@type\":\"SearchAction\",\"target\":{\"@type\":\"EntryPoint\",\"urlTemplate\":\"https:\/\/diariodalagoa.pt\/?s={search_term_string}\"},\"query-input\":\"required name=search_term_string\"}],\"inLanguage\":\"es\"},{\"@type\":\"Person\",\"@id\":\"https:\/\/diariodalagoa.pt\/#\/schema\/person\/1615a002370e8857b6f972834bc43ece\",\"name\":\"Di\u00e1rio da Lagoa\",\"image\":{\"@type\":\"ImageObject\",\"inLanguage\":\"es\",\"@id\":\"https:\/\/diariodalagoa.pt\/#\/schema\/person\/image\/\",\"url\":\"https:\/\/secure.gravatar.com\/avatar\/2cb5cef90a26f8fbd4d9d930608102c5?s=96&d=mm&r=g\",\"contentUrl\":\"https:\/\/secure.gravatar.com\/avatar\/2cb5cef90a26f8fbd4d9d930608102c5?s=96&d=mm&r=g\",\"caption\":\"Di\u00e1rio da Lagoa\"},\"url\":\"https:\/\/diariodalagoa.pt\/es\/author\/diariodalagoa\/\"}]}<\/script>\n<!-- \/ Yoast SEO plugin. -->","yoast_head_json":{"title":"\u00c9 urgente - Di\u00e1rio da Lagoa","description":"\"\u00c9 urgente ser intenso em tudo o que se toca, em tudo o que se faz. \u00c9 urgente renovara esperan\u00e7a de que o que \u00e9 para ser teu, assim o ser\u00e1!\"","robots":{"index":"index","follow":"follow","max-snippet":"max-snippet:-1","max-image-preview":"max-image-preview:large","max-video-preview":"max-video-preview:-1"},"canonical":"https:\/\/diariodalagoa.pt\/es\/e-urgente\/","og_locale":"es_ES","og_type":"article","og_title":"\u00c9 urgente - Di\u00e1rio da Lagoa","og_description":"\"\u00c9 urgente ser intenso em tudo o que se toca, em tudo o que se faz. \u00c9 urgente renovara esperan\u00e7a de que o que \u00e9 para ser teu, assim o ser\u00e1!\"","og_url":"https:\/\/diariodalagoa.pt\/es\/e-urgente\/","og_site_name":"Di\u00e1rio da Lagoa","article_published_time":"2025-02-22T18:52:47+00:00","article_modified_time":"2025-09-27T21:55:16+00:00","og_image":[{"width":960,"height":640,"url":"https:\/\/diariodalagoa.pt\/wp-content\/uploads\/2025\/05\/beatriz-moreira-da-silva-2.jpg","type":"image\/jpeg"}],"author":"Di\u00e1rio da Lagoa","twitter_card":"summary_large_image","twitter_misc":{"Escrito por":"Di\u00e1rio da Lagoa","Tiempo de lectura":"2 minutos"},"schema":{"@context":"https:\/\/schema.org","@graph":[{"@type":"WebPage","@id":"https:\/\/diariodalagoa.pt\/e-urgente\/","url":"https:\/\/diariodalagoa.pt\/e-urgente\/","name":"\u00c9 urgente - Di\u00e1rio da Lagoa","isPartOf":{"@id":"https:\/\/diariodalagoa.pt\/#website"},"datePublished":"2025-02-22T18:52:47+00:00","dateModified":"2025-09-27T21:55:16+00:00","author":{"@id":"https:\/\/diariodalagoa.pt\/#\/schema\/person\/1615a002370e8857b6f972834bc43ece"},"description":"\"\u00c9 urgente ser intenso em tudo o que se toca, em tudo o que se faz. \u00c9 urgente renovara esperan\u00e7a de que o que \u00e9 para ser teu, assim o ser\u00e1!\"","breadcrumb":{"@id":"https:\/\/diariodalagoa.pt\/e-urgente\/#breadcrumb"},"inLanguage":"es","potentialAction":[{"@type":"ReadAction","target":["https:\/\/diariodalagoa.pt\/e-urgente\/"]}]},{"@type":"BreadcrumbList","@id":"https:\/\/diariodalagoa.pt\/e-urgente\/#breadcrumb","itemListElement":[{"@type":"ListItem","position":1,"name":"In\u00edcio","item":"https:\/\/diariodalagoa.pt\/"},{"@type":"ListItem","position":2,"name":"\u00c9 urgente"}]},{"@type":"WebSite","@id":"https:\/\/diariodalagoa.pt\/#website","url":"https:\/\/diariodalagoa.pt\/","name":"Di\u00e1rio da Lagoa","description":"Di\u00e1rio da Lagoa. As not\u00edcias que contam. A partir da Lagoa, nos A\u00e7ores, para o mundo.","potentialAction":[{"@type":"SearchAction","target":{"@type":"EntryPoint","urlTemplate":"https:\/\/diariodalagoa.pt\/?s={search_term_string}"},"query-input":"required name=search_term_string"}],"inLanguage":"es"},{"@type":"Person","@id":"https:\/\/diariodalagoa.pt\/#\/schema\/person\/1615a002370e8857b6f972834bc43ece","name":"Di\u00e1rio da Lagoa","image":{"@type":"ImageObject","inLanguage":"es","@id":"https:\/\/diariodalagoa.pt\/#\/schema\/person\/image\/","url":"https:\/\/secure.gravatar.com\/avatar\/2cb5cef90a26f8fbd4d9d930608102c5?s=96&d=mm&r=g","contentUrl":"https:\/\/secure.gravatar.com\/avatar\/2cb5cef90a26f8fbd4d9d930608102c5?s=96&d=mm&r=g","caption":"Di\u00e1rio da Lagoa"},"url":"https:\/\/diariodalagoa.pt\/es\/author\/diariodalagoa\/"}]}},"_links":{"self":[{"href":"https:\/\/diariodalagoa.pt\/es\/wp-json\/wp\/v2\/posts\/150132"}],"collection":[{"href":"https:\/\/diariodalagoa.pt\/es\/wp-json\/wp\/v2\/posts"}],"about":[{"href":"https:\/\/diariodalagoa.pt\/es\/wp-json\/wp\/v2\/types\/post"}],"author":[{"embeddable":true,"href":"https:\/\/diariodalagoa.pt\/es\/wp-json\/wp\/v2\/users\/2"}],"replies":[{"embeddable":true,"href":"https:\/\/diariodalagoa.pt\/es\/wp-json\/wp\/v2\/comments?post=150132"}],"version-history":[{"count":10,"href":"https:\/\/diariodalagoa.pt\/es\/wp-json\/wp\/v2\/posts\/150132\/revisions"}],"predecessor-version":[{"id":158347,"href":"https:\/\/diariodalagoa.pt\/es\/wp-json\/wp\/v2\/posts\/150132\/revisions\/158347"}],"wp:featuredmedia":[{"embeddable":true,"href":"https:\/\/diariodalagoa.pt\/es\/wp-json\/wp\/v2\/media\/157661"}],"wp:attachment":[{"href":"https:\/\/diariodalagoa.pt\/es\/wp-json\/wp\/v2\/media?parent=150132"}],"wp:term":[{"taxonomy":"category","embeddable":true,"href":"https:\/\/diariodalagoa.pt\/es\/wp-json\/wp\/v2\/categories?post=150132"},{"taxonomy":"post_tag","embeddable":true,"href":"https:\/\/diariodalagoa.pt\/es\/wp-json\/wp\/v2\/tags?post=150132"}],"curies":[{"name":"wp","href":"https:\/\/api.w.org\/{rel}","templated":true}]}}