{"id":1403,"date":"2014-03-04T20:18:51","date_gmt":"2014-03-04T20:18:51","guid":{"rendered":"http:\/\/diariodalagoa.pt\/?p=1403"},"modified":"2025-06-10T22:33:20","modified_gmt":"2025-06-10T22:33:20","slug":"jovem-lagoense-rosalia-cordeiro-lanca-livro-horas-de-silencio","status":"publish","type":"post","link":"https:\/\/diariodalagoa.pt\/es\/jovem-lagoense-rosalia-cordeiro-lanca-livro-horas-de-silencio\/","title":{"rendered":"Jovem Lagoense Ros\u00e1lia Cordeiro lan\u00e7a livro \u201cHoras de Sil\u00eancio\u201d"},"content":{"rendered":"<p style=\"text-align: justify;\" align=\"center\"><a href=\"http:\/\/diariodalagoa.pt\/wp-content\/uploads\/2014\/03\/Livro-Horas-de-Silencio.jpg\"><img decoding=\"async\" class=\"alignnone size-full wp-image-1606\" alt=\"Livro-Horas-de-Silencio\" src=\"http:\/\/diariodalagoa.pt\/wp-content\/uploads\/2014\/03\/Livro-Horas-de-Silencio.jpg\" width=\"720\" height=\"387\" \/><\/a><\/p>\n<p style=\"text-align: justify;\" align=\"center\"><span style=\"line-height: 1.5em; color: #000000;\">Decorre j\u00e1 este domingo, dia 9 de mar\u00e7o, pelas 17h00,\u00a0o lan\u00e7amento do livro \u201cHoras de Sil\u00eancio\u201d de Ros\u00e1lia Cordeiro, a ter lugar na Pousada da Juventude de Lagoa.<\/span><\/p>\n<p style=\"text-align: justify;\"><span style=\"color: #000000;\">Trata-se de uma publica\u00e7\u00e3o que demonstra e expressa emo\u00e7\u00f5es, ideias e pensamentos que somente atrav\u00e9s da \u201cpalavra escrita\u201d s\u00e3o capazes de ser transmitidas. Est\u00e3o bem patentes experi\u00eancias comuns a qualquer ser humano, evidenciadas atrav\u00e9s de factos e realidades quotidianas, neste caso, vividas por uma jovem que encontrou na escrita uma forma de transmitir parte das suas viv\u00eancias pessoais.<\/span><\/p>\n<p style=\"text-align: justify;\"><span style=\"color: #000000;\"><i>\u201cHoras de Sil\u00eancio\u201d <\/i>\u00e9 o di\u00e1rio da adolescente Ros\u00e1lia Cordeiro, uma jovem lagoense com um talento inato, que teve a coragem de revelar os seus sentimentos mais \u00edntimos, atrav\u00e9s de simples quadras nesta publica\u00e7\u00e3o. Com alus\u00f5es pontuais feitas ao mar, ao sonho, \u00e0 natureza e ainda, nos v\u00e1rios pensamentos dispersos que, facilmente se traduzem em reminisc\u00eancias de adolescente, Ros\u00e1lia Cordeiro consegue tamb\u00e9m evocar aspetos da terra que a viu nascer, fazendo pequenas refer\u00eancias \u00e0 sua cidade e freguesia, \u00e0s suas gentes e \u00e0s festividades nelas celebradas, como \u00e9 o caso das marchas populares, cujo s\u00edmbolo m\u00e1ximo se encontra na figura de Santo Ant\u00f3nio.<\/span><\/p>\n<p style=\"text-align: justify;\"><span style=\"color: #000000;\"><em style=\"line-height: 1.5em;\">DL\/CML<\/em><\/span><\/p>","protected":false},"excerpt":{"rendered":"<p>Decorre j\u00e1 este domingo, dia 9 de mar\u00e7o, pelas 17h00,\u00a0o lan\u00e7amento do livro \u201cHoras de Sil\u00eancio\u201d de Ros\u00e1lia Cordeiro, a ter lugar na Pousada da Juventude de Lagoa. Trata-se de uma publica\u00e7\u00e3o que demonstra e expressa emo\u00e7\u00f5es, ideias e pensamentos que somente atrav\u00e9s da \u201cpalavra escrita\u201d s\u00e3o capazes de ser transmitidas. Est\u00e3o bem patentes experi\u00eancias [&hellip;]<\/p>","protected":false},"author":2,"featured_media":113456,"comment_status":"open","ping_status":"open","sticky":false,"template":"","format":"standard","meta":[],"categories":[21],"tags":[],"acf":[],"yoast_head":"<!-- This site is optimized with the Yoast SEO plugin v20.10 - https:\/\/yoast.com\/wordpress\/plugins\/seo\/ -->\n<title>Jovem Lagoense Ros\u00e1lia Cordeiro lan\u00e7a livro \u201cHoras de Sil\u00eancio\u201d - Di\u00e1rio da Lagoa<\/title>\n<meta name=\"robots\" content=\"index, follow, max-snippet:-1, max-image-preview:large, max-video-preview:-1\" \/>\n<link rel=\"canonical\" href=\"https:\/\/diariodalagoa.pt\/es\/jovem-lagoense-rosalia-cordeiro-lanca-livro-horas-de-silencio\/\" \/>\n<meta property=\"og:locale\" content=\"es_ES\" \/>\n<meta property=\"og:type\" content=\"article\" \/>\n<meta property=\"og:title\" content=\"Jovem Lagoense Ros\u00e1lia Cordeiro lan\u00e7a livro \u201cHoras de Sil\u00eancio\u201d - Di\u00e1rio da Lagoa\" \/>\n<meta property=\"og:description\" content=\"Decorre j\u00e1 este domingo, dia 9 de mar\u00e7o, pelas 17h00,\u00a0o lan\u00e7amento do livro \u201cHoras de Sil\u00eancio\u201d de Ros\u00e1lia Cordeiro, a ter lugar na Pousada da Juventude de Lagoa. Trata-se de uma publica\u00e7\u00e3o que demonstra e expressa emo\u00e7\u00f5es, ideias e pensamentos que somente atrav\u00e9s da \u201cpalavra escrita\u201d s\u00e3o capazes de ser transmitidas. Est\u00e3o bem patentes experi\u00eancias [&hellip;]\" \/>\n<meta property=\"og:url\" content=\"https:\/\/diariodalagoa.pt\/es\/jovem-lagoense-rosalia-cordeiro-lanca-livro-horas-de-silencio\/\" \/>\n<meta property=\"og:site_name\" content=\"Di\u00e1rio da Lagoa\" \/>\n<meta property=\"article:published_time\" content=\"2014-03-04T20:18:51+00:00\" \/>\n<meta property=\"article:modified_time\" content=\"2025-06-10T22:33:20+00:00\" \/>\n<meta property=\"og:image\" content=\"https:\/\/diariodalagoa.pt\/wp-content\/uploads\/2014\/03\/livro-horas-de-silencio.jpg\" \/>\n\t<meta property=\"og:image:width\" content=\"720\" \/>\n\t<meta property=\"og:image:height\" content=\"387\" \/>\n\t<meta property=\"og:image:type\" content=\"image\/jpeg\" \/>\n<meta name=\"author\" content=\"Di\u00e1rio da Lagoa\" \/>\n<meta name=\"twitter:card\" content=\"summary_large_image\" \/>\n<meta name=\"twitter:label1\" content=\"Escrito por\" \/>\n\t<meta name=\"twitter:data1\" content=\"Di\u00e1rio da Lagoa\" \/>\n\t<meta name=\"twitter:label2\" content=\"Tiempo de lectura\" \/>\n\t<meta name=\"twitter:data2\" content=\"1 minuto\" \/>\n<script type=\"application\/ld+json\" class=\"yoast-schema-graph\">{\"@context\":\"https:\/\/schema.org\",\"@graph\":[{\"@type\":\"WebPage\",\"@id\":\"https:\/\/diariodalagoa.pt\/jovem-lagoense-rosalia-cordeiro-lanca-livro-horas-de-silencio\/\",\"url\":\"https:\/\/diariodalagoa.pt\/jovem-lagoense-rosalia-cordeiro-lanca-livro-horas-de-silencio\/\",\"name\":\"Jovem Lagoense Ros\u00e1lia Cordeiro lan\u00e7a livro \u201cHoras de Sil\u00eancio\u201d - Di\u00e1rio da Lagoa\",\"isPartOf\":{\"@id\":\"https:\/\/diariodalagoa.pt\/#website\"},\"datePublished\":\"2014-03-04T20:18:51+00:00\",\"dateModified\":\"2025-06-10T22:33:20+00:00\",\"author\":{\"@id\":\"https:\/\/diariodalagoa.pt\/#\/schema\/person\/1615a002370e8857b6f972834bc43ece\"},\"breadcrumb\":{\"@id\":\"https:\/\/diariodalagoa.pt\/jovem-lagoense-rosalia-cordeiro-lanca-livro-horas-de-silencio\/#breadcrumb\"},\"inLanguage\":\"es\",\"potentialAction\":[{\"@type\":\"ReadAction\",\"target\":[\"https:\/\/diariodalagoa.pt\/jovem-lagoense-rosalia-cordeiro-lanca-livro-horas-de-silencio\/\"]}]},{\"@type\":\"BreadcrumbList\",\"@id\":\"https:\/\/diariodalagoa.pt\/jovem-lagoense-rosalia-cordeiro-lanca-livro-horas-de-silencio\/#breadcrumb\",\"itemListElement\":[{\"@type\":\"ListItem\",\"position\":1,\"name\":\"In\u00edcio\",\"item\":\"https:\/\/diariodalagoa.pt\/\"},{\"@type\":\"ListItem\",\"position\":2,\"name\":\"Jovem Lagoense Ros\u00e1lia Cordeiro lan\u00e7a livro \u201cHoras de Sil\u00eancio\u201d\"}]},{\"@type\":\"WebSite\",\"@id\":\"https:\/\/diariodalagoa.pt\/#website\",\"url\":\"https:\/\/diariodalagoa.pt\/\",\"name\":\"Di\u00e1rio da Lagoa\",\"description\":\"Di\u00e1rio da Lagoa. As not\u00edcias que contam. A partir da Lagoa, nos A\u00e7ores, para o mundo.\",\"potentialAction\":[{\"@type\":\"SearchAction\",\"target\":{\"@type\":\"EntryPoint\",\"urlTemplate\":\"https:\/\/diariodalagoa.pt\/?s={search_term_string}\"},\"query-input\":\"required name=search_term_string\"}],\"inLanguage\":\"es\"},{\"@type\":\"Person\",\"@id\":\"https:\/\/diariodalagoa.pt\/#\/schema\/person\/1615a002370e8857b6f972834bc43ece\",\"name\":\"Di\u00e1rio da Lagoa\",\"image\":{\"@type\":\"ImageObject\",\"inLanguage\":\"es\",\"@id\":\"https:\/\/diariodalagoa.pt\/#\/schema\/person\/image\/\",\"url\":\"https:\/\/secure.gravatar.com\/avatar\/2cb5cef90a26f8fbd4d9d930608102c5?s=96&d=mm&r=g\",\"contentUrl\":\"https:\/\/secure.gravatar.com\/avatar\/2cb5cef90a26f8fbd4d9d930608102c5?s=96&d=mm&r=g\",\"caption\":\"Di\u00e1rio da Lagoa\"},\"url\":\"https:\/\/diariodalagoa.pt\/es\/author\/diariodalagoa\/\"}]}<\/script>\n<!-- \/ Yoast SEO plugin. -->","yoast_head_json":{"title":"Jovem Lagoense Ros\u00e1lia Cordeiro lan\u00e7a livro \u201cHoras de Sil\u00eancio\u201d - Di\u00e1rio da Lagoa","robots":{"index":"index","follow":"follow","max-snippet":"max-snippet:-1","max-image-preview":"max-image-preview:large","max-video-preview":"max-video-preview:-1"},"canonical":"https:\/\/diariodalagoa.pt\/es\/jovem-lagoense-rosalia-cordeiro-lanca-livro-horas-de-silencio\/","og_locale":"es_ES","og_type":"article","og_title":"Jovem Lagoense Ros\u00e1lia Cordeiro lan\u00e7a livro \u201cHoras de Sil\u00eancio\u201d - Di\u00e1rio da Lagoa","og_description":"Decorre j\u00e1 este domingo, dia 9 de mar\u00e7o, pelas 17h00,\u00a0o lan\u00e7amento do livro \u201cHoras de Sil\u00eancio\u201d de Ros\u00e1lia Cordeiro, a ter lugar na Pousada da Juventude de Lagoa. Trata-se de uma publica\u00e7\u00e3o que demonstra e expressa emo\u00e7\u00f5es, ideias e pensamentos que somente atrav\u00e9s da \u201cpalavra escrita\u201d s\u00e3o capazes de ser transmitidas. Est\u00e3o bem patentes experi\u00eancias [&hellip;]","og_url":"https:\/\/diariodalagoa.pt\/es\/jovem-lagoense-rosalia-cordeiro-lanca-livro-horas-de-silencio\/","og_site_name":"Di\u00e1rio da Lagoa","article_published_time":"2014-03-04T20:18:51+00:00","article_modified_time":"2025-06-10T22:33:20+00:00","og_image":[{"width":720,"height":387,"url":"https:\/\/diariodalagoa.pt\/wp-content\/uploads\/2014\/03\/livro-horas-de-silencio.jpg","type":"image\/jpeg"}],"author":"Di\u00e1rio da Lagoa","twitter_card":"summary_large_image","twitter_misc":{"Escrito por":"Di\u00e1rio da Lagoa","Tiempo de lectura":"1 minuto"},"schema":{"@context":"https:\/\/schema.org","@graph":[{"@type":"WebPage","@id":"https:\/\/diariodalagoa.pt\/jovem-lagoense-rosalia-cordeiro-lanca-livro-horas-de-silencio\/","url":"https:\/\/diariodalagoa.pt\/jovem-lagoense-rosalia-cordeiro-lanca-livro-horas-de-silencio\/","name":"Jovem Lagoense Ros\u00e1lia Cordeiro lan\u00e7a livro \u201cHoras de Sil\u00eancio\u201d - Di\u00e1rio da Lagoa","isPartOf":{"@id":"https:\/\/diariodalagoa.pt\/#website"},"datePublished":"2014-03-04T20:18:51+00:00","dateModified":"2025-06-10T22:33:20+00:00","author":{"@id":"https:\/\/diariodalagoa.pt\/#\/schema\/person\/1615a002370e8857b6f972834bc43ece"},"breadcrumb":{"@id":"https:\/\/diariodalagoa.pt\/jovem-lagoense-rosalia-cordeiro-lanca-livro-horas-de-silencio\/#breadcrumb"},"inLanguage":"es","potentialAction":[{"@type":"ReadAction","target":["https:\/\/diariodalagoa.pt\/jovem-lagoense-rosalia-cordeiro-lanca-livro-horas-de-silencio\/"]}]},{"@type":"BreadcrumbList","@id":"https:\/\/diariodalagoa.pt\/jovem-lagoense-rosalia-cordeiro-lanca-livro-horas-de-silencio\/#breadcrumb","itemListElement":[{"@type":"ListItem","position":1,"name":"In\u00edcio","item":"https:\/\/diariodalagoa.pt\/"},{"@type":"ListItem","position":2,"name":"Jovem Lagoense Ros\u00e1lia Cordeiro lan\u00e7a livro \u201cHoras de Sil\u00eancio\u201d"}]},{"@type":"WebSite","@id":"https:\/\/diariodalagoa.pt\/#website","url":"https:\/\/diariodalagoa.pt\/","name":"Di\u00e1rio da Lagoa","description":"Di\u00e1rio da Lagoa. As not\u00edcias que contam. A partir da Lagoa, nos A\u00e7ores, para o mundo.","potentialAction":[{"@type":"SearchAction","target":{"@type":"EntryPoint","urlTemplate":"https:\/\/diariodalagoa.pt\/?s={search_term_string}"},"query-input":"required name=search_term_string"}],"inLanguage":"es"},{"@type":"Person","@id":"https:\/\/diariodalagoa.pt\/#\/schema\/person\/1615a002370e8857b6f972834bc43ece","name":"Di\u00e1rio da Lagoa","image":{"@type":"ImageObject","inLanguage":"es","@id":"https:\/\/diariodalagoa.pt\/#\/schema\/person\/image\/","url":"https:\/\/secure.gravatar.com\/avatar\/2cb5cef90a26f8fbd4d9d930608102c5?s=96&d=mm&r=g","contentUrl":"https:\/\/secure.gravatar.com\/avatar\/2cb5cef90a26f8fbd4d9d930608102c5?s=96&d=mm&r=g","caption":"Di\u00e1rio da Lagoa"},"url":"https:\/\/diariodalagoa.pt\/es\/author\/diariodalagoa\/"}]}},"_links":{"self":[{"href":"https:\/\/diariodalagoa.pt\/es\/wp-json\/wp\/v2\/posts\/1403"}],"collection":[{"href":"https:\/\/diariodalagoa.pt\/es\/wp-json\/wp\/v2\/posts"}],"about":[{"href":"https:\/\/diariodalagoa.pt\/es\/wp-json\/wp\/v2\/types\/post"}],"author":[{"embeddable":true,"href":"https:\/\/diariodalagoa.pt\/es\/wp-json\/wp\/v2\/users\/2"}],"replies":[{"embeddable":true,"href":"https:\/\/diariodalagoa.pt\/es\/wp-json\/wp\/v2\/comments?post=1403"}],"version-history":[{"count":1,"href":"https:\/\/diariodalagoa.pt\/es\/wp-json\/wp\/v2\/posts\/1403\/revisions"}],"predecessor-version":[{"id":152723,"href":"https:\/\/diariodalagoa.pt\/es\/wp-json\/wp\/v2\/posts\/1403\/revisions\/152723"}],"wp:featuredmedia":[{"embeddable":true,"href":"https:\/\/diariodalagoa.pt\/es\/wp-json\/wp\/v2\/media\/113456"}],"wp:attachment":[{"href":"https:\/\/diariodalagoa.pt\/es\/wp-json\/wp\/v2\/media?parent=1403"}],"wp:term":[{"taxonomy":"category","embeddable":true,"href":"https:\/\/diariodalagoa.pt\/es\/wp-json\/wp\/v2\/categories?post=1403"},{"taxonomy":"post_tag","embeddable":true,"href":"https:\/\/diariodalagoa.pt\/es\/wp-json\/wp\/v2\/tags?post=1403"}],"curies":[{"name":"wp","href":"https:\/\/api.w.org\/{rel}","templated":true}]}}