{"id":139258,"date":"2024-08-09T10:12:17","date_gmt":"2024-08-09T10:12:17","guid":{"rendered":"https:\/\/diariodalagoa.pt\/?p=139258"},"modified":"2025-09-28T00:32:51","modified_gmt":"2025-09-28T00:32:51","slug":"vila-de-agua-de-pau-celebra-o-seu-509o-aniversario-1515-2024","status":"publish","type":"post","link":"https:\/\/diariodalagoa.pt\/es\/vila-de-agua-de-pau-celebra-o-seu-509o-aniversario-1515-2024\/","title":{"rendered":"Vila de \u00c1gua de Pau celebra o seu 509\u00ba anivers\u00e1rio (1515-2024)"},"content":{"rendered":"<figure class=\"wp-block-image size-full is-resized\"><img decoding=\"async\" src=\"https:\/\/diariodalagoa.pt\/wp-content\/uploads\/2024\/08\/pescadores-da-caloura-edited.jpg\" alt=\"\" class=\"wp-image-139723\" width=\"840\" srcset=\"https:\/\/diariodalagoa.pt\/wp-content\/uploads\/2024\/08\/pescadores-da-caloura-edited.jpg 623w, https:\/\/diariodalagoa.pt\/wp-content\/uploads\/2024\/08\/pescadores-da-caloura-edited-300x228.jpg 300w, https:\/\/diariodalagoa.pt\/wp-content\/uploads\/2024\/08\/pescadores-da-caloura-edited-16x12.jpg 16w\" sizes=\"(max-width: 623px) 100vw, 623px\" \/><figcaption class=\"wp-element-caption\"><sup>Pescadores da Caloura na sua faina, antigamente <mark style=\"background-color:rgba(0, 0, 0, 0)\" class=\"has-inline-color has-cyan-bluish-gray-color\">\u00a9 D.R.<\/mark><\/sup><\/figcaption><\/figure>\n\n\n<p>Os que iam chegando foram abrindo primeiro, atalhos, veredas e at\u00e9 ruas. Seguiram-se as determina\u00e7\u00f5es do reino e com os primeiros colonos vieram um padre e algu\u00e9m que riscaria ou distribuiria as ruas para que se fosse erguendo os casebres, da futura vila.<\/p>\n<p>Passado o Jubileu subiram a encosta, abrindo caminho paralelo a uns \u00abbarrancos\u00bb onde passava uma ribeira de forte caudal, fixaram-se uns \u00abferreiros\u00bb vindos na caravela, nesse caminho que vai at\u00e9 uma pra\u00e7a onde se juntavam duas ribeiras.<\/p>\n<p>Subiram desde a pra\u00e7a, o padre e o representante do reino pela margem direita da ribeira e num plano mais elevado decidiram construir a indispens\u00e1vel igreja consagrada posteriormente ao culto de N\u00aa S\u00aa dos Anjos.<\/p>\n<p>Dali do plano alto da igreja, o povo iria ouvir o seu sino e ver sempre a sua igreja de onde estivesse localizado. A rua que ia da igreja \u00e0 Pra\u00e7a viria a chamar-se de rua da Trindade, por ter nela sido erigido uma ermida desta devo\u00e7\u00e3o, anexa \u00e0 casa de um dos seus moradores.<\/p>\n<p>Segundo as regras de constru\u00e7\u00e3o da vila, seria da Pra\u00e7a que nasceriam as outras ruas que iriam compor, primeiro o Povoado desde o s\u00e9culo XV, depois a Freguesia em 1505 e a eleva\u00e7\u00e3o da vila de \u00c1gua de Pau em 1515.<\/p>\n<p>Todavia, em 1488 j\u00e1 \u00c1gua de Pau tinha igreja erigida pois h\u00e1 um documento que d\u00e1 conta da exist\u00eancia de um capel\u00e3o que dizia l\u00e1 missa.<\/p>\n<p>Foi cedido \u00e0 igreja um Paul, nome atribu\u00eddo aos terrenos que normalmente ficam por tr\u00e1s da igreja que permitiam sustentar a mesma com os seus padres. Passou a chamar-se Ribeira do Paul. Esta, vinha desde uma grota onde se instalaria um homem que se rodeara de muitos c\u00e3es. Da\u00ed ainda hoje se chamar \u201cGrota dos C\u00e3es\u201d. Aquela linha de \u00e1gua originava-se numa nascente que se despenhava num lance alto da rocha, ficando a conhecer-se at\u00e9 hoje como a nascente da Ribeira do Lance.<\/p>\n<p>Outros colonos seguiram, desde a Pra\u00e7a, pela margem da outra ribeira, ladeada por campos. Da\u00ed a terem inicialmente chamado de Ribeira dos Campos, depois Ribeira de Santiago. Seguiram-na sempre at\u00e9 se depararem com o salto de um bode. Salto do Bode ainda hoje tem este nome um dos acessos \u00e0 Serra de \u00c1gua de Pau.<\/p>\n<p>Derivaram para a esquerda, caminhando ao lado do curso da Ribeira dos Campos entraram pelo Caminho da Vila (nome adotado posteriormente) at\u00e9 onde se despenhava do alto a ribeira em grosso caudal dando azo a que alguns moleiros erguessem ali moinhos.<\/p>\n<p>A terra cresceu e o povo tamb\u00e9m com os recursos que a mesma lhes proporcionava, desde terras f\u00e9rteis e ricos recursos h\u00eddricos. Foi crescendo o povoado, compondo-se de umas dezenas de casebres, cobertos de colmo, negros uns, branqueados outros a cal, trepando todos por encostas que iam dando lugar a ruas, a um boqueir\u00e3o, a um outeiro. A rua dos Coelhos e a rua das Limeiras dizem bem do que ali encontraram os primeiros que ali se fixaram e erigiram casa: &#8211; coelhos em debandada, e arvores de limas! Outros preferiram ficar mais pr\u00f3ximos da sua igreja come\u00e7ando uma rua erguendo suas casas num Vale Verde que subia a poente da mesma. Como todas as terras no torr\u00e3o natal daqueles que para ali vieram, tinham uma rua da Carreira abriram-na e dividiram-na inicialmente em quintinhas com suas casas na frente, dum lado e do outro da rua. A rua da Vila Nova dava seguimento para o Pis\u00e3o, onde se tinham estabelecido alguns art\u00edfices com seus \u00abpis\u00f5es\u00bb conhecedores da arte de moer a planta do pastel para extrair uma tinta azul que era exportada para a Flandres. Antes da rua da Vila Nova subir um \u00abpedregal\u00bb que ali existia junto a um barreiro, abriu-se uma Portela de acesso ao Porto do Vale de Caba\u00e7os (Caloura). Era uma canada \u00edngreme que praticamente se serviam os pescadores que possu\u00edam alguns barcos pequenos de pesca num varadouro constru\u00eddo a seguir \u00e0 pedreira de N\u00aa S\u00aa dos Anjos, que come\u00e7ava na Portela e ia at\u00e9 ao porto.<\/p>\n<p>A par das casas que iam aparecendo ao lado das ribeiras, entre as mesmas foram-se construindo mais moinhos de \u00e1gua, tal era a for\u00e7a do caudal. Os moinhos transformaram os moleiros nos primeiros comerciantes da terra. A sua moenda era moeda de troca com outros bens que iam aumentando o stock e variedade de produtos a negociar com o povo. Ba\u00eda dos Moinhos foi o nome que viria a chamar-se depois o antigo porto de Manuel Afonso Pav\u00e3o, pois era ali que iam parar as \u00e1guas que tinham passado por todos os moinhos da vila.<\/p>\n<p>Quando \u00c1gua de Pau foi elevada a vila por alvar\u00e1 r\u00e9gio de D. Manuel I, concedido a 28 de julho de 1515 a maior propriedade que o munic\u00edpio herdou foi o Pico do Concelho. H\u00e1 volta dele e da sua saia se ergueram casas e nasceram ruas, como as ruas da boa Vista que depois mudaram-lhes para ruas do Pico de Baixo e de Cima. Na saia do Pico cresceram as ruas da Trindade, do Beco da Igreja, dos Ferreiros e a Pra\u00e7a Velha.<\/p>\n<p>A atividade comercial dos moleiros manteve o munic\u00edpio da Vila de \u00c1gua de Pau com alguma prosperidade at\u00e9 ao \u00faltimo quartel do s\u00e9culo XIX at\u00e9 a cidade de Ponta Delgada recorrer \u00e0 compra dos principais moinhos, assim como das suas \u00abpenas d\u2019\u00e1gua\u00bb [* medida de quantidade de \u00e1gua usada por cada moleiro] que permitiam a funcionalidade do moinho. O Marqu\u00eas da Praia e Monforte que tinha responsabilidades governativas e depois de presidente da C\u00e2mara de Ponta Delgada, tomou esta medida porque apercebeu-se que a sua cidade n\u00e3o poderia crescer nem se desenvolver sem outra fonte de abastecimento d\u2019\u00e1gua, porquanto a que lhes chegava das Sete Cidades n\u00e3o resolvia o problema.<\/p>\n<p>Um inqu\u00e9rito industrial realizado em 1845 revela que a vila e concelho de \u00c1gua de Pau tinha conhecido um per\u00edodo de industrializa\u00e7\u00e3o pujante na segunda metade do s\u00e9culo XVIII e na primeira metade do s\u00e9culo XIX, pois, tinha 30 moinhos de \u00e1gua, onde ainda trabalhavam 40 oper\u00e1rios, e tinha ainda 12 f\u00e1bricas de pelames que ocupavam 30 oper\u00e1rios, sendo que apenas 4 moinhos e 1 f\u00e1brica tinham constru\u00e7\u00e3o datada dos anos vinte do s\u00e9culo XIX, residindo eventualmente aqui a maior raz\u00e3o para que \u00c1gua de Pau, apesar da sua pequenez geodemografia, se ter mantido como concelho at\u00e9 finais de 1853, portanto sem nunca ter sido integrada no concelho de Lagoa [Cf. F\u00e1tima Sequeira Dias, ob. cit., p. 93]. Naturalmente que se podem aventar v\u00e1rias raz\u00f5es porque tinha \u00c1gua de Pau todos aqueles moinhos e f\u00e1bricas de peles, raz\u00f5es que julgamos devem contemplar tr\u00eas aspetos: 1\u00ba &#8211; A grande riqueza das terras agr\u00edcolas situadas entre aquela vila e o termo da vila da Lagoa, que ainda hoje s\u00e3o consideradas das mais f\u00e9rteis da ilha e aptas ao cultivo de cereais; 2\u00ba &#8211; O pastoreio de gados nas extensas encostas da Serra de \u00c1gua de Pau como fornecedora de peles; 3\u00ba &#8211; O caudal permanente e controlado por comportas do grande paul de \u00c1gua de Pau, que se situava acima da igreja paroquial, e que era drenado a c\u00e9u aberto por v\u00e1rias ruas da vila, onde, eventualmente era canalizado para os moinhos e f\u00e1bricas de curtume das peles. In\u00e9dito, existem nesta vila quatro fonten\u00e1rios p\u00fablicos a correr, h\u00e1 mais de cem anos, vinte e quatro horas por dia.<\/p>","protected":false},"excerpt":{"rendered":"<p>Roberto Medeiros na edi\u00e7\u00e3o deste m\u00eas recorda a hist\u00f3ria da freguesia pauense, que assinala agora 509 anos.<\/p>","protected":false},"author":2,"featured_media":139259,"comment_status":"open","ping_status":"closed","sticky":false,"template":"","format":"standard","meta":[],"categories":[11],"tags":[31,34,193],"acf":[],"yoast_head":"<!-- This site is optimized with the Yoast SEO plugin v20.10 - https:\/\/yoast.com\/wordpress\/plugins\/seo\/ -->\n<title>Vila de \u00c1gua de Pau celebra o seu 509\u00ba anivers\u00e1rio (1515-2024) - Di\u00e1rio da Lagoa<\/title>\n<meta name=\"description\" content=\"Roberto Medeiros na edi\u00e7\u00e3o deste m\u00eas recorda a hist\u00f3ria da freguesia pauense, que assinala agora 509 anos.\" \/>\n<meta name=\"robots\" content=\"index, follow, max-snippet:-1, max-image-preview:large, max-video-preview:-1\" \/>\n<link rel=\"canonical\" href=\"https:\/\/diariodalagoa.pt\/es\/vila-de-agua-de-pau-celebra-o-seu-509o-aniversario-1515-2024\/\" \/>\n<meta property=\"og:locale\" content=\"es_ES\" \/>\n<meta property=\"og:type\" content=\"article\" \/>\n<meta property=\"og:title\" content=\"Vila de \u00c1gua de Pau celebra o seu 509\u00ba anivers\u00e1rio (1515-2024) - Di\u00e1rio da Lagoa\" \/>\n<meta property=\"og:description\" content=\"Roberto Medeiros na edi\u00e7\u00e3o deste m\u00eas recorda a hist\u00f3ria da freguesia pauense, que assinala agora 509 anos.\" \/>\n<meta property=\"og:url\" content=\"https:\/\/diariodalagoa.pt\/es\/vila-de-agua-de-pau-celebra-o-seu-509o-aniversario-1515-2024\/\" \/>\n<meta property=\"og:site_name\" content=\"Di\u00e1rio da Lagoa\" \/>\n<meta property=\"article:published_time\" content=\"2024-08-09T10:12:17+00:00\" \/>\n<meta property=\"article:modified_time\" content=\"2025-09-28T00:32:51+00:00\" \/>\n<meta property=\"og:image\" content=\"https:\/\/diariodalagoa.pt\/wp-content\/uploads\/2024\/07\/pescadores-da-caloura.jpg\" \/>\n\t<meta property=\"og:image:width\" content=\"960\" \/>\n\t<meta property=\"og:image:height\" content=\"730\" \/>\n\t<meta property=\"og:image:type\" content=\"image\/jpeg\" \/>\n<meta name=\"author\" content=\"Di\u00e1rio da Lagoa\" \/>\n<meta name=\"twitter:card\" content=\"summary_large_image\" \/>\n<meta name=\"twitter:label1\" content=\"Escrito por\" \/>\n\t<meta name=\"twitter:data1\" content=\"Di\u00e1rio da Lagoa\" \/>\n\t<meta name=\"twitter:label2\" content=\"Tiempo de lectura\" \/>\n\t<meta name=\"twitter:data2\" content=\"7 minutos\" \/>\n<script type=\"application\/ld+json\" class=\"yoast-schema-graph\">{\"@context\":\"https:\/\/schema.org\",\"@graph\":[{\"@type\":\"WebPage\",\"@id\":\"https:\/\/diariodalagoa.pt\/vila-de-agua-de-pau-celebra-o-seu-509o-aniversario-1515-2024\/\",\"url\":\"https:\/\/diariodalagoa.pt\/vila-de-agua-de-pau-celebra-o-seu-509o-aniversario-1515-2024\/\",\"name\":\"Vila de \u00c1gua de Pau celebra o seu 509\u00ba anivers\u00e1rio (1515-2024) - Di\u00e1rio da Lagoa\",\"isPartOf\":{\"@id\":\"https:\/\/diariodalagoa.pt\/#website\"},\"datePublished\":\"2024-08-09T10:12:17+00:00\",\"dateModified\":\"2025-09-28T00:32:51+00:00\",\"author\":{\"@id\":\"https:\/\/diariodalagoa.pt\/#\/schema\/person\/1615a002370e8857b6f972834bc43ece\"},\"description\":\"Roberto Medeiros na edi\u00e7\u00e3o deste m\u00eas recorda a hist\u00f3ria da freguesia pauense, que assinala agora 509 anos.\",\"breadcrumb\":{\"@id\":\"https:\/\/diariodalagoa.pt\/vila-de-agua-de-pau-celebra-o-seu-509o-aniversario-1515-2024\/#breadcrumb\"},\"inLanguage\":\"es\",\"potentialAction\":[{\"@type\":\"ReadAction\",\"target\":[\"https:\/\/diariodalagoa.pt\/vila-de-agua-de-pau-celebra-o-seu-509o-aniversario-1515-2024\/\"]}]},{\"@type\":\"BreadcrumbList\",\"@id\":\"https:\/\/diariodalagoa.pt\/vila-de-agua-de-pau-celebra-o-seu-509o-aniversario-1515-2024\/#breadcrumb\",\"itemListElement\":[{\"@type\":\"ListItem\",\"position\":1,\"name\":\"In\u00edcio\",\"item\":\"https:\/\/diariodalagoa.pt\/\"},{\"@type\":\"ListItem\",\"position\":2,\"name\":\"Vila de \u00c1gua de Pau celebra o seu 509\u00ba anivers\u00e1rio (1515-2024)\"}]},{\"@type\":\"WebSite\",\"@id\":\"https:\/\/diariodalagoa.pt\/#website\",\"url\":\"https:\/\/diariodalagoa.pt\/\",\"name\":\"Di\u00e1rio da Lagoa\",\"description\":\"Di\u00e1rio da Lagoa. As not\u00edcias que contam. A partir da Lagoa, nos A\u00e7ores, para o mundo.\",\"potentialAction\":[{\"@type\":\"SearchAction\",\"target\":{\"@type\":\"EntryPoint\",\"urlTemplate\":\"https:\/\/diariodalagoa.pt\/?s={search_term_string}\"},\"query-input\":\"required name=search_term_string\"}],\"inLanguage\":\"es\"},{\"@type\":\"Person\",\"@id\":\"https:\/\/diariodalagoa.pt\/#\/schema\/person\/1615a002370e8857b6f972834bc43ece\",\"name\":\"Di\u00e1rio da Lagoa\",\"image\":{\"@type\":\"ImageObject\",\"inLanguage\":\"es\",\"@id\":\"https:\/\/diariodalagoa.pt\/#\/schema\/person\/image\/\",\"url\":\"https:\/\/secure.gravatar.com\/avatar\/2cb5cef90a26f8fbd4d9d930608102c5?s=96&d=mm&r=g\",\"contentUrl\":\"https:\/\/secure.gravatar.com\/avatar\/2cb5cef90a26f8fbd4d9d930608102c5?s=96&d=mm&r=g\",\"caption\":\"Di\u00e1rio da Lagoa\"},\"url\":\"https:\/\/diariodalagoa.pt\/es\/author\/diariodalagoa\/\"}]}<\/script>\n<!-- \/ Yoast SEO plugin. -->","yoast_head_json":{"title":"Vila de \u00c1gua de Pau celebra o seu 509\u00ba anivers\u00e1rio (1515-2024) - Di\u00e1rio da Lagoa","description":"Roberto Medeiros na edi\u00e7\u00e3o deste m\u00eas recorda a hist\u00f3ria da freguesia pauense, que assinala agora 509 anos.","robots":{"index":"index","follow":"follow","max-snippet":"max-snippet:-1","max-image-preview":"max-image-preview:large","max-video-preview":"max-video-preview:-1"},"canonical":"https:\/\/diariodalagoa.pt\/es\/vila-de-agua-de-pau-celebra-o-seu-509o-aniversario-1515-2024\/","og_locale":"es_ES","og_type":"article","og_title":"Vila de \u00c1gua de Pau celebra o seu 509\u00ba anivers\u00e1rio (1515-2024) - Di\u00e1rio da Lagoa","og_description":"Roberto Medeiros na edi\u00e7\u00e3o deste m\u00eas recorda a hist\u00f3ria da freguesia pauense, que assinala agora 509 anos.","og_url":"https:\/\/diariodalagoa.pt\/es\/vila-de-agua-de-pau-celebra-o-seu-509o-aniversario-1515-2024\/","og_site_name":"Di\u00e1rio da Lagoa","article_published_time":"2024-08-09T10:12:17+00:00","article_modified_time":"2025-09-28T00:32:51+00:00","og_image":[{"width":960,"height":730,"url":"https:\/\/diariodalagoa.pt\/wp-content\/uploads\/2024\/07\/pescadores-da-caloura.jpg","type":"image\/jpeg"}],"author":"Di\u00e1rio da Lagoa","twitter_card":"summary_large_image","twitter_misc":{"Escrito por":"Di\u00e1rio da Lagoa","Tiempo de lectura":"7 minutos"},"schema":{"@context":"https:\/\/schema.org","@graph":[{"@type":"WebPage","@id":"https:\/\/diariodalagoa.pt\/vila-de-agua-de-pau-celebra-o-seu-509o-aniversario-1515-2024\/","url":"https:\/\/diariodalagoa.pt\/vila-de-agua-de-pau-celebra-o-seu-509o-aniversario-1515-2024\/","name":"Vila de \u00c1gua de Pau celebra o seu 509\u00ba anivers\u00e1rio (1515-2024) - Di\u00e1rio da Lagoa","isPartOf":{"@id":"https:\/\/diariodalagoa.pt\/#website"},"datePublished":"2024-08-09T10:12:17+00:00","dateModified":"2025-09-28T00:32:51+00:00","author":{"@id":"https:\/\/diariodalagoa.pt\/#\/schema\/person\/1615a002370e8857b6f972834bc43ece"},"description":"Roberto Medeiros na edi\u00e7\u00e3o deste m\u00eas recorda a hist\u00f3ria da freguesia pauense, que assinala agora 509 anos.","breadcrumb":{"@id":"https:\/\/diariodalagoa.pt\/vila-de-agua-de-pau-celebra-o-seu-509o-aniversario-1515-2024\/#breadcrumb"},"inLanguage":"es","potentialAction":[{"@type":"ReadAction","target":["https:\/\/diariodalagoa.pt\/vila-de-agua-de-pau-celebra-o-seu-509o-aniversario-1515-2024\/"]}]},{"@type":"BreadcrumbList","@id":"https:\/\/diariodalagoa.pt\/vila-de-agua-de-pau-celebra-o-seu-509o-aniversario-1515-2024\/#breadcrumb","itemListElement":[{"@type":"ListItem","position":1,"name":"In\u00edcio","item":"https:\/\/diariodalagoa.pt\/"},{"@type":"ListItem","position":2,"name":"Vila de \u00c1gua de Pau celebra o seu 509\u00ba anivers\u00e1rio (1515-2024)"}]},{"@type":"WebSite","@id":"https:\/\/diariodalagoa.pt\/#website","url":"https:\/\/diariodalagoa.pt\/","name":"Di\u00e1rio da Lagoa","description":"Di\u00e1rio da Lagoa. As not\u00edcias que contam. A partir da Lagoa, nos A\u00e7ores, para o mundo.","potentialAction":[{"@type":"SearchAction","target":{"@type":"EntryPoint","urlTemplate":"https:\/\/diariodalagoa.pt\/?s={search_term_string}"},"query-input":"required name=search_term_string"}],"inLanguage":"es"},{"@type":"Person","@id":"https:\/\/diariodalagoa.pt\/#\/schema\/person\/1615a002370e8857b6f972834bc43ece","name":"Di\u00e1rio da Lagoa","image":{"@type":"ImageObject","inLanguage":"es","@id":"https:\/\/diariodalagoa.pt\/#\/schema\/person\/image\/","url":"https:\/\/secure.gravatar.com\/avatar\/2cb5cef90a26f8fbd4d9d930608102c5?s=96&d=mm&r=g","contentUrl":"https:\/\/secure.gravatar.com\/avatar\/2cb5cef90a26f8fbd4d9d930608102c5?s=96&d=mm&r=g","caption":"Di\u00e1rio da Lagoa"},"url":"https:\/\/diariodalagoa.pt\/es\/author\/diariodalagoa\/"}]}},"_links":{"self":[{"href":"https:\/\/diariodalagoa.pt\/es\/wp-json\/wp\/v2\/posts\/139258"}],"collection":[{"href":"https:\/\/diariodalagoa.pt\/es\/wp-json\/wp\/v2\/posts"}],"about":[{"href":"https:\/\/diariodalagoa.pt\/es\/wp-json\/wp\/v2\/types\/post"}],"author":[{"embeddable":true,"href":"https:\/\/diariodalagoa.pt\/es\/wp-json\/wp\/v2\/users\/2"}],"replies":[{"embeddable":true,"href":"https:\/\/diariodalagoa.pt\/es\/wp-json\/wp\/v2\/comments?post=139258"}],"version-history":[{"count":7,"href":"https:\/\/diariodalagoa.pt\/es\/wp-json\/wp\/v2\/posts\/139258\/revisions"}],"predecessor-version":[{"id":139724,"href":"https:\/\/diariodalagoa.pt\/es\/wp-json\/wp\/v2\/posts\/139258\/revisions\/139724"}],"wp:featuredmedia":[{"embeddable":true,"href":"https:\/\/diariodalagoa.pt\/es\/wp-json\/wp\/v2\/media\/139259"}],"wp:attachment":[{"href":"https:\/\/diariodalagoa.pt\/es\/wp-json\/wp\/v2\/media?parent=139258"}],"wp:term":[{"taxonomy":"category","embeddable":true,"href":"https:\/\/diariodalagoa.pt\/es\/wp-json\/wp\/v2\/categories?post=139258"},{"taxonomy":"post_tag","embeddable":true,"href":"https:\/\/diariodalagoa.pt\/es\/wp-json\/wp\/v2\/tags?post=139258"}],"curies":[{"name":"wp","href":"https:\/\/api.w.org\/{rel}","templated":true}]}}