{"id":13481,"date":"2015-02-04T18:54:29","date_gmt":"2015-02-04T19:54:29","guid":{"rendered":"http:\/\/diariodalagoa.pt\/?p=13481"},"modified":"2015-02-04T18:54:29","modified_gmt":"2015-02-04T19:54:29","slug":"nova-edicao-do-programa-empreende-acores-arranca-a-9-de-fevereiro","status":"publish","type":"post","link":"https:\/\/diariodalagoa.pt\/es\/nova-edicao-do-programa-empreende-acores-arranca-a-9-de-fevereiro\/","title":{"rendered":"Nova edi\u00e7\u00e3o do programa Empreende A\u00e7ores arranca a 9 de fevereiro"},"content":{"rendered":"<p style=\"text-align: justify;\"><img decoding=\"async\" class=\"alignnone size-full wp-image-90\" src=\"http:\/\/diariodalagoa.pt\/wp-content\/uploads\/2014\/02\/PalacioConceicao_fev13@RA-6.jpg\" alt=\"PalacioConceicao_fev13@RA (6)\" width=\"620\" height=\"298\" \/><\/p>\n<p style=\"text-align: justify;\"><span style=\"color: #000000;\">A nova edi\u00e7\u00e3o do curso de forma\u00e7\u00e3o\/a\u00e7\u00e3o Empreende A\u00e7ores vai arrancar\u00a0a 9 de fevereiro, em Ponta Delgada, facultando aos formandos um conjunto de conhecimentos na \u00e1rea empresarial no sentido de lhes permitir explorar o potencial econ\u00f3mico dos recursos end\u00f3genos dos A\u00e7ores.\u00a0<\/span><\/p>\n<p style=\"text-align: justify;\"><span style=\"color: #000000;\">A iniciativa, que ser\u00e1 alargada a todas as ilhas dos A\u00e7ores, destina-se a um p\u00fablico-alvo mais vasto, abrangendo indiv\u00edduos desempregados com habilita\u00e7\u00f5es m\u00ednimas do 9.\u00ba ano de escolaridade, jovens inseridos em projetos da Dire\u00e7\u00e3o Regional da Juventude com interesse em desenvolver atividades no \u00e2mbito das ind\u00fastrias criativas, empres\u00e1rios ligados ao ramo do artesanato, em articula\u00e7\u00e3o com o Centro Regional de Artesanato dos A\u00e7ores, e empres\u00e1rios de micro e pequenas empresas.\u00a0\u00a0<\/span><\/p>\n<p style=\"text-align: justify;\"><span style=\"color: #000000;\">O Empreende A\u00e7ores \u00e9 constitu\u00eddo por cinco m\u00f3dulos e compreende uma carga hor\u00e1ria total de 60 horas.\u00a0<\/span><\/p>\n<p style=\"text-align: justify;\"><span style=\"color: #000000;\">Ap\u00f3s a conclus\u00e3o da forma\u00e7\u00e3o, os interessados poder\u00e3o desenvolver o seu plano de neg\u00f3cio num prazo de seis meses e posteriormente implementar o seu projeto com acompanhamento personalizado num per\u00edodo de 12 meses.\u00a0<\/span><\/p>\n<p style=\"text-align: justify;\"><span style=\"color: #000000;\">O Empreende A\u00e7ores, edi\u00e7\u00e3o 2015, \u00e9 desenvolvido pelo Governo dos A\u00e7ores, atrav\u00e9s da Sociedade para o Desenvolvimento Empresarial dos A\u00e7ores (SDEA) e em parceria com a CRESA\u00c7OR e a Dire\u00e7\u00e3o Regional do Emprego e Qualifica\u00e7\u00e3o Profissional, sendo a sua frequ\u00eancia gratuita.<\/span><\/p>\n<p style=\"text-align: justify;\"><span style=\"color: #000000;\"><em>DL\/GaCS<\/em><\/span><\/p>","protected":false},"excerpt":{"rendered":"<p>A nova edi\u00e7\u00e3o do curso de forma\u00e7\u00e3o\/a\u00e7\u00e3o Empreende A\u00e7ores vai arrancar\u00a0a 9 de fevereiro, em Ponta Delgada, facultando aos formandos um conjunto de conhecimentos na \u00e1rea empresarial no sentido de lhes permitir explorar o potencial econ\u00f3mico dos recursos end\u00f3genos dos A\u00e7ores.\u00a0 A iniciativa, que ser\u00e1 alargada a todas as ilhas dos A\u00e7ores, destina-se a um [&hellip;]<\/p>","protected":false},"author":2,"featured_media":121564,"comment_status":"open","ping_status":"open","sticky":false,"template":"","format":"standard","meta":[],"categories":[21],"tags":[],"acf":[],"yoast_head":"<!-- This site is optimized with the Yoast SEO plugin v20.10 - https:\/\/yoast.com\/wordpress\/plugins\/seo\/ -->\n<title>Nova edi\u00e7\u00e3o do programa Empreende A\u00e7ores arranca a 9 de fevereiro - Di\u00e1rio da Lagoa<\/title>\n<meta name=\"robots\" content=\"index, follow, max-snippet:-1, max-image-preview:large, max-video-preview:-1\" \/>\n<link rel=\"canonical\" href=\"https:\/\/diariodalagoa.pt\/es\/nova-edicao-do-programa-empreende-acores-arranca-a-9-de-fevereiro\/\" \/>\n<meta property=\"og:locale\" content=\"es_ES\" \/>\n<meta property=\"og:type\" content=\"article\" \/>\n<meta property=\"og:title\" content=\"Nova edi\u00e7\u00e3o do programa Empreende A\u00e7ores arranca a 9 de fevereiro - Di\u00e1rio da Lagoa\" \/>\n<meta property=\"og:description\" content=\"A nova edi\u00e7\u00e3o do curso de forma\u00e7\u00e3o\/a\u00e7\u00e3o Empreende A\u00e7ores vai arrancar\u00a0a 9 de fevereiro, em Ponta Delgada, facultando aos formandos um conjunto de conhecimentos na \u00e1rea empresarial no sentido de lhes permitir explorar o potencial econ\u00f3mico dos recursos end\u00f3genos dos A\u00e7ores.\u00a0 A iniciativa, que ser\u00e1 alargada a todas as ilhas dos A\u00e7ores, destina-se a um [&hellip;]\" \/>\n<meta property=\"og:url\" content=\"https:\/\/diariodalagoa.pt\/es\/nova-edicao-do-programa-empreende-acores-arranca-a-9-de-fevereiro\/\" \/>\n<meta property=\"og:site_name\" content=\"Di\u00e1rio da Lagoa\" \/>\n<meta property=\"article:published_time\" content=\"2015-02-04T19:54:29+00:00\" \/>\n<meta property=\"og:image\" content=\"https:\/\/diariodalagoa.pt\/wp-content\/uploads\/2015\/02\/palacioconceicao-fev13ra-6.jpg\" \/>\n\t<meta property=\"og:image:width\" content=\"620\" \/>\n\t<meta property=\"og:image:height\" content=\"298\" \/>\n\t<meta property=\"og:image:type\" content=\"image\/jpeg\" \/>\n<meta name=\"author\" content=\"Di\u00e1rio da Lagoa\" \/>\n<meta name=\"twitter:card\" content=\"summary_large_image\" \/>\n<meta name=\"twitter:label1\" content=\"Escrito por\" \/>\n\t<meta name=\"twitter:data1\" content=\"Di\u00e1rio da Lagoa\" \/>\n\t<meta name=\"twitter:label2\" content=\"Tiempo de lectura\" \/>\n\t<meta name=\"twitter:data2\" content=\"1 minuto\" \/>\n<script type=\"application\/ld+json\" class=\"yoast-schema-graph\">{\"@context\":\"https:\/\/schema.org\",\"@graph\":[{\"@type\":\"WebPage\",\"@id\":\"https:\/\/diariodalagoa.pt\/nova-edicao-do-programa-empreende-acores-arranca-a-9-de-fevereiro\/\",\"url\":\"https:\/\/diariodalagoa.pt\/nova-edicao-do-programa-empreende-acores-arranca-a-9-de-fevereiro\/\",\"name\":\"Nova edi\u00e7\u00e3o do programa Empreende A\u00e7ores arranca a 9 de fevereiro - Di\u00e1rio da Lagoa\",\"isPartOf\":{\"@id\":\"https:\/\/diariodalagoa.pt\/#website\"},\"datePublished\":\"2015-02-04T19:54:29+00:00\",\"dateModified\":\"2015-02-04T19:54:29+00:00\",\"author\":{\"@id\":\"https:\/\/diariodalagoa.pt\/#\/schema\/person\/1615a002370e8857b6f972834bc43ece\"},\"breadcrumb\":{\"@id\":\"https:\/\/diariodalagoa.pt\/nova-edicao-do-programa-empreende-acores-arranca-a-9-de-fevereiro\/#breadcrumb\"},\"inLanguage\":\"es\",\"potentialAction\":[{\"@type\":\"ReadAction\",\"target\":[\"https:\/\/diariodalagoa.pt\/nova-edicao-do-programa-empreende-acores-arranca-a-9-de-fevereiro\/\"]}]},{\"@type\":\"BreadcrumbList\",\"@id\":\"https:\/\/diariodalagoa.pt\/nova-edicao-do-programa-empreende-acores-arranca-a-9-de-fevereiro\/#breadcrumb\",\"itemListElement\":[{\"@type\":\"ListItem\",\"position\":1,\"name\":\"In\u00edcio\",\"item\":\"https:\/\/diariodalagoa.pt\/\"},{\"@type\":\"ListItem\",\"position\":2,\"name\":\"Nova edi\u00e7\u00e3o do programa Empreende A\u00e7ores arranca a 9 de fevereiro\"}]},{\"@type\":\"WebSite\",\"@id\":\"https:\/\/diariodalagoa.pt\/#website\",\"url\":\"https:\/\/diariodalagoa.pt\/\",\"name\":\"Di\u00e1rio da Lagoa\",\"description\":\"Di\u00e1rio da Lagoa. As not\u00edcias que contam. A partir da Lagoa, nos A\u00e7ores, para o mundo.\",\"potentialAction\":[{\"@type\":\"SearchAction\",\"target\":{\"@type\":\"EntryPoint\",\"urlTemplate\":\"https:\/\/diariodalagoa.pt\/?s={search_term_string}\"},\"query-input\":\"required name=search_term_string\"}],\"inLanguage\":\"es\"},{\"@type\":\"Person\",\"@id\":\"https:\/\/diariodalagoa.pt\/#\/schema\/person\/1615a002370e8857b6f972834bc43ece\",\"name\":\"Di\u00e1rio da Lagoa\",\"image\":{\"@type\":\"ImageObject\",\"inLanguage\":\"es\",\"@id\":\"https:\/\/diariodalagoa.pt\/#\/schema\/person\/image\/\",\"url\":\"https:\/\/secure.gravatar.com\/avatar\/2cb5cef90a26f8fbd4d9d930608102c5?s=96&d=mm&r=g\",\"contentUrl\":\"https:\/\/secure.gravatar.com\/avatar\/2cb5cef90a26f8fbd4d9d930608102c5?s=96&d=mm&r=g\",\"caption\":\"Di\u00e1rio da Lagoa\"},\"url\":\"https:\/\/diariodalagoa.pt\/es\/author\/diariodalagoa\/\"}]}<\/script>\n<!-- \/ Yoast SEO plugin. -->","yoast_head_json":{"title":"Nova edi\u00e7\u00e3o do programa Empreende A\u00e7ores arranca a 9 de fevereiro - Di\u00e1rio da Lagoa","robots":{"index":"index","follow":"follow","max-snippet":"max-snippet:-1","max-image-preview":"max-image-preview:large","max-video-preview":"max-video-preview:-1"},"canonical":"https:\/\/diariodalagoa.pt\/es\/nova-edicao-do-programa-empreende-acores-arranca-a-9-de-fevereiro\/","og_locale":"es_ES","og_type":"article","og_title":"Nova edi\u00e7\u00e3o do programa Empreende A\u00e7ores arranca a 9 de fevereiro - Di\u00e1rio da Lagoa","og_description":"A nova edi\u00e7\u00e3o do curso de forma\u00e7\u00e3o\/a\u00e7\u00e3o Empreende A\u00e7ores vai arrancar\u00a0a 9 de fevereiro, em Ponta Delgada, facultando aos formandos um conjunto de conhecimentos na \u00e1rea empresarial no sentido de lhes permitir explorar o potencial econ\u00f3mico dos recursos end\u00f3genos dos A\u00e7ores.\u00a0 A iniciativa, que ser\u00e1 alargada a todas as ilhas dos A\u00e7ores, destina-se a um [&hellip;]","og_url":"https:\/\/diariodalagoa.pt\/es\/nova-edicao-do-programa-empreende-acores-arranca-a-9-de-fevereiro\/","og_site_name":"Di\u00e1rio da Lagoa","article_published_time":"2015-02-04T19:54:29+00:00","og_image":[{"width":620,"height":298,"url":"https:\/\/diariodalagoa.pt\/wp-content\/uploads\/2015\/02\/palacioconceicao-fev13ra-6.jpg","type":"image\/jpeg"}],"author":"Di\u00e1rio da Lagoa","twitter_card":"summary_large_image","twitter_misc":{"Escrito por":"Di\u00e1rio da Lagoa","Tiempo de lectura":"1 minuto"},"schema":{"@context":"https:\/\/schema.org","@graph":[{"@type":"WebPage","@id":"https:\/\/diariodalagoa.pt\/nova-edicao-do-programa-empreende-acores-arranca-a-9-de-fevereiro\/","url":"https:\/\/diariodalagoa.pt\/nova-edicao-do-programa-empreende-acores-arranca-a-9-de-fevereiro\/","name":"Nova edi\u00e7\u00e3o do programa Empreende A\u00e7ores arranca a 9 de fevereiro - Di\u00e1rio da Lagoa","isPartOf":{"@id":"https:\/\/diariodalagoa.pt\/#website"},"datePublished":"2015-02-04T19:54:29+00:00","dateModified":"2015-02-04T19:54:29+00:00","author":{"@id":"https:\/\/diariodalagoa.pt\/#\/schema\/person\/1615a002370e8857b6f972834bc43ece"},"breadcrumb":{"@id":"https:\/\/diariodalagoa.pt\/nova-edicao-do-programa-empreende-acores-arranca-a-9-de-fevereiro\/#breadcrumb"},"inLanguage":"es","potentialAction":[{"@type":"ReadAction","target":["https:\/\/diariodalagoa.pt\/nova-edicao-do-programa-empreende-acores-arranca-a-9-de-fevereiro\/"]}]},{"@type":"BreadcrumbList","@id":"https:\/\/diariodalagoa.pt\/nova-edicao-do-programa-empreende-acores-arranca-a-9-de-fevereiro\/#breadcrumb","itemListElement":[{"@type":"ListItem","position":1,"name":"In\u00edcio","item":"https:\/\/diariodalagoa.pt\/"},{"@type":"ListItem","position":2,"name":"Nova edi\u00e7\u00e3o do programa Empreende A\u00e7ores arranca a 9 de fevereiro"}]},{"@type":"WebSite","@id":"https:\/\/diariodalagoa.pt\/#website","url":"https:\/\/diariodalagoa.pt\/","name":"Di\u00e1rio da Lagoa","description":"Di\u00e1rio da Lagoa. As not\u00edcias que contam. A partir da Lagoa, nos A\u00e7ores, para o mundo.","potentialAction":[{"@type":"SearchAction","target":{"@type":"EntryPoint","urlTemplate":"https:\/\/diariodalagoa.pt\/?s={search_term_string}"},"query-input":"required name=search_term_string"}],"inLanguage":"es"},{"@type":"Person","@id":"https:\/\/diariodalagoa.pt\/#\/schema\/person\/1615a002370e8857b6f972834bc43ece","name":"Di\u00e1rio da Lagoa","image":{"@type":"ImageObject","inLanguage":"es","@id":"https:\/\/diariodalagoa.pt\/#\/schema\/person\/image\/","url":"https:\/\/secure.gravatar.com\/avatar\/2cb5cef90a26f8fbd4d9d930608102c5?s=96&d=mm&r=g","contentUrl":"https:\/\/secure.gravatar.com\/avatar\/2cb5cef90a26f8fbd4d9d930608102c5?s=96&d=mm&r=g","caption":"Di\u00e1rio da Lagoa"},"url":"https:\/\/diariodalagoa.pt\/es\/author\/diariodalagoa\/"}]}},"_links":{"self":[{"href":"https:\/\/diariodalagoa.pt\/es\/wp-json\/wp\/v2\/posts\/13481"}],"collection":[{"href":"https:\/\/diariodalagoa.pt\/es\/wp-json\/wp\/v2\/posts"}],"about":[{"href":"https:\/\/diariodalagoa.pt\/es\/wp-json\/wp\/v2\/types\/post"}],"author":[{"embeddable":true,"href":"https:\/\/diariodalagoa.pt\/es\/wp-json\/wp\/v2\/users\/2"}],"replies":[{"embeddable":true,"href":"https:\/\/diariodalagoa.pt\/es\/wp-json\/wp\/v2\/comments?post=13481"}],"version-history":[{"count":0,"href":"https:\/\/diariodalagoa.pt\/es\/wp-json\/wp\/v2\/posts\/13481\/revisions"}],"wp:featuredmedia":[{"embeddable":true,"href":"https:\/\/diariodalagoa.pt\/es\/wp-json\/wp\/v2\/media\/121564"}],"wp:attachment":[{"href":"https:\/\/diariodalagoa.pt\/es\/wp-json\/wp\/v2\/media?parent=13481"}],"wp:term":[{"taxonomy":"category","embeddable":true,"href":"https:\/\/diariodalagoa.pt\/es\/wp-json\/wp\/v2\/categories?post=13481"},{"taxonomy":"post_tag","embeddable":true,"href":"https:\/\/diariodalagoa.pt\/es\/wp-json\/wp\/v2\/tags?post=13481"}],"curies":[{"name":"wp","href":"https:\/\/api.w.org\/{rel}","templated":true}]}}