{"id":13439,"date":"2015-02-03T16:51:50","date_gmt":"2015-02-03T17:51:50","guid":{"rendered":"http:\/\/diariodalagoa.pt\/?p=13439"},"modified":"2015-02-03T16:51:50","modified_gmt":"2015-02-03T17:51:50","slug":"governo-investe-5-milhoes-de-euros-na-reabilitacao-do-parque-habitacional-da-regiao","status":"publish","type":"post","link":"https:\/\/diariodalagoa.pt\/es\/governo-investe-5-milhoes-de-euros-na-reabilitacao-do-parque-habitacional-da-regiao\/","title":{"rendered":"Governo investe 5 milh\u00f5es de euros na reabilita\u00e7\u00e3o do parque habitacional da Regi\u00e3o"},"content":{"rendered":"<p><img decoding=\"async\" class=\"alignnone size-full wp-image-13440\" src=\"http:\/\/diariodalagoa.pt\/wp-content\/uploads\/2015\/02\/Andreia-Cardoso-governo-A\u00e7ores-habita\u00e7\u00e3o-social-Jornal-Diario-da-Lagoa.jpg\" alt=\"Andreia-Cardoso-governo-A\u00e7ores-habita\u00e7\u00e3o-social-Jornal-Diario-da-Lagoa\" width=\"720\" height=\"380\" \/><\/p>\n<p><span style=\"color: #000000;\">A Secret\u00e1ria Regional da Solidariedade Social reuniu com o Presidente do Conselho de Administra\u00e7\u00e3o da Sociedade de Promo\u00e7\u00e3o e Reabilita\u00e7\u00e3o de Habita\u00e7\u00e3o e Infraestruturas (SPRHI) para debater os projetos e investimentos em mat\u00e9ria de habita\u00e7\u00e3o projetados para 2015 nos A\u00e7ores,\u00a0que \u201crepresentam um investimento p\u00fablico superior a\u00a0cinco milh\u00f5es de euros\u201d.\u00a0<\/span><\/p>\n<p><span style=\"color: #000000;\">Andreia Cardoso revelou, no final da reuni\u00e3o, que est\u00e1 em\u00a0curso a segunda fase de recupera\u00e7\u00e3o e ou reconvers\u00e3o do Bairro da Terra Ch\u00e3, em Angra do Hero\u00edsmo, e do Bairro Joaquim Alves, na Praia da Vit\u00f3ria, num total de investimento p\u00fablico que ascende a 4,2 milh\u00f5es de euros e abrange mais de duas centenas de pessoas.\u00a0\u00a0<\/span><\/p>\n<p><span style=\"color: #000000;\">A Secret\u00e1ria Regional salientou ainda que est\u00e1 previsto para este ano o lan\u00e7amento de novas etapas desta fase de reabilita\u00e7\u00e3o daqueles dois bairros habitacionais na ilha Terceira.<\/span><\/p>\n<p><span style=\"color: #000000;\">Andreia Cardoso adiantou que, al\u00e9m destes projetos,\u00a0o Governo dos A\u00e7ores tem previstas outras pequenas interven\u00e7\u00f5es no \u00e2mbito da reabilita\u00e7\u00e3o ou repara\u00e7\u00e3o do parque habitacional da Regi\u00e3o, nomeadamente em S\u00e3o Jorge, Pico, Faial, Graciosa, Terceira, S\u00e3o Miguel e Santa Maria, num montante superior a 1,2 milh\u00f5es de euros e que abranger\u00e3o um universo de 243 fam\u00edlias.<\/span><\/p>\n<p><span style=\"color: #000000;\"><em>DL\/Gacs<\/em><\/span><\/p>","protected":false},"excerpt":{"rendered":"<p>A Secret\u00e1ria Regional da Solidariedade Social reuniu com o Presidente do Conselho de Administra\u00e7\u00e3o da Sociedade de Promo\u00e7\u00e3o e Reabilita\u00e7\u00e3o de Habita\u00e7\u00e3o e Infraestruturas (SPRHI) para debater os projetos e investimentos em mat\u00e9ria de habita\u00e7\u00e3o projetados para 2015 nos A\u00e7ores,\u00a0que \u201crepresentam um investimento p\u00fablico superior a\u00a0cinco milh\u00f5es de euros\u201d.\u00a0 Andreia Cardoso revelou, no final da [&hellip;]<\/p>","protected":false},"author":2,"featured_media":0,"comment_status":"open","ping_status":"open","sticky":false,"template":"","format":"standard","meta":[],"categories":[21],"tags":[],"acf":[],"yoast_head":"<!-- This site is optimized with the Yoast SEO plugin v20.10 - https:\/\/yoast.com\/wordpress\/plugins\/seo\/ -->\n<title>Governo investe 5 milh\u00f5es de euros na reabilita\u00e7\u00e3o do parque habitacional da Regi\u00e3o - Di\u00e1rio da Lagoa<\/title>\n<meta name=\"robots\" content=\"index, follow, max-snippet:-1, max-image-preview:large, max-video-preview:-1\" \/>\n<link rel=\"canonical\" href=\"https:\/\/diariodalagoa.pt\/es\/governo-investe-5-milhoes-de-euros-na-reabilitacao-do-parque-habitacional-da-regiao\/\" \/>\n<meta property=\"og:locale\" content=\"es_ES\" \/>\n<meta property=\"og:type\" content=\"article\" \/>\n<meta property=\"og:title\" content=\"Governo investe 5 milh\u00f5es de euros na reabilita\u00e7\u00e3o do parque habitacional da Regi\u00e3o - Di\u00e1rio da Lagoa\" \/>\n<meta property=\"og:description\" content=\"A Secret\u00e1ria Regional da Solidariedade Social reuniu com o Presidente do Conselho de Administra\u00e7\u00e3o da Sociedade de Promo\u00e7\u00e3o e Reabilita\u00e7\u00e3o de Habita\u00e7\u00e3o e Infraestruturas (SPRHI) para debater os projetos e investimentos em mat\u00e9ria de habita\u00e7\u00e3o projetados para 2015 nos A\u00e7ores,\u00a0que \u201crepresentam um investimento p\u00fablico superior a\u00a0cinco milh\u00f5es de euros\u201d.\u00a0 Andreia Cardoso revelou, no final da [&hellip;]\" \/>\n<meta property=\"og:url\" content=\"https:\/\/diariodalagoa.pt\/es\/governo-investe-5-milhoes-de-euros-na-reabilitacao-do-parque-habitacional-da-regiao\/\" \/>\n<meta property=\"og:site_name\" content=\"Di\u00e1rio da Lagoa\" \/>\n<meta property=\"article:published_time\" content=\"2015-02-03T17:51:50+00:00\" \/>\n<meta name=\"author\" content=\"Di\u00e1rio da Lagoa\" \/>\n<meta name=\"twitter:card\" content=\"summary_large_image\" \/>\n<meta name=\"twitter:label1\" content=\"Escrito por\" \/>\n\t<meta name=\"twitter:data1\" content=\"Di\u00e1rio da Lagoa\" \/>\n\t<meta name=\"twitter:label2\" content=\"Tiempo de lectura\" \/>\n\t<meta name=\"twitter:data2\" content=\"1 minuto\" \/>\n<script type=\"application\/ld+json\" class=\"yoast-schema-graph\">{\"@context\":\"https:\/\/schema.org\",\"@graph\":[{\"@type\":\"WebPage\",\"@id\":\"https:\/\/diariodalagoa.pt\/governo-investe-5-milhoes-de-euros-na-reabilitacao-do-parque-habitacional-da-regiao\/\",\"url\":\"https:\/\/diariodalagoa.pt\/governo-investe-5-milhoes-de-euros-na-reabilitacao-do-parque-habitacional-da-regiao\/\",\"name\":\"Governo investe 5 milh\u00f5es de euros na reabilita\u00e7\u00e3o do parque habitacional da Regi\u00e3o - Di\u00e1rio da Lagoa\",\"isPartOf\":{\"@id\":\"https:\/\/diariodalagoa.pt\/#website\"},\"datePublished\":\"2015-02-03T17:51:50+00:00\",\"dateModified\":\"2015-02-03T17:51:50+00:00\",\"author\":{\"@id\":\"https:\/\/diariodalagoa.pt\/#\/schema\/person\/1615a002370e8857b6f972834bc43ece\"},\"breadcrumb\":{\"@id\":\"https:\/\/diariodalagoa.pt\/governo-investe-5-milhoes-de-euros-na-reabilitacao-do-parque-habitacional-da-regiao\/#breadcrumb\"},\"inLanguage\":\"es\",\"potentialAction\":[{\"@type\":\"ReadAction\",\"target\":[\"https:\/\/diariodalagoa.pt\/governo-investe-5-milhoes-de-euros-na-reabilitacao-do-parque-habitacional-da-regiao\/\"]}]},{\"@type\":\"BreadcrumbList\",\"@id\":\"https:\/\/diariodalagoa.pt\/governo-investe-5-milhoes-de-euros-na-reabilitacao-do-parque-habitacional-da-regiao\/#breadcrumb\",\"itemListElement\":[{\"@type\":\"ListItem\",\"position\":1,\"name\":\"In\u00edcio\",\"item\":\"https:\/\/diariodalagoa.pt\/\"},{\"@type\":\"ListItem\",\"position\":2,\"name\":\"Governo investe 5 milh\u00f5es de euros na reabilita\u00e7\u00e3o do parque habitacional da Regi\u00e3o\"}]},{\"@type\":\"WebSite\",\"@id\":\"https:\/\/diariodalagoa.pt\/#website\",\"url\":\"https:\/\/diariodalagoa.pt\/\",\"name\":\"Di\u00e1rio da Lagoa\",\"description\":\"Di\u00e1rio da Lagoa. As not\u00edcias que contam. A partir da Lagoa, nos A\u00e7ores, para o mundo.\",\"potentialAction\":[{\"@type\":\"SearchAction\",\"target\":{\"@type\":\"EntryPoint\",\"urlTemplate\":\"https:\/\/diariodalagoa.pt\/?s={search_term_string}\"},\"query-input\":\"required name=search_term_string\"}],\"inLanguage\":\"es\"},{\"@type\":\"Person\",\"@id\":\"https:\/\/diariodalagoa.pt\/#\/schema\/person\/1615a002370e8857b6f972834bc43ece\",\"name\":\"Di\u00e1rio da Lagoa\",\"image\":{\"@type\":\"ImageObject\",\"inLanguage\":\"es\",\"@id\":\"https:\/\/diariodalagoa.pt\/#\/schema\/person\/image\/\",\"url\":\"https:\/\/secure.gravatar.com\/avatar\/2cb5cef90a26f8fbd4d9d930608102c5?s=96&d=mm&r=g\",\"contentUrl\":\"https:\/\/secure.gravatar.com\/avatar\/2cb5cef90a26f8fbd4d9d930608102c5?s=96&d=mm&r=g\",\"caption\":\"Di\u00e1rio da Lagoa\"},\"url\":\"https:\/\/diariodalagoa.pt\/es\/author\/diariodalagoa\/\"}]}<\/script>\n<!-- \/ Yoast SEO plugin. -->","yoast_head_json":{"title":"Governo investe 5 milh\u00f5es de euros na reabilita\u00e7\u00e3o do parque habitacional da Regi\u00e3o - Di\u00e1rio da Lagoa","robots":{"index":"index","follow":"follow","max-snippet":"max-snippet:-1","max-image-preview":"max-image-preview:large","max-video-preview":"max-video-preview:-1"},"canonical":"https:\/\/diariodalagoa.pt\/es\/governo-investe-5-milhoes-de-euros-na-reabilitacao-do-parque-habitacional-da-regiao\/","og_locale":"es_ES","og_type":"article","og_title":"Governo investe 5 milh\u00f5es de euros na reabilita\u00e7\u00e3o do parque habitacional da Regi\u00e3o - Di\u00e1rio da Lagoa","og_description":"A Secret\u00e1ria Regional da Solidariedade Social reuniu com o Presidente do Conselho de Administra\u00e7\u00e3o da Sociedade de Promo\u00e7\u00e3o e Reabilita\u00e7\u00e3o de Habita\u00e7\u00e3o e Infraestruturas (SPRHI) para debater os projetos e investimentos em mat\u00e9ria de habita\u00e7\u00e3o projetados para 2015 nos A\u00e7ores,\u00a0que \u201crepresentam um investimento p\u00fablico superior a\u00a0cinco milh\u00f5es de euros\u201d.\u00a0 Andreia Cardoso revelou, no final da [&hellip;]","og_url":"https:\/\/diariodalagoa.pt\/es\/governo-investe-5-milhoes-de-euros-na-reabilitacao-do-parque-habitacional-da-regiao\/","og_site_name":"Di\u00e1rio da Lagoa","article_published_time":"2015-02-03T17:51:50+00:00","author":"Di\u00e1rio da Lagoa","twitter_card":"summary_large_image","twitter_misc":{"Escrito por":"Di\u00e1rio da Lagoa","Tiempo de lectura":"1 minuto"},"schema":{"@context":"https:\/\/schema.org","@graph":[{"@type":"WebPage","@id":"https:\/\/diariodalagoa.pt\/governo-investe-5-milhoes-de-euros-na-reabilitacao-do-parque-habitacional-da-regiao\/","url":"https:\/\/diariodalagoa.pt\/governo-investe-5-milhoes-de-euros-na-reabilitacao-do-parque-habitacional-da-regiao\/","name":"Governo investe 5 milh\u00f5es de euros na reabilita\u00e7\u00e3o do parque habitacional da Regi\u00e3o - Di\u00e1rio da Lagoa","isPartOf":{"@id":"https:\/\/diariodalagoa.pt\/#website"},"datePublished":"2015-02-03T17:51:50+00:00","dateModified":"2015-02-03T17:51:50+00:00","author":{"@id":"https:\/\/diariodalagoa.pt\/#\/schema\/person\/1615a002370e8857b6f972834bc43ece"},"breadcrumb":{"@id":"https:\/\/diariodalagoa.pt\/governo-investe-5-milhoes-de-euros-na-reabilitacao-do-parque-habitacional-da-regiao\/#breadcrumb"},"inLanguage":"es","potentialAction":[{"@type":"ReadAction","target":["https:\/\/diariodalagoa.pt\/governo-investe-5-milhoes-de-euros-na-reabilitacao-do-parque-habitacional-da-regiao\/"]}]},{"@type":"BreadcrumbList","@id":"https:\/\/diariodalagoa.pt\/governo-investe-5-milhoes-de-euros-na-reabilitacao-do-parque-habitacional-da-regiao\/#breadcrumb","itemListElement":[{"@type":"ListItem","position":1,"name":"In\u00edcio","item":"https:\/\/diariodalagoa.pt\/"},{"@type":"ListItem","position":2,"name":"Governo investe 5 milh\u00f5es de euros na reabilita\u00e7\u00e3o do parque habitacional da Regi\u00e3o"}]},{"@type":"WebSite","@id":"https:\/\/diariodalagoa.pt\/#website","url":"https:\/\/diariodalagoa.pt\/","name":"Di\u00e1rio da Lagoa","description":"Di\u00e1rio da Lagoa. As not\u00edcias que contam. A partir da Lagoa, nos A\u00e7ores, para o mundo.","potentialAction":[{"@type":"SearchAction","target":{"@type":"EntryPoint","urlTemplate":"https:\/\/diariodalagoa.pt\/?s={search_term_string}"},"query-input":"required name=search_term_string"}],"inLanguage":"es"},{"@type":"Person","@id":"https:\/\/diariodalagoa.pt\/#\/schema\/person\/1615a002370e8857b6f972834bc43ece","name":"Di\u00e1rio da Lagoa","image":{"@type":"ImageObject","inLanguage":"es","@id":"https:\/\/diariodalagoa.pt\/#\/schema\/person\/image\/","url":"https:\/\/secure.gravatar.com\/avatar\/2cb5cef90a26f8fbd4d9d930608102c5?s=96&d=mm&r=g","contentUrl":"https:\/\/secure.gravatar.com\/avatar\/2cb5cef90a26f8fbd4d9d930608102c5?s=96&d=mm&r=g","caption":"Di\u00e1rio da Lagoa"},"url":"https:\/\/diariodalagoa.pt\/es\/author\/diariodalagoa\/"}]}},"_links":{"self":[{"href":"https:\/\/diariodalagoa.pt\/es\/wp-json\/wp\/v2\/posts\/13439"}],"collection":[{"href":"https:\/\/diariodalagoa.pt\/es\/wp-json\/wp\/v2\/posts"}],"about":[{"href":"https:\/\/diariodalagoa.pt\/es\/wp-json\/wp\/v2\/types\/post"}],"author":[{"embeddable":true,"href":"https:\/\/diariodalagoa.pt\/es\/wp-json\/wp\/v2\/users\/2"}],"replies":[{"embeddable":true,"href":"https:\/\/diariodalagoa.pt\/es\/wp-json\/wp\/v2\/comments?post=13439"}],"version-history":[{"count":0,"href":"https:\/\/diariodalagoa.pt\/es\/wp-json\/wp\/v2\/posts\/13439\/revisions"}],"wp:attachment":[{"href":"https:\/\/diariodalagoa.pt\/es\/wp-json\/wp\/v2\/media?parent=13439"}],"wp:term":[{"taxonomy":"category","embeddable":true,"href":"https:\/\/diariodalagoa.pt\/es\/wp-json\/wp\/v2\/categories?post=13439"},{"taxonomy":"post_tag","embeddable":true,"href":"https:\/\/diariodalagoa.pt\/es\/wp-json\/wp\/v2\/tags?post=13439"}],"curies":[{"name":"wp","href":"https:\/\/api.w.org\/{rel}","templated":true}]}}