{"id":133590,"date":"2024-05-13T14:38:44","date_gmt":"2024-05-13T14:38:44","guid":{"rendered":"https:\/\/diariodalagoa.pt\/?p=133590"},"modified":"2025-05-20T23:51:50","modified_gmt":"2025-05-20T23:51:50","slug":"santa-clara-depende-apenas-de-si-para-ser-campeao","status":"publish","type":"post","link":"https:\/\/diariodalagoa.pt\/es\/santa-clara-depende-apenas-de-si-para-ser-campeao\/","title":{"rendered":"Santa Clara depende apenas de si para ser campe\u00e3o"},"content":{"rendered":"<figure class=\"wp-block-image size-full\"><img decoding=\"async\" width=\"960\" height=\"564\" src=\"https:\/\/diariodalagoa.pt\/wp-content\/uploads\/2024\/05\/santa-clara-sobe-divisao-2024-liga-portugal.jpg\" alt=\"\" class=\"wp-image-133601\" srcset=\"https:\/\/diariodalagoa.pt\/wp-content\/uploads\/2024\/05\/santa-clara-sobe-divisao-2024-liga-portugal.jpg 960w, https:\/\/diariodalagoa.pt\/wp-content\/uploads\/2024\/05\/santa-clara-sobe-divisao-2024-liga-portugal-300x176.jpg 300w, https:\/\/diariodalagoa.pt\/wp-content\/uploads\/2024\/05\/santa-clara-sobe-divisao-2024-liga-portugal-768x451.jpg 768w, https:\/\/diariodalagoa.pt\/wp-content\/uploads\/2024\/05\/santa-clara-sobe-divisao-2024-liga-portugal-18x12.jpg 18w\" sizes=\"(max-width: 960px) 100vw, 960px\" \/><figcaption class=\"wp-element-caption\"><sup><mark style=\"background-color:rgba(0, 0, 0, 0)\" class=\"has-inline-color has-cyan-bluish-gray-color\">\u00a9 LIGA PORTUGAL<\/mark><\/sup><\/figcaption><\/figure>\n\n\n<p>O Santa Clara garantiu no passado domingo, 12 de maio, a promo\u00e7\u00e3o \u00e0 primeira divis\u00e3o do futebol nacional. Com o empate sem golos, em Matosinhos, entre Leix\u00f5es e o AVS da vila das Aves, a equipa a\u00e7oriana acabou por carimbar o regresso \u00e0 Primeira Liga antes entrar em campo com o Mafra.<\/p>\n<p>Os encarnados de Ponta Delgada estavam com 67 pontos, mas com vantagem direta sobre o AVS, atual terceiro classificado, agora com 64 pontos, foram para o encontro com a subida garantida.<\/p>\n<p>\u00c0s 13 horas (no rel\u00f3gio dos A\u00e7ores) de domingo a equipa a\u00e7oriana entrou em campo para defrontar o Mafra, em territ\u00f3rio continental, tendo resolvido a partida na primeira parte. A vit\u00f3ria come\u00e7ou a ser tra\u00e7ada por <span id=\"body_Ver_lblNoticia\">Alisson<\/span> Safira, com um golo logo aos sete minutos, e outro de Diogo Calila, aos 13 minutos. A partida n\u00e3o sofreu mais altera\u00e7\u00e3o no <em>placard<\/em> at\u00e9 ao apito final e o Santa Clara regressou a casa l\u00edder do campeonato ao somar 70 pontos na tabela classificativa, \u00e0 33.\u00aa jornada da Liga 2.<\/p>\n<p>Tamb\u00e9m na tarde do passado domingo, o Nacional venceu por 2 a 3 na casa do Tondela. Na ilha da Madeira era momento de celebra\u00e7\u00e3o, pois o clube madeirense assegurava igualmente a subida ao somar 68 pontos.<\/p>\n<p>Aquele que pode ser o jogo do t\u00edtulo da Liga 2 para os a\u00e7orianos acontece no pr\u00f3ximo domingo, 19 de maio, no Est\u00e1dio de S\u00e3o Miguel, onde o Santa Clara recebe o Leira. Os encarnados de S\u00e3o Miguel dependem apenas de si pr\u00f3prios, porque se vencerem erguem o trof\u00e9u de campe\u00f5es, por\u00e9m, se empatarem ou perderem o t\u00edtulo pode seguir para a Madeira, uma vez que o Nacional tem vantagem no confronto direto caso as duas equipas terminem igualadas pontualmente.<\/p>\n<p>Trata-se da nona vez que o Santa Clara garante a presen\u00e7a na elite do futebol portugu\u00eas, o que aconteceu nas \u00e9pocas de 1999\/00, 2001\/02, 2002\/03, 2018\/19, 2019\/20, 2020\/21, 2021\/22 e 2022\/23, \u00e0s quais pode agora acrescentar a de 2024\/25.<\/p>","protected":false},"excerpt":{"rendered":"<p>Com uma vit\u00f3ria frente ao Leira, no Est\u00e1dio de S\u00e3o Miguel, no pr\u00f3ximo domingo os encarnados sagram-se campe\u00f5es da Liga 2.<\/p>","protected":false},"author":2,"featured_media":133601,"comment_status":"open","ping_status":"closed","sticky":false,"template":"","format":"standard","meta":[],"categories":[21],"tags":[225,627,649],"acf":[],"yoast_head":"<!-- This site is optimized with the Yoast SEO plugin v20.10 - https:\/\/yoast.com\/wordpress\/plugins\/seo\/ -->\n<title>Santa Clara depende apenas de si para ser campe\u00e3o - Di\u00e1rio da Lagoa<\/title>\n<meta name=\"description\" content=\"Com uma vit\u00f3ria frente ao Leira, no Est\u00e1dio de S\u00e3o Miguel, no pr\u00f3ximo domingo os encarnados sagram-se campe\u00f5es da Liga 2.\" \/>\n<meta name=\"robots\" content=\"index, follow, max-snippet:-1, max-image-preview:large, max-video-preview:-1\" \/>\n<link rel=\"canonical\" href=\"https:\/\/diariodalagoa.pt\/es\/santa-clara-depende-apenas-de-si-para-ser-campeao\/\" \/>\n<meta property=\"og:locale\" content=\"es_ES\" \/>\n<meta property=\"og:type\" content=\"article\" \/>\n<meta property=\"og:title\" content=\"Santa Clara depende apenas de si para ser campe\u00e3o - Di\u00e1rio da Lagoa\" \/>\n<meta property=\"og:description\" content=\"Com uma vit\u00f3ria frente ao Leira, no Est\u00e1dio de S\u00e3o Miguel, no pr\u00f3ximo domingo os encarnados sagram-se campe\u00f5es da Liga 2.\" \/>\n<meta property=\"og:url\" content=\"https:\/\/diariodalagoa.pt\/es\/santa-clara-depende-apenas-de-si-para-ser-campeao\/\" \/>\n<meta property=\"og:site_name\" content=\"Di\u00e1rio da Lagoa\" \/>\n<meta property=\"article:published_time\" content=\"2024-05-13T14:38:44+00:00\" \/>\n<meta property=\"article:modified_time\" content=\"2025-05-20T23:51:50+00:00\" \/>\n<meta property=\"og:image\" content=\"https:\/\/diariodalagoa.pt\/wp-content\/uploads\/2024\/05\/santa-clara-sobe-divisao-2024-liga-portugal.jpg\" \/>\n\t<meta property=\"og:image:width\" content=\"960\" \/>\n\t<meta property=\"og:image:height\" content=\"564\" \/>\n\t<meta property=\"og:image:type\" content=\"image\/jpeg\" \/>\n<meta name=\"author\" content=\"Di\u00e1rio da Lagoa\" \/>\n<meta name=\"twitter:card\" content=\"summary_large_image\" \/>\n<meta name=\"twitter:label1\" content=\"Escrito por\" \/>\n\t<meta name=\"twitter:data1\" content=\"Di\u00e1rio da Lagoa\" \/>\n\t<meta name=\"twitter:label2\" content=\"Tiempo de lectura\" \/>\n\t<meta name=\"twitter:data2\" content=\"3 minutos\" \/>\n<script type=\"application\/ld+json\" class=\"yoast-schema-graph\">{\"@context\":\"https:\/\/schema.org\",\"@graph\":[{\"@type\":\"WebPage\",\"@id\":\"https:\/\/diariodalagoa.pt\/santa-clara-depende-apenas-de-si-para-ser-campeao\/\",\"url\":\"https:\/\/diariodalagoa.pt\/santa-clara-depende-apenas-de-si-para-ser-campeao\/\",\"name\":\"Santa Clara depende apenas de si para ser campe\u00e3o - Di\u00e1rio da Lagoa\",\"isPartOf\":{\"@id\":\"https:\/\/diariodalagoa.pt\/#website\"},\"datePublished\":\"2024-05-13T14:38:44+00:00\",\"dateModified\":\"2025-05-20T23:51:50+00:00\",\"author\":{\"@id\":\"https:\/\/diariodalagoa.pt\/#\/schema\/person\/1615a002370e8857b6f972834bc43ece\"},\"description\":\"Com uma vit\u00f3ria frente ao Leira, no Est\u00e1dio de S\u00e3o Miguel, no pr\u00f3ximo domingo os encarnados sagram-se campe\u00f5es da Liga 2.\",\"breadcrumb\":{\"@id\":\"https:\/\/diariodalagoa.pt\/santa-clara-depende-apenas-de-si-para-ser-campeao\/#breadcrumb\"},\"inLanguage\":\"es\",\"potentialAction\":[{\"@type\":\"ReadAction\",\"target\":[\"https:\/\/diariodalagoa.pt\/santa-clara-depende-apenas-de-si-para-ser-campeao\/\"]}]},{\"@type\":\"BreadcrumbList\",\"@id\":\"https:\/\/diariodalagoa.pt\/santa-clara-depende-apenas-de-si-para-ser-campeao\/#breadcrumb\",\"itemListElement\":[{\"@type\":\"ListItem\",\"position\":1,\"name\":\"In\u00edcio\",\"item\":\"https:\/\/diariodalagoa.pt\/\"},{\"@type\":\"ListItem\",\"position\":2,\"name\":\"Santa Clara depende apenas de si para ser campe\u00e3o\"}]},{\"@type\":\"WebSite\",\"@id\":\"https:\/\/diariodalagoa.pt\/#website\",\"url\":\"https:\/\/diariodalagoa.pt\/\",\"name\":\"Di\u00e1rio da Lagoa\",\"description\":\"Di\u00e1rio da Lagoa. As not\u00edcias que contam. A partir da Lagoa, nos A\u00e7ores, para o mundo.\",\"potentialAction\":[{\"@type\":\"SearchAction\",\"target\":{\"@type\":\"EntryPoint\",\"urlTemplate\":\"https:\/\/diariodalagoa.pt\/?s={search_term_string}\"},\"query-input\":\"required name=search_term_string\"}],\"inLanguage\":\"es\"},{\"@type\":\"Person\",\"@id\":\"https:\/\/diariodalagoa.pt\/#\/schema\/person\/1615a002370e8857b6f972834bc43ece\",\"name\":\"Di\u00e1rio da Lagoa\",\"image\":{\"@type\":\"ImageObject\",\"inLanguage\":\"es\",\"@id\":\"https:\/\/diariodalagoa.pt\/#\/schema\/person\/image\/\",\"url\":\"https:\/\/secure.gravatar.com\/avatar\/2cb5cef90a26f8fbd4d9d930608102c5?s=96&d=mm&r=g\",\"contentUrl\":\"https:\/\/secure.gravatar.com\/avatar\/2cb5cef90a26f8fbd4d9d930608102c5?s=96&d=mm&r=g\",\"caption\":\"Di\u00e1rio da Lagoa\"},\"url\":\"https:\/\/diariodalagoa.pt\/es\/author\/diariodalagoa\/\"}]}<\/script>\n<!-- \/ Yoast SEO plugin. -->","yoast_head_json":{"title":"Santa Clara depende apenas de si para ser campe\u00e3o - Di\u00e1rio da Lagoa","description":"Com uma vit\u00f3ria frente ao Leira, no Est\u00e1dio de S\u00e3o Miguel, no pr\u00f3ximo domingo os encarnados sagram-se campe\u00f5es da Liga 2.","robots":{"index":"index","follow":"follow","max-snippet":"max-snippet:-1","max-image-preview":"max-image-preview:large","max-video-preview":"max-video-preview:-1"},"canonical":"https:\/\/diariodalagoa.pt\/es\/santa-clara-depende-apenas-de-si-para-ser-campeao\/","og_locale":"es_ES","og_type":"article","og_title":"Santa Clara depende apenas de si para ser campe\u00e3o - Di\u00e1rio da Lagoa","og_description":"Com uma vit\u00f3ria frente ao Leira, no Est\u00e1dio de S\u00e3o Miguel, no pr\u00f3ximo domingo os encarnados sagram-se campe\u00f5es da Liga 2.","og_url":"https:\/\/diariodalagoa.pt\/es\/santa-clara-depende-apenas-de-si-para-ser-campeao\/","og_site_name":"Di\u00e1rio da Lagoa","article_published_time":"2024-05-13T14:38:44+00:00","article_modified_time":"2025-05-20T23:51:50+00:00","og_image":[{"width":960,"height":564,"url":"https:\/\/diariodalagoa.pt\/wp-content\/uploads\/2024\/05\/santa-clara-sobe-divisao-2024-liga-portugal.jpg","type":"image\/jpeg"}],"author":"Di\u00e1rio da Lagoa","twitter_card":"summary_large_image","twitter_misc":{"Escrito por":"Di\u00e1rio da Lagoa","Tiempo de lectura":"3 minutos"},"schema":{"@context":"https:\/\/schema.org","@graph":[{"@type":"WebPage","@id":"https:\/\/diariodalagoa.pt\/santa-clara-depende-apenas-de-si-para-ser-campeao\/","url":"https:\/\/diariodalagoa.pt\/santa-clara-depende-apenas-de-si-para-ser-campeao\/","name":"Santa Clara depende apenas de si para ser campe\u00e3o - Di\u00e1rio da Lagoa","isPartOf":{"@id":"https:\/\/diariodalagoa.pt\/#website"},"datePublished":"2024-05-13T14:38:44+00:00","dateModified":"2025-05-20T23:51:50+00:00","author":{"@id":"https:\/\/diariodalagoa.pt\/#\/schema\/person\/1615a002370e8857b6f972834bc43ece"},"description":"Com uma vit\u00f3ria frente ao Leira, no Est\u00e1dio de S\u00e3o Miguel, no pr\u00f3ximo domingo os encarnados sagram-se campe\u00f5es da Liga 2.","breadcrumb":{"@id":"https:\/\/diariodalagoa.pt\/santa-clara-depende-apenas-de-si-para-ser-campeao\/#breadcrumb"},"inLanguage":"es","potentialAction":[{"@type":"ReadAction","target":["https:\/\/diariodalagoa.pt\/santa-clara-depende-apenas-de-si-para-ser-campeao\/"]}]},{"@type":"BreadcrumbList","@id":"https:\/\/diariodalagoa.pt\/santa-clara-depende-apenas-de-si-para-ser-campeao\/#breadcrumb","itemListElement":[{"@type":"ListItem","position":1,"name":"In\u00edcio","item":"https:\/\/diariodalagoa.pt\/"},{"@type":"ListItem","position":2,"name":"Santa Clara depende apenas de si para ser campe\u00e3o"}]},{"@type":"WebSite","@id":"https:\/\/diariodalagoa.pt\/#website","url":"https:\/\/diariodalagoa.pt\/","name":"Di\u00e1rio da Lagoa","description":"Di\u00e1rio da Lagoa. As not\u00edcias que contam. A partir da Lagoa, nos A\u00e7ores, para o mundo.","potentialAction":[{"@type":"SearchAction","target":{"@type":"EntryPoint","urlTemplate":"https:\/\/diariodalagoa.pt\/?s={search_term_string}"},"query-input":"required name=search_term_string"}],"inLanguage":"es"},{"@type":"Person","@id":"https:\/\/diariodalagoa.pt\/#\/schema\/person\/1615a002370e8857b6f972834bc43ece","name":"Di\u00e1rio da Lagoa","image":{"@type":"ImageObject","inLanguage":"es","@id":"https:\/\/diariodalagoa.pt\/#\/schema\/person\/image\/","url":"https:\/\/secure.gravatar.com\/avatar\/2cb5cef90a26f8fbd4d9d930608102c5?s=96&d=mm&r=g","contentUrl":"https:\/\/secure.gravatar.com\/avatar\/2cb5cef90a26f8fbd4d9d930608102c5?s=96&d=mm&r=g","caption":"Di\u00e1rio da Lagoa"},"url":"https:\/\/diariodalagoa.pt\/es\/author\/diariodalagoa\/"}]}},"_links":{"self":[{"href":"https:\/\/diariodalagoa.pt\/es\/wp-json\/wp\/v2\/posts\/133590"}],"collection":[{"href":"https:\/\/diariodalagoa.pt\/es\/wp-json\/wp\/v2\/posts"}],"about":[{"href":"https:\/\/diariodalagoa.pt\/es\/wp-json\/wp\/v2\/types\/post"}],"author":[{"embeddable":true,"href":"https:\/\/diariodalagoa.pt\/es\/wp-json\/wp\/v2\/users\/2"}],"replies":[{"embeddable":true,"href":"https:\/\/diariodalagoa.pt\/es\/wp-json\/wp\/v2\/comments?post=133590"}],"version-history":[{"count":10,"href":"https:\/\/diariodalagoa.pt\/es\/wp-json\/wp\/v2\/posts\/133590\/revisions"}],"predecessor-version":[{"id":133645,"href":"https:\/\/diariodalagoa.pt\/es\/wp-json\/wp\/v2\/posts\/133590\/revisions\/133645"}],"wp:featuredmedia":[{"embeddable":true,"href":"https:\/\/diariodalagoa.pt\/es\/wp-json\/wp\/v2\/media\/133601"}],"wp:attachment":[{"href":"https:\/\/diariodalagoa.pt\/es\/wp-json\/wp\/v2\/media?parent=133590"}],"wp:term":[{"taxonomy":"category","embeddable":true,"href":"https:\/\/diariodalagoa.pt\/es\/wp-json\/wp\/v2\/categories?post=133590"},{"taxonomy":"post_tag","embeddable":true,"href":"https:\/\/diariodalagoa.pt\/es\/wp-json\/wp\/v2\/tags?post=133590"}],"curies":[{"name":"wp","href":"https:\/\/api.w.org\/{rel}","templated":true}]}}