{"id":13303,"date":"2015-01-29T13:11:18","date_gmt":"2015-01-29T14:11:18","guid":{"rendered":"http:\/\/diariodalagoa.pt\/?p=13303"},"modified":"2015-01-29T13:11:18","modified_gmt":"2015-01-29T14:11:18","slug":"dormidas-turisticas-atingiram-novo-nivel-recorde-na-ue","status":"publish","type":"post","link":"https:\/\/diariodalagoa.pt\/es\/dormidas-turisticas-atingiram-novo-nivel-recorde-na-ue\/","title":{"rendered":"Dormidas tur\u00edsticas atingiram novo n\u00edvel recorde na UE"},"content":{"rendered":"<p style=\"text-align: justify;\"><img decoding=\"async\" class=\"alignnone size-full wp-image-9978\" src=\"http:\/\/diariodalagoa.pt\/wp-content\/uploads\/2014\/10\/Pousada-Juventude-Lagoa-quarto.jpg\" alt=\"Pousada-Juventude-Lagoa-quarto\" width=\"720\" height=\"380\" \/><\/p>\n<p style=\"text-align: justify;\"><span style=\"color: #000000;\">Em 2014, o n\u00famero de noites em alojamentos tur\u00edsticos na UE estabeleceu-se em cerca de 2,7 mil milh\u00f5es, tendo aumentado 1,7% em compara\u00e7\u00e3o com 2013. <\/span><\/p>\n<p style=\"text-align: justify;\"><span style=\"color: #000000;\">Segundo a Representa\u00e7\u00e3o da Comunidade Europeia em Portual (RCEP), Portugal foi dos pa\u00edses que registaram uma maior subida, tendo-se observado um aumento de + 7,1%. <\/span><\/p>\n<p style=\"text-align: justify;\"><span style=\"color: #000000;\">Ap\u00f3s a descida observada em 2009, coincidente com o in\u00edcio da crise financeira, registou-se na UE um aumento constante do n\u00famero de dormidas em alojamento tur\u00edstico nos \u00faltimos cinco anos, tanto em rela\u00e7\u00e3o \u00e0s dormidas de residentes como de n\u00e3o-residentes.<\/span><\/p>\n<p style=\"text-align: justify;\"><span style=\"color: #000000;\"><em>DL\/RCEP<\/em><\/span><\/p>","protected":false},"excerpt":{"rendered":"<p>Em 2014, o n\u00famero de noites em alojamentos tur\u00edsticos na UE estabeleceu-se em cerca de 2,7 mil milh\u00f5es, tendo aumentado 1,7% em compara\u00e7\u00e3o com 2013. Segundo a Representa\u00e7\u00e3o da Comunidade Europeia em Portual (RCEP), Portugal foi dos pa\u00edses que registaram uma maior subida, tendo-se observado um aumento de + 7,1%. Ap\u00f3s a descida observada em [&hellip;]<\/p>","protected":false},"author":2,"featured_media":121573,"comment_status":"open","ping_status":"open","sticky":false,"template":"","format":"standard","meta":[],"categories":[21],"tags":[],"acf":[],"yoast_head":"<!-- This site is optimized with the Yoast SEO plugin v20.10 - https:\/\/yoast.com\/wordpress\/plugins\/seo\/ -->\n<title>Dormidas tur\u00edsticas atingiram novo n\u00edvel recorde na UE - Di\u00e1rio da Lagoa<\/title>\n<meta name=\"robots\" content=\"index, follow, max-snippet:-1, max-image-preview:large, max-video-preview:-1\" \/>\n<link rel=\"canonical\" href=\"https:\/\/diariodalagoa.pt\/es\/dormidas-turisticas-atingiram-novo-nivel-recorde-na-ue\/\" \/>\n<meta property=\"og:locale\" content=\"es_ES\" \/>\n<meta property=\"og:type\" content=\"article\" \/>\n<meta property=\"og:title\" content=\"Dormidas tur\u00edsticas atingiram novo n\u00edvel recorde na UE - Di\u00e1rio da Lagoa\" \/>\n<meta property=\"og:description\" content=\"Em 2014, o n\u00famero de noites em alojamentos tur\u00edsticos na UE estabeleceu-se em cerca de 2,7 mil milh\u00f5es, tendo aumentado 1,7% em compara\u00e7\u00e3o com 2013. Segundo a Representa\u00e7\u00e3o da Comunidade Europeia em Portual (RCEP), Portugal foi dos pa\u00edses que registaram uma maior subida, tendo-se observado um aumento de + 7,1%. Ap\u00f3s a descida observada em [&hellip;]\" \/>\n<meta property=\"og:url\" content=\"https:\/\/diariodalagoa.pt\/es\/dormidas-turisticas-atingiram-novo-nivel-recorde-na-ue\/\" \/>\n<meta property=\"og:site_name\" content=\"Di\u00e1rio da Lagoa\" \/>\n<meta property=\"article:published_time\" content=\"2015-01-29T14:11:18+00:00\" \/>\n<meta property=\"og:image\" content=\"https:\/\/diariodalagoa.pt\/wp-content\/uploads\/2015\/01\/pousada-juventude-lagoa-quarto-1.jpg\" \/>\n\t<meta property=\"og:image:width\" content=\"720\" \/>\n\t<meta property=\"og:image:height\" content=\"380\" \/>\n\t<meta property=\"og:image:type\" content=\"image\/jpeg\" \/>\n<meta name=\"author\" content=\"Di\u00e1rio da Lagoa\" \/>\n<meta name=\"twitter:card\" content=\"summary_large_image\" \/>\n<meta name=\"twitter:label1\" content=\"Escrito por\" \/>\n\t<meta name=\"twitter:data1\" content=\"Di\u00e1rio da Lagoa\" \/>\n<script type=\"application\/ld+json\" class=\"yoast-schema-graph\">{\"@context\":\"https:\/\/schema.org\",\"@graph\":[{\"@type\":\"WebPage\",\"@id\":\"https:\/\/diariodalagoa.pt\/dormidas-turisticas-atingiram-novo-nivel-recorde-na-ue\/\",\"url\":\"https:\/\/diariodalagoa.pt\/dormidas-turisticas-atingiram-novo-nivel-recorde-na-ue\/\",\"name\":\"Dormidas tur\u00edsticas atingiram novo n\u00edvel recorde na UE - Di\u00e1rio da Lagoa\",\"isPartOf\":{\"@id\":\"https:\/\/diariodalagoa.pt\/#website\"},\"datePublished\":\"2015-01-29T14:11:18+00:00\",\"dateModified\":\"2015-01-29T14:11:18+00:00\",\"author\":{\"@id\":\"https:\/\/diariodalagoa.pt\/#\/schema\/person\/1615a002370e8857b6f972834bc43ece\"},\"breadcrumb\":{\"@id\":\"https:\/\/diariodalagoa.pt\/dormidas-turisticas-atingiram-novo-nivel-recorde-na-ue\/#breadcrumb\"},\"inLanguage\":\"es\",\"potentialAction\":[{\"@type\":\"ReadAction\",\"target\":[\"https:\/\/diariodalagoa.pt\/dormidas-turisticas-atingiram-novo-nivel-recorde-na-ue\/\"]}]},{\"@type\":\"BreadcrumbList\",\"@id\":\"https:\/\/diariodalagoa.pt\/dormidas-turisticas-atingiram-novo-nivel-recorde-na-ue\/#breadcrumb\",\"itemListElement\":[{\"@type\":\"ListItem\",\"position\":1,\"name\":\"In\u00edcio\",\"item\":\"https:\/\/diariodalagoa.pt\/\"},{\"@type\":\"ListItem\",\"position\":2,\"name\":\"Dormidas tur\u00edsticas atingiram novo n\u00edvel recorde na UE\"}]},{\"@type\":\"WebSite\",\"@id\":\"https:\/\/diariodalagoa.pt\/#website\",\"url\":\"https:\/\/diariodalagoa.pt\/\",\"name\":\"Di\u00e1rio da Lagoa\",\"description\":\"Di\u00e1rio da Lagoa. As not\u00edcias que contam. A partir da Lagoa, nos A\u00e7ores, para o mundo.\",\"potentialAction\":[{\"@type\":\"SearchAction\",\"target\":{\"@type\":\"EntryPoint\",\"urlTemplate\":\"https:\/\/diariodalagoa.pt\/?s={search_term_string}\"},\"query-input\":\"required name=search_term_string\"}],\"inLanguage\":\"es\"},{\"@type\":\"Person\",\"@id\":\"https:\/\/diariodalagoa.pt\/#\/schema\/person\/1615a002370e8857b6f972834bc43ece\",\"name\":\"Di\u00e1rio da Lagoa\",\"image\":{\"@type\":\"ImageObject\",\"inLanguage\":\"es\",\"@id\":\"https:\/\/diariodalagoa.pt\/#\/schema\/person\/image\/\",\"url\":\"https:\/\/secure.gravatar.com\/avatar\/2cb5cef90a26f8fbd4d9d930608102c5?s=96&d=mm&r=g\",\"contentUrl\":\"https:\/\/secure.gravatar.com\/avatar\/2cb5cef90a26f8fbd4d9d930608102c5?s=96&d=mm&r=g\",\"caption\":\"Di\u00e1rio da Lagoa\"},\"url\":\"https:\/\/diariodalagoa.pt\/es\/author\/diariodalagoa\/\"}]}<\/script>\n<!-- \/ Yoast SEO plugin. -->","yoast_head_json":{"title":"Dormidas tur\u00edsticas atingiram novo n\u00edvel recorde na UE - Di\u00e1rio da Lagoa","robots":{"index":"index","follow":"follow","max-snippet":"max-snippet:-1","max-image-preview":"max-image-preview:large","max-video-preview":"max-video-preview:-1"},"canonical":"https:\/\/diariodalagoa.pt\/es\/dormidas-turisticas-atingiram-novo-nivel-recorde-na-ue\/","og_locale":"es_ES","og_type":"article","og_title":"Dormidas tur\u00edsticas atingiram novo n\u00edvel recorde na UE - Di\u00e1rio da Lagoa","og_description":"Em 2014, o n\u00famero de noites em alojamentos tur\u00edsticos na UE estabeleceu-se em cerca de 2,7 mil milh\u00f5es, tendo aumentado 1,7% em compara\u00e7\u00e3o com 2013. Segundo a Representa\u00e7\u00e3o da Comunidade Europeia em Portual (RCEP), Portugal foi dos pa\u00edses que registaram uma maior subida, tendo-se observado um aumento de + 7,1%. Ap\u00f3s a descida observada em [&hellip;]","og_url":"https:\/\/diariodalagoa.pt\/es\/dormidas-turisticas-atingiram-novo-nivel-recorde-na-ue\/","og_site_name":"Di\u00e1rio da Lagoa","article_published_time":"2015-01-29T14:11:18+00:00","og_image":[{"width":720,"height":380,"url":"https:\/\/diariodalagoa.pt\/wp-content\/uploads\/2015\/01\/pousada-juventude-lagoa-quarto-1.jpg","type":"image\/jpeg"}],"author":"Di\u00e1rio da Lagoa","twitter_card":"summary_large_image","twitter_misc":{"Escrito por":"Di\u00e1rio da Lagoa"},"schema":{"@context":"https:\/\/schema.org","@graph":[{"@type":"WebPage","@id":"https:\/\/diariodalagoa.pt\/dormidas-turisticas-atingiram-novo-nivel-recorde-na-ue\/","url":"https:\/\/diariodalagoa.pt\/dormidas-turisticas-atingiram-novo-nivel-recorde-na-ue\/","name":"Dormidas tur\u00edsticas atingiram novo n\u00edvel recorde na UE - Di\u00e1rio da Lagoa","isPartOf":{"@id":"https:\/\/diariodalagoa.pt\/#website"},"datePublished":"2015-01-29T14:11:18+00:00","dateModified":"2015-01-29T14:11:18+00:00","author":{"@id":"https:\/\/diariodalagoa.pt\/#\/schema\/person\/1615a002370e8857b6f972834bc43ece"},"breadcrumb":{"@id":"https:\/\/diariodalagoa.pt\/dormidas-turisticas-atingiram-novo-nivel-recorde-na-ue\/#breadcrumb"},"inLanguage":"es","potentialAction":[{"@type":"ReadAction","target":["https:\/\/diariodalagoa.pt\/dormidas-turisticas-atingiram-novo-nivel-recorde-na-ue\/"]}]},{"@type":"BreadcrumbList","@id":"https:\/\/diariodalagoa.pt\/dormidas-turisticas-atingiram-novo-nivel-recorde-na-ue\/#breadcrumb","itemListElement":[{"@type":"ListItem","position":1,"name":"In\u00edcio","item":"https:\/\/diariodalagoa.pt\/"},{"@type":"ListItem","position":2,"name":"Dormidas tur\u00edsticas atingiram novo n\u00edvel recorde na UE"}]},{"@type":"WebSite","@id":"https:\/\/diariodalagoa.pt\/#website","url":"https:\/\/diariodalagoa.pt\/","name":"Di\u00e1rio da Lagoa","description":"Di\u00e1rio da Lagoa. As not\u00edcias que contam. A partir da Lagoa, nos A\u00e7ores, para o mundo.","potentialAction":[{"@type":"SearchAction","target":{"@type":"EntryPoint","urlTemplate":"https:\/\/diariodalagoa.pt\/?s={search_term_string}"},"query-input":"required name=search_term_string"}],"inLanguage":"es"},{"@type":"Person","@id":"https:\/\/diariodalagoa.pt\/#\/schema\/person\/1615a002370e8857b6f972834bc43ece","name":"Di\u00e1rio da Lagoa","image":{"@type":"ImageObject","inLanguage":"es","@id":"https:\/\/diariodalagoa.pt\/#\/schema\/person\/image\/","url":"https:\/\/secure.gravatar.com\/avatar\/2cb5cef90a26f8fbd4d9d930608102c5?s=96&d=mm&r=g","contentUrl":"https:\/\/secure.gravatar.com\/avatar\/2cb5cef90a26f8fbd4d9d930608102c5?s=96&d=mm&r=g","caption":"Di\u00e1rio da Lagoa"},"url":"https:\/\/diariodalagoa.pt\/es\/author\/diariodalagoa\/"}]}},"_links":{"self":[{"href":"https:\/\/diariodalagoa.pt\/es\/wp-json\/wp\/v2\/posts\/13303"}],"collection":[{"href":"https:\/\/diariodalagoa.pt\/es\/wp-json\/wp\/v2\/posts"}],"about":[{"href":"https:\/\/diariodalagoa.pt\/es\/wp-json\/wp\/v2\/types\/post"}],"author":[{"embeddable":true,"href":"https:\/\/diariodalagoa.pt\/es\/wp-json\/wp\/v2\/users\/2"}],"replies":[{"embeddable":true,"href":"https:\/\/diariodalagoa.pt\/es\/wp-json\/wp\/v2\/comments?post=13303"}],"version-history":[{"count":0,"href":"https:\/\/diariodalagoa.pt\/es\/wp-json\/wp\/v2\/posts\/13303\/revisions"}],"wp:featuredmedia":[{"embeddable":true,"href":"https:\/\/diariodalagoa.pt\/es\/wp-json\/wp\/v2\/media\/121573"}],"wp:attachment":[{"href":"https:\/\/diariodalagoa.pt\/es\/wp-json\/wp\/v2\/media?parent=13303"}],"wp:term":[{"taxonomy":"category","embeddable":true,"href":"https:\/\/diariodalagoa.pt\/es\/wp-json\/wp\/v2\/categories?post=13303"},{"taxonomy":"post_tag","embeddable":true,"href":"https:\/\/diariodalagoa.pt\/es\/wp-json\/wp\/v2\/tags?post=13303"}],"curies":[{"name":"wp","href":"https:\/\/api.w.org\/{rel}","templated":true}]}}