{"id":13069,"date":"2015-01-21T10:23:56","date_gmt":"2015-01-21T11:23:56","guid":{"rendered":"http:\/\/diariodalagoa.pt\/?p=13069"},"modified":"2015-01-21T10:23:56","modified_gmt":"2015-01-21T11:23:56","slug":"mais-696-jovens-acorianos-iniciaram-em-janeiro-estagios-ao-abrigo-do-programa-estagiar-l-e-t","status":"publish","type":"post","link":"https:\/\/diariodalagoa.pt\/es\/mais-696-jovens-acorianos-iniciaram-em-janeiro-estagios-ao-abrigo-do-programa-estagiar-l-e-t\/","title":{"rendered":"Mais 696 jovens a\u00e7orianos iniciaram em janeiro est\u00e1gios ao abrigo do programa Estagiar L e T"},"content":{"rendered":"<p style=\"text-align: justify;\"><img decoding=\"async\" class=\"alignnone size-full wp-image-10095\" src=\"http:\/\/diariodalagoa.pt\/wp-content\/uploads\/2014\/10\/Estagiar_L_T_programa-Emprego-A\u00e7ores.jpg\" alt=\"Estagiar_L_T_programa-Emprego-A\u00e7ores\" width=\"720\" height=\"380\" \/><\/p>\n<p style=\"text-align: justify;\"><span style=\"color: #000000;\">A segunda fase do Programa Estagiar L e T, que teve in\u00edcio neste m\u00eas de janeiro, admitiu 696 estagi\u00e1rios, 405 dos quais s\u00e3o licenciados e 291 s\u00e3o jovens titulares de um curso profissional.\u00a0<\/span><\/p>\n<p style=\"text-align: justify;\"><span style=\"color: #000000;\">Segundo dados avan\u00e7ados pelo governo regional, com o arranque desta fase,\u00a0passam a ser\u00a01.565 os jovens que se encontram atualmente em est\u00e1gios ao abrigo deste programa, j\u00e1 que outros 969 jovens iniciaram os seus est\u00e1gios na primeira fase, em outubro de 2014.\u00a0<\/span><\/p>\n<p style=\"text-align: justify;\"><span style=\"color: #000000;\">O Estagiar \u00e9 um programa do Governo dos A\u00e7ores que apoia os jovens a\u00e7orianos no seu primeiro contacto com o mercado de trabalho, permitindo que concluam a sua forma\u00e7\u00e3o acad\u00e9mica e ou profissional com\u00a0a realiza\u00e7\u00e3o de um est\u00e1gio em empresas e entidades p\u00fablicas ou privadas com a possibilidade de a sua dura\u00e7\u00e3o se estender por 11 meses.\u00a0<\/span><\/p>\n<p style=\"text-align: justify;\"><span style=\"color: #000000;\">A dura\u00e7\u00e3o do est\u00e1gio para os jovens licenciados (Estagiar L) colocados nas ilhas de Santa Maria, Pico, Faial, S\u00e3o Jorge, Graciosa, Flores e Corvo pode ir at\u00e9 aos 23 meses.\u00a0<\/span><\/p>\n<p style=\"text-align: justify;\"><span style=\"color: #000000;\">O Estagiar foi recentemente melhorado, nomeadamente com a altera\u00e7\u00e3o do limite de idade dos jovens destinat\u00e1rios, que passou de 28 para 30 anos, e a possibilidade de\u00a0candidaturas\u00a0de jovens detentores de p\u00f3s-gradua\u00e7\u00f5es que estejam dentro do limite do prazo estipulado nos requisitos da candidatura, refere uma nota dovulgada pelo Gacs (Gabinete de Apoio \u00e0 Comunica\u00e7\u00e3o Social).<\/span><\/p>\n<p style=\"text-align: justify;\"><span style=\"color: #000000;\">No sentido de refor\u00e7ar a integra\u00e7\u00e3o dos jovens estagi\u00e1rios no mercado de trabalho, as entidades promotoras que fizerem uso do direito de prorroga\u00e7\u00e3o dos est\u00e1gios ter\u00e3o de efetuar um contrato de trabalho pelo per\u00edodo m\u00ednimo de\u00a0seis meses com, pelo menos, 50 por cento do n\u00famero total estagi\u00e1rios que iniciaram o projeto.<\/span><\/p>\n<p style=\"text-align: justify;\"><span style=\"color: #000000;\"><em>DL\/Gacs<\/em><\/span><\/p>","protected":false},"excerpt":{"rendered":"<p>A segunda fase do Programa Estagiar L e T, que teve in\u00edcio neste m\u00eas de janeiro, admitiu 696 estagi\u00e1rios, 405 dos quais s\u00e3o licenciados e 291 s\u00e3o jovens titulares de um curso profissional.\u00a0 Segundo dados avan\u00e7ados pelo governo regional, com o arranque desta fase,\u00a0passam a ser\u00a01.565 os jovens que se encontram atualmente em est\u00e1gios ao [&hellip;]<\/p>","protected":false},"author":2,"featured_media":0,"comment_status":"open","ping_status":"open","sticky":false,"template":"","format":"standard","meta":[],"categories":[21],"tags":[],"acf":[],"yoast_head":"<!-- This site is optimized with the Yoast SEO plugin v20.10 - https:\/\/yoast.com\/wordpress\/plugins\/seo\/ -->\n<title>Mais 696 jovens a\u00e7orianos iniciaram em janeiro est\u00e1gios ao abrigo do programa Estagiar L e T - Di\u00e1rio da Lagoa<\/title>\n<meta name=\"robots\" content=\"index, follow, max-snippet:-1, max-image-preview:large, max-video-preview:-1\" \/>\n<link rel=\"canonical\" href=\"https:\/\/diariodalagoa.pt\/es\/mais-696-jovens-acorianos-iniciaram-em-janeiro-estagios-ao-abrigo-do-programa-estagiar-l-e-t\/\" \/>\n<meta property=\"og:locale\" content=\"es_ES\" \/>\n<meta property=\"og:type\" content=\"article\" \/>\n<meta property=\"og:title\" content=\"Mais 696 jovens a\u00e7orianos iniciaram em janeiro est\u00e1gios ao abrigo do programa Estagiar L e T - Di\u00e1rio da Lagoa\" \/>\n<meta property=\"og:description\" content=\"A segunda fase do Programa Estagiar L e T, que teve in\u00edcio neste m\u00eas de janeiro, admitiu 696 estagi\u00e1rios, 405 dos quais s\u00e3o licenciados e 291 s\u00e3o jovens titulares de um curso profissional.\u00a0 Segundo dados avan\u00e7ados pelo governo regional, com o arranque desta fase,\u00a0passam a ser\u00a01.565 os jovens que se encontram atualmente em est\u00e1gios ao [&hellip;]\" \/>\n<meta property=\"og:url\" content=\"https:\/\/diariodalagoa.pt\/es\/mais-696-jovens-acorianos-iniciaram-em-janeiro-estagios-ao-abrigo-do-programa-estagiar-l-e-t\/\" \/>\n<meta property=\"og:site_name\" content=\"Di\u00e1rio da Lagoa\" \/>\n<meta property=\"article:published_time\" content=\"2015-01-21T11:23:56+00:00\" \/>\n<meta name=\"author\" content=\"Di\u00e1rio da Lagoa\" \/>\n<meta name=\"twitter:card\" content=\"summary_large_image\" \/>\n<meta name=\"twitter:label1\" content=\"Escrito por\" \/>\n\t<meta name=\"twitter:data1\" content=\"Di\u00e1rio da Lagoa\" \/>\n\t<meta name=\"twitter:label2\" content=\"Tiempo de lectura\" \/>\n\t<meta name=\"twitter:data2\" content=\"1 minuto\" \/>\n<script type=\"application\/ld+json\" class=\"yoast-schema-graph\">{\"@context\":\"https:\/\/schema.org\",\"@graph\":[{\"@type\":\"WebPage\",\"@id\":\"https:\/\/diariodalagoa.pt\/mais-696-jovens-acorianos-iniciaram-em-janeiro-estagios-ao-abrigo-do-programa-estagiar-l-e-t\/\",\"url\":\"https:\/\/diariodalagoa.pt\/mais-696-jovens-acorianos-iniciaram-em-janeiro-estagios-ao-abrigo-do-programa-estagiar-l-e-t\/\",\"name\":\"Mais 696 jovens a\u00e7orianos iniciaram em janeiro est\u00e1gios ao abrigo do programa Estagiar L e T - Di\u00e1rio da Lagoa\",\"isPartOf\":{\"@id\":\"https:\/\/diariodalagoa.pt\/#website\"},\"datePublished\":\"2015-01-21T11:23:56+00:00\",\"dateModified\":\"2015-01-21T11:23:56+00:00\",\"author\":{\"@id\":\"https:\/\/diariodalagoa.pt\/#\/schema\/person\/1615a002370e8857b6f972834bc43ece\"},\"breadcrumb\":{\"@id\":\"https:\/\/diariodalagoa.pt\/mais-696-jovens-acorianos-iniciaram-em-janeiro-estagios-ao-abrigo-do-programa-estagiar-l-e-t\/#breadcrumb\"},\"inLanguage\":\"es\",\"potentialAction\":[{\"@type\":\"ReadAction\",\"target\":[\"https:\/\/diariodalagoa.pt\/mais-696-jovens-acorianos-iniciaram-em-janeiro-estagios-ao-abrigo-do-programa-estagiar-l-e-t\/\"]}]},{\"@type\":\"BreadcrumbList\",\"@id\":\"https:\/\/diariodalagoa.pt\/mais-696-jovens-acorianos-iniciaram-em-janeiro-estagios-ao-abrigo-do-programa-estagiar-l-e-t\/#breadcrumb\",\"itemListElement\":[{\"@type\":\"ListItem\",\"position\":1,\"name\":\"In\u00edcio\",\"item\":\"https:\/\/diariodalagoa.pt\/\"},{\"@type\":\"ListItem\",\"position\":2,\"name\":\"Mais 696 jovens a\u00e7orianos iniciaram em janeiro est\u00e1gios ao abrigo do programa Estagiar L e T\"}]},{\"@type\":\"WebSite\",\"@id\":\"https:\/\/diariodalagoa.pt\/#website\",\"url\":\"https:\/\/diariodalagoa.pt\/\",\"name\":\"Di\u00e1rio da Lagoa\",\"description\":\"Di\u00e1rio da Lagoa. As not\u00edcias que contam. A partir da Lagoa, nos A\u00e7ores, para o mundo.\",\"potentialAction\":[{\"@type\":\"SearchAction\",\"target\":{\"@type\":\"EntryPoint\",\"urlTemplate\":\"https:\/\/diariodalagoa.pt\/?s={search_term_string}\"},\"query-input\":\"required name=search_term_string\"}],\"inLanguage\":\"es\"},{\"@type\":\"Person\",\"@id\":\"https:\/\/diariodalagoa.pt\/#\/schema\/person\/1615a002370e8857b6f972834bc43ece\",\"name\":\"Di\u00e1rio da Lagoa\",\"image\":{\"@type\":\"ImageObject\",\"inLanguage\":\"es\",\"@id\":\"https:\/\/diariodalagoa.pt\/#\/schema\/person\/image\/\",\"url\":\"https:\/\/secure.gravatar.com\/avatar\/2cb5cef90a26f8fbd4d9d930608102c5?s=96&d=mm&r=g\",\"contentUrl\":\"https:\/\/secure.gravatar.com\/avatar\/2cb5cef90a26f8fbd4d9d930608102c5?s=96&d=mm&r=g\",\"caption\":\"Di\u00e1rio da Lagoa\"},\"url\":\"https:\/\/diariodalagoa.pt\/es\/author\/diariodalagoa\/\"}]}<\/script>\n<!-- \/ Yoast SEO plugin. -->","yoast_head_json":{"title":"Mais 696 jovens a\u00e7orianos iniciaram em janeiro est\u00e1gios ao abrigo do programa Estagiar L e T - Di\u00e1rio da Lagoa","robots":{"index":"index","follow":"follow","max-snippet":"max-snippet:-1","max-image-preview":"max-image-preview:large","max-video-preview":"max-video-preview:-1"},"canonical":"https:\/\/diariodalagoa.pt\/es\/mais-696-jovens-acorianos-iniciaram-em-janeiro-estagios-ao-abrigo-do-programa-estagiar-l-e-t\/","og_locale":"es_ES","og_type":"article","og_title":"Mais 696 jovens a\u00e7orianos iniciaram em janeiro est\u00e1gios ao abrigo do programa Estagiar L e T - Di\u00e1rio da Lagoa","og_description":"A segunda fase do Programa Estagiar L e T, que teve in\u00edcio neste m\u00eas de janeiro, admitiu 696 estagi\u00e1rios, 405 dos quais s\u00e3o licenciados e 291 s\u00e3o jovens titulares de um curso profissional.\u00a0 Segundo dados avan\u00e7ados pelo governo regional, com o arranque desta fase,\u00a0passam a ser\u00a01.565 os jovens que se encontram atualmente em est\u00e1gios ao [&hellip;]","og_url":"https:\/\/diariodalagoa.pt\/es\/mais-696-jovens-acorianos-iniciaram-em-janeiro-estagios-ao-abrigo-do-programa-estagiar-l-e-t\/","og_site_name":"Di\u00e1rio da Lagoa","article_published_time":"2015-01-21T11:23:56+00:00","author":"Di\u00e1rio da Lagoa","twitter_card":"summary_large_image","twitter_misc":{"Escrito por":"Di\u00e1rio da Lagoa","Tiempo de lectura":"1 minuto"},"schema":{"@context":"https:\/\/schema.org","@graph":[{"@type":"WebPage","@id":"https:\/\/diariodalagoa.pt\/mais-696-jovens-acorianos-iniciaram-em-janeiro-estagios-ao-abrigo-do-programa-estagiar-l-e-t\/","url":"https:\/\/diariodalagoa.pt\/mais-696-jovens-acorianos-iniciaram-em-janeiro-estagios-ao-abrigo-do-programa-estagiar-l-e-t\/","name":"Mais 696 jovens a\u00e7orianos iniciaram em janeiro est\u00e1gios ao abrigo do programa Estagiar L e T - Di\u00e1rio da Lagoa","isPartOf":{"@id":"https:\/\/diariodalagoa.pt\/#website"},"datePublished":"2015-01-21T11:23:56+00:00","dateModified":"2015-01-21T11:23:56+00:00","author":{"@id":"https:\/\/diariodalagoa.pt\/#\/schema\/person\/1615a002370e8857b6f972834bc43ece"},"breadcrumb":{"@id":"https:\/\/diariodalagoa.pt\/mais-696-jovens-acorianos-iniciaram-em-janeiro-estagios-ao-abrigo-do-programa-estagiar-l-e-t\/#breadcrumb"},"inLanguage":"es","potentialAction":[{"@type":"ReadAction","target":["https:\/\/diariodalagoa.pt\/mais-696-jovens-acorianos-iniciaram-em-janeiro-estagios-ao-abrigo-do-programa-estagiar-l-e-t\/"]}]},{"@type":"BreadcrumbList","@id":"https:\/\/diariodalagoa.pt\/mais-696-jovens-acorianos-iniciaram-em-janeiro-estagios-ao-abrigo-do-programa-estagiar-l-e-t\/#breadcrumb","itemListElement":[{"@type":"ListItem","position":1,"name":"In\u00edcio","item":"https:\/\/diariodalagoa.pt\/"},{"@type":"ListItem","position":2,"name":"Mais 696 jovens a\u00e7orianos iniciaram em janeiro est\u00e1gios ao abrigo do programa Estagiar L e T"}]},{"@type":"WebSite","@id":"https:\/\/diariodalagoa.pt\/#website","url":"https:\/\/diariodalagoa.pt\/","name":"Di\u00e1rio da Lagoa","description":"Di\u00e1rio da Lagoa. As not\u00edcias que contam. A partir da Lagoa, nos A\u00e7ores, para o mundo.","potentialAction":[{"@type":"SearchAction","target":{"@type":"EntryPoint","urlTemplate":"https:\/\/diariodalagoa.pt\/?s={search_term_string}"},"query-input":"required name=search_term_string"}],"inLanguage":"es"},{"@type":"Person","@id":"https:\/\/diariodalagoa.pt\/#\/schema\/person\/1615a002370e8857b6f972834bc43ece","name":"Di\u00e1rio da Lagoa","image":{"@type":"ImageObject","inLanguage":"es","@id":"https:\/\/diariodalagoa.pt\/#\/schema\/person\/image\/","url":"https:\/\/secure.gravatar.com\/avatar\/2cb5cef90a26f8fbd4d9d930608102c5?s=96&d=mm&r=g","contentUrl":"https:\/\/secure.gravatar.com\/avatar\/2cb5cef90a26f8fbd4d9d930608102c5?s=96&d=mm&r=g","caption":"Di\u00e1rio da Lagoa"},"url":"https:\/\/diariodalagoa.pt\/es\/author\/diariodalagoa\/"}]}},"_links":{"self":[{"href":"https:\/\/diariodalagoa.pt\/es\/wp-json\/wp\/v2\/posts\/13069"}],"collection":[{"href":"https:\/\/diariodalagoa.pt\/es\/wp-json\/wp\/v2\/posts"}],"about":[{"href":"https:\/\/diariodalagoa.pt\/es\/wp-json\/wp\/v2\/types\/post"}],"author":[{"embeddable":true,"href":"https:\/\/diariodalagoa.pt\/es\/wp-json\/wp\/v2\/users\/2"}],"replies":[{"embeddable":true,"href":"https:\/\/diariodalagoa.pt\/es\/wp-json\/wp\/v2\/comments?post=13069"}],"version-history":[{"count":0,"href":"https:\/\/diariodalagoa.pt\/es\/wp-json\/wp\/v2\/posts\/13069\/revisions"}],"wp:attachment":[{"href":"https:\/\/diariodalagoa.pt\/es\/wp-json\/wp\/v2\/media?parent=13069"}],"wp:term":[{"taxonomy":"category","embeddable":true,"href":"https:\/\/diariodalagoa.pt\/es\/wp-json\/wp\/v2\/categories?post=13069"},{"taxonomy":"post_tag","embeddable":true,"href":"https:\/\/diariodalagoa.pt\/es\/wp-json\/wp\/v2\/tags?post=13069"}],"curies":[{"name":"wp","href":"https:\/\/api.w.org\/{rel}","templated":true}]}}