{"id":129171,"date":"2023-12-08T13:15:23","date_gmt":"2023-12-08T13:15:23","guid":{"rendered":"https:\/\/diariodalagoa.pt\/?p=129171"},"modified":"2025-09-28T00:34:07","modified_gmt":"2025-09-28T00:34:07","slug":"grandes-esperancas","status":"publish","type":"post","link":"https:\/\/diariodalagoa.pt\/es\/grandes-esperancas\/","title":{"rendered":"Grandes Esperan\u00e7as"},"content":{"rendered":"<figure class=\"wp-block-image size-full\"><img decoding=\"async\" width=\"960\" height=\"960\" src=\"https:\/\/diariodalagoa.pt\/wp-content\/uploads\/2023\/12\/grandes-esperancas-iiustracao-lidia-meneses.jpeg\" alt=\"\" class=\"wp-image-129172\" srcset=\"https:\/\/diariodalagoa.pt\/wp-content\/uploads\/2023\/12\/grandes-esperancas-iiustracao-lidia-meneses.jpeg 960w, https:\/\/diariodalagoa.pt\/wp-content\/uploads\/2023\/12\/grandes-esperancas-iiustracao-lidia-meneses-300x300.jpeg 300w, https:\/\/diariodalagoa.pt\/wp-content\/uploads\/2023\/12\/grandes-esperancas-iiustracao-lidia-meneses-150x150.jpeg 150w, https:\/\/diariodalagoa.pt\/wp-content\/uploads\/2023\/12\/grandes-esperancas-iiustracao-lidia-meneses-768x768.jpeg 768w, https:\/\/diariodalagoa.pt\/wp-content\/uploads\/2023\/12\/grandes-esperancas-iiustracao-lidia-meneses-12x12.jpeg 12w\" sizes=\"(max-width: 960px) 100vw, 960px\" \/><figcaption class=\"wp-element-caption\"><sup><mark style=\"background-color:rgba(0, 0, 0, 0)\" class=\"has-inline-color has-cyan-bluish-gray-color\">\u00a9 L\u00cdDIA MENESES<\/mark><\/sup><\/figcaption><\/figure>\n\n\n<p>Um t\u00edtulo roubado a um romance escrito por Charles Dickens, em 1861, muito estimado e considerado um cl\u00e1ssico da literatura inglesa perante um imagin\u00e1rio t\u00e3o belo quanto complexo, convertido em filme mais de 10 vezes, em pe\u00e7as de teatro e s\u00e9ries televisivas. \u00c9 uma hist\u00f3ria com muitas camadas e temas cl\u00e1ssicos, relevantes at\u00e9 \u00e0 atualidade. Aborda quest\u00f5es sobre ambi\u00e7\u00e3o, expectativas e sonhos, sobre a esperan\u00e7a, a resili\u00eancia, a arte de nunca desistir. A personagem principal, Finn, tem grandes esperan\u00e7as para a sua vida e deseja ascender socialmente, tal reflete a busca por realiza\u00e7\u00e3o pessoal e o desejo de melhorar a pr\u00f3pria condi\u00e7\u00e3o em muitas pessoas na sociedade atual, o desejo da democracia.<br>O livro tamb\u00e9m explora temas como classe social e desigualdades. Finn enfrenta a segrega\u00e7\u00e3o social e a influ\u00eancia negativa do dinheiro e do <i>status<\/i> na sociedade vitoriana, s\u00e9c. XIX, relacionado com as disparidades sociais e econ\u00f3micas. Na \u00e9poca, o romance entre uma cozinheira e um m\u00e9dico jamais seria assumido e assinado como casamento. Ser\u00e1 que j\u00e1 nada disso existe, atualmente?<br>Outro tema \u00e9 a an\u00e1lise das rela\u00e7\u00f5es humanas e da complexidade dos sentimentos. Finn desenvolve um interesse rom\u00e2ntico por Stella, embora nunca correspondente, gra\u00e7as \u00e0 disciplina estoica da menina fatal. Na verdade, o sentimento foi sempre rec\u00edproco, mas s\u00f3 tardiamente assumido por Stella, descrita como snobe, quase pedante, mas bela e inspiradora, a grande musa de Finn. Stella foi educada, isto \u00e9, manipulada para ser a mulher fatal, uma quebra-cora\u00e7\u00f5es, por sua ego\u00edsta tia, outrora deixada no altar. Portanto, estes dois s\u00e3o como fantoches nas m\u00e3os de uma mulher amarga que se pretende vingar, n\u00e3o de um, mas de todos os homens. Estes s\u00e3o temas universais e atemporais, como: ambi\u00e7\u00e3o, desigualdade social, busca por identidade e por amor.<\/p>\n<p>Encantou-me, sobretudo, o filme de 1998, realizado por Alfonso Cuar\u00f3n, com os protagonistas principais Ethan Hawke e Gwyneth Paltrow, acompanhado por uma fabulosa faixa sonora, composta por Patrick Doyle, e desenhos originais de Francesco Clemente. Nesta vers\u00e3o, Finnegan Bell (Finn ou Pip) \u00e9 retratado como um artista talentoso desde a inf\u00e2ncia, mostrando habilidades excecionais no desenho. Essa caracter\u00edstica \u00e9 significativa para a compreens\u00e3o da hist\u00f3ria, pois a express\u00e3o art\u00edstica dele \u00e9 um reflexo da sua sensibilidade e busca por beleza e significado na vida. Ele \u00e9 um apaixonado, n\u00e3o s\u00f3 por Stella, mas por tudo o que o rodeia, desde o feio ao belo, desde a realidade ao sonho.<\/p>\n<p>A paix\u00e3o inevit\u00e1vel de Finn por Stella tamb\u00e9m \u00e9 parte importante de sua personalidade, pois impulsiona-o a transcender-se, inspirando-o a criar obras aut\u00eanticas e sublimes, pela sua simplicidade, as quais expressam os seus sentimentos mais profundos. Atrav\u00e9s dessa paix\u00e3o, Finn descobre o poder transformador da arte. Este carisma art\u00edstico da personagem principal, um \u00f3rf\u00e3o, com parcas condi\u00e7\u00f5es monet\u00e1rias, ensina-nos que a arte tem o poder de nos ajudar a explorar e a compreender melhor o mundo ao nosso redor. \u00c9 atrav\u00e9s da express\u00e3o art\u00edstica que Finn \u00e9 capaz de canalizar as suas experi\u00eancias, emo\u00e7\u00f5es e vis\u00f5es de mundo nas suas obras, proporcionando um meio para o p\u00fablico se conectar com a sua pr\u00f3pria humanidade. Se n\u00e3o fosse esta a sua habilidade, a personagem n\u00e3o seria t\u00e3o densa e resistente perante as agruras, as sedu\u00e7\u00f5es, as inquietudes; seria como o seu estimado tio pescador, embora alco\u00f3lico, ou o assustador criminoso Arthur Lustig, protagonizado por Robert de Niro, um prisioneiro fugitivo que, no final da trama, acaba por ser o mais caridoso, afinal, recompensando Finn por um pequeno mas grande ato de coragem e bondade, quando estava em debandada, anos atr\u00e1s. Atrav\u00e9s de Finn, o p\u00fablico pode concluir que a arte \u00e9 um ve\u00edculo poderoso que nos permite explorar e comunicar a nossa pr\u00f3pria vis\u00e3o de mundo, al\u00e9m de nos levar a um maior autoconhecimento e entendimento dos outros, incluindo a aceita\u00e7\u00e3o. S\u00e3o, precisamente, os desenhos de Finn (originais do italiano, Clemente) a emprestar toda uma est\u00e9tica <i>naif<\/i>, mas verdadeira e especial, a todo o cen\u00e1rio. O rapaz n\u00e3o sabia dan\u00e7ar, mas sabia desenhar muito bem. Enquanto designer, considero ser, este, um filme marcante, na sagaz capacidade em demonstrar a import\u00e2ncia criativa e libertadora, atrav\u00e9s do desenho, da ilustra\u00e7\u00e3o do mundo e dos sonhos.<\/p>\n\n\n<h3 class=\"wp-block-heading\"><strong>Mas h\u00e1 muitas mais li\u00e7\u00f5es a tirar deste filme<\/strong><\/h3>\n\n\n<p>&#8211; respeitar as pessoas e ajud\u00e1-las, como fez Finn com o prisioneiro, mesmo que a medo. A grande li\u00e7\u00e3o do criminoso para com a sociedade \u00e9 o facto de ter sido o benfeitor do sucesso de Finn; ningu\u00e9m mais ajudou o talentoso artista a n\u00e3o ser um fora da lei e ningu\u00e9m mais teria ajudado o prisioneiro a n\u00e3o ser a crian\u00e7a;<\/p>\n<p>&#8211; a realidade social pode definir um estatuto mas n\u00e3o a qualidade do ser humano. Felizmente, Stella aprendeu a li\u00e7\u00e3o a tempo de amadurecer e usufruir da felicidade junto de Finn, o mesmo n\u00e3o aconteceu com sua rica tia que morreu abandonada, na grande mans\u00e3o \u201cPara\u00edso Perdido\u201d;<\/p>\n<p>&#8211; viver o presente e n\u00e3o ficar ancorado no passado, isto \u00e9, se a vida nos atira pedregulhos, temos duas hip\u00f3teses, podemos arremess\u00e1-los a um alvo qualquer ou, com essas pedras, construir um castelo. A manipuladora tia de Stella n\u00e3o tinha o direito de estragar a vida dos outros; tinha o direito de emendar a sua.<\/p>\n<p>&#8211; respeitar a individualidade, deixar crescer um indiv\u00edduo tal como \u00e9, fosse o tio de Finn um pescador alco\u00f3latra, n\u00e3o estava escrito na pedra que Finn seria o mesmo ou que o tio era uma m\u00e1 influ\u00eancia. Na verdade, foi a bondade do pescador o que permitiu a Finn ser detentor de um grande carisma; esta pessoa simples nunca o limitou, sempre lhe deu asas &#8211; S\u00f3 porque Stella cresceu num ambiente t\u00f3xico e manipulador, recheada de riquezas e mordomias, n\u00e3o significa que, tamb\u00e9m ela, tivesse de seguir o mesmo percurso ou que o seu cora\u00e7\u00e3o estivesse enregelado. A vergonha por amar Finn foi reconhecida a tempo e Finn tamb\u00e9m chegou a Stella, a personifica\u00e7\u00e3o da sua ambi\u00e7\u00e3o, a tempo. <\/p>\n<p>Em conclus\u00e3o, um alavancou o outro e esta \u00e9 a verdadeira esperan\u00e7a. A f\u00e9 de que podemos ser o que quisermos, mais tarde ou mais cedo, sozinhos ou ajudados.<\/p>","protected":false},"excerpt":{"rendered":"<p>L\u00eddia Meneses escreve nesta edi\u00e7\u00e3o sobre o que diz ser a &#8220;verdadeira esperan\u00e7a. A f\u00e9 de que podemos ser o que quisermos, mais tarde ou mais cedo, sozinhos ou ajudados.&#8221;<\/p>","protected":false},"author":2,"featured_media":129172,"comment_status":"open","ping_status":"closed","sticky":false,"template":"","format":"standard","meta":[],"categories":[11],"tags":[],"acf":[],"yoast_head":"<!-- This site is optimized with the Yoast SEO plugin v20.10 - https:\/\/yoast.com\/wordpress\/plugins\/seo\/ -->\n<title>Grandes Esperan\u00e7as - Di\u00e1rio da Lagoa<\/title>\n<meta name=\"description\" content=\"L\u00eddia Meneses escreve nesta edi\u00e7\u00e3o sobre o que diz ser a &quot;verdadeira esperan\u00e7a. A f\u00e9 de que podemos ser o que quisermos, mais tarde ou mais cedo, sozinhos ou ajudados.&quot;\" \/>\n<meta name=\"robots\" content=\"index, follow, max-snippet:-1, max-image-preview:large, max-video-preview:-1\" \/>\n<link rel=\"canonical\" href=\"https:\/\/diariodalagoa.pt\/es\/grandes-esperancas\/\" \/>\n<meta property=\"og:locale\" content=\"es_ES\" \/>\n<meta property=\"og:type\" content=\"article\" \/>\n<meta property=\"og:title\" content=\"Grandes Esperan\u00e7as - Di\u00e1rio da Lagoa\" \/>\n<meta property=\"og:description\" content=\"L\u00eddia Meneses escreve nesta edi\u00e7\u00e3o sobre o que diz ser a &quot;verdadeira esperan\u00e7a. A f\u00e9 de que podemos ser o que quisermos, mais tarde ou mais cedo, sozinhos ou ajudados.&quot;\" \/>\n<meta property=\"og:url\" content=\"https:\/\/diariodalagoa.pt\/es\/grandes-esperancas\/\" \/>\n<meta property=\"og:site_name\" content=\"Di\u00e1rio da Lagoa\" \/>\n<meta property=\"article:published_time\" content=\"2023-12-08T13:15:23+00:00\" \/>\n<meta property=\"article:modified_time\" content=\"2025-09-28T00:34:07+00:00\" \/>\n<meta property=\"og:image\" content=\"https:\/\/diariodalagoa.pt\/wp-content\/uploads\/2023\/12\/grandes-esperancas-iiustracao-lidia-meneses.jpeg\" \/>\n\t<meta property=\"og:image:width\" content=\"960\" \/>\n\t<meta property=\"og:image:height\" content=\"960\" \/>\n\t<meta property=\"og:image:type\" content=\"image\/jpeg\" \/>\n<meta name=\"author\" content=\"Di\u00e1rio da Lagoa\" \/>\n<meta name=\"twitter:card\" content=\"summary_large_image\" \/>\n<meta name=\"twitter:label1\" content=\"Escrito por\" \/>\n\t<meta name=\"twitter:data1\" content=\"Di\u00e1rio da Lagoa\" \/>\n\t<meta name=\"twitter:label2\" content=\"Tiempo de lectura\" \/>\n\t<meta name=\"twitter:data2\" content=\"6 minutos\" \/>\n<script type=\"application\/ld+json\" class=\"yoast-schema-graph\">{\"@context\":\"https:\/\/schema.org\",\"@graph\":[{\"@type\":\"WebPage\",\"@id\":\"https:\/\/diariodalagoa.pt\/grandes-esperancas\/\",\"url\":\"https:\/\/diariodalagoa.pt\/grandes-esperancas\/\",\"name\":\"Grandes Esperan\u00e7as - Di\u00e1rio da Lagoa\",\"isPartOf\":{\"@id\":\"https:\/\/diariodalagoa.pt\/#website\"},\"datePublished\":\"2023-12-08T13:15:23+00:00\",\"dateModified\":\"2025-09-28T00:34:07+00:00\",\"author\":{\"@id\":\"https:\/\/diariodalagoa.pt\/#\/schema\/person\/1615a002370e8857b6f972834bc43ece\"},\"description\":\"L\u00eddia Meneses escreve nesta edi\u00e7\u00e3o sobre o que diz ser a \\\"verdadeira esperan\u00e7a. A f\u00e9 de que podemos ser o que quisermos, mais tarde ou mais cedo, sozinhos ou ajudados.\\\"\",\"breadcrumb\":{\"@id\":\"https:\/\/diariodalagoa.pt\/grandes-esperancas\/#breadcrumb\"},\"inLanguage\":\"es\",\"potentialAction\":[{\"@type\":\"ReadAction\",\"target\":[\"https:\/\/diariodalagoa.pt\/grandes-esperancas\/\"]}]},{\"@type\":\"BreadcrumbList\",\"@id\":\"https:\/\/diariodalagoa.pt\/grandes-esperancas\/#breadcrumb\",\"itemListElement\":[{\"@type\":\"ListItem\",\"position\":1,\"name\":\"In\u00edcio\",\"item\":\"https:\/\/diariodalagoa.pt\/\"},{\"@type\":\"ListItem\",\"position\":2,\"name\":\"Grandes Esperan\u00e7as\"}]},{\"@type\":\"WebSite\",\"@id\":\"https:\/\/diariodalagoa.pt\/#website\",\"url\":\"https:\/\/diariodalagoa.pt\/\",\"name\":\"Di\u00e1rio da Lagoa\",\"description\":\"Di\u00e1rio da Lagoa. As not\u00edcias que contam. A partir da Lagoa, nos A\u00e7ores, para o mundo.\",\"potentialAction\":[{\"@type\":\"SearchAction\",\"target\":{\"@type\":\"EntryPoint\",\"urlTemplate\":\"https:\/\/diariodalagoa.pt\/?s={search_term_string}\"},\"query-input\":\"required name=search_term_string\"}],\"inLanguage\":\"es\"},{\"@type\":\"Person\",\"@id\":\"https:\/\/diariodalagoa.pt\/#\/schema\/person\/1615a002370e8857b6f972834bc43ece\",\"name\":\"Di\u00e1rio da Lagoa\",\"image\":{\"@type\":\"ImageObject\",\"inLanguage\":\"es\",\"@id\":\"https:\/\/diariodalagoa.pt\/#\/schema\/person\/image\/\",\"url\":\"https:\/\/secure.gravatar.com\/avatar\/2cb5cef90a26f8fbd4d9d930608102c5?s=96&d=mm&r=g\",\"contentUrl\":\"https:\/\/secure.gravatar.com\/avatar\/2cb5cef90a26f8fbd4d9d930608102c5?s=96&d=mm&r=g\",\"caption\":\"Di\u00e1rio da Lagoa\"},\"url\":\"https:\/\/diariodalagoa.pt\/es\/author\/diariodalagoa\/\"}]}<\/script>\n<!-- \/ Yoast SEO plugin. -->","yoast_head_json":{"title":"Grandes Esperan\u00e7as - Di\u00e1rio da Lagoa","description":"L\u00eddia Meneses escreve nesta edi\u00e7\u00e3o sobre o que diz ser a \"verdadeira esperan\u00e7a. A f\u00e9 de que podemos ser o que quisermos, mais tarde ou mais cedo, sozinhos ou ajudados.\"","robots":{"index":"index","follow":"follow","max-snippet":"max-snippet:-1","max-image-preview":"max-image-preview:large","max-video-preview":"max-video-preview:-1"},"canonical":"https:\/\/diariodalagoa.pt\/es\/grandes-esperancas\/","og_locale":"es_ES","og_type":"article","og_title":"Grandes Esperan\u00e7as - Di\u00e1rio da Lagoa","og_description":"L\u00eddia Meneses escreve nesta edi\u00e7\u00e3o sobre o que diz ser a \"verdadeira esperan\u00e7a. A f\u00e9 de que podemos ser o que quisermos, mais tarde ou mais cedo, sozinhos ou ajudados.\"","og_url":"https:\/\/diariodalagoa.pt\/es\/grandes-esperancas\/","og_site_name":"Di\u00e1rio da Lagoa","article_published_time":"2023-12-08T13:15:23+00:00","article_modified_time":"2025-09-28T00:34:07+00:00","og_image":[{"width":960,"height":960,"url":"https:\/\/diariodalagoa.pt\/wp-content\/uploads\/2023\/12\/grandes-esperancas-iiustracao-lidia-meneses.jpeg","type":"image\/jpeg"}],"author":"Di\u00e1rio da Lagoa","twitter_card":"summary_large_image","twitter_misc":{"Escrito por":"Di\u00e1rio da Lagoa","Tiempo de lectura":"6 minutos"},"schema":{"@context":"https:\/\/schema.org","@graph":[{"@type":"WebPage","@id":"https:\/\/diariodalagoa.pt\/grandes-esperancas\/","url":"https:\/\/diariodalagoa.pt\/grandes-esperancas\/","name":"Grandes Esperan\u00e7as - Di\u00e1rio da Lagoa","isPartOf":{"@id":"https:\/\/diariodalagoa.pt\/#website"},"datePublished":"2023-12-08T13:15:23+00:00","dateModified":"2025-09-28T00:34:07+00:00","author":{"@id":"https:\/\/diariodalagoa.pt\/#\/schema\/person\/1615a002370e8857b6f972834bc43ece"},"description":"L\u00eddia Meneses escreve nesta edi\u00e7\u00e3o sobre o que diz ser a \"verdadeira esperan\u00e7a. A f\u00e9 de que podemos ser o que quisermos, mais tarde ou mais cedo, sozinhos ou ajudados.\"","breadcrumb":{"@id":"https:\/\/diariodalagoa.pt\/grandes-esperancas\/#breadcrumb"},"inLanguage":"es","potentialAction":[{"@type":"ReadAction","target":["https:\/\/diariodalagoa.pt\/grandes-esperancas\/"]}]},{"@type":"BreadcrumbList","@id":"https:\/\/diariodalagoa.pt\/grandes-esperancas\/#breadcrumb","itemListElement":[{"@type":"ListItem","position":1,"name":"In\u00edcio","item":"https:\/\/diariodalagoa.pt\/"},{"@type":"ListItem","position":2,"name":"Grandes Esperan\u00e7as"}]},{"@type":"WebSite","@id":"https:\/\/diariodalagoa.pt\/#website","url":"https:\/\/diariodalagoa.pt\/","name":"Di\u00e1rio da Lagoa","description":"Di\u00e1rio da Lagoa. As not\u00edcias que contam. A partir da Lagoa, nos A\u00e7ores, para o mundo.","potentialAction":[{"@type":"SearchAction","target":{"@type":"EntryPoint","urlTemplate":"https:\/\/diariodalagoa.pt\/?s={search_term_string}"},"query-input":"required name=search_term_string"}],"inLanguage":"es"},{"@type":"Person","@id":"https:\/\/diariodalagoa.pt\/#\/schema\/person\/1615a002370e8857b6f972834bc43ece","name":"Di\u00e1rio da Lagoa","image":{"@type":"ImageObject","inLanguage":"es","@id":"https:\/\/diariodalagoa.pt\/#\/schema\/person\/image\/","url":"https:\/\/secure.gravatar.com\/avatar\/2cb5cef90a26f8fbd4d9d930608102c5?s=96&d=mm&r=g","contentUrl":"https:\/\/secure.gravatar.com\/avatar\/2cb5cef90a26f8fbd4d9d930608102c5?s=96&d=mm&r=g","caption":"Di\u00e1rio da Lagoa"},"url":"https:\/\/diariodalagoa.pt\/es\/author\/diariodalagoa\/"}]}},"_links":{"self":[{"href":"https:\/\/diariodalagoa.pt\/es\/wp-json\/wp\/v2\/posts\/129171"}],"collection":[{"href":"https:\/\/diariodalagoa.pt\/es\/wp-json\/wp\/v2\/posts"}],"about":[{"href":"https:\/\/diariodalagoa.pt\/es\/wp-json\/wp\/v2\/types\/post"}],"author":[{"embeddable":true,"href":"https:\/\/diariodalagoa.pt\/es\/wp-json\/wp\/v2\/users\/2"}],"replies":[{"embeddable":true,"href":"https:\/\/diariodalagoa.pt\/es\/wp-json\/wp\/v2\/comments?post=129171"}],"version-history":[{"count":8,"href":"https:\/\/diariodalagoa.pt\/es\/wp-json\/wp\/v2\/posts\/129171\/revisions"}],"predecessor-version":[{"id":130356,"href":"https:\/\/diariodalagoa.pt\/es\/wp-json\/wp\/v2\/posts\/129171\/revisions\/130356"}],"wp:featuredmedia":[{"embeddable":true,"href":"https:\/\/diariodalagoa.pt\/es\/wp-json\/wp\/v2\/media\/129172"}],"wp:attachment":[{"href":"https:\/\/diariodalagoa.pt\/es\/wp-json\/wp\/v2\/media?parent=129171"}],"wp:term":[{"taxonomy":"category","embeddable":true,"href":"https:\/\/diariodalagoa.pt\/es\/wp-json\/wp\/v2\/categories?post=129171"},{"taxonomy":"post_tag","embeddable":true,"href":"https:\/\/diariodalagoa.pt\/es\/wp-json\/wp\/v2\/tags?post=129171"}],"curies":[{"name":"wp","href":"https:\/\/api.w.org\/{rel}","templated":true}]}}