{"id":128250,"date":"2023-10-21T15:33:53","date_gmt":"2023-10-21T15:33:53","guid":{"rendered":"https:\/\/diariodalagoa.pt\/?p=128250"},"modified":"2025-01-02T19:52:43","modified_gmt":"2025-01-02T19:52:43","slug":"mes-do-capao-no-nordeste-em-novembro","status":"publish","type":"post","link":"https:\/\/diariodalagoa.pt\/es\/mes-do-capao-no-nordeste-em-novembro\/","title":{"rendered":"M\u00eas do cap\u00e3o no Nordeste em novembro"},"content":{"rendered":"<figure class=\"wp-block-image size-full\"><img decoding=\"async\" width=\"960\" height=\"640\" src=\"https:\/\/diariodalagoa.pt\/wp-content\/uploads\/2022\/10\/galo-capao-1.jpg\" alt=\"\" class=\"wp-image-122293\" srcset=\"https:\/\/diariodalagoa.pt\/wp-content\/uploads\/2022\/10\/galo-capao-1.jpg 960w, https:\/\/diariodalagoa.pt\/wp-content\/uploads\/2022\/10\/galo-capao-1-300x200.jpg 300w, https:\/\/diariodalagoa.pt\/wp-content\/uploads\/2022\/10\/galo-capao-1-768x512.jpg 768w, https:\/\/diariodalagoa.pt\/wp-content\/uploads\/2022\/10\/galo-capao-1-18x12.jpg 18w\" sizes=\"(max-width: 960px) 100vw, 960px\" \/><figcaption class=\"wp-element-caption\"><sup><mark style=\"background-color:rgba(0, 0, 0, 0)\" class=\"has-inline-color has-cyan-bluish-gray-color\">\u00a9 D.R.<\/mark><\/sup><\/figcaption><\/figure>\n\n\n<p>No pr\u00f3ximo m\u00eas de novembro a c\u00e2mara do Nordeste lan\u00e7a mais uma edi\u00e7\u00e3o do \u00abM\u00eas do Cap\u00e3o\u00bb, anunciou a autarquia esta sexta-feira, 20 de outubro.<\/p>\n<p>De acordo com a autarquia nordestense, a iniciativa conta com a colabora\u00e7\u00e3o da restaura\u00e7\u00e3o do concelho que ter\u00e1 o prato tradicional do galo cap\u00e3o na ementa de domingo durante todo o m\u00eas.<\/p>\n<p>Para o lan\u00e7amento de mais esta edi\u00e7\u00e3o, o munic\u00edpio do Nordeste avan\u00e7a que &#8220;promove um ser\u00e3o gastron\u00f3mico no s\u00e1bado que antecede o primeiro domingo de novembro, com a degusta\u00e7\u00e3o do galo cap\u00e3o, entre outras iguarias tradicionais, complementado com um programa musical tamb\u00e9m ele tradicional, com cantores ao desafio de diferentes locais de S\u00e3o Miguel incluindo um cantador da ilha Terceira.&#8221;<\/p>\n<p>A iniciativa \u00abM\u00eas do Cap\u00e3o\u00bb, foi lan\u00e7ada pelo munic\u00edpio do Nordeste com o prop\u00f3sito de reavivar o prato tradicional do concelho do Nordeste, promovendo a sua implementa\u00e7\u00e3o nas ementas dos restaurantes como oferta gastron\u00f3mica distinta com interesse para clientes locais, da ilha e para o turismo.<\/p>\n<p>Segundo a autarquia do Nordeste, a iniciativa \u201ctem obtido grande sucesso, tanto para a restaura\u00e7\u00e3o como para o produtor local.\u201d<\/p>\n<p>Associam-se ao \u00abM\u00eas do Cap\u00e3o\u00bb todos os restaurantes do concelho do Nordeste, com exce\u00e7\u00e3o de algum espa\u00e7o que se encontre em gozo de f\u00e9rias de pessoal no m\u00eas de novembro.<\/p>","protected":false},"excerpt":{"rendered":"<p>Iniciativa conta com a colabora\u00e7\u00e3o da restaura\u00e7\u00e3o do concelho que ter\u00e1 o prato tradicional do galo cap\u00e3o na ementa de domingo durante todo o m\u00eas.<\/p>","protected":false},"author":2,"featured_media":122293,"comment_status":"open","ping_status":"closed","sticky":false,"template":"","format":"standard","meta":[],"categories":[21],"tags":[],"acf":[],"yoast_head":"<!-- This site is optimized with the Yoast SEO plugin v20.10 - https:\/\/yoast.com\/wordpress\/plugins\/seo\/ -->\n<title>M\u00eas do cap\u00e3o no Nordeste em novembro - Di\u00e1rio da Lagoa<\/title>\n<meta name=\"description\" content=\"Iniciativa conta com a colabora\u00e7\u00e3o da restaura\u00e7\u00e3o do concelho que ter\u00e1 o prato tradicional do galo cap\u00e3o na ementa de domingo durante todo o m\u00eas.\" \/>\n<meta name=\"robots\" content=\"index, follow, max-snippet:-1, max-image-preview:large, max-video-preview:-1\" \/>\n<link rel=\"canonical\" href=\"https:\/\/diariodalagoa.pt\/es\/mes-do-capao-no-nordeste-em-novembro\/\" \/>\n<meta property=\"og:locale\" content=\"es_ES\" \/>\n<meta property=\"og:type\" content=\"article\" \/>\n<meta property=\"og:title\" content=\"M\u00eas do cap\u00e3o no Nordeste em novembro - Di\u00e1rio da Lagoa\" \/>\n<meta property=\"og:description\" content=\"Iniciativa conta com a colabora\u00e7\u00e3o da restaura\u00e7\u00e3o do concelho que ter\u00e1 o prato tradicional do galo cap\u00e3o na ementa de domingo durante todo o m\u00eas.\" \/>\n<meta property=\"og:url\" content=\"https:\/\/diariodalagoa.pt\/es\/mes-do-capao-no-nordeste-em-novembro\/\" \/>\n<meta property=\"og:site_name\" content=\"Di\u00e1rio da Lagoa\" \/>\n<meta property=\"article:published_time\" content=\"2023-10-21T15:33:53+00:00\" \/>\n<meta property=\"article:modified_time\" content=\"2025-01-02T19:52:43+00:00\" \/>\n<meta property=\"og:image\" content=\"https:\/\/diariodalagoa.pt\/wp-content\/uploads\/2022\/10\/galo-capao-1.jpg\" \/>\n\t<meta property=\"og:image:width\" content=\"960\" \/>\n\t<meta property=\"og:image:height\" content=\"640\" \/>\n\t<meta property=\"og:image:type\" content=\"image\/jpeg\" \/>\n<meta name=\"author\" content=\"Di\u00e1rio da Lagoa\" \/>\n<meta name=\"twitter:card\" content=\"summary_large_image\" \/>\n<meta name=\"twitter:label1\" content=\"Escrito por\" \/>\n\t<meta name=\"twitter:data1\" content=\"Di\u00e1rio da Lagoa\" \/>\n\t<meta name=\"twitter:label2\" content=\"Tiempo de lectura\" \/>\n\t<meta name=\"twitter:data2\" content=\"2 minutos\" \/>\n<script type=\"application\/ld+json\" class=\"yoast-schema-graph\">{\"@context\":\"https:\/\/schema.org\",\"@graph\":[{\"@type\":\"WebPage\",\"@id\":\"https:\/\/diariodalagoa.pt\/mes-do-capao-no-nordeste-em-novembro\/\",\"url\":\"https:\/\/diariodalagoa.pt\/mes-do-capao-no-nordeste-em-novembro\/\",\"name\":\"M\u00eas do cap\u00e3o no Nordeste em novembro - Di\u00e1rio da Lagoa\",\"isPartOf\":{\"@id\":\"https:\/\/diariodalagoa.pt\/#website\"},\"datePublished\":\"2023-10-21T15:33:53+00:00\",\"dateModified\":\"2025-01-02T19:52:43+00:00\",\"author\":{\"@id\":\"https:\/\/diariodalagoa.pt\/#\/schema\/person\/1615a002370e8857b6f972834bc43ece\"},\"description\":\"Iniciativa conta com a colabora\u00e7\u00e3o da restaura\u00e7\u00e3o do concelho que ter\u00e1 o prato tradicional do galo cap\u00e3o na ementa de domingo durante todo o m\u00eas.\",\"breadcrumb\":{\"@id\":\"https:\/\/diariodalagoa.pt\/mes-do-capao-no-nordeste-em-novembro\/#breadcrumb\"},\"inLanguage\":\"es\",\"potentialAction\":[{\"@type\":\"ReadAction\",\"target\":[\"https:\/\/diariodalagoa.pt\/mes-do-capao-no-nordeste-em-novembro\/\"]}]},{\"@type\":\"BreadcrumbList\",\"@id\":\"https:\/\/diariodalagoa.pt\/mes-do-capao-no-nordeste-em-novembro\/#breadcrumb\",\"itemListElement\":[{\"@type\":\"ListItem\",\"position\":1,\"name\":\"In\u00edcio\",\"item\":\"https:\/\/diariodalagoa.pt\/\"},{\"@type\":\"ListItem\",\"position\":2,\"name\":\"M\u00eas do cap\u00e3o no Nordeste em novembro\"}]},{\"@type\":\"WebSite\",\"@id\":\"https:\/\/diariodalagoa.pt\/#website\",\"url\":\"https:\/\/diariodalagoa.pt\/\",\"name\":\"Di\u00e1rio da Lagoa\",\"description\":\"Di\u00e1rio da Lagoa. As not\u00edcias que contam. A partir da Lagoa, nos A\u00e7ores, para o mundo.\",\"potentialAction\":[{\"@type\":\"SearchAction\",\"target\":{\"@type\":\"EntryPoint\",\"urlTemplate\":\"https:\/\/diariodalagoa.pt\/?s={search_term_string}\"},\"query-input\":\"required name=search_term_string\"}],\"inLanguage\":\"es\"},{\"@type\":\"Person\",\"@id\":\"https:\/\/diariodalagoa.pt\/#\/schema\/person\/1615a002370e8857b6f972834bc43ece\",\"name\":\"Di\u00e1rio da Lagoa\",\"image\":{\"@type\":\"ImageObject\",\"inLanguage\":\"es\",\"@id\":\"https:\/\/diariodalagoa.pt\/#\/schema\/person\/image\/\",\"url\":\"https:\/\/secure.gravatar.com\/avatar\/2cb5cef90a26f8fbd4d9d930608102c5?s=96&d=mm&r=g\",\"contentUrl\":\"https:\/\/secure.gravatar.com\/avatar\/2cb5cef90a26f8fbd4d9d930608102c5?s=96&d=mm&r=g\",\"caption\":\"Di\u00e1rio da Lagoa\"},\"url\":\"https:\/\/diariodalagoa.pt\/es\/author\/diariodalagoa\/\"}]}<\/script>\n<!-- \/ Yoast SEO plugin. -->","yoast_head_json":{"title":"M\u00eas do cap\u00e3o no Nordeste em novembro - Di\u00e1rio da Lagoa","description":"Iniciativa conta com a colabora\u00e7\u00e3o da restaura\u00e7\u00e3o do concelho que ter\u00e1 o prato tradicional do galo cap\u00e3o na ementa de domingo durante todo o m\u00eas.","robots":{"index":"index","follow":"follow","max-snippet":"max-snippet:-1","max-image-preview":"max-image-preview:large","max-video-preview":"max-video-preview:-1"},"canonical":"https:\/\/diariodalagoa.pt\/es\/mes-do-capao-no-nordeste-em-novembro\/","og_locale":"es_ES","og_type":"article","og_title":"M\u00eas do cap\u00e3o no Nordeste em novembro - Di\u00e1rio da Lagoa","og_description":"Iniciativa conta com a colabora\u00e7\u00e3o da restaura\u00e7\u00e3o do concelho que ter\u00e1 o prato tradicional do galo cap\u00e3o na ementa de domingo durante todo o m\u00eas.","og_url":"https:\/\/diariodalagoa.pt\/es\/mes-do-capao-no-nordeste-em-novembro\/","og_site_name":"Di\u00e1rio da Lagoa","article_published_time":"2023-10-21T15:33:53+00:00","article_modified_time":"2025-01-02T19:52:43+00:00","og_image":[{"width":960,"height":640,"url":"https:\/\/diariodalagoa.pt\/wp-content\/uploads\/2022\/10\/galo-capao-1.jpg","type":"image\/jpeg"}],"author":"Di\u00e1rio da Lagoa","twitter_card":"summary_large_image","twitter_misc":{"Escrito por":"Di\u00e1rio da Lagoa","Tiempo de lectura":"2 minutos"},"schema":{"@context":"https:\/\/schema.org","@graph":[{"@type":"WebPage","@id":"https:\/\/diariodalagoa.pt\/mes-do-capao-no-nordeste-em-novembro\/","url":"https:\/\/diariodalagoa.pt\/mes-do-capao-no-nordeste-em-novembro\/","name":"M\u00eas do cap\u00e3o no Nordeste em novembro - Di\u00e1rio da Lagoa","isPartOf":{"@id":"https:\/\/diariodalagoa.pt\/#website"},"datePublished":"2023-10-21T15:33:53+00:00","dateModified":"2025-01-02T19:52:43+00:00","author":{"@id":"https:\/\/diariodalagoa.pt\/#\/schema\/person\/1615a002370e8857b6f972834bc43ece"},"description":"Iniciativa conta com a colabora\u00e7\u00e3o da restaura\u00e7\u00e3o do concelho que ter\u00e1 o prato tradicional do galo cap\u00e3o na ementa de domingo durante todo o m\u00eas.","breadcrumb":{"@id":"https:\/\/diariodalagoa.pt\/mes-do-capao-no-nordeste-em-novembro\/#breadcrumb"},"inLanguage":"es","potentialAction":[{"@type":"ReadAction","target":["https:\/\/diariodalagoa.pt\/mes-do-capao-no-nordeste-em-novembro\/"]}]},{"@type":"BreadcrumbList","@id":"https:\/\/diariodalagoa.pt\/mes-do-capao-no-nordeste-em-novembro\/#breadcrumb","itemListElement":[{"@type":"ListItem","position":1,"name":"In\u00edcio","item":"https:\/\/diariodalagoa.pt\/"},{"@type":"ListItem","position":2,"name":"M\u00eas do cap\u00e3o no Nordeste em novembro"}]},{"@type":"WebSite","@id":"https:\/\/diariodalagoa.pt\/#website","url":"https:\/\/diariodalagoa.pt\/","name":"Di\u00e1rio da Lagoa","description":"Di\u00e1rio da Lagoa. As not\u00edcias que contam. A partir da Lagoa, nos A\u00e7ores, para o mundo.","potentialAction":[{"@type":"SearchAction","target":{"@type":"EntryPoint","urlTemplate":"https:\/\/diariodalagoa.pt\/?s={search_term_string}"},"query-input":"required name=search_term_string"}],"inLanguage":"es"},{"@type":"Person","@id":"https:\/\/diariodalagoa.pt\/#\/schema\/person\/1615a002370e8857b6f972834bc43ece","name":"Di\u00e1rio da Lagoa","image":{"@type":"ImageObject","inLanguage":"es","@id":"https:\/\/diariodalagoa.pt\/#\/schema\/person\/image\/","url":"https:\/\/secure.gravatar.com\/avatar\/2cb5cef90a26f8fbd4d9d930608102c5?s=96&d=mm&r=g","contentUrl":"https:\/\/secure.gravatar.com\/avatar\/2cb5cef90a26f8fbd4d9d930608102c5?s=96&d=mm&r=g","caption":"Di\u00e1rio da Lagoa"},"url":"https:\/\/diariodalagoa.pt\/es\/author\/diariodalagoa\/"}]}},"_links":{"self":[{"href":"https:\/\/diariodalagoa.pt\/es\/wp-json\/wp\/v2\/posts\/128250"}],"collection":[{"href":"https:\/\/diariodalagoa.pt\/es\/wp-json\/wp\/v2\/posts"}],"about":[{"href":"https:\/\/diariodalagoa.pt\/es\/wp-json\/wp\/v2\/types\/post"}],"author":[{"embeddable":true,"href":"https:\/\/diariodalagoa.pt\/es\/wp-json\/wp\/v2\/users\/2"}],"replies":[{"embeddable":true,"href":"https:\/\/diariodalagoa.pt\/es\/wp-json\/wp\/v2\/comments?post=128250"}],"version-history":[{"count":1,"href":"https:\/\/diariodalagoa.pt\/es\/wp-json\/wp\/v2\/posts\/128250\/revisions"}],"predecessor-version":[{"id":128251,"href":"https:\/\/diariodalagoa.pt\/es\/wp-json\/wp\/v2\/posts\/128250\/revisions\/128251"}],"wp:featuredmedia":[{"embeddable":true,"href":"https:\/\/diariodalagoa.pt\/es\/wp-json\/wp\/v2\/media\/122293"}],"wp:attachment":[{"href":"https:\/\/diariodalagoa.pt\/es\/wp-json\/wp\/v2\/media?parent=128250"}],"wp:term":[{"taxonomy":"category","embeddable":true,"href":"https:\/\/diariodalagoa.pt\/es\/wp-json\/wp\/v2\/categories?post=128250"},{"taxonomy":"post_tag","embeddable":true,"href":"https:\/\/diariodalagoa.pt\/es\/wp-json\/wp\/v2\/tags?post=128250"}],"curies":[{"name":"wp","href":"https:\/\/api.w.org\/{rel}","templated":true}]}}